{"id":5350,"date":"2026-03-16T09:44:44","date_gmt":"2026-03-16T08:44:44","guid":{"rendered":"https:\/\/catholicus.eu\/pt\/?p=5350"},"modified":"2026-03-16T09:44:44","modified_gmt":"2026-03-16T08:44:44","slug":"quando-o-coracao-se-torna-de-pedra-como-a-biblia-explica-o-endurecimento-do-coracao-e-o-que-podemos-fazer-hoje","status":"publish","type":"post","link":"https:\/\/catholicus.eu\/pt\/quando-o-coracao-se-torna-de-pedra-como-a-biblia-explica-o-endurecimento-do-coracao-e-o-que-podemos-fazer-hoje\/","title":{"rendered":"Quando o cora\u00e7\u00e3o se torna de pedra: como a B\u00edblia explica o endurecimento do cora\u00e7\u00e3o \u2014 e o que podemos fazer hoje"},"content":{"rendered":"\n<p>Na tradi\u00e7\u00e3o b\u00edblica, um dos avisos espirituais mais s\u00e9rios \u00e9 <strong>o endurecimento do cora\u00e7\u00e3o<\/strong>. N\u00e3o se trata apenas de uma met\u00e1fora po\u00e9tica. Para a B\u00edblia, ele representa um processo real \u2014 interior e espiritual \u2014 pelo qual uma pessoa <strong>se torna incapaz de ouvir a Deus, reconhecer a verdade ou arrepender-se<\/strong>.<\/p>\n\n\n\n<p>A Escritura descreve esse fen\u00f4meno com grande clareza e profundidade. N\u00e3o se trata de um castigo arbitr\u00e1rio nem de uma condi\u00e7\u00e3o repentina: <strong>\u00e9 um processo progressivo<\/strong>, muitas vezes impercept\u00edvel no in\u00edcio, mas com profundas consequ\u00eancias espirituais.<\/p>\n\n\n\n<p>Em uma \u00e9poca como a nossa \u2014 marcada pelo ru\u00eddo constante, pelo relativismo moral e pela pressa cont\u00ednua \u2014 o aviso b\u00edblico sobre o cora\u00e7\u00e3o endurecido \u00e9 mais atual do que nunca.<\/p>\n\n\n\n<p>Este artigo pretende oferecer <strong>uma perspectiva teol\u00f3gica, pastoral e pr\u00e1tica<\/strong> sobre esse tema:<\/p>\n\n\n\n<ul class=\"wp-block-list\">\n<li>O que realmente significa endurecer o cora\u00e7\u00e3o segundo a B\u00edblia.<\/li>\n\n\n\n<li>Como esse processo acontece.<\/li>\n\n\n\n<li>O que os grandes relatos b\u00edblicos ensinam.<\/li>\n\n\n\n<li>E, sobretudo, <strong>como podemos evitar que isso aconte\u00e7a em nossa vida hoje<\/strong>.<\/li>\n<\/ul>\n\n\n\n<hr class=\"wp-block-separator has-alpha-channel-opacity\"\/>\n\n\n\n<h1 class=\"wp-block-heading\">O cora\u00e7\u00e3o na B\u00edblia: o centro da pessoa<\/h1>\n\n\n\n<p>Para compreender o endurecimento do cora\u00e7\u00e3o, precisamos primeiro entender o que significa <strong>\u201ccora\u00e7\u00e3o\u201d<\/strong> na linguagem b\u00edblica.<\/p>\n\n\n\n<p>Na mentalidade hebraica, o cora\u00e7\u00e3o n\u00e3o \u00e9 apenas o lugar das emo\u00e7\u00f5es. Ele \u00e9 <strong>o centro da pessoa<\/strong>, onde se tomam as decis\u00f5es, onde se discerne a verdade e onde o ser humano responde a Deus.<\/p>\n\n\n\n<p>O cora\u00e7\u00e3o \u00e9:<\/p>\n\n\n\n<ul class=\"wp-block-list\">\n<li>a sede da consci\u00eancia<\/li>\n\n\n\n<li>o lugar do encontro com Deus<\/li>\n\n\n\n<li>a origem das decis\u00f5es morais<\/li>\n<\/ul>\n\n\n\n<p>Por isso a Escritura insiste constantemente:<\/p>\n\n\n\n<blockquote class=\"wp-block-quote is-layout-flow wp-block-quote-is-layout-flow\">\n<p>\u201cSobre tudo o que se deve guardar, guarda o teu cora\u00e7\u00e3o, porque dele procedem as fontes da vida.\u201d<br><em>(Prov\u00e9rbios 4,23)<\/em><\/p>\n<\/blockquote>\n\n\n\n<p>Quando a B\u00edblia fala de um <strong>cora\u00e7\u00e3o endurecido<\/strong>, refere-se a uma vida interior que deixou de ser sens\u00edvel a Deus.<\/p>\n\n\n\n<hr class=\"wp-block-separator has-alpha-channel-opacity\"\/>\n\n\n\n<h1 class=\"wp-block-heading\">O que significa \u201cendurecer o cora\u00e7\u00e3o\u201d?<\/h1>\n\n\n\n<p>Endurecer o cora\u00e7\u00e3o significa <strong>fechar-se voluntariamente \u00e0 verdade de Deus<\/strong>.<\/p>\n\n\n\n<p>N\u00e3o \u00e9 simplesmente uma d\u00favida intelectual nem uma fraqueza moral passageira. \u00c9 algo mais profundo: <strong>uma resist\u00eancia persistente \u00e0 gra\u00e7a<\/strong>.<\/p>\n\n\n\n<p>Um cora\u00e7\u00e3o endurecido caracteriza-se por:<\/p>\n\n\n\n<ul class=\"wp-block-list\">\n<li>incapacidade de ouvir a voz de Deus<\/li>\n\n\n\n<li>rejei\u00e7\u00e3o do arrependimento<\/li>\n\n\n\n<li>orgulho espiritual<\/li>\n\n\n\n<li>insensibilidade ao bem e ao mal<\/li>\n<\/ul>\n\n\n\n<p>Uma passagem cl\u00e1ssica expressa isso claramente:<\/p>\n\n\n\n<blockquote class=\"wp-block-quote is-layout-flow wp-block-quote-is-layout-flow\">\n<p>\u201cHoje, se ouvirdes a sua voz, n\u00e3o endure\u00e7ais o vosso cora\u00e7\u00e3o.\u201d<br><em>(Salmo 95,8)<\/em><\/p>\n<\/blockquote>\n\n\n\n<p>Aqui aparece um elemento importante: <strong>o endurecimento \u00e9 uma resposta humana<\/strong>.<\/p>\n\n\n\n<p>Deus fala.<br>Mas o ser humano decide <strong>se fecha o cora\u00e7\u00e3o ou se escuta<\/strong>.<\/p>\n\n\n\n<hr class=\"wp-block-separator has-alpha-channel-opacity\"\/>\n\n\n\n<h1 class=\"wp-block-heading\">O exemplo b\u00edblico mais famoso: o Fara\u00f3 do Egito<\/h1>\n\n\n\n<p>Um dos relatos mais profundos sobre esse tema aparece no livro do <strong>\u00caxodo<\/strong>, durante a liberta\u00e7\u00e3o do povo de Israel.<\/p>\n\n\n\n<p>O fara\u00f3 v\u00ea:<\/p>\n\n\n\n<ul class=\"wp-block-list\">\n<li>milagres<\/li>\n\n\n\n<li>sinais divinos<\/li>\n\n\n\n<li>advert\u00eancias de Deus<\/li>\n<\/ul>\n\n\n\n<p>Mesmo assim, cada vez reage da mesma forma: <strong>torna-se cada vez mais endurecido<\/strong>.<\/p>\n\n\n\n<p>A Escritura repete uma frase inquietante:<\/p>\n\n\n\n<blockquote class=\"wp-block-quote is-layout-flow wp-block-quote-is-layout-flow\">\n<p>\u201cO cora\u00e7\u00e3o do fara\u00f3 se endureceu.\u201d<\/p>\n<\/blockquote>\n\n\n\n<p>Esse relato tem grande valor teol\u00f3gico porque mostra algo importante:<br><strong>o endurecimento \u00e9 progressivo.<\/strong><\/p>\n\n\n\n<p>No in\u00edcio, o fara\u00f3 simplesmente <strong>ignora<\/strong> Deus.<\/p>\n\n\n\n<p>Depois <strong>resiste<\/strong>.<\/p>\n\n\n\n<p>Mais tarde <strong>se obstina<\/strong>.<\/p>\n\n\n\n<p>Finalmente <strong>fica preso \u00e0 sua pr\u00f3pria dureza<\/strong>.<\/p>\n\n\n\n<p>Os Padres da Igreja explicavam esse epis\u00f3dio dizendo que <strong>Deus n\u00e3o cria a dureza<\/strong>, mas <strong>permite que o cora\u00e7\u00e3o que rejeita a gra\u00e7a se torne cada vez mais r\u00edgido<\/strong>.<\/p>\n\n\n\n<hr class=\"wp-block-separator has-alpha-channel-opacity\"\/>\n\n\n\n<h1 class=\"wp-block-heading\">Como o endurecimento do cora\u00e7\u00e3o realmente come\u00e7a<\/h1>\n\n\n\n<p>A B\u00edblia mostra que esse processo n\u00e3o come\u00e7a com grandes pecados. Ele come\u00e7a com <strong>pequenas resist\u00eancias \u00e0 verdade<\/strong>.<\/p>\n\n\n\n<h3 class=\"wp-block-heading\">1. Ignorar a voz de Deus<\/h3>\n\n\n\n<p>O primeiro passo \u00e9 <strong>n\u00e3o escutar<\/strong>.<\/p>\n\n\n\n<p>Isso pode acontecer quando uma pessoa:<\/p>\n\n\n\n<ul class=\"wp-block-list\">\n<li>ignora a pr\u00f3pria consci\u00eancia<\/li>\n\n\n\n<li>evita refletir sobre a sua vida<\/li>\n\n\n\n<li>vive constantemente distra\u00edda<\/li>\n<\/ul>\n\n\n\n<p>Hoje isso \u00e9 muito comum. Vivemos cercados de est\u00edmulos, telas e ru\u00eddo que tornam dif\u00edcil o sil\u00eancio interior.<\/p>\n\n\n\n<p>Sem sil\u00eancio, <strong>o cora\u00e7\u00e3o deixa de ouvir<\/strong>.<\/p>\n\n\n\n<hr class=\"wp-block-separator has-alpha-channel-opacity\"\/>\n\n\n\n<h3 class=\"wp-block-heading\">2. Justificar o mal<\/h3>\n\n\n\n<p>O segundo passo \u00e9 <strong>racionalizar o pecado<\/strong>.<\/p>\n\n\n\n<p>Em vez de reconhecer o erro, a pessoa come\u00e7a a dizer:<\/p>\n\n\n\n<ul class=\"wp-block-list\">\n<li>\u201cn\u00e3o \u00e9 t\u00e3o grave\u201d<\/li>\n\n\n\n<li>\u201ctodo mundo faz\u201d<\/li>\n\n\n\n<li>\u201cDeus entende\u201d<\/li>\n<\/ul>\n\n\n\n<p>A consci\u00eancia come\u00e7a a perder gradualmente a sua sensibilidade.<\/p>\n\n\n\n<hr class=\"wp-block-separator has-alpha-channel-opacity\"\/>\n\n\n\n<h3 class=\"wp-block-heading\">3. Perder a capacidade de arrepender-se<\/h3>\n\n\n\n<p>O terceiro passo \u00e9 <strong>a indiferen\u00e7a espiritual<\/strong>.<\/p>\n\n\n\n<p>A pessoa j\u00e1 n\u00e3o sente necessidade de mudar.<br>O mal j\u00e1 n\u00e3o a inquieta.<\/p>\n\n\n\n<p>Isso \u00e9 o que a tradi\u00e7\u00e3o crist\u00e3 chama de <strong>cegueira espiritual<\/strong>.<\/p>\n\n\n\n<hr class=\"wp-block-separator has-alpha-channel-opacity\"\/>\n\n\n\n<h3 class=\"wp-block-heading\">4. Rejeitar abertamente a verdade<\/h3>\n\n\n\n<p>Finalmente chega o momento em que o cora\u00e7\u00e3o <strong>se op\u00f5e ativamente a Deus<\/strong>.<\/p>\n\n\n\n<p>Ele n\u00e3o apenas ignora a verdade: <strong>passa a combat\u00ea-la<\/strong>.<\/p>\n\n\n\n<p>Nesse ponto o endurecimento torna-se profundo.<\/p>\n\n\n\n<hr class=\"wp-block-separator has-alpha-channel-opacity\"\/>\n\n\n\n<h1 class=\"wp-block-heading\">Um aviso de Jesus<\/h1>\n\n\n\n<p>Nos Evangelhos, Jesus Cristo tamb\u00e9m fala sobre esse fen\u00f4meno.<\/p>\n\n\n\n<p>Ao explicar por que algumas pessoas n\u00e3o compreendem sua mensagem, ele cita o profeta Isa\u00edas:<\/p>\n\n\n\n<blockquote class=\"wp-block-quote is-layout-flow wp-block-quote-is-layout-flow\">\n<p>\u201cPorque o cora\u00e7\u00e3o deste povo se endureceu;<br>com os ouvidos ouvem com dificuldade<br>e fecharam os seus olhos.\u201d<br><em>(Mateus 13,15)<\/em><\/p>\n<\/blockquote>\n\n\n\n<p>Jesus n\u00e3o diz que Deus fechou os olhos deles.<br>Ele diz que <strong>eles mesmos os fecharam<\/strong>.<\/p>\n\n\n\n<p>A gra\u00e7a continua dispon\u00edvel, mas o cora\u00e7\u00e3o <strong>j\u00e1 n\u00e3o quer receb\u00ea-la<\/strong>.<\/p>\n\n\n\n<hr class=\"wp-block-separator has-alpha-channel-opacity\"\/>\n\n\n\n<h1 class=\"wp-block-heading\">O endurecimento do cora\u00e7\u00e3o no mundo moderno<\/h1>\n\n\n\n<p>Embora essa linguagem seja antiga, o fen\u00f4meno \u00e9 profundamente moderno.<\/p>\n\n\n\n<p>Hoje o endurecimento do cora\u00e7\u00e3o pode aparecer de muitas formas:<\/p>\n\n\n\n<h3 class=\"wp-block-heading\">Indiferen\u00e7a moral<\/h3>\n\n\n\n<p>Quando o bem e o mal se tornam irrelevantes.<\/p>\n\n\n\n<h3 class=\"wp-block-heading\">Cinismo espiritual<\/h3>\n\n\n\n<p>Quando a f\u00e9 \u00e9 tratada como algo ing\u00eanuo ou in\u00fatil.<\/p>\n\n\n\n<h3 class=\"wp-block-heading\">Orgulho intelectual<\/h3>\n\n\n\n<p>Quando a pessoa acredita que j\u00e1 n\u00e3o precisa de Deus.<\/p>\n\n\n\n<h3 class=\"wp-block-heading\">Satura\u00e7\u00e3o emocional<\/h3>\n\n\n\n<p>Quando o excesso de est\u00edmulos impede qualquer reflex\u00e3o interior.<\/p>\n\n\n\n<p>Paradoxalmente, <strong>nunca tivemos tanta informa\u00e7\u00e3o e t\u00e3o pouca sabedoria espiritual<\/strong>.<\/p>\n\n\n\n<hr class=\"wp-block-separator has-alpha-channel-opacity\"\/>\n\n\n\n<h1 class=\"wp-block-heading\">O grande ant\u00eddoto b\u00edblico: um cora\u00e7\u00e3o novo<\/h1>\n\n\n\n<p>A B\u00edblia n\u00e3o apenas adverte sobre o perigo. Ela tamb\u00e9m oferece uma promessa poderosa.<\/p>\n\n\n\n<p>O profeta Ezequiel transmite estas palavras de Deus:<\/p>\n\n\n\n<blockquote class=\"wp-block-quote is-layout-flow wp-block-quote-is-layout-flow\">\n<p>\u201cDar-vos-ei um cora\u00e7\u00e3o novo e porei dentro de v\u00f3s um esp\u00edrito novo; tirarei de v\u00f3s o cora\u00e7\u00e3o de pedra e vos darei um cora\u00e7\u00e3o de carne.\u201d<br><em>(Ezequiel 36,26)<\/em><\/p>\n<\/blockquote>\n\n\n\n<p>Aqui aparece uma verdade central da teologia crist\u00e3:<\/p>\n\n\n\n<p><strong>Deus pode transformar at\u00e9 mesmo o cora\u00e7\u00e3o mais endurecido.<\/strong><\/p>\n\n\n\n<p>A gra\u00e7a n\u00e3o apenas perdoa: <strong>renova a pessoa por dentro<\/strong>.<\/p>\n\n\n\n<hr class=\"wp-block-separator has-alpha-channel-opacity\"\/>\n\n\n\n<h1 class=\"wp-block-heading\">Como evitar que o nosso cora\u00e7\u00e3o se endure\u00e7a<\/h1>\n\n\n\n<p>Do ponto de vista pastoral, a tradi\u00e7\u00e3o crist\u00e3 oferece v\u00e1rios caminhos concretos para manter o cora\u00e7\u00e3o vivo e sens\u00edvel a Deus.<\/p>\n\n\n\n<hr class=\"wp-block-separator has-alpha-channel-opacity\"\/>\n\n\n\n<h2 class=\"wp-block-heading\">1. Cultivar o sil\u00eancio interior<\/h2>\n\n\n\n<p>A voz de Deus raramente \u00e9 ouvida no meio do barulho.<\/p>\n\n\n\n<p>O sil\u00eancio permite:<\/p>\n\n\n\n<ul class=\"wp-block-list\">\n<li>examinar a consci\u00eancia<\/li>\n\n\n\n<li>ouvir a Palavra de Deus<\/li>\n\n\n\n<li>reconhecer os nossos erros<\/li>\n<\/ul>\n\n\n\n<p>Sem sil\u00eancio, o cora\u00e7\u00e3o torna-se superficial.<\/p>\n\n\n\n<hr class=\"wp-block-separator has-alpha-channel-opacity\"\/>\n\n\n\n<h2 class=\"wp-block-heading\">2. Praticar o exame de consci\u00eancia<\/h2>\n\n\n\n<p>Os santos recomendavam rever a pr\u00f3pria vida todos os dias.<\/p>\n\n\n\n<p>Perguntas simples como:<\/p>\n\n\n\n<ul class=\"wp-block-list\">\n<li>Onde agi com amor hoje?<\/li>\n\n\n\n<li>Onde falhei?<\/li>\n\n\n\n<li>O que precisa mudar na minha vida?<\/li>\n<\/ul>\n\n\n\n<p>mant\u00eam o cora\u00e7\u00e3o <strong>desperto e humilde<\/strong>.<\/p>\n\n\n\n<hr class=\"wp-block-separator has-alpha-channel-opacity\"\/>\n\n\n\n<h2 class=\"wp-block-heading\">3. Manter a humildade espiritual<\/h2>\n\n\n\n<p>O orgulho \u00e9 o grande endurecedor do cora\u00e7\u00e3o.<\/p>\n\n\n\n<p>A humildade, pelo contr\u00e1rio, permite reconhecer que:<\/p>\n\n\n\n<ul class=\"wp-block-list\">\n<li>precisamos de Deus<\/li>\n\n\n\n<li>precisamos de perd\u00e3o<\/li>\n\n\n\n<li>precisamos crescer<\/li>\n<\/ul>\n\n\n\n<hr class=\"wp-block-separator has-alpha-channel-opacity\"\/>\n\n\n\n<h2 class=\"wp-block-heading\">4. Ouvir a Palavra de Deus<\/h2>\n\n\n\n<p>A Escritura possui uma capacidade \u00fanica de <strong>penetrar o cora\u00e7\u00e3o humano<\/strong>.<\/p>\n\n\n\n<p>A Carta aos Hebreus expressa isso assim:<\/p>\n\n\n\n<blockquote class=\"wp-block-quote is-layout-flow wp-block-quote-is-layout-flow\">\n<p>\u201cA palavra de Deus \u00e9 viva e eficaz, mais cortante do que qualquer espada de dois gumes.\u201d<br><em>(Hebreus 4,12)<\/em><\/p>\n<\/blockquote>\n\n\n\n<p>Quem escuta regularmente a Palavra mant\u00e9m o cora\u00e7\u00e3o <strong>vivo e atento<\/strong>.<\/p>\n\n\n\n<hr class=\"wp-block-separator has-alpha-channel-opacity\"\/>\n\n\n\n<h1 class=\"wp-block-heading\">Uma reflex\u00e3o final<\/h1>\n\n\n\n<p>O endurecimento do cora\u00e7\u00e3o n\u00e3o acontece de um dia para o outro. Ele \u00e9 o resultado de <strong>pequenas decis\u00f5es repetidas<\/strong>.<\/p>\n\n\n\n<p>Mas o contr\u00e1rio tamb\u00e9m \u00e9 verdadeiro.<\/p>\n\n\n\n<p>Um cora\u00e7\u00e3o aberto a Deus forma-se tamb\u00e9m por <strong>pequenos atos de fidelidade di\u00e1ria<\/strong>:<\/p>\n\n\n\n<ul class=\"wp-block-list\">\n<li>ouvir a consci\u00eancia<\/li>\n\n\n\n<li>pedir perd\u00e3o<\/li>\n\n\n\n<li>buscar a verdade<\/li>\n\n\n\n<li>viver com humildade<\/li>\n<\/ul>\n\n\n\n<p>A B\u00edblia nos recorda algo essencial: <strong>enquanto o cora\u00e7\u00e3o ainda puder ouvir, sempre haver\u00e1 esperan\u00e7a<\/strong>.<\/p>\n\n\n\n<p>Por isso o Salmo repete um convite que continua v\u00e1lido para todas as gera\u00e7\u00f5es:<\/p>\n\n\n\n<blockquote class=\"wp-block-quote is-layout-flow wp-block-quote-is-layout-flow\">\n<p>\u201cHoje, se ouvirdes a sua voz, n\u00e3o endure\u00e7ais o vosso cora\u00e7\u00e3o.\u201d<\/p>\n<\/blockquote>\n\n\n\n<p>Esse <strong>\u201choje\u201d<\/strong> \u00e9 sempre o momento presente.<\/p>\n\n\n\n<p>\u00c9 agora que o cora\u00e7\u00e3o pode escolher entre <strong>fechar-se ou abrir-se a Deus<\/strong>.<\/p>\n\n\n\n<p>E essa decis\u00e3o \u2014 a mais profunda de todas \u2014 \u00e9 tomada no sil\u00eancio do pr\u00f3prio cora\u00e7\u00e3o.<\/p>\n","protected":false},"excerpt":{"rendered":"<p>Na tradi\u00e7\u00e3o b\u00edblica, um dos avisos espirituais mais s\u00e9rios \u00e9 o endurecimento do cora\u00e7\u00e3o. N\u00e3o se trata apenas de uma met\u00e1fora po\u00e9tica. Para a B\u00edblia, ele representa um processo real \u2014 interior e espiritual \u2014 pelo qual uma pessoa se torna incapaz de ouvir a Deus, reconhecer a verdade ou arrepender-se. A Escritura descreve esse &hellip;<\/p>\n","protected":false},"author":3,"featured_media":5351,"comment_status":"closed","ping_status":"closed","sticky":false,"template":"","format":"standard","meta":{"_seopress_robots_primary_cat":"","_seopress_titles_title":"","_seopress_titles_desc":"","_seopress_robots_index":"","footnotes":""},"categories":[40,58],"tags":[1843],"class_list":["post-5350","post","type-post","status-publish","format-standard","has-post-thumbnail","","category-oracao-e-espiritualidade","category-oracao-e-vida-espiritual","tag-coracao"],"_links":{"self":[{"href":"https:\/\/catholicus.eu\/pt\/wp-json\/wp\/v2\/posts\/5350","targetHints":{"allow":["GET"]}}],"collection":[{"href":"https:\/\/catholicus.eu\/pt\/wp-json\/wp\/v2\/posts"}],"about":[{"href":"https:\/\/catholicus.eu\/pt\/wp-json\/wp\/v2\/types\/post"}],"author":[{"embeddable":true,"href":"https:\/\/catholicus.eu\/pt\/wp-json\/wp\/v2\/users\/3"}],"replies":[{"embeddable":true,"href":"https:\/\/catholicus.eu\/pt\/wp-json\/wp\/v2\/comments?post=5350"}],"version-history":[{"count":1,"href":"https:\/\/catholicus.eu\/pt\/wp-json\/wp\/v2\/posts\/5350\/revisions"}],"predecessor-version":[{"id":5352,"href":"https:\/\/catholicus.eu\/pt\/wp-json\/wp\/v2\/posts\/5350\/revisions\/5352"}],"wp:featuredmedia":[{"embeddable":true,"href":"https:\/\/catholicus.eu\/pt\/wp-json\/wp\/v2\/media\/5351"}],"wp:attachment":[{"href":"https:\/\/catholicus.eu\/pt\/wp-json\/wp\/v2\/media?parent=5350"}],"wp:term":[{"taxonomy":"category","embeddable":true,"href":"https:\/\/catholicus.eu\/pt\/wp-json\/wp\/v2\/categories?post=5350"},{"taxonomy":"post_tag","embeddable":true,"href":"https:\/\/catholicus.eu\/pt\/wp-json\/wp\/v2\/tags?post=5350"}],"curies":[{"name":"wp","href":"https:\/\/api.w.org\/{rel}","templated":true}]}}