{"id":5344,"date":"2026-03-16T08:11:39","date_gmt":"2026-03-16T07:11:39","guid":{"rendered":"https:\/\/catholicus.eu\/pt\/?p=5344"},"modified":"2026-03-16T08:11:39","modified_gmt":"2026-03-16T07:11:39","slug":"um-minuto-que-faz-deus-calar-o-minuto-de-silencio-e-a-necessidade-crista-de-voltar-a-rezar-pelos-mortos","status":"publish","type":"post","link":"https:\/\/catholicus.eu\/pt\/um-minuto-que-faz-deus-calar-o-minuto-de-silencio-e-a-necessidade-crista-de-voltar-a-rezar-pelos-mortos\/","title":{"rendered":"Um minuto que faz Deus calar: o \u201cminuto de sil\u00eancio\u201d e a necessidade crist\u00e3 de voltar a rezar pelos mortos"},"content":{"rendered":"\n<p>Em est\u00e1dios de futebol, em parlamentos, em escolas, em funerais civis ou em cerim\u00f4nias p\u00fablicas, todos n\u00f3s j\u00e1 vivemos aquele momento solene em que algu\u00e9m anuncia:<\/p>\n\n\n\n<p><strong>\u201cObservemos um minuto de sil\u00eancio.\u201d<\/strong><\/p>\n\n\n\n<p>Ent\u00e3o a multid\u00e3o fica im\u00f3vel.<br>As cabe\u00e7as se inclinam.<br>O ru\u00eddo desaparece por sessenta segundos.<\/p>\n\n\n\n<p>\u00c9 um gesto respeitoso.<br>Um gesto solene.<br>Um gesto que aparentemente honra a pessoa falecida.<\/p>\n\n\n\n<p>Mas, do ponto de vista crist\u00e3o, surge uma pergunta profunda:<\/p>\n\n\n\n<p><strong>Por que o sil\u00eancio\u2026 quando o crist\u00e3o acredita no poder da ora\u00e7\u00e3o?<\/strong><\/p>\n\n\n\n<p>Durante s\u00e9culos, quando um crist\u00e3o morria, a rea\u00e7\u00e3o natural do povo de Deus <strong>n\u00e3o era calar, mas rezar<\/strong>. Rezavam-se respons\u00f3rios, salmos, ros\u00e1rios e ofereciam-se missas pela alma do falecido. A Igreja sabia que a morte n\u00e3o \u00e9 o fim, mas <strong>o momento decisivo em que a alma comparece diante de Deus<\/strong>.<\/p>\n\n\n\n<p>Nesse contexto, o moderno \u201cminuto de sil\u00eancio\u201d levanta uma quest\u00e3o teol\u00f3gica, hist\u00f3rica e espiritual muito atual:<\/p>\n\n\n\n<p><strong>estamos substituindo a ora\u00e7\u00e3o por um gesto vazio?<\/strong><\/p>\n\n\n\n<p>Este artigo pretende explorar a origem do minuto de sil\u00eancio, o seu significado cultural, o seu contraste com a tradi\u00e7\u00e3o crist\u00e3 e, sobretudo, <strong>a alternativa cat\u00f3lica: rezar pelas almas<\/strong>.<\/p>\n\n\n\n<hr class=\"wp-block-separator has-alpha-channel-opacity\"\/>\n\n\n\n<h1 class=\"wp-block-heading\">A origem do minuto de sil\u00eancio: um gesto moderno e laico<\/h1>\n\n\n\n<p>Embora hoje pare\u00e7a uma tradi\u00e7\u00e3o universal, o <strong>minuto de sil\u00eancio \u00e9 relativamente recente<\/strong>.<\/p>\n\n\n\n<p>A sua difus\u00e3o come\u00e7ou depois da <strong>Primeira Guerra Mundial<\/strong>, quando v\u00e1rios pa\u00edses europeus procuraram uma forma de recordar os soldados mortos em cerim\u00f4nias civis organizadas pelo Estado.<\/p>\n\n\n\n<p>Um dos momentos decisivos ocorreu com o <strong>Armist\u00edcio de 1919<\/strong>, quando no <strong>Reino Unido<\/strong> foram institu\u00eddos <strong>dois minutos de sil\u00eancio<\/strong> para recordar os mortos da guerra.<\/p>\n\n\n\n<p>A inten\u00e7\u00e3o era clara:<\/p>\n\n\n\n<ul class=\"wp-block-list\">\n<li>criar um gesto <strong>neutro<\/strong><\/li>\n\n\n\n<li>v\u00e1lido para pessoas de <strong>qualquer religi\u00e3o ou sem religi\u00e3o<\/strong><\/li>\n\n\n\n<li>adequado para <strong>cerim\u00f4nias p\u00fablicas e estatais<\/strong><\/li>\n<\/ul>\n\n\n\n<p>Com o tempo, essa pr\u00e1tica se espalhou para funerais civis, eventos esportivos, homenagens e cerim\u00f4nias oficiais.<\/p>\n\n\n\n<p>Mas essa neutralidade tinha um significado mais profundo.<\/p>\n\n\n\n<p><strong>O sil\u00eancio substitu\u00eda a ora\u00e7\u00e3o.<\/strong><\/p>\n\n\n\n<p>N\u00e3o se rezava porque o Estado moderno procurava ser <strong>religiosamente neutro<\/strong>.<br>Em vez de rezar pelo falecido, as pessoas simplesmente se lembravam dele.<\/p>\n\n\n\n<p>Assim nasceu uma pr\u00e1tica que hoje vemos em todo o mundo.<\/p>\n\n\n\n<hr class=\"wp-block-separator has-alpha-channel-opacity\"\/>\n\n\n\n<h1 class=\"wp-block-heading\">A diferen\u00e7a radical entre recordar e rezar<\/h1>\n\n\n\n<p>Para a mentalidade contempor\u00e2nea, recordar algu\u00e9m pode parecer suficiente.<\/p>\n\n\n\n<p>Mas para o cristianismo <strong>recordar n\u00e3o \u00e9 a mesma coisa que rezar<\/strong>.<\/p>\n\n\n\n<p>Recordar olha para o passado.<\/p>\n\n\n\n<p>A ora\u00e7\u00e3o olha para a eternidade.<\/p>\n\n\n\n<p>Os crist\u00e3os acreditam que a alma de uma pessoa <strong>continua a existir depois da morte<\/strong> e pode precisar de ajuda espiritual.<\/p>\n\n\n\n<p>Por isso a Igreja sempre insistiu em algo essencial:<\/p>\n\n\n\n<p><strong>rezar pelos mortos \u00e9 um ato de caridade.<\/strong><\/p>\n\n\n\n<p>A Escritura expressa isso claramente:<\/p>\n\n\n\n<blockquote class=\"wp-block-quote is-layout-flow wp-block-quote-is-layout-flow\">\n<p>\u201c\u00c9, portanto, um pensamento santo e salutar rezar pelos mortos, para que sejam libertos dos seus pecados.\u201d<br>(2 Macabeus 12,46)<\/p>\n<\/blockquote>\n\n\n\n<p>Essa afirma\u00e7\u00e3o, profundamente enraizada na tradi\u00e7\u00e3o cat\u00f3lica, explica por que durante s\u00e9culos o povo crist\u00e3o respondia \u00e0 morte <strong>com ora\u00e7\u00e3o imediata<\/strong>.<\/p>\n\n\n\n<p>N\u00e3o com sil\u00eancio.<\/p>\n\n\n\n<hr class=\"wp-block-separator has-alpha-channel-opacity\"\/>\n\n\n\n<h1 class=\"wp-block-heading\">A tradi\u00e7\u00e3o crist\u00e3: rezar pelas almas<\/h1>\n\n\n\n<p>Desde os primeiros s\u00e9culos do cristianismo, os fi\u00e9is ofereciam ora\u00e7\u00f5es pelos falecidos.<\/p>\n\n\n\n<p>Nas catacumbas de <strong>Roma<\/strong> encontram-se inscri\u00e7\u00f5es como:<\/p>\n\n\n\n<p>\u201cReza por n\u00f3s\u201d<br>\u201cQue Deus conceda descanso \u00e0 sua alma\u201d<\/p>\n\n\n\n<p>Isso revela algo essencial:<br><strong>os crist\u00e3os sabiam que a comunh\u00e3o entre vivos e mortos continua em Deus.<\/strong><\/p>\n\n\n\n<p>A Igreja chama essa realidade de <strong>comunh\u00e3o dos santos<\/strong>.<\/p>\n\n\n\n<p>Os fi\u00e9is na terra podem ajudar espiritualmente aqueles que morreram.<\/p>\n\n\n\n<p>Como?<\/p>\n\n\n\n<p>Por meio de:<\/p>\n\n\n\n<ul class=\"wp-block-list\">\n<li>ora\u00e7\u00e3o<\/li>\n\n\n\n<li>sacrif\u00edcio<\/li>\n\n\n\n<li>a Eucaristia<\/li>\n\n\n\n<li>penit\u00eancia<\/li>\n\n\n\n<li>indulg\u00eancias<\/li>\n<\/ul>\n\n\n\n<p>Especialmente por meio da <strong>Santa Missa<\/strong>, considerada o maior sufr\u00e1gio pelos mortos.<\/p>\n\n\n\n<p>Por isso, durante s\u00e9culos, quando algu\u00e9m morria, a rea\u00e7\u00e3o natural era dizer:<\/p>\n\n\n\n<p><strong>\u201cRezemos pela sua alma.\u201d<\/strong><\/p>\n\n\n\n<hr class=\"wp-block-separator has-alpha-channel-opacity\"\/>\n\n\n\n<h1 class=\"wp-block-heading\">O sil\u00eancio moderno: uma homenagem sem transcend\u00eancia<\/h1>\n\n\n\n<p>Embora respeitosa, a pr\u00e1tica do minuto de sil\u00eancio tem um limite espiritual evidente.<\/p>\n\n\n\n<p>Ela n\u00e3o pede nada a Deus.<\/p>\n\n\n\n<p>N\u00e3o intercede pela alma.<\/p>\n\n\n\n<p>N\u00e3o reconhece a dimens\u00e3o eterna da pessoa.<\/p>\n\n\n\n<p>Apenas <strong>recorda<\/strong>.<\/p>\n\n\n\n<p>Do ponto de vista crist\u00e3o, isso pode ser insuficiente.<\/p>\n\n\n\n<p>Porque, se a alma \u00e9 imortal \u2014 como ensina a f\u00e9 crist\u00e3 \u2014 ent\u00e3o o maior ato de amor para com algu\u00e9m que morreu <strong>n\u00e3o \u00e9 record\u00e1-lo, mas rezar por ele<\/strong>.<\/p>\n\n\n\n<p>O sil\u00eancio pode expressar respeito humano.<\/p>\n\n\n\n<p>Mas a ora\u00e7\u00e3o expressa <strong>caridade sobrenatural<\/strong>.<\/p>\n\n\n\n<hr class=\"wp-block-separator has-alpha-channel-opacity\"\/>\n\n\n\n<h1 class=\"wp-block-heading\">A alternativa crist\u00e3: o minuto de ora\u00e7\u00e3o<\/h1>\n\n\n\n<p>Diante dessa realidade, muitos cat\u00f3licos prop\u00f5em recuperar uma pr\u00e1tica simples, mas profundamente crist\u00e3:<\/p>\n\n\n\n<p><strong>substituir o minuto de sil\u00eancio por um minuto de ora\u00e7\u00e3o.<\/strong><\/p>\n\n\n\n<p>Em vez de ficar calado, rezar.<\/p>\n\n\n\n<p>Mesmo em sil\u00eancio, mas <strong>rezando interiormente<\/strong>.<\/p>\n\n\n\n<p>Pode ser algo muito simples:<\/p>\n\n\n\n<ul class=\"wp-block-list\">\n<li>um Pai-Nosso<\/li>\n\n\n\n<li>uma Ave-Maria<\/li>\n\n\n\n<li>\u201cSenhor, concedei-lhe o descanso eterno\u201d<\/li>\n<\/ul>\n\n\n\n<p>A Igreja possui uma ora\u00e7\u00e3o tradicional muito breve e muito poderosa:<\/p>\n\n\n\n<blockquote class=\"wp-block-quote is-layout-flow wp-block-quote-is-layout-flow\">\n<p>\u201cDai-lhe, Senhor, o descanso eterno,<br>e brilhe para ele a luz perp\u00e9tua.\u201d<\/p>\n<\/blockquote>\n\n\n\n<p>Essa ora\u00e7\u00e3o foi pronunciada durante s\u00e9culos por milh\u00f5es de crist\u00e3os.<\/p>\n\n\n\n<p>\u00c9 breve.<br>\u00c9 simples.<br>Mas \u00e9 profundamente teol\u00f3gica.<\/p>\n\n\n\n<p>Porque pede duas coisas fundamentais:<\/p>\n\n\n\n<ol class=\"wp-block-list\">\n<li><strong>o descanso eterno<\/strong><\/li>\n\n\n\n<li><strong>a luz de Deus<\/strong><\/li>\n<\/ol>\n\n\n\n<hr class=\"wp-block-separator has-alpha-channel-opacity\"\/>\n\n\n\n<h1 class=\"wp-block-heading\">O valor espiritual de rezar pelos mortos<\/h1>\n\n\n\n<p>Rezar pelos falecidos n\u00e3o ajuda apenas as almas.<\/p>\n\n\n\n<p>Tamb\u00e9m transforma o cora\u00e7\u00e3o de quem reza.<\/p>\n\n\n\n<p>Recorda-nos tr\u00eas verdades fundamentais da f\u00e9:<\/p>\n\n\n\n<h3 class=\"wp-block-heading\">1. A vida \u00e9 passageira<\/h3>\n\n\n\n<p>A morte lembra-nos que a nossa exist\u00eancia terrena \u00e9 breve.<\/p>\n\n\n\n<p>Como diz a Escritura:<\/p>\n\n\n\n<blockquote class=\"wp-block-quote is-layout-flow wp-block-quote-is-layout-flow\">\n<p>\u201cEnsina-nos a contar os nossos dias, para que alcancemos um cora\u00e7\u00e3o s\u00e1bio.\u201d<br>(Salmo 90,12)<\/p>\n<\/blockquote>\n\n\n\n<hr class=\"wp-block-separator has-alpha-channel-opacity\"\/>\n\n\n\n<h3 class=\"wp-block-heading\">2. A eternidade \u00e9 real<\/h3>\n\n\n\n<p>Para o crist\u00e3o, a morte n\u00e3o \u00e9 o fim.<\/p>\n\n\n\n<p>\u00c9 a passagem para a vida eterna.<\/p>\n\n\n\n<hr class=\"wp-block-separator has-alpha-channel-opacity\"\/>\n\n\n\n<h3 class=\"wp-block-heading\">3. O amor n\u00e3o termina com a morte<\/h3>\n\n\n\n<p>Quando rezamos por algu\u00e9m que morreu, afirmamos algo profundamente crist\u00e3o:<\/p>\n\n\n\n<p><strong>o amor continua para al\u00e9m do t\u00famulo.<\/strong><\/p>\n\n\n\n<hr class=\"wp-block-separator has-alpha-channel-opacity\"\/>\n\n\n\n<h1 class=\"wp-block-heading\">Um pequeno gesto que pode mudar o mundo<\/h1>\n\n\n\n<p>Numa cultura cada vez mais secularizada, recuperar o sentido crist\u00e3o da morte \u00e9 urgente.<\/p>\n\n\n\n<p>N\u00e3o se trata de criticar o minuto de sil\u00eancio.<\/p>\n\n\n\n<p>Trata-se <strong>de lhe dar um significado mais profundo<\/strong>.<\/p>\n\n\n\n<p>Um crist\u00e3o pode viver esse momento de forma diferente.<\/p>\n\n\n\n<p>Enquanto todos permanecem em sil\u00eancio, ele pode rezar no seu cora\u00e7\u00e3o.<\/p>\n\n\n\n<p>Talvez ningu\u00e9m perceba.<\/p>\n\n\n\n<p>Mas esse pequeno gesto pode ser espiritualmente imenso.<\/p>\n\n\n\n<p>Porque cada ora\u00e7\u00e3o \u00e9 um ato de amor.<\/p>\n\n\n\n<hr class=\"wp-block-separator has-alpha-channel-opacity\"\/>\n\n\n\n<h1 class=\"wp-block-heading\">Como viver esses momentos como crist\u00e3o<\/h1>\n\n\n\n<p>Na vida cotidiana existem muitas ocasi\u00f5es em que se pede um minuto de sil\u00eancio.<\/p>\n\n\n\n<p>Um crist\u00e3o pode aproveitar esse momento para rezar interiormente:<\/p>\n\n\n\n<ul class=\"wp-block-list\">\n<li>\u201cSenhor, acolhei a sua alma.\u201d<\/li>\n\n\n\n<li>\u201cConcedei-lhe o descanso eterno.\u201d<\/li>\n\n\n\n<li>\u201cPerdoai os seus pecados.\u201d<\/li>\n<\/ul>\n\n\n\n<p>Tamb\u00e9m pode oferecer:<\/p>\n\n\n\n<ul class=\"wp-block-list\">\n<li>um Ros\u00e1rio<\/li>\n\n\n\n<li>uma Missa pelo falecido<\/li>\n\n\n\n<li>um pequeno sacrif\u00edcio<\/li>\n<\/ul>\n\n\n\n<p>Assim, a homenagem humana transforma-se em <strong>intercess\u00e3o espiritual<\/strong>.<\/p>\n\n\n\n<hr class=\"wp-block-separator has-alpha-channel-opacity\"\/>\n\n\n\n<h1 class=\"wp-block-heading\">Recuperar uma tradi\u00e7\u00e3o esquecida<\/h1>\n\n\n\n<p>Durante s\u00e9culos, quando algu\u00e9m morria, os sinos da igreja tocavam.<\/p>\n\n\n\n<p>Os vizinhos paravam.<\/p>\n\n\n\n<p>E rezavam um Pai-Nosso pela alma do falecido.<\/p>\n\n\n\n<p>Era um gesto simples.<\/p>\n\n\n\n<p>Mas profundamente crist\u00e3o.<\/p>\n\n\n\n<p>Talvez hoje precisemos recuperar um pouco dessa sabedoria espiritual.<\/p>\n\n\n\n<p>Porque o maior ato de respeito para com algu\u00e9m que morreu <strong>n\u00e3o \u00e9 o sil\u00eancio<\/strong>.<\/p>\n\n\n\n<p>\u00c9 a ora\u00e7\u00e3o.<\/p>\n\n\n\n<hr class=\"wp-block-separator has-alpha-channel-opacity\"\/>\n\n\n\n<h1 class=\"wp-block-heading\">Conclus\u00e3o: quando o sil\u00eancio se torna ora\u00e7\u00e3o<\/h1>\n\n\n\n<p>O minuto de sil\u00eancio nasceu como um gesto laico, pensado para cerim\u00f4nias p\u00fablicas nas quais n\u00e3o se podia rezar.<\/p>\n\n\n\n<p>Mas o crist\u00e3o sabe algo que o mundo \u00e0s vezes esquece:<\/p>\n\n\n\n<p><strong>a ora\u00e7\u00e3o tem poder.<\/strong><\/p>\n\n\n\n<p>Ela pode consolar.<br>Pode interceder.<br>Pode ajudar uma alma no seu caminho para Deus.<\/p>\n\n\n\n<p>Por isso, da pr\u00f3xima vez que ouvir:<\/p>\n\n\n\n<p>\u201cObservemos um minuto de sil\u00eancio\u201d<\/p>\n\n\n\n<p>voc\u00ea pode fazer algo profundamente crist\u00e3o.<\/p>\n\n\n\n<p>Feche os olhos.<\/p>\n\n\n\n<p>Baixe a cabe\u00e7a.<\/p>\n\n\n\n<p>E reze no seu cora\u00e7\u00e3o.<\/p>\n\n\n\n<p>Porque naquele instante, enquanto o mundo se cala\u2026<\/p>\n\n\n\n<p><strong>a sua ora\u00e7\u00e3o pode abrir o c\u00e9u.<\/strong><\/p>\n","protected":false},"excerpt":{"rendered":"<p>Em est\u00e1dios de futebol, em parlamentos, em escolas, em funerais civis ou em cerim\u00f4nias p\u00fablicas, todos n\u00f3s j\u00e1 vivemos aquele momento solene em que algu\u00e9m anuncia: \u201cObservemos um minuto de sil\u00eancio.\u201d Ent\u00e3o a multid\u00e3o fica im\u00f3vel.As cabe\u00e7as se inclinam.O ru\u00eddo desaparece por sessenta segundos. \u00c9 um gesto respeitoso.Um gesto solene.Um gesto que aparentemente honra a &hellip;<\/p>\n","protected":false},"author":3,"featured_media":5345,"comment_status":"closed","ping_status":"closed","sticky":false,"template":"","format":"standard","meta":{"_seopress_robots_primary_cat":"","_seopress_titles_title":"","_seopress_titles_desc":"","_seopress_robots_index":"","footnotes":""},"categories":[66,41],"tags":[1841],"class_list":["post-5344","post","type-post","status-publish","format-standard","has-post-thumbnail","","category-cultura-popular-e-catolicismo","category-fe-e-cultura","tag-minuto-de-silencio"],"_links":{"self":[{"href":"https:\/\/catholicus.eu\/pt\/wp-json\/wp\/v2\/posts\/5344","targetHints":{"allow":["GET"]}}],"collection":[{"href":"https:\/\/catholicus.eu\/pt\/wp-json\/wp\/v2\/posts"}],"about":[{"href":"https:\/\/catholicus.eu\/pt\/wp-json\/wp\/v2\/types\/post"}],"author":[{"embeddable":true,"href":"https:\/\/catholicus.eu\/pt\/wp-json\/wp\/v2\/users\/3"}],"replies":[{"embeddable":true,"href":"https:\/\/catholicus.eu\/pt\/wp-json\/wp\/v2\/comments?post=5344"}],"version-history":[{"count":1,"href":"https:\/\/catholicus.eu\/pt\/wp-json\/wp\/v2\/posts\/5344\/revisions"}],"predecessor-version":[{"id":5346,"href":"https:\/\/catholicus.eu\/pt\/wp-json\/wp\/v2\/posts\/5344\/revisions\/5346"}],"wp:featuredmedia":[{"embeddable":true,"href":"https:\/\/catholicus.eu\/pt\/wp-json\/wp\/v2\/media\/5345"}],"wp:attachment":[{"href":"https:\/\/catholicus.eu\/pt\/wp-json\/wp\/v2\/media?parent=5344"}],"wp:term":[{"taxonomy":"category","embeddable":true,"href":"https:\/\/catholicus.eu\/pt\/wp-json\/wp\/v2\/categories?post=5344"},{"taxonomy":"post_tag","embeddable":true,"href":"https:\/\/catholicus.eu\/pt\/wp-json\/wp\/v2\/tags?post=5344"}],"curies":[{"name":"wp","href":"https:\/\/api.w.org\/{rel}","templated":true}]}}