{"id":5341,"date":"2026-03-16T07:32:45","date_gmt":"2026-03-16T06:32:45","guid":{"rendered":"https:\/\/catholicus.eu\/pt\/?p=5341"},"modified":"2026-03-16T07:32:45","modified_gmt":"2026-03-16T06:32:45","slug":"a-iniquidade-o-pecado-que-corroi-a-alma-e-normaliza-o-mal","status":"publish","type":"post","link":"https:\/\/catholicus.eu\/pt\/a-iniquidade-o-pecado-que-corroi-a-alma-e-normaliza-o-mal\/","title":{"rendered":"A Iniquidade: o pecado que corr\u00f3i a alma e normaliza o mal"},"content":{"rendered":"\n<p>Vivemos numa \u00e9poca estranha. Nunca houve tantos discursos sobre direitos, justi\u00e7a, igualdade e progresso\u2026 e, no entanto, nunca foi t\u00e3o f\u00e1cil ver como o mal se apresenta como algo normal, at\u00e9 mesmo admir\u00e1vel.<\/p>\n\n\n\n<p>A corrup\u00e7\u00e3o moral \u00e9 justificada.<br>A mentira torna-se estrat\u00e9gia.<br>O pecado disfar\u00e7a-se de liberdade.<\/p>\n\n\n\n<p>A B\u00edblia tem uma palavra muito precisa para descrever este fen\u00f3meno espiritual profundo: <strong>a iniquidade<\/strong>.<\/p>\n\n\n\n<p>Mas o que significa realmente? \u00c9 a mesma coisa que pecado? Porque aparece constantemente nas Sagradas Escrituras? E porque, hoje mais do que nunca, precisamos compreend\u00ea-la?<\/p>\n\n\n\n<p>Este artigo \u00e9 um guia para entender <strong>o que \u00e9 a iniquidade, como atua no mundo e como combat\u00ea-la na vida quotidiana de um crist\u00e3o.<\/strong><\/p>\n\n\n\n<hr class=\"wp-block-separator has-alpha-channel-opacity\"\/>\n\n\n\n<h1 class=\"wp-block-heading\">1. O que \u00e9 a iniquidade? Muito mais do que \u201cfazer algo errado\u201d<\/h1>\n\n\n\n<p>Na linguagem comum, <strong>pecado<\/strong> e <strong>iniquidade<\/strong> s\u00e3o muitas vezes usados como sin\u00f3nimos, mas na teologia b\u00edblica t\u00eam nuances diferentes.<\/p>\n\n\n\n<p>Na Escritura, a palavra hebraica <strong>\u201cavon\u201d<\/strong> e a grega <strong>\u201canomia\u201d<\/strong> indicam algo mais profundo do que uma simples falta.<\/p>\n\n\n\n<p><strong>A iniquidade \u00e9 o mal interior que deforma a consci\u00eancia at\u00e9 que o pecado pare\u00e7a normal ou aceit\u00e1vel.<\/strong><\/p>\n\n\n\n<p>Podemos express\u00e1-lo assim:<\/p>\n\n\n\n<ul class=\"wp-block-list\">\n<li><strong>Pecado:<\/strong> o ato concreto de mal.<\/li>\n\n\n\n<li><strong>Iniquidade:<\/strong> a disposi\u00e7\u00e3o interior que faz o mal parecer normal ou aceit\u00e1vel.<\/li>\n<\/ul>\n\n\n\n<p>A iniquidade <strong>n\u00e3o consiste apenas em cometer um erro<\/strong>, mas em <strong>perverter o sentido do bem e do mal<\/strong>.<\/p>\n\n\n\n<p>\u00c9 o momento em que o homem deixa de dizer:<\/p>\n\n\n\n<blockquote class=\"wp-block-quote is-layout-flow wp-block-quote-is-layout-flow\">\n<p>\u201cIsto est\u00e1 errado, mas eu fa\u00e7o.\u201d<\/p>\n<\/blockquote>\n\n\n\n<p>e come\u00e7a a dizer:<\/p>\n\n\n\n<blockquote class=\"wp-block-quote is-layout-flow wp-block-quote-is-layout-flow\">\n<p>\u201cIsto n\u00e3o est\u00e1 errado\u2026 o problema \u00e9 quem o critica.\u201d<\/p>\n<\/blockquote>\n\n\n\n<p>\u00c9 a\u00ed que a iniquidade aparece.<\/p>\n\n\n\n<hr class=\"wp-block-separator has-alpha-channel-opacity\"\/>\n\n\n\n<h1 class=\"wp-block-heading\">2. A iniquidade na B\u00edblia: uma ferida que atravessa a hist\u00f3ria humana<\/h1>\n\n\n\n<p>Desde as primeiras p\u00e1ginas da B\u00edblia, a iniquidade aparece como <strong>uma for\u00e7a que se espalha e se acumula<\/strong>.<\/p>\n\n\n\n<p>No Antigo Testamento repete-se constantemente a express\u00e3o <strong>\u201ccarregar a iniquidade\u201d<\/strong> ou <strong>\u201cencher a medida da iniquidade\u201d<\/strong>.<\/p>\n\n\n\n<p>Isto revela algo importante:<br>a iniquidade <strong>n\u00e3o \u00e9 apenas individual, tamb\u00e9m pode ser coletiva<\/strong>.<\/p>\n\n\n\n<p>Quando uma sociedade come\u00e7a a chamar bem ao que Deus chama mal, a iniquidade <strong>institucionaliza-se<\/strong>.<\/p>\n\n\n\n<p>O livro do G\u00e9nesis descreve assim a situa\u00e7\u00e3o antes do Dil\u00favio:<\/p>\n\n\n\n<blockquote class=\"wp-block-quote is-layout-flow wp-block-quote-is-layout-flow\">\n<p>\u201cViu o Senhor que a maldade do homem era grande na terra e que toda a inclina\u00e7\u00e3o dos pensamentos do seu cora\u00e7\u00e3o era continuamente para o mal.\u201d<br>(G\u00e9nesis 6,5)<\/p>\n<\/blockquote>\n\n\n\n<p>N\u00e3o se trata apenas de a\u00e7\u00f5es m\u00e1s.<br><strong>O pr\u00f3prio cora\u00e7\u00e3o tinha-se deformado.<\/strong><\/p>\n\n\n\n<hr class=\"wp-block-separator has-alpha-channel-opacity\"\/>\n\n\n\n<h1 class=\"wp-block-heading\">3. O mist\u00e9rio da iniquidade de que fala S\u00e3o Paulo<\/h1>\n\n\n\n<p>O Novo Testamento aprofunda ainda mais este fen\u00f3meno.<\/p>\n\n\n\n<p>S\u00e3o Paulo utiliza uma express\u00e3o impressionante:<\/p>\n\n\n\n<blockquote class=\"wp-block-quote is-layout-flow wp-block-quote-is-layout-flow\">\n<p>\u201cO mist\u00e9rio da iniquidade j\u00e1 est\u00e1 em a\u00e7\u00e3o.\u201d<br>(2 Tessalonicenses 2,7)<\/p>\n<\/blockquote>\n\n\n\n<p>Porque fala de <strong>mist\u00e9rio<\/strong>?<\/p>\n\n\n\n<p>Porque a iniquidade tem algo profundamente desconcertante:<\/p>\n\n\n\n<ul class=\"wp-block-list\">\n<li>infiltra-se lentamente;<\/li>\n\n\n\n<li>disfar\u00e7a-se de bem;<\/li>\n\n\n\n<li>seduz at\u00e9 pessoas aparentemente boas.<\/li>\n<\/ul>\n\n\n\n<p>N\u00e3o aparece de repente.<br><strong>Cresce em sil\u00eancio na cultura, nas estruturas sociais e no cora\u00e7\u00e3o humano.<\/strong><\/p>\n\n\n\n<p>A hist\u00f3ria mostra que, sempre que a iniquidade se normaliza, surgem consequ\u00eancias devastadoras:<\/p>\n\n\n\n<ul class=\"wp-block-list\">\n<li>persegui\u00e7\u00f5es<\/li>\n\n\n\n<li>injusti\u00e7as<\/li>\n\n\n\n<li>decad\u00eancia moral<\/li>\n\n\n\n<li>viol\u00eancia institucionalizada<\/li>\n<\/ul>\n\n\n\n<hr class=\"wp-block-separator has-alpha-channel-opacity\"\/>\n\n\n\n<h1 class=\"wp-block-heading\">4. A iniquidade come\u00e7a no cora\u00e7\u00e3o<\/h1>\n\n\n\n<p>Antes de se manifestar em leis, ideologias ou estruturas sociais, a iniquidade <strong>come\u00e7a dentro do homem<\/strong>.<\/p>\n\n\n\n<p>Jesus Cristo explicou isto claramente:<\/p>\n\n\n\n<blockquote class=\"wp-block-quote is-layout-flow wp-block-quote-is-layout-flow\">\n<p>\u201cPorque do cora\u00e7\u00e3o procedem os maus pensamentos, homic\u00eddios, adult\u00e9rios, prostitui\u00e7\u00f5es, furtos, falsos testemunhos e blasf\u00e9mias.\u201d<br>(Mateus 15,19)<\/p>\n<\/blockquote>\n\n\n\n<p>O pecado n\u00e3o nasce das circunst\u00e2ncias.<\/p>\n\n\n\n<p>Nasce quando o cora\u00e7\u00e3o deixa de procurar a verdade.<\/p>\n\n\n\n<p>Primeiro aparece uma pequena justifica\u00e7\u00e3o:<\/p>\n\n\n\n<ul class=\"wp-block-list\">\n<li>\u201cN\u00e3o \u00e9 assim t\u00e3o grave.\u201d<\/li>\n\n\n\n<li>\u201cToda a gente faz.\u201d<\/li>\n\n\n\n<li>\u201cDeus vai compreender.\u201d<\/li>\n<\/ul>\n\n\n\n<p>Depois a alma habitua-se.<\/p>\n\n\n\n<p>E finalmente o mal torna-se <strong>uma maneira de pensar<\/strong>.<\/p>\n\n\n\n<p>Nesse momento, a iniquidade j\u00e1 criou ra\u00edzes.<\/p>\n\n\n\n<hr class=\"wp-block-separator has-alpha-channel-opacity\"\/>\n\n\n\n<h1 class=\"wp-block-heading\">5. A normaliza\u00e7\u00e3o do mal: o sinal mais claro da iniquidade<\/h1>\n\n\n\n<p>A iniquidade tem um sintoma muito claro:<br><strong>quando o mal deixa de escandalizar.<\/strong><\/p>\n\n\n\n<p>O profeta Isa\u00edas j\u00e1 denunciava isto h\u00e1 mais de 2700 anos:<\/p>\n\n\n\n<blockquote class=\"wp-block-quote is-layout-flow wp-block-quote-is-layout-flow\">\n<p>\u201cAi dos que chamam bem ao mal e mal ao bem!\u201d<br>(Isa\u00edas 5,20)<\/p>\n<\/blockquote>\n\n\n\n<p>Este vers\u00edculo parece escrito para o nosso tempo.<\/p>\n\n\n\n<p>Hoje vemos:<\/p>\n\n\n\n<ul class=\"wp-block-list\">\n<li>a mentira transformada em estrat\u00e9gia pol\u00edtica<\/li>\n\n\n\n<li>a corrup\u00e7\u00e3o apresentada como habilidade<\/li>\n\n\n\n<li>o pecado defendido como um direito<\/li>\n\n\n\n<li>a f\u00e9 ridicularizada como atraso<\/li>\n<\/ul>\n\n\n\n<p>A iniquidade n\u00e3o se limita a tolerar o mal.<\/p>\n\n\n\n<p><strong>Ela celebra-o.<\/strong><\/p>\n\n\n\n<hr class=\"wp-block-separator has-alpha-channel-opacity\"\/>\n\n\n\n<h1 class=\"wp-block-heading\">6. Cristo veio destruir a iniquidade<\/h1>\n\n\n\n<p>O Evangelho n\u00e3o ignora este problema.<br>Na verdade, <strong>a miss\u00e3o de Cristo est\u00e1 diretamente ligada \u00e0 liberta\u00e7\u00e3o da iniquidade<\/strong>.<\/p>\n\n\n\n<p>Na profecia de Isa\u00edas sobre o Messias lemos:<\/p>\n\n\n\n<blockquote class=\"wp-block-quote is-layout-flow wp-block-quote-is-layout-flow\">\n<p>\u201cO Senhor fez cair sobre ele a iniquidade de todos n\u00f3s.\u201d<br>(Isa\u00edas 53,6)<\/p>\n<\/blockquote>\n\n\n\n<p>Jesus n\u00e3o apenas perdoa os pecados.<\/p>\n\n\n\n<p><strong>Ele arranca a raiz do mal no cora\u00e7\u00e3o humano.<\/strong><\/p>\n\n\n\n<p>Por isso o cristianismo n\u00e3o \u00e9 apenas uma moral.<\/p>\n\n\n\n<p>\u00c9 <strong>uma transforma\u00e7\u00e3o interior<\/strong>.<\/p>\n\n\n\n<p>Cristo n\u00e3o veio apenas melhorar o comportamento exterior.<\/p>\n\n\n\n<p>Veio <strong>regenerar o cora\u00e7\u00e3o<\/strong>.<\/p>\n\n\n\n<hr class=\"wp-block-separator has-alpha-channel-opacity\"\/>\n\n\n\n<h1 class=\"wp-block-heading\">7. As tr\u00eas formas como a iniquidade atua hoje<\/h1>\n\n\n\n<p>Embora a palavra possa parecer antiga, a iniquidade est\u00e1 muito presente no mundo moderno.<\/p>\n\n\n\n<p>Podemos v\u00ea-la agir de tr\u00eas maneiras.<\/p>\n\n\n\n<h3 class=\"wp-block-heading\">1. Iniquidade pessoal<\/h3>\n\n\n\n<p>Quando justificamos as nossas pr\u00f3prias faltas e deixamos de nos examinar.<\/p>\n\n\n\n<p>O perigo n\u00e3o \u00e9 cair.<\/p>\n\n\n\n<p>O perigo \u00e9 <strong>deixar de reconhecer a queda<\/strong>.<\/p>\n\n\n\n<hr class=\"wp-block-separator has-alpha-channel-opacity\"\/>\n\n\n\n<h3 class=\"wp-block-heading\">2. Iniquidade cultural<\/h3>\n\n\n\n<p>Quando uma sociedade promove valores contr\u00e1rios ao Evangelho.<\/p>\n\n\n\n<p>Isto acontece quando:<\/p>\n\n\n\n<ul class=\"wp-block-list\">\n<li>a vida perde o seu valor<\/li>\n\n\n\n<li>a verdade se torna relativa<\/li>\n\n\n\n<li>a f\u00e9 \u00e9 expulsa do espa\u00e7o p\u00fablico<\/li>\n<\/ul>\n\n\n\n<p>A cultura come\u00e7a a moldar as consci\u00eancias.<\/p>\n\n\n\n<hr class=\"wp-block-separator has-alpha-channel-opacity\"\/>\n\n\n\n<h3 class=\"wp-block-heading\">3. Iniquidade estrutural<\/h3>\n\n\n\n<p>Este \u00e9 o n\u00edvel mais perigoso.<\/p>\n\n\n\n<p>Acontece quando <strong>as leis e as estruturas sociais legitimam o mal<\/strong>.<\/p>\n\n\n\n<p>Nesse momento o pecado j\u00e1 n\u00e3o \u00e9 apenas tolerado.<\/p>\n\n\n\n<p><strong>\u00c9 imposto.<\/strong><\/p>\n\n\n\n<hr class=\"wp-block-separator has-alpha-channel-opacity\"\/>\n\n\n\n<h1 class=\"wp-block-heading\">8. Como combater a iniquidade na vida crist\u00e3<\/h1>\n\n\n\n<p>A luta contra a iniquidade n\u00e3o come\u00e7a nos parlamentos nem nas redes sociais.<\/p>\n\n\n\n<p>Come\u00e7a <strong>na alma de cada crist\u00e3o<\/strong>.<\/p>\n\n\n\n<p>Aqui est\u00e3o cinco armas espirituais fundamentais.<\/p>\n\n\n\n<hr class=\"wp-block-separator has-alpha-channel-opacity\"\/>\n\n\n\n<h2 class=\"wp-block-heading\">1. Recuperar o exame de consci\u00eancia<\/h2>\n\n\n\n<p>A iniquidade prospera quando deixamos de olhar para o nosso cora\u00e7\u00e3o.<\/p>\n\n\n\n<p>O exame de consci\u00eancia di\u00e1rio \u00e9 um rem\u00e9dio espiritual.<\/p>\n\n\n\n<p>Ele obriga-nos a perguntar:<\/p>\n\n\n\n<ul class=\"wp-block-list\">\n<li>Fui fiel \u00e0 verdade?<\/li>\n\n\n\n<li>Justifiquei algo que sei que est\u00e1 errado?<\/li>\n\n\n\n<li>Fiquei em sil\u00eancio quando deveria ter defendido o bem?<\/li>\n<\/ul>\n\n\n\n<hr class=\"wp-block-separator has-alpha-channel-opacity\"\/>\n\n\n\n<h2 class=\"wp-block-heading\">2. Confessar-se com frequ\u00eancia<\/h2>\n\n\n\n<p>O sacramento da confiss\u00e3o <strong>quebra o ciclo da autojustifica\u00e7\u00e3o<\/strong>.<\/p>\n\n\n\n<p>Quando a alma reconhece o seu pecado, a iniquidade perde poder.<\/p>\n\n\n\n<p>A gra\u00e7a volta a iluminar a consci\u00eancia.<\/p>\n\n\n\n<hr class=\"wp-block-separator has-alpha-channel-opacity\"\/>\n\n\n\n<h2 class=\"wp-block-heading\">3. Formar a consci\u00eancia<\/h2>\n\n\n\n<p>Muitos crist\u00e3os vivem hoje confusos porque <strong>n\u00e3o conhecem a doutrina da Igreja<\/strong>.<\/p>\n\n\n\n<p>A ignor\u00e2ncia moral deixa a alma vulner\u00e1vel.<\/p>\n\n\n\n<p>Ler a Escritura, o Catecismo e a tradi\u00e7\u00e3o espiritual \u00e9 essencial.<\/p>\n\n\n\n<hr class=\"wp-block-separator has-alpha-channel-opacity\"\/>\n\n\n\n<h2 class=\"wp-block-heading\">4. N\u00e3o normalizar o mal<\/h2>\n\n\n\n<p>O crist\u00e3o \u00e9 chamado a viver <strong>no mundo, mas n\u00e3o segundo o mundo<\/strong>.<\/p>\n\n\n\n<p>Isto exige coragem.<\/p>\n\n\n\n<p>\u00c0s vezes significar\u00e1:<\/p>\n\n\n\n<ul class=\"wp-block-list\">\n<li>ir contra a corrente<\/li>\n\n\n\n<li>suportar cr\u00edticas<\/li>\n\n\n\n<li>ser incompreendido<\/li>\n<\/ul>\n\n\n\n<p>Mas a fidelidade tem sempre um pre\u00e7o.<\/p>\n\n\n\n<hr class=\"wp-block-separator has-alpha-channel-opacity\"\/>\n\n\n\n<h2 class=\"wp-block-heading\">5. Viver na gra\u00e7a<\/h2>\n\n\n\n<p>A iniquidade combate-se com <strong>santidade<\/strong>.<\/p>\n\n\n\n<p>Onde existem almas santas:<\/p>\n\n\n\n<ul class=\"wp-block-list\">\n<li>a mentira perde for\u00e7a<\/li>\n\n\n\n<li>o pecado perde atra\u00e7\u00e3o<\/li>\n\n\n\n<li>a luz de Cristo brilha com mais clareza<\/li>\n<\/ul>\n\n\n\n<p>A santidade n\u00e3o \u00e9 um ideal para poucos.<\/p>\n\n\n\n<p>\u00c9 <strong>a verdadeira revolu\u00e7\u00e3o crist\u00e3<\/strong>.<\/p>\n\n\n\n<hr class=\"wp-block-separator has-alpha-channel-opacity\"\/>\n\n\n\n<h1 class=\"wp-block-heading\">9. O grande engano do nosso tempo<\/h1>\n\n\n\n<p>Talvez a maior vit\u00f3ria da iniquidade hoje seja ter convencido muitas pessoas <strong>de que ela j\u00e1 n\u00e3o existe<\/strong>.<\/p>\n\n\n\n<p>Fala-se de erros, fraquezas, falhas\u2026<\/p>\n\n\n\n<p>mas j\u00e1 n\u00e3o se fala de pecado.<\/p>\n\n\n\n<p>E quando desaparece a consci\u00eancia do pecado, desaparece tamb\u00e9m <strong>a necessidade de salva\u00e7\u00e3o<\/strong>.<\/p>\n\n\n\n<p>Por isso os crist\u00e3os t\u00eam uma miss\u00e3o urgente:<br><strong>voltar a chamar as coisas pelo seu verdadeiro nome<\/strong>.<\/p>\n\n\n\n<p>N\u00e3o para condenar o mundo.<\/p>\n\n\n\n<p>Mas para <strong>abrir o caminho \u00e0 miseric\u00f3rdia de Deus<\/strong>.<\/p>\n\n\n\n<hr class=\"wp-block-separator has-alpha-channel-opacity\"\/>\n\n\n\n<h1 class=\"wp-block-heading\">10. Uma esperan\u00e7a que a iniquidade n\u00e3o pode apagar<\/h1>\n\n\n\n<p>Mesmo que o mal pare\u00e7a crescer, a hist\u00f3ria crist\u00e3 recorda-nos algo fundamental:<\/p>\n\n\n\n<p><strong>a iniquidade nunca tem a \u00faltima palavra.<\/strong><\/p>\n\n\n\n<p>Cristo j\u00e1 venceu o pecado.<\/p>\n\n\n\n<p>A cruz parece uma derrota\u2026<br>mas \u00e9 o come\u00e7o da reden\u00e7\u00e3o.<\/p>\n\n\n\n<p>E cada alma que regressa a Deus enfraquece o poder da iniquidade no mundo.<\/p>\n\n\n\n<p>Porque a verdadeira batalha n\u00e3o se trava apenas nas estruturas da sociedade.<\/p>\n\n\n\n<p>Ela trava-se <strong>no cora\u00e7\u00e3o humano<\/strong>.<\/p>\n\n\n\n<p>E a\u00ed, quando o homem se abre \u00e0 gra\u00e7a, <strong>a luz vence sempre as trevas<\/strong>.<\/p>\n\n\n\n<hr class=\"wp-block-separator has-alpha-channel-opacity\"\/>\n\n\n\n<p>\ud83d\udca1 <strong>Reflex\u00e3o final<\/strong><\/p>\n\n\n\n<p>A pergunta n\u00e3o \u00e9 apenas se o mundo est\u00e1 cheio de iniquidade.<\/p>\n\n\n\n<p>A pergunta \u00e9 muito mais pessoal:<\/p>\n\n\n\n<p><strong>Que lugar ocupa a verdade de Deus no meu cora\u00e7\u00e3o?<\/strong><\/p>\n\n\n\n<p>Porque cada vez que um crist\u00e3o escolhe o bem, mesmo nas pequenas coisas, acontece algo invis\u00edvel mas poderoso:<\/p>\n\n\n\n<p>a iniquidade perde terreno\u2026<br>e o Reino de Deus avan\u00e7a.<\/p>\n","protected":false},"excerpt":{"rendered":"<p>Vivemos numa \u00e9poca estranha. Nunca houve tantos discursos sobre direitos, justi\u00e7a, igualdade e progresso\u2026 e, no entanto, nunca foi t\u00e3o f\u00e1cil ver como o mal se apresenta como algo normal, at\u00e9 mesmo admir\u00e1vel. A corrup\u00e7\u00e3o moral \u00e9 justificada.A mentira torna-se estrat\u00e9gia.O pecado disfar\u00e7a-se de liberdade. A B\u00edblia tem uma palavra muito precisa para descrever este &hellip;<\/p>\n","protected":false},"author":3,"featured_media":5342,"comment_status":"closed","ping_status":"closed","sticky":false,"template":"","format":"standard","meta":{"_seopress_robots_primary_cat":"","_seopress_titles_title":"","_seopress_titles_desc":"","_seopress_robots_index":"","footnotes":""},"categories":[43,37],"tags":[1840],"class_list":["post-5341","post","type-post","status-publish","format-standard","has-post-thumbnail","","category-catecismo-da-igreja-catolica","category-doutrina-e-fe","tag-iniquidade"],"_links":{"self":[{"href":"https:\/\/catholicus.eu\/pt\/wp-json\/wp\/v2\/posts\/5341","targetHints":{"allow":["GET"]}}],"collection":[{"href":"https:\/\/catholicus.eu\/pt\/wp-json\/wp\/v2\/posts"}],"about":[{"href":"https:\/\/catholicus.eu\/pt\/wp-json\/wp\/v2\/types\/post"}],"author":[{"embeddable":true,"href":"https:\/\/catholicus.eu\/pt\/wp-json\/wp\/v2\/users\/3"}],"replies":[{"embeddable":true,"href":"https:\/\/catholicus.eu\/pt\/wp-json\/wp\/v2\/comments?post=5341"}],"version-history":[{"count":1,"href":"https:\/\/catholicus.eu\/pt\/wp-json\/wp\/v2\/posts\/5341\/revisions"}],"predecessor-version":[{"id":5343,"href":"https:\/\/catholicus.eu\/pt\/wp-json\/wp\/v2\/posts\/5341\/revisions\/5343"}],"wp:featuredmedia":[{"embeddable":true,"href":"https:\/\/catholicus.eu\/pt\/wp-json\/wp\/v2\/media\/5342"}],"wp:attachment":[{"href":"https:\/\/catholicus.eu\/pt\/wp-json\/wp\/v2\/media?parent=5341"}],"wp:term":[{"taxonomy":"category","embeddable":true,"href":"https:\/\/catholicus.eu\/pt\/wp-json\/wp\/v2\/categories?post=5341"},{"taxonomy":"post_tag","embeddable":true,"href":"https:\/\/catholicus.eu\/pt\/wp-json\/wp\/v2\/tags?post=5341"}],"curies":[{"name":"wp","href":"https:\/\/api.w.org\/{rel}","templated":true}]}}