{"id":5263,"date":"2026-03-12T17:51:23","date_gmt":"2026-03-12T16:51:23","guid":{"rendered":"https:\/\/catholicus.eu\/pt\/?p=5263"},"modified":"2026-03-12T17:51:23","modified_gmt":"2026-03-12T16:51:23","slug":"versiculus-e-responsum-o-dialogo-sagrado-que-mantem-viva-a-oracao-da-igreja","status":"publish","type":"post","link":"https:\/\/catholicus.eu\/pt\/versiculus-e-responsum-o-dialogo-sagrado-que-mantem-viva-a-oracao-da-igreja\/","title":{"rendered":"\u201cVersiculus e Responsum\u201d: o di\u00e1logo sagrado que mant\u00e9m viva a ora\u00e7\u00e3o da Igreja"},"content":{"rendered":"\n<p>Em uma \u00e9poca marcada pela rapidez, pelo ru\u00eddo constante e por uma comunica\u00e7\u00e3o muitas vezes superficial, a tradi\u00e7\u00e3o lit\u00fargica da Igreja Cat\u00f3lica conserva uma forma de di\u00e1logo profundamente espiritual que, embora breve em palavras, est\u00e1 carregada de s\u00e9culos de f\u00e9: o <strong>\u201cVersiculus\u201d<\/strong> e o <strong>\u201cResponsum\u201d<\/strong>.<\/p>\n\n\n\n<p>Muitos cat\u00f3licos provavelmente j\u00e1 ouviram essas express\u00f5es na liturgia sem parar para refletir sobre o seu significado. Elas aparecem na <strong>Liturgia das Horas<\/strong>, na <strong>Santa Missa tradicional<\/strong>, no <strong>Ros\u00e1rio<\/strong>, na <strong>adora\u00e7\u00e3o eucar\u00edstica<\/strong> e em muitas devo\u00e7\u00f5es populares. S\u00e3o frases curtas, quase como um batimento do cora\u00e7\u00e3o da ora\u00e7\u00e3o entre o sacerdote e o povo.<\/p>\n\n\n\n<p>Mas por tr\u00e1s dessas breves f\u00f3rmulas esconde-se algo muito mais profundo: <strong>uma forma de ora\u00e7\u00e3o dialogada que reflete a comunh\u00e3o entre Deus e o seu povo, entre Cristo e a sua Igreja<\/strong>.<\/p>\n\n\n\n<p>Neste artigo exploraremos o que significam <strong>Versiculus<\/strong> e <strong>Responsum<\/strong>, a sua origem hist\u00f3rica, o seu profundo significado teol\u00f3gico e como essa forma de ora\u00e7\u00e3o pode tornar-se uma ferramenta espiritual muito concreta para a nossa vida di\u00e1ria.<\/p>\n\n\n\n<hr class=\"wp-block-separator has-alpha-channel-opacity\"\/>\n\n\n\n<h1 class=\"wp-block-heading\">1. O que significam \u201cVersiculus\u201d e \u201cResponsum\u201d?<\/h1>\n\n\n\n<p>As palavras prov\u00eam do latim lit\u00fargico.<\/p>\n\n\n\n<ul class=\"wp-block-list\">\n<li><strong>Versiculus<\/strong> significa literalmente <em>\u201cpequeno vers\u00edculo\u201d<\/em> ou <em>\u201cfrase curta\u201d<\/em>.<\/li>\n\n\n\n<li><strong>Responsum<\/strong> significa <em>\u201cresposta\u201d<\/em>.<\/li>\n<\/ul>\n\n\n\n<p>Na liturgia, o <strong>Versiculus<\/strong> \u00e9 uma breve invoca\u00e7\u00e3o geralmente pronunciada pelo sacerdote, pelo di\u00e1cono ou pelo cantor. O <strong>Responsum<\/strong> \u00e9 a resposta dada pelo povo ou pelo coro.<\/p>\n\n\n\n<p>Por exemplo, um dos interc\u00e2mbios mais conhecidos \u00e9:<\/p>\n\n\n\n<p><strong>V.<\/strong> <em>Dominus vobiscum<\/em><br><strong>R.<\/strong> <em>Et cum spiritu tuo<\/em><\/p>\n\n\n\n<p>Em portugu\u00eas:<\/p>\n\n\n\n<p><strong>V.<\/strong> O Senhor esteja convosco<br><strong>R.<\/strong> Ele est\u00e1 no meio de n\u00f3s<\/p>\n\n\n\n<p>Essa breve troca acontece muitas vezes na liturgia, mas n\u00e3o \u00e9 uma simples formalidade. <strong>\u00c9 um di\u00e1logo espiritual que expressa a unidade do Corpo de Cristo na ora\u00e7\u00e3o.<\/strong><\/p>\n\n\n\n<hr class=\"wp-block-separator has-alpha-channel-opacity\"\/>\n\n\n\n<h1 class=\"wp-block-heading\">2. Uma origem que remonta \u00e0 B\u00edblia<\/h1>\n\n\n\n<p>A estrutura de <strong>invoca\u00e7\u00e3o e resposta<\/strong> n\u00e3o \u00e9 uma inven\u00e7\u00e3o medieval nem apenas uma conven\u00e7\u00e3o lit\u00fargica.<\/p>\n\n\n\n<p>Na realidade, <strong>ela nasce na pr\u00f3pria Sagrada Escritura<\/strong>.<\/p>\n\n\n\n<p>Nos Salmos encontramos numerosos exemplos de ora\u00e7\u00e3o responsorial, em que o povo responde a uma proclama\u00e7\u00e3o.<\/p>\n\n\n\n<p>Um exemplo muito claro aparece no Salmo 136, onde o povo responde continuamente:<\/p>\n\n\n\n<blockquote class=\"wp-block-quote is-layout-flow wp-block-quote-is-layout-flow\">\n<p>\u201cPorque eterna \u00e9 a sua miseric\u00f3rdia.\u201d<br>(Salmo 136)<\/p>\n<\/blockquote>\n\n\n\n<p>Cada vers\u00edculo proclamado \u00e9 seguido pela mesma resposta do povo. Esse estilo de ora\u00e7\u00e3o <strong>cria um ritmo espiritual coletivo<\/strong>, no qual toda a comunidade participa do louvor.<\/p>\n\n\n\n<p>Tamb\u00e9m no Novo Testamento encontramos exemplos de respostas comunit\u00e1rias na prega\u00e7\u00e3o apost\u00f3lica.<\/p>\n\n\n\n<p>Quando S\u00e3o Paulo explica a f\u00e9, o povo responde com afirma\u00e7\u00f5es de f\u00e9, mostrando que <strong>a f\u00e9 crist\u00e3 n\u00e3o \u00e9 apenas individual, mas tamb\u00e9m comunit\u00e1ria<\/strong>.<\/p>\n\n\n\n<hr class=\"wp-block-separator has-alpha-channel-opacity\"\/>\n\n\n\n<h1 class=\"wp-block-heading\">3. A Igreja primitiva e a ora\u00e7\u00e3o dialogada<\/h1>\n\n\n\n<p>Os primeiros crist\u00e3os herdaram essa forma de ora\u00e7\u00e3o da tradi\u00e7\u00e3o judaica.<\/p>\n\n\n\n<p>Nas primeiras liturgias crist\u00e3s \u2014 especialmente em Jerusal\u00e9m e em Antioquia \u2014 j\u00e1 existiam <strong>aclama\u00e7\u00f5es responsoriais<\/strong>.<\/p>\n\n\n\n<p>Entre as mais antigas encontramos:<\/p>\n\n\n\n<ul class=\"wp-block-list\">\n<li><strong>Kyrie eleison<\/strong> (Senhor, tende piedade)<\/li>\n\n\n\n<li><strong>Am\u00e9m<\/strong><\/li>\n\n\n\n<li><strong>Aleluia<\/strong><\/li>\n<\/ul>\n\n\n\n<p>Essas respostas n\u00e3o eram simples ornamentos lit\u00fargicos. Representavam <strong>a participa\u00e7\u00e3o ativa do povo no culto<\/strong>.<\/p>\n\n\n\n<p>Santo Agostinho descrevia a resposta lit\u00fargica como:<\/p>\n\n\n\n<blockquote class=\"wp-block-quote is-layout-flow wp-block-quote-is-layout-flow\">\n<p>\u201cA voz de toda a Igreja que responde ao Senhor.\u201d<\/p>\n<\/blockquote>\n\n\n\n<p>Em outras palavras, <strong>a comunidade torna-se um \u00fanico corpo que responde a Deus<\/strong>.<\/p>\n\n\n\n<hr class=\"wp-block-separator has-alpha-channel-opacity\"\/>\n\n\n\n<h1 class=\"wp-block-heading\">4. O Versiculus na Liturgia das Horas<\/h1>\n\n\n\n<p>Um dos lugares onde <strong>Versiculus<\/strong> e <strong>Responsum<\/strong> aparecem com maior frequ\u00eancia \u00e9 na <strong>Liturgia das Horas<\/strong>, tamb\u00e9m chamada <strong>Of\u00edcio Divino<\/strong>.<\/p>\n\n\n\n<p>Essa ora\u00e7\u00e3o di\u00e1ria da Igreja organiza o dia em diferentes momentos:<\/p>\n\n\n\n<ul class=\"wp-block-list\">\n<li>Laudes<\/li>\n\n\n\n<li>V\u00e9speras<\/li>\n\n\n\n<li>Completas<\/li>\n\n\n\n<li>Of\u00edcio das Leituras<\/li>\n<\/ul>\n\n\n\n<p>Em cada um deles aparecem pequenos vers\u00edculos como:<\/p>\n\n\n\n<p><strong>V.<\/strong> <em>Deus, in adiutorium meum intende<\/em><br><strong>R.<\/strong> <em>Domine, ad adiuvandum me festina<\/em><\/p>\n\n\n\n<p>Em portugu\u00eas:<\/p>\n\n\n\n<p><strong>V.<\/strong> \u00d3 Deus, vinde em meu aux\u00edlio<br><strong>R.<\/strong> Senhor, socorrei-me sem demora<\/p>\n\n\n\n<p>Essa ora\u00e7\u00e3o tem ra\u00edzes extremamente antigas. Segundo a tradi\u00e7\u00e3o mon\u00e1stica, <strong>S\u00e3o Bento colocou-a no in\u00edcio de cada hora lit\u00fargica no s\u00e9culo VI<\/strong>.<\/p>\n\n\n\n<p>No entanto, a sua verdadeira origem encontra-se no <strong>Salmo 70<\/strong>:<\/p>\n\n\n\n<blockquote class=\"wp-block-quote is-layout-flow wp-block-quote-is-layout-flow\">\n<p>\u201c\u00d3 Deus, vinde em meu aux\u00edlio; Senhor, apressai-vos em socorrer-me.\u201d<br>(Salmo 70,2)<\/p>\n<\/blockquote>\n\n\n\n<p>Assim, cada ora\u00e7\u00e3o come\u00e7a lembrando algo fundamental: <strong>a depend\u00eancia absoluta do homem em rela\u00e7\u00e3o a Deus<\/strong>.<\/p>\n\n\n\n<hr class=\"wp-block-separator has-alpha-channel-opacity\"\/>\n\n\n\n<h1 class=\"wp-block-heading\">5. Um significado teol\u00f3gico profundo<\/h1>\n\n\n\n<p>Embora possam parecer frases simples, <strong>Versiculus<\/strong> e <strong>Responsum<\/strong> expressam uma verdade teol\u00f3gica muito profunda.<\/p>\n\n\n\n<h3 class=\"wp-block-heading\">1. A Igreja \u00e9 comunh\u00e3o<\/h3>\n\n\n\n<p>A f\u00e9 crist\u00e3 n\u00e3o \u00e9 individualista. O di\u00e1logo lit\u00fargico mostra que <strong>a Igreja reza como um s\u00f3 corpo<\/strong>.<\/p>\n\n\n\n<p>O sacerdote proclama, mas o povo responde.<\/p>\n\n\n\n<p>Assim se reflete o que ensina S\u00e3o Paulo:<\/p>\n\n\n\n<blockquote class=\"wp-block-quote is-layout-flow wp-block-quote-is-layout-flow\">\n<p>\u201cV\u00f3s sois o corpo de Cristo.\u201d<br>(1 Cor\u00edntios 12,27)<\/p>\n<\/blockquote>\n\n\n\n<p>A liturgia n\u00e3o \u00e9 um espet\u00e1culo: <strong>\u00e9 uma a\u00e7\u00e3o de todo o povo de Deus<\/strong>.<\/p>\n\n\n\n<hr class=\"wp-block-separator has-alpha-channel-opacity\"\/>\n\n\n\n<h3 class=\"wp-block-heading\">2. Deus fala primeiro<\/h3>\n\n\n\n<p>Na estrutura vers\u00edculo-resposta existe tamb\u00e9m uma dimens\u00e3o espiritual.<\/p>\n\n\n\n<p>Primeiro a palavra \u00e9 proclamada (vers\u00edculo). Depois vem a resposta.<\/p>\n\n\n\n<p>Isso recorda uma verdade fundamental: <strong>Deus toma sempre a iniciativa<\/strong>.<\/p>\n\n\n\n<p>Como diz S\u00e3o Jo\u00e3o:<\/p>\n\n\n\n<blockquote class=\"wp-block-quote is-layout-flow wp-block-quote-is-layout-flow\">\n<p>\u201cN\u00f3s amamos porque Ele nos amou primeiro.\u201d<br>(1 Jo\u00e3o 4,19)<\/p>\n<\/blockquote>\n\n\n\n<p>Toda ora\u00e7\u00e3o crist\u00e3 \u00e9, na realidade, <strong>uma resposta ao amor pr\u00e9vio de Deus<\/strong>.<\/p>\n\n\n\n<hr class=\"wp-block-separator has-alpha-channel-opacity\"\/>\n\n\n\n<h3 class=\"wp-block-heading\">3. Cristo e a Igreja em di\u00e1logo<\/h3>\n\n\n\n<p>Muitos te\u00f3logos interpretam essa troca lit\u00fargica como um s\u00edmbolo do <strong>di\u00e1logo entre Cristo e a sua Igreja<\/strong>.<\/p>\n\n\n\n<p>Cristo fala atrav\u00e9s da liturgia.<br>A Igreja responde com f\u00e9.<\/p>\n\n\n\n<p>Por isso, o Responsum n\u00e3o \u00e9 apenas uma f\u00f3rmula ritual: <strong>\u00e9 a voz da Esposa respondendo ao Esposo<\/strong>.<\/p>\n\n\n\n<hr class=\"wp-block-separator has-alpha-channel-opacity\"\/>\n\n\n\n<h1 class=\"wp-block-heading\">6. A for\u00e7a espiritual das respostas breves<\/h1>\n\n\n\n<p>No nosso tempo, em que muitas pessoas t\u00eam dificuldade em rezar durante longos per\u00edodos, a sabedoria lit\u00fargica da Igreja oferece uma solu\u00e7\u00e3o muito simples:<\/p>\n\n\n\n<p><strong>ora\u00e7\u00f5es breves repetidas ao longo do dia.<\/strong><\/p>\n\n\n\n<p>As respostas lit\u00fargicas funcionam como <strong>jaculat\u00f3rias<\/strong>.<\/p>\n\n\n\n<p>Por exemplo:<\/p>\n\n\n\n<ul class=\"wp-block-list\">\n<li>\u201cAm\u00e9m\u201d<\/li>\n\n\n\n<li>\u201cSenhor, tende piedade\u201d<\/li>\n\n\n\n<li>\u201cEle est\u00e1 no meio de n\u00f3s\u201d<\/li>\n<\/ul>\n\n\n\n<p>Essas frases, embora curtas, <strong>cont\u00eam imensas verdades espirituais<\/strong>.<\/p>\n\n\n\n<p>S\u00e3o Jo\u00e3o Cris\u00f3stomo ensinava que at\u00e9 mesmo uma \u00fanica palavra pronunciada com f\u00e9 pode elevar a alma a Deus.<\/p>\n\n\n\n<hr class=\"wp-block-separator has-alpha-channel-opacity\"\/>\n\n\n\n<h1 class=\"wp-block-heading\">7. Aplica\u00e7\u00f5es pr\u00e1ticas para a vida di\u00e1ria<\/h1>\n\n\n\n<p>\u00c9 aqui que Versiculus e Responsum deixam de ser apenas um detalhe lit\u00fargico e tornam-se <strong>um guia espiritual muito concreto<\/strong>.<\/p>\n\n\n\n<h3 class=\"wp-block-heading\">1. Ora\u00e7\u00f5es breves durante o dia<\/h3>\n\n\n\n<p>Podemos adotar o estilo da liturgia com pequenas respostas espirituais.<\/p>\n\n\n\n<p>Por exemplo:<\/p>\n\n\n\n<p>No in\u00edcio do dia:<\/p>\n\n\n\n<p><strong>V. Senhor, abri os meus l\u00e1bios<\/strong><br><strong>R. E a minha boca proclamar\u00e1 o vosso louvor<\/strong><\/p>\n\n\n\n<p>Quando surgem dificuldades:<\/p>\n\n\n\n<p><strong>Senhor, vinde em meu aux\u00edlio.<\/strong><\/p>\n\n\n\n<p>Essa forma de ora\u00e7\u00e3o \u00e9 especialmente \u00fatil no meio do trabalho, dos estudos ou das responsabilidades familiares.<\/p>\n\n\n\n<hr class=\"wp-block-separator has-alpha-channel-opacity\"\/>\n\n\n\n<h3 class=\"wp-block-heading\">2. A ora\u00e7\u00e3o em fam\u00edlia<\/h3>\n\n\n\n<p>As fam\u00edlias crist\u00e3s podem redescobrir a ora\u00e7\u00e3o dialogada.<\/p>\n\n\n\n<p>Por exemplo:<\/p>\n\n\n\n<p>Pai ou m\u00e3e:<\/p>\n\n\n\n<p><strong>V. Bendigamos o Senhor<\/strong><\/p>\n\n\n\n<p>Filhos:<\/p>\n\n\n\n<p><strong>R. Gra\u00e7as a Deus<\/strong><\/p>\n\n\n\n<p>Isso transforma a casa em <strong>uma pequena Igreja dom\u00e9stica<\/strong>.<\/p>\n\n\n\n<hr class=\"wp-block-separator has-alpha-channel-opacity\"\/>\n\n\n\n<h3 class=\"wp-block-heading\">3. Recuperar a participa\u00e7\u00e3o na liturgia<\/h3>\n\n\n\n<p>Versiculus e Responsum lembram-nos que a liturgia n\u00e3o \u00e9 algo que simplesmente \u201cescutamos\u201d. <strong>\u00c9 algo em que participamos.<\/strong><\/p>\n\n\n\n<p>Responder com aten\u00e7\u00e3o, f\u00e9 e consci\u00eancia <strong>\u00e9 um verdadeiro ato espiritual<\/strong>.<\/p>\n\n\n\n<hr class=\"wp-block-separator has-alpha-channel-opacity\"\/>\n\n\n\n<h1 class=\"wp-block-heading\">8. Um ant\u00eddoto contra o individualismo moderno<\/h1>\n\n\n\n<p>Vivemos numa cultura profundamente individualista.<\/p>\n\n\n\n<p>A liturgia responsorial ensina-nos algo diferente:<\/p>\n\n\n\n<p><strong>a f\u00e9 vive-se em comunidade.<\/strong><\/p>\n\n\n\n<p>Quando a comunidade responde em unidade, algo muito profundo acontece: <strong>a Igreja torna-se vis\u00edvel<\/strong>.<\/p>\n\n\n\n<p>N\u00e3o somos crentes isolados.<\/p>\n\n\n\n<p>Somos um povo que responde a Deus.<\/p>\n\n\n\n<hr class=\"wp-block-separator has-alpha-channel-opacity\"\/>\n\n\n\n<h1 class=\"wp-block-heading\">9. O eco eterno da ora\u00e7\u00e3o da Igreja<\/h1>\n\n\n\n<p>Talvez o aspecto mais belo do Versiculus e do Responsum seja que <strong>nos unem a s\u00e9culos de ora\u00e7\u00e3o crist\u00e3<\/strong>.<\/p>\n\n\n\n<p>As mesmas respostas que pronunciamos hoje:<\/p>\n\n\n\n<ul class=\"wp-block-list\">\n<li>foram rezadas por monges medievais<\/li>\n\n\n\n<li>pelos primeiros crist\u00e3os<\/li>\n\n\n\n<li>por santos como S\u00e3o Bento, S\u00e3o Tom\u00e1s de Aquino e Santa Teresa<\/li>\n<\/ul>\n\n\n\n<p>Cada vez que respondemos na liturgia, <strong>entramos numa corrente de ora\u00e7\u00e3o que atravessa os s\u00e9culos<\/strong>.<\/p>\n\n\n\n<p>\u00c9 a voz da Igreja peregrina unida \u00e0 Igreja celeste.<\/p>\n\n\n\n<hr class=\"wp-block-separator has-alpha-channel-opacity\"\/>\n\n\n\n<h1 class=\"wp-block-heading\">Conclus\u00e3o: aprender a responder a Deus<\/h1>\n\n\n\n<p>No fundo, toda a vida crist\u00e3 pode ser resumida em uma resposta.<\/p>\n\n\n\n<p>Deus chama.<br>Deus fala.<br>Deus ama primeiro.<\/p>\n\n\n\n<p>A nossa vida torna-se o <strong>Responsum<\/strong>.<\/p>\n\n\n\n<p>Cada decis\u00e3o, cada ora\u00e7\u00e3o, cada ato de caridade \u00e9 uma resposta ao vers\u00edculo que Deus pronuncia sobre a nossa vida.<\/p>\n\n\n\n<p>Como respondeu a Virgem Maria na Anuncia\u00e7\u00e3o:<\/p>\n\n\n\n<blockquote class=\"wp-block-quote is-layout-flow wp-block-quote-is-layout-flow\">\n<p>\u201cEis aqui a serva do Senhor; fa\u00e7a-se em mim segundo a tua palavra.\u201d<br>(Lucas 1,38)<\/p>\n<\/blockquote>\n\n\n\n<p>Talvez a grande li\u00e7\u00e3o espiritual do <strong>Versiculus e do Responsum<\/strong> seja precisamente esta:<\/p>\n\n\n\n<p><strong>aprender a responder a Deus com toda a nossa vida.<\/strong><\/p>\n\n\n\n<p>Porque, no fundo, a liturgia n\u00e3o termina quando a Missa acaba.<\/p>\n\n\n\n<p>Ela continua em cada momento da nossa exist\u00eancia.<\/p>\n\n\n\n<p>E Deus continua a pronunciar o seu vers\u00edculo.<\/p>\n\n\n\n<p>A pergunta permanece sempre a mesma:<\/p>\n\n\n\n<p><strong>Qual ser\u00e1 a nossa resposta?<\/strong><\/p>\n","protected":false},"excerpt":{"rendered":"<p>Em uma \u00e9poca marcada pela rapidez, pelo ru\u00eddo constante e por uma comunica\u00e7\u00e3o muitas vezes superficial, a tradi\u00e7\u00e3o lit\u00fargica da Igreja Cat\u00f3lica conserva uma forma de di\u00e1logo profundamente espiritual que, embora breve em palavras, est\u00e1 carregada de s\u00e9culos de f\u00e9: o \u201cVersiculus\u201d e o \u201cResponsum\u201d. Muitos cat\u00f3licos provavelmente j\u00e1 ouviram essas express\u00f5es na liturgia sem &hellip;<\/p>\n","protected":false},"author":3,"featured_media":5264,"comment_status":"closed","ping_status":"closed","sticky":false,"template":"","format":"standard","meta":{"_seopress_robots_primary_cat":"","_seopress_titles_title":"","_seopress_titles_desc":"","_seopress_robots_index":"","footnotes":""},"categories":[40,58],"tags":[1821],"class_list":["post-5263","post","type-post","status-publish","format-standard","has-post-thumbnail","","category-oracao-e-espiritualidade","category-oracao-e-vida-espiritual","tag-versiculus-e-responsum"],"_links":{"self":[{"href":"https:\/\/catholicus.eu\/pt\/wp-json\/wp\/v2\/posts\/5263","targetHints":{"allow":["GET"]}}],"collection":[{"href":"https:\/\/catholicus.eu\/pt\/wp-json\/wp\/v2\/posts"}],"about":[{"href":"https:\/\/catholicus.eu\/pt\/wp-json\/wp\/v2\/types\/post"}],"author":[{"embeddable":true,"href":"https:\/\/catholicus.eu\/pt\/wp-json\/wp\/v2\/users\/3"}],"replies":[{"embeddable":true,"href":"https:\/\/catholicus.eu\/pt\/wp-json\/wp\/v2\/comments?post=5263"}],"version-history":[{"count":1,"href":"https:\/\/catholicus.eu\/pt\/wp-json\/wp\/v2\/posts\/5263\/revisions"}],"predecessor-version":[{"id":5265,"href":"https:\/\/catholicus.eu\/pt\/wp-json\/wp\/v2\/posts\/5263\/revisions\/5265"}],"wp:featuredmedia":[{"embeddable":true,"href":"https:\/\/catholicus.eu\/pt\/wp-json\/wp\/v2\/media\/5264"}],"wp:attachment":[{"href":"https:\/\/catholicus.eu\/pt\/wp-json\/wp\/v2\/media?parent=5263"}],"wp:term":[{"taxonomy":"category","embeddable":true,"href":"https:\/\/catholicus.eu\/pt\/wp-json\/wp\/v2\/categories?post=5263"},{"taxonomy":"post_tag","embeddable":true,"href":"https:\/\/catholicus.eu\/pt\/wp-json\/wp\/v2\/tags?post=5263"}],"curies":[{"name":"wp","href":"https:\/\/api.w.org\/{rel}","templated":true}]}}