{"id":5251,"date":"2026-03-11T18:03:35","date_gmt":"2026-03-11T17:03:35","guid":{"rendered":"https:\/\/catholicus.eu\/pt\/?p=5251"},"modified":"2026-03-11T18:03:36","modified_gmt":"2026-03-11T17:03:36","slug":"feminismo-e-fe-catolica-libertacao-autentica-ou-nova-confusao-uma-reflexao-teologica-e-pastoral-para-o-nosso-tempo","status":"publish","type":"post","link":"https:\/\/catholicus.eu\/pt\/feminismo-e-fe-catolica-libertacao-autentica-ou-nova-confusao-uma-reflexao-teologica-e-pastoral-para-o-nosso-tempo\/","title":{"rendered":"Feminismo e f\u00e9 cat\u00f3lica: liberta\u00e7\u00e3o aut\u00eantica ou nova confus\u00e3o? Uma reflex\u00e3o teol\u00f3gica e pastoral para o nosso tempo"},"content":{"rendered":"\n<p>Vivemos numa \u00e9poca em que poucas palavras geram tantas conversas \u2014 e tamb\u00e9m tanta polariza\u00e7\u00e3o \u2014 quanto a palavra <strong>\u201cfeminismo\u201d<\/strong>. Para alguns, \u00e9 sin\u00f3nimo de justi\u00e7a e dignidade para a mulher; para outros, representa uma ruptura com a tradi\u00e7\u00e3o, a fam\u00edlia e a ordem natural querida por Deus.<\/p>\n\n\n\n<p>Mas um crist\u00e3o n\u00e3o pode ficar apenas ao n\u00edvel de slogans ou de rea\u00e7\u00f5es emocionais. A <strong>f\u00e9 cat\u00f3lica<\/strong> sempre procurou <strong>discernir a verdade \u00e0 luz do Evangelho<\/strong>. Por isso, diante do fen\u00f3meno do feminismo contempor\u00e2neo, a pergunta n\u00e3o \u00e9 simplesmente <em>se estamos a favor ou contra<\/em>, mas algo muito mais profundo:<\/p>\n\n\n\n<p><strong>O que diz a f\u00e9 cat\u00f3lica sobre a mulher, a sua dignidade e a sua miss\u00e3o no mundo?<br>Onde o desejo de justi\u00e7a coincide com o Evangelho e onde se afasta dele?<\/strong><\/p>\n\n\n\n<p>Este artigo procura precisamente isso: <strong>iluminar o fen\u00f3meno do feminismo \u2014 especialmente o feminismo radical atual \u2014 \u00e0 luz da teologia cat\u00f3lica, da Sagrada Escritura e da tradi\u00e7\u00e3o pastoral da Igreja<\/strong>, oferecendo um guia espiritual e pr\u00e1tico para viver hoje a verdadeira dignidade da mulher.<\/p>\n\n\n\n<hr class=\"wp-block-separator has-alpha-channel-opacity\"\/>\n\n\n\n<h1 class=\"wp-block-heading\">1. As origens do feminismo: uma busca leg\u00edtima por dignidade<\/h1>\n\n\n\n<p>Para compreender o presente, \u00e9 necess\u00e1rio olhar para a hist\u00f3ria.<\/p>\n\n\n\n<p>O feminismo surge nos s\u00e9culos XVIII e XIX num contexto em que muitas mulheres sofriam <strong>injusti\u00e7as reais<\/strong>, como:<\/p>\n\n\n\n<ul class=\"wp-block-list\">\n<li>falta de acesso \u00e0 educa\u00e7\u00e3o<\/li>\n\n\n\n<li>aus\u00eancia de direitos civis<\/li>\n\n\n\n<li>depend\u00eancia legal do marido<\/li>\n\n\n\n<li>exclus\u00e3o da vida p\u00fablica<\/li>\n<\/ul>\n\n\n\n<p>As primeiras ondas do feminismo procuravam <strong>igualdade jur\u00eddica e reconhecimento social<\/strong>. Em muitos aspetos, estas reivindica\u00e7\u00f5es estavam alinhadas com princ\u00edpios profundamente crist\u00e3os: a dignidade de toda a pessoa humana criada por Deus.<\/p>\n\n\n\n<p>A Igreja, embora por vezes criticada pela sua rela\u00e7\u00e3o hist\u00f3rica com estruturas sociais imperfeitas, <strong>sempre sustentou doutrinalmente a igualdade essencial entre homem e mulher<\/strong>.<\/p>\n\n\n\n<p>O fundamento teol\u00f3gico desta verdade encontra-se j\u00e1 nas primeiras p\u00e1ginas da B\u00edblia, no livro do G\u00e9nesis:<\/p>\n\n\n\n<blockquote class=\"wp-block-quote is-layout-flow wp-block-quote-is-layout-flow\">\n<p><strong>\u201cDeus criou o ser humano \u00e0 sua imagem; \u00e0 imagem de Deus o criou; homem e mulher os criou.\u201d<\/strong><br><em>(G\u00e9nesis 1,27)<\/em><\/p>\n<\/blockquote>\n\n\n\n<p>Este vers\u00edculo \u00e9 revolucion\u00e1rio ainda hoje. Ele afirma tr\u00eas verdades fundamentais:<\/p>\n\n\n\n<ol class=\"wp-block-list\">\n<li>Homem e mulher possuem <strong>igual dignidade<\/strong>.<\/li>\n\n\n\n<li>Ambos refletem <strong>a imagem de Deus<\/strong>.<\/li>\n\n\n\n<li>A diferen\u00e7a sexual faz <strong>parte do plano de Deus<\/strong>, n\u00e3o \u00e9 um erro.<\/li>\n<\/ol>\n\n\n\n<p>Portanto, <strong>a f\u00e9 crist\u00e3 n\u00e3o \u00e9 inimiga da dignidade da mulher<\/strong>. Pelo contr\u00e1rio, foi uma das tradi\u00e7\u00f5es que mais profundamente a defenderam ao longo da hist\u00f3ria.<\/p>\n\n\n\n<hr class=\"wp-block-separator has-alpha-channel-opacity\"\/>\n\n\n\n<h1 class=\"wp-block-heading\">2. A revolu\u00e7\u00e3o silenciosa do cristianismo na dignidade da mulher<\/h1>\n\n\n\n<p>Para compreender isso, basta olhar para a figura de Cristo.<\/p>\n\n\n\n<p>No mundo antigo \u2014 tanto romano como judaico \u2014 as mulheres ocupavam frequentemente uma posi\u00e7\u00e3o subordinada. No entanto, o Evangelho mostra Jesus a romper muitas barreiras culturais.<\/p>\n\n\n\n<p>Cristo:<\/p>\n\n\n\n<ul class=\"wp-block-list\">\n<li>dialoga publicamente com mulheres (Jo\u00e3o 4, a samaritana)<\/li>\n\n\n\n<li>acolhe-as como disc\u00edpulas<\/li>\n\n\n\n<li>defende a mulher ad\u00faltera<\/li>\n\n\n\n<li>permite que as mulheres o acompanhem na sua miss\u00e3o<\/li>\n\n\n\n<li>confia a Maria Madalena o an\u00fancio da Ressurrei\u00e7\u00e3o<\/li>\n<\/ul>\n\n\n\n<p>Num gesto profundamente significativo, <strong>as primeiras testemunhas da Ressurrei\u00e7\u00e3o foram mulheres<\/strong>, algo culturalmente impens\u00e1vel naquela \u00e9poca.<\/p>\n\n\n\n<p>O cristianismo introduziu uma revolu\u00e7\u00e3o espiritual:<br><strong>a mulher n\u00e3o \u00e9 propriedade do homem nem inferior a ele; \u00e9 uma pessoa chamada \u00e0 santidade.<\/strong><\/p>\n\n\n\n<p>Al\u00e9m disso, a Igreja elevou a figura feminina de maneira \u00fanica atrav\u00e9s da <strong>Virgem Maria<\/strong>, a criatura mais elevada de toda a cria\u00e7\u00e3o.<\/p>\n\n\n\n<p>Maria n\u00e3o \u00e9 poderosa segundo os crit\u00e9rios do mundo, mas \u00e9 a maior mulher da hist\u00f3ria da salva\u00e7\u00e3o.<\/p>\n\n\n\n<p>Ela pr\u00f3pria proclama:<\/p>\n\n\n\n<blockquote class=\"wp-block-quote is-layout-flow wp-block-quote-is-layout-flow\">\n<p><strong>\u201cO Senhor olhou para a humildade da sua serva.\u201d<\/strong><br><em>(Lucas 1,48)<\/em><\/p>\n<\/blockquote>\n\n\n\n<p>A grandeza crist\u00e3 n\u00e3o est\u00e1 no poder, mas na <strong>santidade e na abertura total a Deus<\/strong>.<\/p>\n\n\n\n<hr class=\"wp-block-separator has-alpha-channel-opacity\"\/>\n\n\n\n<h1 class=\"wp-block-heading\">3. A viragem do feminismo moderno: da dignidade \u00e0 confronta\u00e7\u00e3o<\/h1>\n\n\n\n<p>Ao longo do s\u00e9culo XX, o feminismo sofreu uma transforma\u00e7\u00e3o profunda.<\/p>\n\n\n\n<p>De um movimento que procurava direitos leg\u00edtimos, passou em alguns setores a tornar-se <strong>uma vis\u00e3o ideol\u00f3gica que interpreta a rela\u00e7\u00e3o entre homem e mulher como uma luta de poder<\/strong>.<\/p>\n\n\n\n<p>Surgiu ent\u00e3o aquilo que hoje muitos chamam <strong>feminismo radical<\/strong>, caracterizado por ideias como:<\/p>\n\n\n\n<ul class=\"wp-block-list\">\n<li>considerar a maternidade um fardo<\/li>\n\n\n\n<li>apresentar o homem como opressor estrutural<\/li>\n\n\n\n<li>promover a ruptura com a fam\u00edlia tradicional<\/li>\n\n\n\n<li>reivindicar o aborto como direito fundamental<\/li>\n\n\n\n<li>negar a diferen\u00e7a natural entre homem e mulher<\/li>\n\n\n\n<li>adotar a ideologia de g\u00e9nero<\/li>\n<\/ul>\n\n\n\n<p>Do ponto de vista crist\u00e3o, \u00e9 aqui que aparece uma ruptura fundamental.<\/p>\n\n\n\n<p>O problema n\u00e3o \u00e9 a defesa da mulher \u2014 que a Igreja partilha plenamente \u2014<br>mas <strong>a nega\u00e7\u00e3o da natureza humana e do plano de Deus sobre o amor e a fam\u00edlia<\/strong>.<\/p>\n\n\n\n<p>O feminismo radical prop\u00f5e muitas vezes <strong>uma liberta\u00e7\u00e3o que acaba por desligar a pessoa humana da sua identidade mais profunda<\/strong>.<\/p>\n\n\n\n<hr class=\"wp-block-separator has-alpha-channel-opacity\"\/>\n\n\n\n<h1 class=\"wp-block-heading\">4. A vis\u00e3o cat\u00f3lica: igualdade na dignidade, diferen\u00e7a na voca\u00e7\u00e3o<\/h1>\n\n\n\n<p>A Igreja prop\u00f5e uma vis\u00e3o diferente e profundamente equilibrada.<\/p>\n\n\n\n<p>Homem e mulher s\u00e3o:<\/p>\n\n\n\n<ul class=\"wp-block-list\">\n<li><strong>iguais na dignidade<\/strong><\/li>\n\n\n\n<li><strong>diferentes na complementaridade<\/strong><\/li>\n<\/ul>\n\n\n\n<p>N\u00e3o se trata de superioridade ou inferioridade, mas de <strong>riqueza m\u00fatua<\/strong>.<\/p>\n\n\n\n<p>S\u00e3o Jo\u00e3o Paulo II desenvolveu esta ideia de forma magistral na sua reflex\u00e3o sobre o <strong>\u201cg\u00e9nio feminino\u201d<\/strong>.<\/p>\n\n\n\n<p>Segundo esta vis\u00e3o, a mulher possui uma sensibilidade particular para:<\/p>\n\n\n\n<ul class=\"wp-block-list\">\n<li>a vida<\/li>\n\n\n\n<li>a pessoa humana<\/li>\n\n\n\n<li>o acolhimento<\/li>\n\n\n\n<li>a rela\u00e7\u00e3o<\/li>\n\n\n\n<li>o cuidado com os outros<\/li>\n<\/ul>\n\n\n\n<p>Isto n\u00e3o limita a mulher; pelo contr\u00e1rio, reconhece <strong>uma riqueza espiritual \u00fanica de que o mundo necessita profundamente<\/strong>.<\/p>\n\n\n\n<p>A Igreja teve grandes mulheres que mudaram a hist\u00f3ria:<\/p>\n\n\n\n<ul class=\"wp-block-list\">\n<li>Santa Teresa de \u00c1vila<\/li>\n\n\n\n<li>Santa Catarina de Sena<\/li>\n\n\n\n<li>Santa Teresa de Calcut\u00e1<\/li>\n\n\n\n<li>Santa Edith Stein<\/li>\n<\/ul>\n\n\n\n<p>Nenhuma delas procurou poder ideol\u00f3gico.<br>Contudo, a sua influ\u00eancia foi <strong>imensa<\/strong>.<\/p>\n\n\n\n<p>Porque a verdadeira transforma\u00e7\u00e3o crist\u00e3 <strong>nasce da santidade<\/strong>.<\/p>\n\n\n\n<hr class=\"wp-block-separator has-alpha-channel-opacity\"\/>\n\n\n\n<h1 class=\"wp-block-heading\">5. O feminismo radical \u00e0 luz do Evangelho<\/h1>\n\n\n\n<p>Um dos pontos mais delicados hoje \u00e9 o confronto com certas ideias contempor\u00e2neas.<\/p>\n\n\n\n<p>Algumas correntes feministas defendem:<\/p>\n\n\n\n<ul class=\"wp-block-list\">\n<li>o aborto como direito fundamental<\/li>\n\n\n\n<li>a elimina\u00e7\u00e3o da diferen\u00e7a sexual<\/li>\n\n\n\n<li>o desmantelamento da fam\u00edlia<\/li>\n\n\n\n<li>a maternidade como forma de opress\u00e3o<\/li>\n<\/ul>\n\n\n\n<p>A f\u00e9 cat\u00f3lica, por\u00e9m, afirma algo radicalmente diferente:<\/p>\n\n\n\n<p><strong>a vida humana \u00e9 sagrada desde o momento da conce\u00e7\u00e3o.<\/strong><\/p>\n\n\n\n<p>Como diz belamente o salmo:<\/p>\n\n\n\n<blockquote class=\"wp-block-quote is-layout-flow wp-block-quote-is-layout-flow\">\n<p><strong>\u201cTu formaste o meu interior e me teceste no ventre de minha m\u00e3e.\u201d<\/strong><br><em>(Salmo 139,13)<\/em><\/p>\n<\/blockquote>\n\n\n\n<p>A maternidade n\u00e3o \u00e9 uma forma de escravid\u00e3o, mas <strong>uma extraordin\u00e1ria voca\u00e7\u00e3o de coopera\u00e7\u00e3o com Deus na cria\u00e7\u00e3o da vida<\/strong>.<\/p>\n\n\n\n<p>Isto n\u00e3o significa que todas as mulheres devam ser m\u00e3es biol\u00f3gicas, mas afirma que a maternidade \u2014 f\u00edsica ou espiritual \u2014 faz parte da riqueza da feminilidade.<\/p>\n\n\n\n<hr class=\"wp-block-separator has-alpha-channel-opacity\"\/>\n\n\n\n<h1 class=\"wp-block-heading\">6. Uma crise cultural mais profunda<\/h1>\n\n\n\n<p>O debate sobre o feminismo revela, na realidade, algo maior:<br><strong>uma crise de identidade do ser humano moderno.<\/strong><\/p>\n\n\n\n<p>Vivemos numa cultura que procura liberdade sem verdade.<\/p>\n\n\n\n<p>No entanto, o cristianismo ensina que a verdadeira liberdade consiste em <strong>viver segundo o plano de Deus<\/strong>.<\/p>\n\n\n\n<p>Quando a liga\u00e7\u00e3o entre liberdade e verdade se rompe, surgem:<\/p>\n\n\n\n<ul class=\"wp-block-list\">\n<li>confus\u00e3o sobre o significado do corpo<\/li>\n\n\n\n<li>crise da fam\u00edlia<\/li>\n\n\n\n<li>solid\u00e3o afetiva<\/li>\n\n\n\n<li>ruptura entre homens e mulheres<\/li>\n<\/ul>\n\n\n\n<p>O Evangelho prop\u00f5e outro caminho: <strong>reconcilia\u00e7\u00e3o e amor m\u00fatuo<\/strong>.<\/p>\n\n\n\n<p>S\u00e3o Paulo exprime isto de forma bel\u00edssima:<\/p>\n\n\n\n<blockquote class=\"wp-block-quote is-layout-flow wp-block-quote-is-layout-flow\">\n<p><strong>\u201cSujeitai-vos uns aos outros no temor de Cristo.\u201d<\/strong><br><em>(Ef\u00e9sios 5,21)<\/em><\/p>\n<\/blockquote>\n\n\n\n<p>N\u00e3o se trata de domina\u00e7\u00e3o, mas de <strong>entrega rec\u00edproca<\/strong>.<\/p>\n\n\n\n<hr class=\"wp-block-separator has-alpha-channel-opacity\"\/>\n\n\n\n<h1 class=\"wp-block-heading\">7. O verdadeiro caminho de liberta\u00e7\u00e3o crist\u00e3 para a mulher<\/h1>\n\n\n\n<p>A f\u00e9 cat\u00f3lica oferece uma liberta\u00e7\u00e3o muito mais profunda do que qualquer ideologia.<\/p>\n\n\n\n<p>A verdadeira dignidade feminina assenta em tr\u00eas pilares:<\/p>\n\n\n\n<h3 class=\"wp-block-heading\">1. Identidade como filha de Deus<\/h3>\n\n\n\n<p>Antes de qualquer papel social, a mulher \u00e9 <strong>infinitamente amada por Deus<\/strong>.<\/p>\n\n\n\n<h3 class=\"wp-block-heading\">2. Uma voca\u00e7\u00e3o pessoal \u00fanica<\/h3>\n\n\n\n<p>Cada mulher tem o seu pr\u00f3prio caminho: matrim\u00f3nio, maternidade, vida profissional, consagra\u00e7\u00e3o religiosa ou servi\u00e7o social.<\/p>\n\n\n\n<h3 class=\"wp-block-heading\">3. Santidade na vida quotidiana<\/h3>\n\n\n\n<p>A grandeza crist\u00e3 n\u00e3o consiste em dominar, mas em <strong>amar como Cristo ama<\/strong>.<\/p>\n\n\n\n<hr class=\"wp-block-separator has-alpha-channel-opacity\"\/>\n\n\n\n<h1 class=\"wp-block-heading\">8. Aplica\u00e7\u00f5es pr\u00e1ticas para a vida di\u00e1ria<\/h1>\n\n\n\n<p>Como viver hoje esta vis\u00e3o crist\u00e3 da mulher?<\/p>\n\n\n\n<p>Algumas chaves espirituais e pr\u00e1ticas:<\/p>\n\n\n\n<p><strong>1. Redescobrir a dignidade do corpo<\/strong><br>O corpo n\u00e3o \u00e9 um objeto manipul\u00e1vel, mas um dom de Deus.<\/p>\n\n\n\n<p><strong>2. Valorizar a complementaridade entre homem e mulher<\/strong><br>A guerra entre os sexos n\u00e3o constr\u00f3i uma sociedade saud\u00e1vel.<\/p>\n\n\n\n<p><strong>3. Defender a vida humana<\/strong><br>Toda a vida \u00e9 sagrada.<\/p>\n\n\n\n<p><strong>4. Recuperar o valor da maternidade e da fam\u00edlia<\/strong><br>A fam\u00edlia continua a ser o cora\u00e7\u00e3o da sociedade.<\/p>\n\n\n\n<p><strong>5. Promover a lideran\u00e7a feminina crist\u00e3<\/strong><br>A Igreja e o mundo precisam da intelig\u00eancia, sensibilidade e sabedoria das mulheres.<\/p>\n\n\n\n<hr class=\"wp-block-separator has-alpha-channel-opacity\"\/>\n\n\n\n<h1 class=\"wp-block-heading\">9. Maria: o modelo supremo da feminilidade crist\u00e3<\/h1>\n\n\n\n<p>Perante os modelos ideol\u00f3gicos, a Igreja apresenta uma figura luminosa: <strong>a Virgem Maria<\/strong>.<\/p>\n\n\n\n<p>Maria n\u00e3o procurou poder, fama ou controlo.<br>A sua grandeza foi dizer <strong>\u201csim\u201d a Deus<\/strong>.<\/p>\n\n\n\n<p>Esse \u201csim\u201d mudou a hist\u00f3ria.<\/p>\n\n\n\n<p>Ela representa a plenitude da feminilidade:<\/p>\n\n\n\n<ul class=\"wp-block-list\">\n<li>forte na f\u00e9<\/li>\n\n\n\n<li>humilde de cora\u00e7\u00e3o<\/li>\n\n\n\n<li>corajosa no sofrimento<\/li>\n\n\n\n<li>m\u00e3e espiritual de toda a humanidade<\/li>\n<\/ul>\n\n\n\n<p>Em Maria descobrimos que <strong>a verdadeira grandeza feminina est\u00e1 na abertura a Deus e ao amor<\/strong>.<\/p>\n\n\n\n<hr class=\"wp-block-separator has-alpha-channel-opacity\"\/>\n\n\n\n<h1 class=\"wp-block-heading\">Conclus\u00e3o: uma nova miss\u00e3o para as mulheres crist\u00e3s<\/h1>\n\n\n\n<p>O mundo precisa de mulheres fortes, s\u00e1bias e espiritualmente profundas.<\/p>\n\n\n\n<p>N\u00e3o precisa de mais guerra entre homens e mulheres.<br>Precisa de <strong>alian\u00e7a, amor e verdade<\/strong>.<\/p>\n\n\n\n<p>O desafio para as mulheres crist\u00e3s hoje n\u00e3o \u00e9 simplesmente reagir contra o feminismo radical, mas <strong>mostrar um caminho mais elevado e mais humano<\/strong>.<\/p>\n\n\n\n<p>Um caminho onde dignidade, maternidade, intelig\u00eancia, f\u00e9 e liberdade se integram em harmonia.<\/p>\n\n\n\n<p>Porque quando uma mulher descobre a sua identidade em Deus acontece algo extraordin\u00e1rio:<\/p>\n\n\n\n<p><strong>n\u00e3o precisa lutar contra o homem para ser grande.<br>Precisa simplesmente viver plenamente o plano de amor para o qual foi criada.<\/strong><\/p>\n\n\n\n<p>Ent\u00e3o cumpre-se uma verdade profunda do Evangelho:<\/p>\n\n\n\n<blockquote class=\"wp-block-quote is-layout-flow wp-block-quote-is-layout-flow\">\n<p><strong>\u201cA verdade vos libertar\u00e1.\u201d<\/strong><br><em>(Jo\u00e3o 8,32)<\/em><\/p>\n<\/blockquote>\n\n\n\n<p>A verdadeira liberta\u00e7\u00e3o da mulher \u2014 e tamb\u00e9m do homem \u2014 n\u00e3o se encontra nas ideologias.<\/p>\n\n\n\n<p>Encontra-se em <strong>Cristo<\/strong>.<\/p>\n","protected":false},"excerpt":{"rendered":"<p>Vivemos numa \u00e9poca em que poucas palavras geram tantas conversas \u2014 e tamb\u00e9m tanta polariza\u00e7\u00e3o \u2014 quanto a palavra \u201cfeminismo\u201d. Para alguns, \u00e9 sin\u00f3nimo de justi\u00e7a e dignidade para a mulher; para outros, representa uma ruptura com a tradi\u00e7\u00e3o, a fam\u00edlia e a ordem natural querida por Deus. Mas um crist\u00e3o n\u00e3o pode ficar apenas &hellip;<\/p>\n","protected":false},"author":3,"featured_media":5252,"comment_status":"closed","ping_status":"closed","sticky":false,"template":"","format":"standard","meta":{"_seopress_robots_primary_cat":"","_seopress_titles_title":"","_seopress_titles_desc":"","_seopress_robots_index":"","footnotes":""},"categories":[54,39],"tags":[1817],"class_list":["post-5251","post","type-post","status-publish","format-standard","has-post-thumbnail","","category-bioetica-e-questoes-contemporaneas","category-moral-e-vida-crista","tag-feminismo"],"_links":{"self":[{"href":"https:\/\/catholicus.eu\/pt\/wp-json\/wp\/v2\/posts\/5251","targetHints":{"allow":["GET"]}}],"collection":[{"href":"https:\/\/catholicus.eu\/pt\/wp-json\/wp\/v2\/posts"}],"about":[{"href":"https:\/\/catholicus.eu\/pt\/wp-json\/wp\/v2\/types\/post"}],"author":[{"embeddable":true,"href":"https:\/\/catholicus.eu\/pt\/wp-json\/wp\/v2\/users\/3"}],"replies":[{"embeddable":true,"href":"https:\/\/catholicus.eu\/pt\/wp-json\/wp\/v2\/comments?post=5251"}],"version-history":[{"count":1,"href":"https:\/\/catholicus.eu\/pt\/wp-json\/wp\/v2\/posts\/5251\/revisions"}],"predecessor-version":[{"id":5253,"href":"https:\/\/catholicus.eu\/pt\/wp-json\/wp\/v2\/posts\/5251\/revisions\/5253"}],"wp:featuredmedia":[{"embeddable":true,"href":"https:\/\/catholicus.eu\/pt\/wp-json\/wp\/v2\/media\/5252"}],"wp:attachment":[{"href":"https:\/\/catholicus.eu\/pt\/wp-json\/wp\/v2\/media?parent=5251"}],"wp:term":[{"taxonomy":"category","embeddable":true,"href":"https:\/\/catholicus.eu\/pt\/wp-json\/wp\/v2\/categories?post=5251"},{"taxonomy":"post_tag","embeddable":true,"href":"https:\/\/catholicus.eu\/pt\/wp-json\/wp\/v2\/tags?post=5251"}],"curies":[{"name":"wp","href":"https:\/\/api.w.org\/{rel}","templated":true}]}}