{"id":5248,"date":"2026-03-11T17:28:05","date_gmt":"2026-03-11T16:28:05","guid":{"rendered":"https:\/\/catholicus.eu\/pt\/?p=5248"},"modified":"2026-03-11T17:28:06","modified_gmt":"2026-03-11T16:28:06","slug":"a-carta-de-sao-judas-o-pequeno-livro-do-novo-testamento-que-lanca-um-grande-aviso-para-o-nosso-tempo","status":"publish","type":"post","link":"https:\/\/catholicus.eu\/pt\/a-carta-de-sao-judas-o-pequeno-livro-do-novo-testamento-que-lanca-um-grande-aviso-para-o-nosso-tempo\/","title":{"rendered":"A Carta de S\u00e3o Judas: o pequeno livro do Novo Testamento que lan\u00e7a um grande aviso para o nosso tempo"},"content":{"rendered":"\n<p>No cora\u00e7\u00e3o do Novo Testamento existe um escrito breve, quase escondido entre outras cartas mais longas, que, no entanto, cont\u00e9m um aviso espiritual de enorme atualidade. Trata-se da <strong>Carta de S\u00e3o Judas<\/strong>, um texto t\u00e3o curto que em muitas B\u00edblias ocupa apenas uma p\u00e1gina, mas t\u00e3o poderoso que parece ter sido escrito para a nossa pr\u00f3pria \u00e9poca.<\/p>\n\n\n\n<p>Vivemos tempos de confus\u00e3o espiritual, de relativismo moral e de doutrinas mut\u00e1veis. Precisamente por isso, a voz de S\u00e3o Judas ressoa hoje com uma clareza surpreendente: <strong>guardar a verdadeira f\u00e9, defend\u00ea-la e viv\u00ea-la com fidelidade<\/strong>.<\/p>\n\n\n\n<p>Este artigo pretende aproximar-nos desta carta a partir de tr\u00eas perspetivas: a sua <strong>hist\u00f3ria<\/strong>, o seu <strong>profundo ensinamento teol\u00f3gico<\/strong> e a sua <strong>aplica\u00e7\u00e3o pastoral para a vida crist\u00e3 hoje<\/strong>.<\/p>\n\n\n\n<hr class=\"wp-block-separator has-alpha-channel-opacity\"\/>\n\n\n\n<h1 class=\"wp-block-heading\">1. Quem foi S\u00e3o Judas? O ap\u00f3stolo por tr\u00e1s da carta<\/h1>\n\n\n\n<p>O autor desta ep\u00edstola apresenta-se simplesmente assim:<\/p>\n\n\n\n<blockquote class=\"wp-block-quote is-layout-flow wp-block-quote-is-layout-flow\">\n<p>\u00abJudas, servo de Jesus Cristo e irm\u00e3o de Tiago.\u00bb (Judas 1,1)<\/p>\n<\/blockquote>\n\n\n\n<p>A tradi\u00e7\u00e3o crist\u00e3 identifica o autor com <strong>S\u00e3o Judas Tadeu<\/strong>, um dos Doze Ap\u00f3stolos. N\u00e3o deve ser confundido com <strong>Judas Iscariotes<\/strong>, o traidor. O nome Judas era bastante comum no mundo judaico do primeiro s\u00e9culo.<\/p>\n\n\n\n<p>S\u00e3o Judas Tadeu \u00e9 mencionado nos Evangelhos como um dos disc\u00edpulos escolhidos por Cristo. No Evangelho de Jo\u00e3o aparece fazendo uma pergunta profunda durante a \u00daltima Ceia:<\/p>\n\n\n\n<blockquote class=\"wp-block-quote is-layout-flow wp-block-quote-is-layout-flow\">\n<p>\u00abSenhor, como aconteceu que te h\u00e1s de manifestar a n\u00f3s e n\u00e3o ao mundo?\u00bb (Jo\u00e3o 14,22)<\/p>\n<\/blockquote>\n\n\n\n<p>Depois da Ressurrei\u00e7\u00e3o e de Pentecostes, a tradi\u00e7\u00e3o afirma que pregou o Evangelho em v\u00e1rias regi\u00f5es do Oriente, provavelmente na S\u00edria, na Mesopot\u00e2mia e na P\u00e9rsia, onde finalmente morreu m\u00e1rtir.<\/p>\n\n\n\n<p>Hoje \u00e9 conhecido popularmente como <strong>o padroeiro das causas dif\u00edceis ou desesperadas<\/strong>, mas antes de tudo foi <strong>um apaixonado defensor da f\u00e9 apost\u00f3lica<\/strong>.<\/p>\n\n\n\n<hr class=\"wp-block-separator has-alpha-channel-opacity\"\/>\n\n\n\n<h1 class=\"wp-block-heading\">2. Um pequeno livro com uma mensagem urgente<\/h1>\n\n\n\n<p>A <strong>Carta de S\u00e3o Judas<\/strong> \u00e9 um dos textos mais curtos do Novo Testamento: apenas <strong>25 vers\u00edculos<\/strong>.<\/p>\n\n\n\n<p>No entanto, o seu objetivo \u00e9 muito claro: <strong>avisar os crist\u00e3os sobre falsos mestres que estavam a infiltrar-se na comunidade<\/strong>.<\/p>\n\n\n\n<p>O pr\u00f3prio S\u00e3o Judas explica por que escreve:<\/p>\n\n\n\n<blockquote class=\"wp-block-quote is-layout-flow wp-block-quote-is-layout-flow\">\n<p>\u00abAmados, enquanto eu me empenhava em escrever-vos acerca da nossa comum salva\u00e7\u00e3o, senti a necessidade de vos escrever para vos exortar a lutar pela f\u00e9 que foi transmitida aos santos uma vez por todas.\u00bb (Judas 1,3)<\/p>\n<\/blockquote>\n\n\n\n<p>Esta frase cont\u00e9m uma ideia teol\u00f3gica fundamental:<\/p>\n\n\n\n<p><strong>A f\u00e9 crist\u00e3 n\u00e3o muda nem se reinventa. Foi transmitida \u201cuma vez por todas\u201d.<\/strong><\/p>\n\n\n\n<p>Em outras palavras:<\/p>\n\n\n\n<ul class=\"wp-block-list\">\n<li>Cristo confiou a verdade aos ap\u00f3stolos;<\/li>\n\n\n\n<li>os ap\u00f3stolos transmitiram-na \u00e0 Igreja;<\/li>\n\n\n\n<li>a Igreja conserva-a fielmente.<\/li>\n<\/ul>\n\n\n\n<p>Na teologia cat\u00f3lica, isto est\u00e1 relacionado com o conceito de <strong>dep\u00f3sito da f\u00e9<\/strong>.<\/p>\n\n\n\n<hr class=\"wp-block-separator has-alpha-channel-opacity\"\/>\n\n\n\n<h1 class=\"wp-block-heading\">3. O grande problema denunciado na carta<\/h1>\n\n\n\n<p>S\u00e3o Judas descreve uma situa\u00e7\u00e3o grave: <strong>pessoas dentro da comunidade crist\u00e3 estavam a deformar o Evangelho<\/strong>.<\/p>\n\n\n\n<p>N\u00e3o eram inimigos externos.<br>Eram <strong>falsos crist\u00e3os dentro da pr\u00f3pria Igreja<\/strong>.<\/p>\n\n\n\n<p>O ap\u00f3stolo escreve:<\/p>\n\n\n\n<blockquote class=\"wp-block-quote is-layout-flow wp-block-quote-is-layout-flow\">\n<p>\u00abIntroduziram-se entre v\u00f3s certos homens que transformam a gra\u00e7a do nosso Deus em libertinagem.\u00bb (Judas 1,4)<\/p>\n<\/blockquote>\n\n\n\n<p>Aqui aparece uma das grandes tenta\u00e7\u00f5es espirituais de todos os tempos: <strong>usar a miseric\u00f3rdia de Deus como desculpa para o pecado<\/strong>.<\/p>\n\n\n\n<p>Em outras palavras:<\/p>\n\n\n\n<ul class=\"wp-block-list\">\n<li>Deus perdoa \u2192 ent\u00e3o n\u00e3o importa como vivemos.<\/li>\n\n\n\n<li>Deus \u00e9 amor \u2192 ent\u00e3o o pecado j\u00e1 n\u00e3o existe.<\/li>\n\n\n\n<li>Cristo salvou todos \u2192 ent\u00e3o a convers\u00e3o n\u00e3o \u00e9 necess\u00e1ria.<\/li>\n<\/ul>\n\n\n\n<p>S\u00e3o Judas responde com firmeza: <strong>isso \u00e9 uma deforma\u00e7\u00e3o do Evangelho<\/strong>.<\/p>\n\n\n\n<p>A gra\u00e7a n\u00e3o elimina a moral.<br>A gra\u00e7a <strong>transforma a vida<\/strong>.<\/p>\n\n\n\n<hr class=\"wp-block-separator has-alpha-channel-opacity\"\/>\n\n\n\n<h1 class=\"wp-block-heading\">4. Um aviso baseado na hist\u00f3ria da salva\u00e7\u00e3o<\/h1>\n\n\n\n<p>Para explicar o perigo da infidelidade, S\u00e3o Judas recorda v\u00e1rios epis\u00f3dios b\u00edblicos bem conhecidos pelos primeiros crist\u00e3os:<\/p>\n\n\n\n<h3 class=\"wp-block-heading\">1. O povo que saiu do Egito mas depois foi castigado<\/h3>\n\n\n\n<p>Deus libertou Israel da escravid\u00e3o, mas muitos pereceram por causa da sua incredulidade.<\/p>\n\n\n\n<h3 class=\"wp-block-heading\">2. Os anjos ca\u00eddos<\/h3>\n\n\n\n<p>At\u00e9 os anjos, criados para a gl\u00f3ria, podem cair por causa da sua rebeli\u00e3o.<\/p>\n\n\n\n<h3 class=\"wp-block-heading\">3. Sodoma e Gomorra<\/h3>\n\n\n\n<p>Um exemplo de corrup\u00e7\u00e3o moral e das suas consequ\u00eancias.<\/p>\n\n\n\n<p>Com estes exemplos, a mensagem torna-se clara:<\/p>\n\n\n\n<p><strong>a salva\u00e7\u00e3o \u00e9 um dom, mas exige fidelidade.<\/strong><\/p>\n\n\n\n<hr class=\"wp-block-separator has-alpha-channel-opacity\"\/>\n\n\n\n<h1 class=\"wp-block-heading\">5. Os falsos mestres segundo S\u00e3o Judas<\/h1>\n\n\n\n<p>S\u00e3o Judas descreve os falsos mestres com imagens muito fortes.<\/p>\n\n\n\n<p>Ele diz que s\u00e3o:<\/p>\n\n\n\n<ul class=\"wp-block-list\">\n<li><strong>\u00abnuvens sem \u00e1gua\u00bb<\/strong><\/li>\n\n\n\n<li><strong>\u00ab\u00e1rvores sem fruto\u00bb<\/strong><\/li>\n\n\n\n<li><strong>\u00abestrelas errantes\u00bb<\/strong><\/li>\n<\/ul>\n\n\n\n<p>Estas met\u00e1foras revelam algo profundo.<\/p>\n\n\n\n<p>Parecem promissores\u2026 mas n\u00e3o d\u00e3o vida.<\/p>\n\n\n\n<p>Em termos atuais poder\u00edamos pensar em:<\/p>\n\n\n\n<ul class=\"wp-block-list\">\n<li>ideologias espirituais que diluem o Evangelho;<\/li>\n\n\n\n<li>l\u00edderes religiosos que esvaziam a mensagem crist\u00e3;<\/li>\n\n\n\n<li>correntes culturais que redefinem o bem e o mal.<\/li>\n<\/ul>\n\n\n\n<p>S\u00e3o Judas n\u00e3o tem medo de falar com clareza porque <strong>a f\u00e9 \u00e9 um tesouro que deve ser protegido<\/strong>.<\/p>\n\n\n\n<hr class=\"wp-block-separator has-alpha-channel-opacity\"\/>\n\n\n\n<h1 class=\"wp-block-heading\">6. Uma frase-chave para compreender o cristianismo<\/h1>\n\n\n\n<p>Um dos vers\u00edculos mais importantes de toda a carta diz:<\/p>\n\n\n\n<blockquote class=\"wp-block-quote is-layout-flow wp-block-quote-is-layout-flow\">\n<p>\u00abConservai-vos no amor de Deus.\u00bb (Judas 1,21)<\/p>\n<\/blockquote>\n\n\n\n<p>Isto resume toda a vida crist\u00e3.<\/p>\n\n\n\n<p>N\u00e3o basta ter acreditado uma vez.<br>A f\u00e9 deve <strong>permanecer viva<\/strong>.<\/p>\n\n\n\n<p>E S\u00e3o Judas apresenta tr\u00eas caminhos concretos:<\/p>\n\n\n\n<ol class=\"wp-block-list\">\n<li><strong>edificar-se na f\u00e9<\/strong><\/li>\n\n\n\n<li><strong>rezar no Esp\u00edrito Santo<\/strong><\/li>\n\n\n\n<li><strong>esperar a miseric\u00f3rdia de Cristo<\/strong><\/li>\n<\/ol>\n\n\n\n<p>\u00c9 um verdadeiro programa espiritual.<\/p>\n\n\n\n<hr class=\"wp-block-separator has-alpha-channel-opacity\"\/>\n\n\n\n<h1 class=\"wp-block-heading\">7. A dimens\u00e3o pastoral da carta<\/h1>\n\n\n\n<p>A Carta de S\u00e3o Judas n\u00e3o \u00e9 apenas um aviso. \u00c9 tamb\u00e9m um guia pastoral para lidar com aqueles que ca\u00edram no erro.<\/p>\n\n\n\n<p>Ela diz:<\/p>\n\n\n\n<blockquote class=\"wp-block-quote is-layout-flow wp-block-quote-is-layout-flow\">\n<p>\u00abDe alguns tende miseric\u00f3rdia, daqueles que est\u00e3o na d\u00favida; a outros salvai-os, arrebatando-os do fogo; de outros ainda tende compaix\u00e3o com temor.\u00bb (Judas 1,22-23)<\/p>\n<\/blockquote>\n\n\n\n<p>Aqui aparece um princ\u00edpio pastoral muito importante:<\/p>\n\n\n\n<p><strong>nem todos os que est\u00e3o na confus\u00e3o t\u00eam a mesma responsabilidade.<\/strong><\/p>\n\n\n\n<p>Alguns:<\/p>\n\n\n\n<ul class=\"wp-block-list\">\n<li>precisam de ensino;<\/li>\n\n\n\n<li>outros de corre\u00e7\u00e3o;<\/li>\n\n\n\n<li>outros ainda de miseric\u00f3rdia.<\/li>\n<\/ul>\n\n\n\n<p>A Igreja sempre aplicou este princ\u00edpio na sua miss\u00e3o.<\/p>\n\n\n\n<hr class=\"wp-block-separator has-alpha-channel-opacity\"\/>\n\n\n\n<h1 class=\"wp-block-heading\">8. Uma mensagem surpreendentemente atual<\/h1>\n\n\n\n<p>Muitos te\u00f3logos consideram esta carta <strong>prof\u00e9tica para a Igreja contempor\u00e2nea<\/strong>.<\/p>\n\n\n\n<p>Vivemos numa \u00e9poca marcada por:<\/p>\n\n\n\n<ul class=\"wp-block-list\">\n<li>relativismo moral;<\/li>\n\n\n\n<li>confus\u00e3o doutrinal;<\/li>\n\n\n\n<li>espiritualidades sem compromisso;<\/li>\n\n\n\n<li>reinterpreta\u00e7\u00f5es do Evangelho.<\/li>\n<\/ul>\n\n\n\n<p>S\u00e3o Judas recorda-nos uma verdade essencial:<\/p>\n\n\n\n<p><strong>a f\u00e9 n\u00e3o se adapta ao mundo; \u00e9 o mundo que deve converter-se ao Evangelho.<\/strong><\/p>\n\n\n\n<p>Isso n\u00e3o significa dureza ou fanatismo.<\/p>\n\n\n\n<p>Significa <strong>fidelidade a Cristo<\/strong>.<\/p>\n\n\n\n<hr class=\"wp-block-separator has-alpha-channel-opacity\"\/>\n\n\n\n<h1 class=\"wp-block-heading\">9. Como aplicar hoje o ensinamento de S\u00e3o Judas?<\/h1>\n\n\n\n<p>A Carta de S\u00e3o Judas oferece v\u00e1rios ensinamentos pr\u00e1ticos para os crist\u00e3os de hoje.<\/p>\n\n\n\n<h3 class=\"wp-block-heading\">1. Conhecer a f\u00e9<\/h3>\n\n\n\n<p>N\u00e3o se pode defender aquilo que n\u00e3o se conhece.<\/p>\n\n\n\n<p>Por isso \u00e9 importante:<\/p>\n\n\n\n<ul class=\"wp-block-list\">\n<li>ler a B\u00edblia;<\/li>\n\n\n\n<li>conhecer o Catecismo;<\/li>\n\n\n\n<li>formar-se na f\u00e9.<\/li>\n<\/ul>\n\n\n\n<h3 class=\"wp-block-heading\">2. N\u00e3o se deixar levar por qualquer doutrina<\/h3>\n\n\n\n<p>S\u00e3o Judas convida ao discernimento.<\/p>\n\n\n\n<p>Nem tudo o que parece espiritual vem de Deus.<\/p>\n\n\n\n<h3 class=\"wp-block-heading\">3. Viver uma f\u00e9 coerente<\/h3>\n\n\n\n<p>A gra\u00e7a n\u00e3o \u00e9 uma licen\u00e7a para pecar.<\/p>\n\n\n\n<p>A verdadeira f\u00e9 transforma a vida.<\/p>\n\n\n\n<h3 class=\"wp-block-heading\">4. Ajudar aqueles que duvidam<\/h3>\n\n\n\n<p>O crist\u00e3o n\u00e3o vive isolado.<\/p>\n\n\n\n<p>Tem a miss\u00e3o de acompanhar os outros.<\/p>\n\n\n\n<hr class=\"wp-block-separator has-alpha-channel-opacity\"\/>\n\n\n\n<h1 class=\"wp-block-heading\">10. A doxologia final: uma das mais belas ora\u00e7\u00f5es do Novo Testamento<\/h1>\n\n\n\n<p>A carta termina com uma ora\u00e7\u00e3o de louvor de grande beleza:<\/p>\n\n\n\n<blockquote class=\"wp-block-quote is-layout-flow wp-block-quote-is-layout-flow\">\n<p>\u00ab\u00c0quele que \u00e9 poderoso para vos guardar de trope\u00e7ar e para vos apresentar irrepreens\u00edveis diante da sua gl\u00f3ria com grande alegria, ao \u00fanico Deus nosso Salvador, por meio de Jesus Cristo nosso Senhor, gl\u00f3ria, majestade, poder e autoridade antes de todos os s\u00e9culos, agora e para sempre. Am\u00e9m.\u00bb (Judas 1,24-25)<\/p>\n<\/blockquote>\n\n\n\n<p>\u00c9 uma conclus\u00e3o cheia de esperan\u00e7a.<\/p>\n\n\n\n<p>Depois de advertir sobre os perigos espirituais, S\u00e3o Judas recorda a verdade fundamental:<\/p>\n\n\n\n<p><strong>\u00e9 Deus quem sustenta os crentes.<\/strong><\/p>\n\n\n\n<p>A salva\u00e7\u00e3o n\u00e3o depende apenas da nossa for\u00e7a.<\/p>\n\n\n\n<p>Depende sobretudo <strong>da gra\u00e7a de Deus<\/strong>.<\/p>\n\n\n\n<hr class=\"wp-block-separator has-alpha-channel-opacity\"\/>\n\n\n\n<h1 class=\"wp-block-heading\">11. Um pequeno livro que merece ser redescoberto<\/h1>\n\n\n\n<p>A Carta de S\u00e3o Judas \u00e9 um dos textos mais ignorados do Novo Testamento, mas tamb\u00e9m um dos mais necess\u00e1rios.<\/p>\n\n\n\n<p>Ela recorda-nos que:<\/p>\n\n\n\n<ul class=\"wp-block-list\">\n<li>a f\u00e9 \u00e9 um tesouro;<\/li>\n\n\n\n<li>a verdade importa;<\/li>\n\n\n\n<li>a gra\u00e7a exige convers\u00e3o;<\/li>\n\n\n\n<li>a Igreja precisa de crist\u00e3os firmes.<\/li>\n<\/ul>\n\n\n\n<p>Em tempos de confus\u00e3o, a voz deste ap\u00f3stolo volta a ressoar com for\u00e7a.<\/p>\n\n\n\n<p>A sua mensagem pode resumir-se assim:<\/p>\n\n\n\n<p><strong>permanece na f\u00e9, vive na gra\u00e7a e n\u00e3o tenhas medo de defender o Evangelho.<\/strong><\/p>\n\n\n\n<hr class=\"wp-block-separator has-alpha-channel-opacity\"\/>\n\n\n\n<p>\u2714\ufe0f Porque \u00e0s vezes <strong>os livros mais pequenos da B\u00edblia cont\u00eam os maiores avisos para a nossa vida espiritual.<\/strong><\/p>\n","protected":false},"excerpt":{"rendered":"<p>No cora\u00e7\u00e3o do Novo Testamento existe um escrito breve, quase escondido entre outras cartas mais longas, que, no entanto, cont\u00e9m um aviso espiritual de enorme atualidade. Trata-se da Carta de S\u00e3o Judas, um texto t\u00e3o curto que em muitas B\u00edblias ocupa apenas uma p\u00e1gina, mas t\u00e3o poderoso que parece ter sido escrito para a nossa &hellip;<\/p>\n","protected":false},"author":3,"featured_media":5249,"comment_status":"closed","ping_status":"closed","sticky":false,"template":"","format":"standard","meta":{"_seopress_robots_primary_cat":"","_seopress_titles_title":"","_seopress_titles_desc":"","_seopress_robots_index":"","footnotes":""},"categories":[37,45],"tags":[1816],"class_list":["post-5248","post","type-post","status-publish","format-standard","has-post-thumbnail","","category-doutrina-e-fe","category-sagradas-escrituras","tag-sao-judas"],"_links":{"self":[{"href":"https:\/\/catholicus.eu\/pt\/wp-json\/wp\/v2\/posts\/5248","targetHints":{"allow":["GET"]}}],"collection":[{"href":"https:\/\/catholicus.eu\/pt\/wp-json\/wp\/v2\/posts"}],"about":[{"href":"https:\/\/catholicus.eu\/pt\/wp-json\/wp\/v2\/types\/post"}],"author":[{"embeddable":true,"href":"https:\/\/catholicus.eu\/pt\/wp-json\/wp\/v2\/users\/3"}],"replies":[{"embeddable":true,"href":"https:\/\/catholicus.eu\/pt\/wp-json\/wp\/v2\/comments?post=5248"}],"version-history":[{"count":1,"href":"https:\/\/catholicus.eu\/pt\/wp-json\/wp\/v2\/posts\/5248\/revisions"}],"predecessor-version":[{"id":5250,"href":"https:\/\/catholicus.eu\/pt\/wp-json\/wp\/v2\/posts\/5248\/revisions\/5250"}],"wp:featuredmedia":[{"embeddable":true,"href":"https:\/\/catholicus.eu\/pt\/wp-json\/wp\/v2\/media\/5249"}],"wp:attachment":[{"href":"https:\/\/catholicus.eu\/pt\/wp-json\/wp\/v2\/media?parent=5248"}],"wp:term":[{"taxonomy":"category","embeddable":true,"href":"https:\/\/catholicus.eu\/pt\/wp-json\/wp\/v2\/categories?post=5248"},{"taxonomy":"post_tag","embeddable":true,"href":"https:\/\/catholicus.eu\/pt\/wp-json\/wp\/v2\/tags?post=5248"}],"curies":[{"name":"wp","href":"https:\/\/api.w.org\/{rel}","templated":true}]}}