{"id":5245,"date":"2026-03-11T17:10:19","date_gmt":"2026-03-11T16:10:19","guid":{"rendered":"https:\/\/catholicus.eu\/pt\/?p=5245"},"modified":"2026-03-11T17:10:20","modified_gmt":"2026-03-11T16:10:20","slug":"ester-a-rainha-que-salvou-o-seu-povo-quando-deus-parecia-estar-em-silencio","status":"publish","type":"post","link":"https:\/\/catholicus.eu\/pt\/ester-a-rainha-que-salvou-o-seu-povo-quando-deus-parecia-estar-em-silencio\/","title":{"rendered":"Ester: a rainha que salvou o seu povo quando Deus parecia estar em sil\u00eancio"},"content":{"rendered":"\n<p>Existem livros na B\u00edblia que mencionam constantemente o nome de Deus. Outros narram milagres espetaculares, grandes profecias ou poderosos discursos espirituais.<\/p>\n\n\n\n<p>Mas existe um livro b\u00edblico profundamente surpreendente.<\/p>\n\n\n\n<p>Um livro no qual <strong>Deus n\u00e3o \u00e9 mencionado sequer uma vez<\/strong>.<\/p>\n\n\n\n<p>E, no entanto\u2026 <strong>Deus est\u00e1 presente em cada p\u00e1gina<\/strong>.<\/p>\n\n\n\n<p>Esse livro \u00e9 o <strong>Livro de Ester<\/strong>, uma hist\u00f3ria fascinante de f\u00e9, coragem, provid\u00eancia divina e defesa do povo de Deus no meio de um mundo hostil.<\/p>\n\n\n\n<p>Longe de ser apenas um relato antigo, <strong>Ester \u00e9 um guia espiritual extraordinariamente atual<\/strong>, especialmente para os crist\u00e3os que vivem a sua f\u00e9 em sociedades que muitas vezes parecem ter esquecido Deus.<\/p>\n\n\n\n<p>Neste artigo vamos explorar profundamente:<\/p>\n\n\n\n<ul class=\"wp-block-list\">\n<li>A hist\u00f3ria completa do livro<\/li>\n\n\n\n<li>O seu contexto hist\u00f3rico e espiritual<\/li>\n\n\n\n<li>A sua mensagem teol\u00f3gica<\/li>\n\n\n\n<li>A sua relev\u00e2ncia para a Igreja hoje<\/li>\n\n\n\n<li>E como aplicar os seus ensinamentos na vida di\u00e1ria<\/li>\n<\/ul>\n\n\n\n<p>Porque a hist\u00f3ria de Ester recorda-nos algo essencial:<\/p>\n\n\n\n<p><strong>Mesmo quando Deus parece estar em sil\u00eancio\u2026 Ele continua a agir.<\/strong><\/p>\n\n\n\n<hr class=\"wp-block-separator has-alpha-channel-opacity\"\/>\n\n\n\n<h1 class=\"wp-block-heading\">1. O contexto hist\u00f3rico: Israel no ex\u00edlio<\/h1>\n\n\n\n<p>A narrativa acontece durante o dom\u00ednio do <strong>Imp\u00e9rio Persa<\/strong>, quando muitos judeus viviam dispersos fora de Israel ap\u00f3s o ex\u00edlio babil\u00f3nico.<\/p>\n\n\n\n<p>O rei que aparece na hist\u00f3ria \u00e9 <strong>Assuero<\/strong>, geralmente identificado pelos historiadores como <strong>Xerxes I<\/strong>.<\/p>\n\n\n\n<p>O seu vasto imp\u00e9rio estendia-se da \u00cdndia at\u00e9 \u00e0 Eti\u00f3pia.<\/p>\n\n\n\n<p>Os judeus que viviam ali eram <strong>uma minoria religiosa e cultural<\/strong>, tolerada mas vulner\u00e1vel.<\/p>\n\n\n\n<p>Este detalhe \u00e9 muito importante para compreender a mensagem do livro:<\/p>\n\n\n\n<p><strong>Ester mostra como o povo de Deus pode sobreviver e permanecer fiel mesmo no meio de culturas que n\u00e3o partilham a sua f\u00e9.<\/strong><\/p>\n\n\n\n<p>Algo que continua muito atual ainda hoje.<\/p>\n\n\n\n<hr class=\"wp-block-separator has-alpha-channel-opacity\"\/>\n\n\n\n<h1 class=\"wp-block-heading\">2. Uma protagonista surpreendente: uma jovem judia na corte real<\/h1>\n\n\n\n<p>A protagonista \u00e9 <strong>Ester<\/strong>, uma jovem judia \u00f3rf\u00e3 criada pelo seu primo <strong>Mardoqueu<\/strong>.<\/p>\n\n\n\n<p>Quando o rei decide escolher uma nova rainha, Ester \u00e9 levada ao pal\u00e1cio e acaba por ser escolhida.<\/p>\n\n\n\n<p>Mas h\u00e1 um detalhe fundamental:<\/p>\n\n\n\n<p><strong>Ela esconde a sua origem judaica.<\/strong><\/p>\n\n\n\n<p>Isso n\u00e3o \u00e9 uma nega\u00e7\u00e3o da sua f\u00e9, mas uma estrat\u00e9gia prudente num ambiente potencialmente hostil.<\/p>\n\n\n\n<p>Aqui encontramos uma li\u00e7\u00e3o espiritual muito profunda:<\/p>\n\n\n\n<p>Os crentes nem sempre s\u00e3o chamados ao confronto direto.<br>\u00c0s vezes Deus age <strong>atrav\u00e9s da prud\u00eancia, da paci\u00eancia e do momento oportuno<\/strong>.<\/p>\n\n\n\n<hr class=\"wp-block-separator has-alpha-channel-opacity\"\/>\n\n\n\n<h1 class=\"wp-block-heading\">3. O inimigo do povo de Deus<\/h1>\n\n\n\n<p>O antagonista da hist\u00f3ria \u00e9 <strong>Ham\u00e3<\/strong>, um alto funcion\u00e1rio do imp\u00e9rio.<\/p>\n\n\n\n<p>Ham\u00e3 desenvolve um \u00f3dio profundo contra Mardoqueu porque este se recusa a inclinar-se diante dele.<\/p>\n\n\n\n<p>O seu ressentimento transforma-se em algo muito mais grave:<\/p>\n\n\n\n<p><strong>ele decide exterminar todos os judeus do imp\u00e9rio.<\/strong><\/p>\n\n\n\n<p>Ent\u00e3o \u00e9 decretado um genoc\u00eddio.<\/p>\n\n\n\n<p>A B\u00edblia relata:<\/p>\n\n\n\n<blockquote class=\"wp-block-quote is-layout-flow wp-block-quote-is-layout-flow\">\n<p>\u201cForam enviadas cartas por mensageiros a todas as prov\u00edncias do rei para destruir, matar e exterminar todos os judeus.\u201d<br>(Ester 3,13)<\/p>\n<\/blockquote>\n\n\n\n<p>Este epis\u00f3dio recorda algo que se repetiu muitas vezes ao longo da hist\u00f3ria:<\/p>\n\n\n\n<p><strong>o \u00f3dio contra o povo de Deus.<\/strong><\/p>\n\n\n\n<p>Desde o Antigo Testamento at\u00e9 aos nossos dias.<\/p>\n\n\n\n<hr class=\"wp-block-separator has-alpha-channel-opacity\"\/>\n\n\n\n<h1 class=\"wp-block-heading\">4. A frase que muda a hist\u00f3ria<\/h1>\n\n\n\n<p>Quando Mardoqueu descobre o decreto, envia uma mensagem a Ester.<\/p>\n\n\n\n<p>\u00c9 uma das frases mais profundas de toda a Escritura.<\/p>\n\n\n\n<blockquote class=\"wp-block-quote is-layout-flow wp-block-quote-is-layout-flow\">\n<p>\u201cQuem sabe se n\u00e3o foi para um momento como este que chegaste \u00e0 dignidade de rainha?\u201d<br>(Ester 4,14)<\/p>\n<\/blockquote>\n\n\n\n<p>Esta frase cont\u00e9m uma grande verdade espiritual:<\/p>\n\n\n\n<p><strong>Deus coloca cada pessoa numa miss\u00e3o concreta dentro da hist\u00f3ria.<\/strong><\/p>\n\n\n\n<p>Nada \u00e9 por acaso.<\/p>\n\n\n\n<p>Nem o trabalho que tens.<br>Nem a tua fam\u00edlia.<br>Nem o lugar onde vives.<\/p>\n\n\n\n<p>Tudo pode fazer parte <strong>do plano providencial de Deus<\/strong>.<\/p>\n\n\n\n<hr class=\"wp-block-separator has-alpha-channel-opacity\"\/>\n\n\n\n<h1 class=\"wp-block-heading\">5. O risco de Ester: a f\u00e9 que se transforma em coragem<\/h1>\n\n\n\n<p>Ester decide intervir diante do rei.<\/p>\n\n\n\n<p>Mas faz\u00ea-lo era extremamente perigoso.<\/p>\n\n\n\n<p>Na corte persa existia uma regra clara:<\/p>\n\n\n\n<p><strong>qualquer pessoa que se apresentasse diante do rei sem ser chamada podia ser executada.<\/strong><\/p>\n\n\n\n<p>Mesmo assim, Ester decide agir.<\/p>\n\n\n\n<p>As suas palavras s\u00e3o memor\u00e1veis:<\/p>\n\n\n\n<blockquote class=\"wp-block-quote is-layout-flow wp-block-quote-is-layout-flow\">\n<p>\u201cIrei ao rei\u2026 e se perecer, perecerei.\u201d<br>(Ester 4,16)<\/p>\n<\/blockquote>\n\n\n\n<p>Este momento marca uma transforma\u00e7\u00e3o espiritual.<\/p>\n\n\n\n<p>Ester deixa de ser apenas uma jovem judia na corte.<\/p>\n\n\n\n<p><strong>Ela torna-se um instrumento de salva\u00e7\u00e3o para o seu povo.<\/strong><\/p>\n\n\n\n<hr class=\"wp-block-separator has-alpha-channel-opacity\"\/>\n\n\n\n<h1 class=\"wp-block-heading\">6. O jejum que muda o destino<\/h1>\n\n\n\n<p>Antes de agir, Ester pede algo muito importante:<\/p>\n\n\n\n<p><strong>jejum e ora\u00e7\u00e3o.<\/strong><\/p>\n\n\n\n<blockquote class=\"wp-block-quote is-layout-flow wp-block-quote-is-layout-flow\">\n<p>\u201cJejuai por mim\u2026 durante tr\u00eas dias.\u201d<br>(Ester 4,16)<\/p>\n<\/blockquote>\n\n\n\n<p>Aqui encontramos uma li\u00e7\u00e3o fundamental para a vida crist\u00e3.<\/p>\n\n\n\n<p>Grandes decis\u00f5es espirituais <strong>n\u00e3o s\u00e3o tomadas apenas com intelig\u00eancia humana<\/strong>.<\/p>\n\n\n\n<p>Elas s\u00e3o tomadas:<\/p>\n\n\n\n<ul class=\"wp-block-list\">\n<li>com ora\u00e7\u00e3o<\/li>\n\n\n\n<li>com penit\u00eancia<\/li>\n\n\n\n<li>com discernimento<\/li>\n<\/ul>\n\n\n\n<p>Na tradi\u00e7\u00e3o cat\u00f3lica isso continua a ser essencial.<\/p>\n\n\n\n<hr class=\"wp-block-separator has-alpha-channel-opacity\"\/>\n\n\n\n<h1 class=\"wp-block-heading\">7. A queda de Ham\u00e3: quando Deus inverte a hist\u00f3ria<\/h1>\n\n\n\n<p>A trama do livro est\u00e1 cheia de reviravoltas surpreendentes.<\/p>\n\n\n\n<p>O que parecia uma vit\u00f3ria certa para Ham\u00e3 acaba por voltar-se contra ele.<\/p>\n\n\n\n<p>No final:<\/p>\n\n\n\n<ul class=\"wp-block-list\">\n<li>Ham\u00e3 \u00e9 desmascarado<\/li>\n\n\n\n<li>o decreto \u00e9 revogado<\/li>\n\n\n\n<li>o povo judeu \u00e9 salvo<\/li>\n<\/ul>\n\n\n\n<p>E o pr\u00f3prio Ham\u00e3 acaba executado na mesma forca que tinha preparado para Mardoqueu.<\/p>\n\n\n\n<p>Este \u00e9 um exemplo cl\u00e1ssico do que a B\u00edblia ensina muitas vezes:<\/p>\n\n\n\n<p><strong>Deus pode transformar conspira\u00e7\u00f5es humanas em instrumentos da sua justi\u00e7a.<\/strong><\/p>\n\n\n\n<hr class=\"wp-block-separator has-alpha-channel-opacity\"\/>\n\n\n\n<h1 class=\"wp-block-heading\">8. O nascimento da festa de Purim<\/h1>\n\n\n\n<p>Ap\u00f3s a liberta\u00e7\u00e3o do povo judeu \u00e9 institu\u00edda uma celebra\u00e7\u00e3o anual:<\/p>\n\n\n\n<p>a festa de <strong>Purim<\/strong>.<\/p>\n\n\n\n<p>Esta festa recorda a salva\u00e7\u00e3o narrada no Livro de Ester.<\/p>\n\n\n\n<p>At\u00e9 hoje os judeus de todo o mundo celebram-na com alegria.<\/p>\n\n\n\n<p>\u00c9 um testemunho de como <strong>a mem\u00f3ria da a\u00e7\u00e3o de Deus se transforma numa celebra\u00e7\u00e3o comunit\u00e1ria<\/strong>.<\/p>\n\n\n\n<hr class=\"wp-block-separator has-alpha-channel-opacity\"\/>\n\n\n\n<h1 class=\"wp-block-heading\">9. O grande mist\u00e9rio teol\u00f3gico do livro: o Deus escondido<\/h1>\n\n\n\n<p>O aspeto mais fascinante do Livro de Ester \u00e9 este:<\/p>\n\n\n\n<p><strong>Deus nunca \u00e9 mencionado explicitamente.<\/strong><\/p>\n\n\n\n<p>E, no entanto:<\/p>\n\n\n\n<ul class=\"wp-block-list\">\n<li>os acontecimentos encaixam-se de forma providencial<\/li>\n\n\n\n<li>as coincid\u00eancias parecem guiadas<\/li>\n\n\n\n<li>a justi\u00e7a acaba por triunfar<\/li>\n<\/ul>\n\n\n\n<p>A teologia v\u00ea aqui um ensinamento muito profundo:<\/p>\n\n\n\n<p><strong>a provid\u00eancia divina tamb\u00e9m age no sil\u00eancio.<\/strong><\/p>\n\n\n\n<p>Na vida espiritual isso \u00e9 muito importante.<\/p>\n\n\n\n<p>Muitos crentes passam por momentos em que Deus parece ausente.<\/p>\n\n\n\n<p>Mas o Livro de Ester recorda:<\/p>\n\n\n\n<p><strong>o sil\u00eancio de Deus n\u00e3o significa a aus\u00eancia de Deus.<\/strong><\/p>\n\n\n\n<hr class=\"wp-block-separator has-alpha-channel-opacity\"\/>\n\n\n\n<h1 class=\"wp-block-heading\">10. Ester como figura espiritual para os crist\u00e3os<\/h1>\n\n\n\n<p>Muitos te\u00f3logos viram em Ester <strong>uma figura que antecipa aspetos da miss\u00e3o da Virgem Maria<\/strong>.<\/p>\n\n\n\n<p>Por exemplo:<\/p>\n\n\n\n<ul class=\"wp-block-list\">\n<li>Ester intercede diante do rei pelo seu povo<\/li>\n\n\n\n<li>Maria intercede diante de Deus pela humanidade<\/li>\n<\/ul>\n\n\n\n<p>Em ambos os casos vemos <strong>a for\u00e7a da intercess\u00e3o<\/strong>.<\/p>\n\n\n\n<p>Tamb\u00e9m podemos ver um paralelo com a miss\u00e3o da Igreja:<\/p>\n\n\n\n<p><strong>estar no mundo para salvar o mundo.<\/strong><\/p>\n\n\n\n<hr class=\"wp-block-separator has-alpha-channel-opacity\"\/>\n\n\n\n<h1 class=\"wp-block-heading\">11. Li\u00e7\u00f5es espirituais para hoje<\/h1>\n\n\n\n<p>O Livro de Ester tem aplica\u00e7\u00f5es muito concretas para a nossa vida.<\/p>\n\n\n\n<h3 class=\"wp-block-heading\">1\ufe0f\u20e3 Deus age mesmo quando parece estar em sil\u00eancio<\/h3>\n\n\n\n<p>Muitos crist\u00e3os atravessam crises de f\u00e9.<\/p>\n\n\n\n<p>O Livro de Ester ensina que <strong>a provid\u00eancia divina pode estar a agir de maneiras invis\u00edveis<\/strong>.<\/p>\n\n\n\n<hr class=\"wp-block-separator has-alpha-channel-opacity\"\/>\n\n\n\n<h3 class=\"wp-block-heading\">2\ufe0f\u20e3 Cada pessoa tem uma miss\u00e3o<\/h3>\n\n\n\n<p>A pergunta de Mardoqueu ainda ressoa hoje:<\/p>\n\n\n\n<blockquote class=\"wp-block-quote is-layout-flow wp-block-quote-is-layout-flow\">\n<p>\u201cQuem sabe se n\u00e3o foi para um momento como este que chegaste \u00e0 dignidade de rainha?\u201d<\/p>\n<\/blockquote>\n\n\n\n<p>Talvez Deus te tenha colocado na tua fam\u00edlia, no teu trabalho ou na tua comunidade <strong>para seres um instrumento do bem<\/strong>.<\/p>\n\n\n\n<hr class=\"wp-block-separator has-alpha-channel-opacity\"\/>\n\n\n\n<h3 class=\"wp-block-heading\">3\ufe0f\u20e3 A coragem crist\u00e3 \u00e9 necess\u00e1ria<\/h3>\n\n\n\n<p>Ester arrisca a sua vida pelo seu povo.<\/p>\n\n\n\n<p>Hoje tamb\u00e9m existem momentos em que a f\u00e9 exige coragem:<\/p>\n\n\n\n<ul class=\"wp-block-list\">\n<li>defender a vida<\/li>\n\n\n\n<li>proteger a verdade<\/li>\n\n\n\n<li>viver o Evangelho sem medo.<\/li>\n<\/ul>\n\n\n\n<hr class=\"wp-block-separator has-alpha-channel-opacity\"\/>\n\n\n\n<h3 class=\"wp-block-heading\">4\ufe0f\u20e3 A ora\u00e7\u00e3o precede a a\u00e7\u00e3o<\/h3>\n\n\n\n<p>Ester jejua antes de agir.<\/p>\n\n\n\n<p>Isto recorda-nos um princ\u00edpio espiritual:<\/p>\n\n\n\n<p><strong>sem vida interior n\u00e3o existe verdadeira miss\u00e3o crist\u00e3.<\/strong><\/p>\n\n\n\n<hr class=\"wp-block-separator has-alpha-channel-opacity\"\/>\n\n\n\n<h1 class=\"wp-block-heading\">12. Um livro surpreendentemente atual<\/h1>\n\n\n\n<p>Vivemos numa \u00e9poca em que muitos crentes sentem que a sua f\u00e9 \u00e9 minorit\u00e1ria ou incompreendida.<\/p>\n\n\n\n<p>O Livro de Ester fala exatamente sobre isso.<\/p>\n\n\n\n<p>Um povo crente:<\/p>\n\n\n\n<ul class=\"wp-block-list\">\n<li>vivendo numa cultura estrangeira<\/li>\n\n\n\n<li>enfrentando amea\u00e7as<\/li>\n\n\n\n<li>confiando na provid\u00eancia<\/li>\n<\/ul>\n\n\n\n<p>E, no entanto\u2026<\/p>\n\n\n\n<p><strong>Deus n\u00e3o abandona o seu povo.<\/strong><\/p>\n\n\n\n<p>Nunca o fez.<\/p>\n\n\n\n<p>E nunca o far\u00e1.<\/p>\n\n\n\n<hr class=\"wp-block-separator has-alpha-channel-opacity\"\/>\n\n\n\n<h1 class=\"wp-block-heading\">Conclus\u00e3o: quando o sil\u00eancio de Deus prepara a vit\u00f3ria<\/h1>\n\n\n\n<p>O Livro de Ester deixa-nos uma li\u00e7\u00e3o profundamente consoladora.<\/p>\n\n\n\n<p>\u00c0s vezes a hist\u00f3ria parece avan\u00e7ar sem Deus.<\/p>\n\n\n\n<p>As injusti\u00e7as parecem triunfar.<br>Os poderosos parecem ter a \u00faltima palavra.<\/p>\n\n\n\n<p>Mas a B\u00edblia ensina algo diferente:<\/p>\n\n\n\n<p><strong>Deus escreve a sua hist\u00f3ria mesmo nos bastidores.<\/strong><\/p>\n\n\n\n<p>E quando chega o momento certo\u2026<\/p>\n\n\n\n<p>a justi\u00e7a aparece.<\/p>\n\n\n\n<p>A salva\u00e7\u00e3o chega.<\/p>\n\n\n\n<p>E a fidelidade dos crentes torna-se um instrumento da provid\u00eancia divina.<\/p>\n\n\n\n<p>Talvez hoje, como Ester, <strong>estejas exatamente onde est\u00e1s \u201cpara um momento como este\u201d.<\/strong><\/p>\n\n\n\n<p>E talvez Deus queira agir\u2026 <strong>atrav\u00e9s de ti.<\/strong><\/p>\n","protected":false},"excerpt":{"rendered":"<p>Existem livros na B\u00edblia que mencionam constantemente o nome de Deus. Outros narram milagres espetaculares, grandes profecias ou poderosos discursos espirituais. Mas existe um livro b\u00edblico profundamente surpreendente. Um livro no qual Deus n\u00e3o \u00e9 mencionado sequer uma vez. E, no entanto\u2026 Deus est\u00e1 presente em cada p\u00e1gina. Esse livro \u00e9 o Livro de Ester, &hellip;<\/p>\n","protected":false},"author":3,"featured_media":5246,"comment_status":"closed","ping_status":"closed","sticky":false,"template":"","format":"standard","meta":{"_seopress_robots_primary_cat":"","_seopress_titles_title":"","_seopress_titles_desc":"","_seopress_robots_index":"","footnotes":""},"categories":[37,45],"tags":[1815],"class_list":["post-5245","post","type-post","status-publish","format-standard","has-post-thumbnail","","category-doutrina-e-fe","category-sagradas-escrituras","tag-ester"],"_links":{"self":[{"href":"https:\/\/catholicus.eu\/pt\/wp-json\/wp\/v2\/posts\/5245","targetHints":{"allow":["GET"]}}],"collection":[{"href":"https:\/\/catholicus.eu\/pt\/wp-json\/wp\/v2\/posts"}],"about":[{"href":"https:\/\/catholicus.eu\/pt\/wp-json\/wp\/v2\/types\/post"}],"author":[{"embeddable":true,"href":"https:\/\/catholicus.eu\/pt\/wp-json\/wp\/v2\/users\/3"}],"replies":[{"embeddable":true,"href":"https:\/\/catholicus.eu\/pt\/wp-json\/wp\/v2\/comments?post=5245"}],"version-history":[{"count":1,"href":"https:\/\/catholicus.eu\/pt\/wp-json\/wp\/v2\/posts\/5245\/revisions"}],"predecessor-version":[{"id":5247,"href":"https:\/\/catholicus.eu\/pt\/wp-json\/wp\/v2\/posts\/5245\/revisions\/5247"}],"wp:featuredmedia":[{"embeddable":true,"href":"https:\/\/catholicus.eu\/pt\/wp-json\/wp\/v2\/media\/5246"}],"wp:attachment":[{"href":"https:\/\/catholicus.eu\/pt\/wp-json\/wp\/v2\/media?parent=5245"}],"wp:term":[{"taxonomy":"category","embeddable":true,"href":"https:\/\/catholicus.eu\/pt\/wp-json\/wp\/v2\/categories?post=5245"},{"taxonomy":"post_tag","embeddable":true,"href":"https:\/\/catholicus.eu\/pt\/wp-json\/wp\/v2\/tags?post=5245"}],"curies":[{"name":"wp","href":"https:\/\/api.w.org\/{rel}","templated":true}]}}