{"id":5242,"date":"2026-03-10T23:16:39","date_gmt":"2026-03-10T22:16:39","guid":{"rendered":"https:\/\/catholicus.eu\/pt\/?p=5242"},"modified":"2026-03-10T23:16:39","modified_gmt":"2026-03-10T22:16:39","slug":"as-setenta-semanas-de-daniel-a-profecia-que-anunciou-a-vinda-do-messias","status":"publish","type":"post","link":"https:\/\/catholicus.eu\/pt\/as-setenta-semanas-de-daniel-a-profecia-que-anunciou-a-vinda-do-messias\/","title":{"rendered":"As Setenta Semanas de Daniel: A Profecia que Anunciou a Vinda do Messias"},"content":{"rendered":"\n<p>Entre todas as profecias do Antigo Testamento, poucas despertaram tanto interesse teol\u00f3gico, espiritual e hist\u00f3rico quanto a famosa <strong>profecia das setenta semanas de Daniel<\/strong>, narrada no cap\u00edtulo 9 do <strong>Livro de Daniel<\/strong>. Este trecho tem sido considerado por muitos Padres da Igreja, te\u00f3logos e estudiosos da B\u00edblia como <strong>uma das revela\u00e7\u00f5es messi\u00e2nicas mais precisas de toda a Escritura Sagrada<\/strong>.<\/p>\n\n\n\n<p>Longe de ser um texto obscuro reservado apenas a especialistas, esta profecia cont\u00e9m uma mensagem profundamente espiritual: <strong>Deus governa a hist\u00f3ria e conduz os acontecimentos para a reden\u00e7\u00e3o realizada no Messias<\/strong>.<\/p>\n\n\n\n<p>Compreender este trecho n\u00e3o apenas ilumina o mist\u00e9rio de Cristo, mas tamb\u00e9m fortalece nossa f\u00e9, mostrando como <strong>a hist\u00f3ria da salva\u00e7\u00e3o se desenrola segundo o plano providencial de Deus<\/strong>.<\/p>\n\n\n\n<hr class=\"wp-block-separator has-alpha-channel-opacity\"\/>\n\n\n\n<h1 class=\"wp-block-heading\">1. O contexto espiritual da profecia<\/h1>\n\n\n\n<p>A profecia das setenta semanas surge em um momento de intensa ora\u00e7\u00e3o e penit\u00eancia por parte de Daniel.<\/p>\n\n\n\n<p>O profeta meditava sobre as palavras do profeta Jeremias, que havia anunciado que <strong>o ex\u00edlio na Babil\u00f4nia duraria setenta anos<\/strong>. Daniel compreende que esse per\u00edodo est\u00e1 chegando ao fim e, movido pelo amor ao seu povo, eleva uma profunda ora\u00e7\u00e3o de arrependimento pelos pecados de Israel.<\/p>\n\n\n\n<p>Daniel ora com humildade:<\/p>\n\n\n\n<blockquote class=\"wp-block-quote is-layout-flow wp-block-quote-is-layout-flow\">\n<p>\u201cSenhor, grande e terr\u00edvel Deus, que guardas a alian\u00e7a e a miseric\u00f3rdia com os que te amam\u2026 pecamos e cometemos iniquidade.\u201d<br><em>(Daniel 9,4-5)<\/em><\/p>\n<\/blockquote>\n\n\n\n<p>Em resposta a esta ora\u00e7\u00e3o, Deus envia <strong>o arcanjo Gabriel<\/strong>, que revela a Daniel um plano muito maior do que o simples fim do ex\u00edlio.<\/p>\n\n\n\n<p>Deus lhe mostra <strong>um calend\u00e1rio prof\u00e9tico que conduz at\u00e9 a vinda do Messias<\/strong>.<\/p>\n\n\n\n<hr class=\"wp-block-separator has-alpha-channel-opacity\"\/>\n\n\n\n<h1 class=\"wp-block-heading\">2. O que significam as \u201csetenta semanas\u201d?<\/h1>\n\n\n\n<p>O texto b\u00edblico declara:<\/p>\n\n\n\n<blockquote class=\"wp-block-quote is-layout-flow wp-block-quote-is-layout-flow\">\n<p>\u201cSetenta semanas est\u00e3o decretadas sobre o teu povo e sobre a tua cidade santa.\u201d<br><em>(Daniel 9,24)<\/em><\/p>\n<\/blockquote>\n\n\n\n<p>A palavra hebraica usada para \u201csemana\u201d \u00e9 <strong>\u201cshabuim\u201d<\/strong>, que literalmente significa <strong>\u201csete\u201d<\/strong>. N\u00e3o se refere necessariamente a semanas de dias, mas a <strong>per\u00edodos compostos por sete unidades<\/strong>.<\/p>\n\n\n\n<p>A interpreta\u00e7\u00e3o mais comum na tradi\u00e7\u00e3o b\u00edblica \u00e9 que se trata de <strong>semanas de anos<\/strong>.<\/p>\n\n\n\n<p>Ou seja:<\/p>\n\n\n\n<ul class=\"wp-block-list\">\n<li><strong>1 semana = 7 anos<\/strong><\/li>\n\n\n\n<li><strong>70 semanas = 490 anos<\/strong><\/li>\n<\/ul>\n\n\n\n<p>Portanto, a profecia descreve <strong>um per\u00edodo simb\u00f3lico e teol\u00f3gico de 490 anos dentro do plano de salva\u00e7\u00e3o de Deus<\/strong>.<\/p>\n\n\n\n<hr class=\"wp-block-separator has-alpha-channel-opacity\"\/>\n\n\n\n<h1 class=\"wp-block-heading\">3. O prop\u00f3sito das setenta semanas<\/h1>\n\n\n\n<p>O arcanjo Gabriel explica que essas setenta semanas t\u00eam seis objetivos espirituais fundamentais:<\/p>\n\n\n\n<blockquote class=\"wp-block-quote is-layout-flow wp-block-quote-is-layout-flow\">\n<p>\u201cPara terminar a transgress\u00e3o, colocar fim ao pecado, expiar a iniquidade, trazer justi\u00e7a eterna, selar a vis\u00e3o e a profecia, e ungir o Santo dos Santos.\u201d<br><em>(Daniel 9,24)<\/em><\/p>\n<\/blockquote>\n\n\n\n<p>Este vers\u00edculo resume todo o plano da reden\u00e7\u00e3o.<\/p>\n\n\n\n<p>Os seis objetivos s\u00e3o:<\/p>\n\n\n\n<ol class=\"wp-block-list\">\n<li><strong>Acabar com a transgress\u00e3o<\/strong><\/li>\n\n\n\n<li><strong>Colocar fim ao pecado<\/strong><\/li>\n\n\n\n<li><strong>Expiar a iniquidade<\/strong><\/li>\n\n\n\n<li><strong>Trazer justi\u00e7a eterna<\/strong><\/li>\n\n\n\n<li><strong>Confirmar a profecia<\/strong><\/li>\n\n\n\n<li><strong>Ungir o Santo dos Santos<\/strong><\/li>\n<\/ol>\n\n\n\n<p>Do ponto de vista crist\u00e3o, esses objetivos encontram seu pleno cumprimento em <strong>Jesus Cristo<\/strong>:<\/p>\n\n\n\n<ul class=\"wp-block-list\">\n<li>seu sacrif\u00edcio redime o pecado<\/li>\n\n\n\n<li>inaugura a justi\u00e7a eterna<\/li>\n\n\n\n<li>cumpre as profecias do Antigo Testamento.<\/li>\n<\/ul>\n\n\n\n<hr class=\"wp-block-separator has-alpha-channel-opacity\"\/>\n\n\n\n<h1 class=\"wp-block-heading\">4. A divis\u00e3o das setenta semanas<\/h1>\n\n\n\n<p>A profecia n\u00e3o apresenta um \u00fanico bloco de tempo. Daniel descreve <strong>tr\u00eas etapas distintas<\/strong>.<\/p>\n\n\n\n<p>O texto afirma:<\/p>\n\n\n\n<blockquote class=\"wp-block-quote is-layout-flow wp-block-quote-is-layout-flow\">\n<p>\u201cDesde a sa\u00edda da ordem para restaurar e reconstruir Jerusal\u00e9m at\u00e9 um ungido, um pr\u00edncipe, haver\u00e1 sete semanas e sessenta e duas semanas.\u201d<br><em>(Daniel 9,25)<\/em><\/p>\n<\/blockquote>\n\n\n\n<p>As semanas dividem-se em:<\/p>\n\n\n\n<ul class=\"wp-block-list\">\n<li><strong>7 semanas (49 anos)<\/strong><\/li>\n\n\n\n<li><strong>62 semanas (434 anos)<\/strong><\/li>\n\n\n\n<li><strong>1 semana final (7 anos)<\/strong><\/li>\n<\/ul>\n\n\n\n<p>Total: <strong>70 semanas = 490 anos<\/strong>.<\/p>\n\n\n\n<hr class=\"wp-block-separator has-alpha-channel-opacity\"\/>\n\n\n\n<h1 class=\"wp-block-heading\">5. As primeiras sete semanas: a reconstru\u00e7\u00e3o de Jerusal\u00e9m<\/h1>\n\n\n\n<p>As primeiras <strong>7 semanas (49 anos)<\/strong> correspondem ao per\u00edodo em que Jerusal\u00e9m foi reconstru\u00edda ap\u00f3s o ex\u00edlio babil\u00f4nico.<\/p>\n\n\n\n<p>Isso est\u00e1 relacionado aos decretos dos reis persas, especialmente o decreto de <strong>Artaxerxes<\/strong>, que permitiu a restaura\u00e7\u00e3o da cidade sob a lideran\u00e7a de figuras como:<\/p>\n\n\n\n<ul class=\"wp-block-list\">\n<li>Esdras<\/li>\n\n\n\n<li>Neemias<\/li>\n<\/ul>\n\n\n\n<p>Foi um tempo dif\u00edcil, marcado por oposi\u00e7\u00e3o e dificuldades, como o texto indica:<\/p>\n\n\n\n<blockquote class=\"wp-block-quote is-layout-flow wp-block-quote-is-layout-flow\">\n<p>\u201cSer\u00e1 reconstru\u00edda com pra\u00e7as e fossos, mas em tempos de dificuldade.\u201d<br><em>(Daniel 9,25)<\/em><\/p>\n<\/blockquote>\n\n\n\n<hr class=\"wp-block-separator has-alpha-channel-opacity\"\/>\n\n\n\n<h1 class=\"wp-block-heading\">6. As sessenta e duas semanas: a espera do Messias<\/h1>\n\n\n\n<p>Ap\u00f3s as primeiras sete semanas, seguem-se <strong>62 semanas adicionais (434 anos)<\/strong>.<\/p>\n\n\n\n<p>Durante este longo per\u00edodo, Israel passa por uma hist\u00f3ria complexa:<\/p>\n\n\n\n<ul class=\"wp-block-list\">\n<li>domina\u00e7\u00e3o persa<\/li>\n\n\n\n<li>imp\u00e9rio grego<\/li>\n\n\n\n<li>imp\u00e9rio romano<\/li>\n<\/ul>\n\n\n\n<p>\u00c9 um tempo de espera espiritual.<\/p>\n\n\n\n<p>O texto indica que ao final deste per\u00edodo aparecer\u00e1 <strong>\u201cum ungido\u201d (Messias)<\/strong>.<\/p>\n\n\n\n<p>A palavra hebraica <strong>\u201cMashiach\u201d<\/strong> significa precisamente <strong>\u201co ungido\u201d<\/strong>.<\/p>\n\n\n\n<p>Na interpreta\u00e7\u00e3o crist\u00e3, esta refer\u00eancia aponta claramente para <strong>Jesus Cristo<\/strong>, cujo minist\u00e9rio p\u00fablico come\u00e7a s\u00e9culos ap\u00f3s a restaura\u00e7\u00e3o de Jerusal\u00e9m.<\/p>\n\n\n\n<hr class=\"wp-block-separator has-alpha-channel-opacity\"\/>\n\n\n\n<h1 class=\"wp-block-heading\">7. O Messias ser\u00e1 \u201ccortado\u201d<\/h1>\n\n\n\n<p>Um dos vers\u00edculos mais impactantes da profecia diz:<\/p>\n\n\n\n<blockquote class=\"wp-block-quote is-layout-flow wp-block-quote-is-layout-flow\">\n<p>\u201cDepois das sessenta e duas semanas, o ungido ser\u00e1 cortado e nada ter\u00e1.\u201d<br><em>(Daniel 9,26)<\/em><\/p>\n<\/blockquote>\n\n\n\n<p>Muitos te\u00f3logos crist\u00e3os veem neste vers\u00edculo <strong>uma refer\u00eancia prof\u00e9tica \u00e0 morte de Cristo<\/strong>.<\/p>\n\n\n\n<p>O Messias n\u00e3o aparece como um conquistador pol\u00edtico, mas como <strong>um servo sofredor que entrega sua vida<\/strong>.<\/p>\n\n\n\n<p>Isso se conecta profundamente com a teologia do sacrif\u00edcio de Jesus na cruz.<\/p>\n\n\n\n<p>Cristo \u00e9 o Messias que:<\/p>\n\n\n\n<ul class=\"wp-block-list\">\n<li>\u00e9 rejeitado<\/li>\n\n\n\n<li>\u00e9 condenado<\/li>\n\n\n\n<li>morre pela reden\u00e7\u00e3o do mundo.<\/li>\n<\/ul>\n\n\n\n<hr class=\"wp-block-separator has-alpha-channel-opacity\"\/>\n\n\n\n<h1 class=\"wp-block-heading\">8. A \u00faltima semana: um tempo de prova\u00e7\u00e3o<\/h1>\n\n\n\n<p>A profecia conclui com <strong>a \u00faltima semana (7 anos)<\/strong>, que descreve um per\u00edodo de conflito espiritual e purifica\u00e7\u00e3o.<\/p>\n\n\n\n<p>O texto menciona:<\/p>\n\n\n\n<ul class=\"wp-block-list\">\n<li>uma alian\u00e7a que ser\u00e1 confirmada<\/li>\n\n\n\n<li>sacrif\u00edcios que ser\u00e3o abolidos<\/li>\n\n\n\n<li>grande desola\u00e7\u00e3o<\/li>\n<\/ul>\n\n\n\n<p>As interpreta\u00e7\u00f5es desta \u00faltima semana t\u00eam variado ao longo da hist\u00f3ria:<\/p>\n\n\n\n<ol class=\"wp-block-list\">\n<li><strong>Interpreta\u00e7\u00e3o cristol\u00f3gica cl\u00e1ssica<\/strong><br>A semana se cumpre no minist\u00e9rio de Cristo e nos primeiros anos da Igreja.<\/li>\n\n\n\n<li><strong>Interpreta\u00e7\u00e3o escatol\u00f3gica<\/strong><br>Alguns a veem como um per\u00edodo futuro relacionado ao fim dos tempos.<\/li>\n\n\n\n<li><strong>Interpreta\u00e7\u00e3o hist\u00f3rica<\/strong><br>Outros a relacionam a eventos do s\u00e9culo I, incluindo a destrui\u00e7\u00e3o de Jerusal\u00e9m em 70 d.C.<\/li>\n<\/ol>\n\n\n\n<p>Cada uma dessas leituras busca compreender como <strong>a profecia se insere no desenvolvimento da hist\u00f3ria da salva\u00e7\u00e3o<\/strong>.<\/p>\n\n\n\n<hr class=\"wp-block-separator has-alpha-channel-opacity\"\/>\n\n\n\n<h1 class=\"wp-block-heading\">9. O significado teol\u00f3gico profundo<\/h1>\n\n\n\n<p>Al\u00e9m dos c\u00e1lculos cronol\u00f3gicos, a profecia das setenta semanas transmite v\u00e1rias verdades espirituais fundamentais.<\/p>\n\n\n\n<h3 class=\"wp-block-heading\">1. Deus dirige a hist\u00f3ria<\/h3>\n\n\n\n<p>Imp\u00e9rios surgem e desaparecem, mas <strong>Deus guia a hist\u00f3ria para o seu prop\u00f3sito salvador<\/strong>.<\/p>\n\n\n\n<hr class=\"wp-block-separator has-alpha-channel-opacity\"\/>\n\n\n\n<h3 class=\"wp-block-heading\">2. Cristo \u00e9 o centro da hist\u00f3ria<\/h3>\n\n\n\n<p>A profecia aponta para a vinda do Messias.<\/p>\n\n\n\n<p>Na vis\u00e3o crist\u00e3, <strong>Jesus \u00e9 o ponto culminante de toda a hist\u00f3ria b\u00edblica<\/strong>.<\/p>\n\n\n\n<hr class=\"wp-block-separator has-alpha-channel-opacity\"\/>\n\n\n\n<h3 class=\"wp-block-heading\">3. O pecado ser\u00e1 vencido<\/h3>\n\n\n\n<p>O objetivo final da profecia \u00e9 <strong>a reden\u00e7\u00e3o do pecado e o estabelecimento da justi\u00e7a eterna<\/strong>.<\/p>\n\n\n\n<p>Isso se cumpre plenamente na obra de Cristo.<\/p>\n\n\n\n<hr class=\"wp-block-separator has-alpha-channel-opacity\"\/>\n\n\n\n<h1 class=\"wp-block-heading\">10. Aplica\u00e7\u00f5es espirituais para hoje<\/h1>\n\n\n\n<p>A profecia de Daniel n\u00e3o \u00e9 apenas um enigma cronol\u00f3gico. Ela carrega uma mensagem espiritual profunda para a nossa vida.<\/p>\n\n\n\n<h2 class=\"wp-block-heading\">1. Confiar no plano de Deus<\/h2>\n\n\n\n<p>Mesmo quando a hist\u00f3ria humana parece ca\u00f3tica, <strong>Deus tem um plano que conduz \u00e0 salva\u00e7\u00e3o<\/strong>.<\/p>\n\n\n\n<hr class=\"wp-block-separator has-alpha-channel-opacity\"\/>\n\n\n\n<h2 class=\"wp-block-heading\">2. Viver com esperan\u00e7a<\/h2>\n\n\n\n<p>Daniel vivia em tempos de crise e ex\u00edlio, mas recebeu uma vis\u00e3o de esperan\u00e7a.<\/p>\n\n\n\n<p>Os crist\u00e3os tamb\u00e9m s\u00e3o chamados a <strong>viver olhando para o cumprimento definitivo do Reino de Deus<\/strong>.<\/p>\n\n\n\n<hr class=\"wp-block-separator has-alpha-channel-opacity\"\/>\n\n\n\n<h2 class=\"wp-block-heading\">3. Reconhecer Cristo como o Messias<\/h2>\n\n\n\n<p>A profecia nos convida a reconhecer que <strong>Jesus cumpre as promessas de Deus ao longo da hist\u00f3ria<\/strong>.<\/p>\n\n\n\n<hr class=\"wp-block-separator has-alpha-channel-opacity\"\/>\n\n\n\n<h1 class=\"wp-block-heading\">Conclus\u00e3o: uma profecia que ilumina toda a hist\u00f3ria da salva\u00e7\u00e3o<\/h1>\n\n\n\n<p>A profecia das setenta semanas de Daniel \u00e9 uma das revela\u00e7\u00f5es mais impressionantes da B\u00edblia. Ela n\u00e3o apenas antecipa acontecimentos hist\u00f3ricos, mas revela tamb\u00e9m <strong>a l\u00f3gica profunda do plano divino<\/strong>.<\/p>\n\n\n\n<p>Atrav\u00e9s desta vis\u00e3o, compreendemos que:<\/p>\n\n\n\n<ul class=\"wp-block-list\">\n<li>a hist\u00f3ria n\u00e3o \u00e9 um acaso<\/li>\n\n\n\n<li>o Messias foi anunciado s\u00e9culos antes<\/li>\n\n\n\n<li>Deus cumpre suas promessas<\/li>\n\n\n\n<li>a reden\u00e7\u00e3o \u00e9 o centro de seu plano<\/li>\n<\/ul>\n\n\n\n<p>Em \u00faltima an\u00e1lise, as setenta semanas nos lembram de uma verdade fundamental da f\u00e9 crist\u00e3:<\/p>\n\n\n\n<p><strong>Deus conduz a hist\u00f3ria para Cristo, e em Cristo a hist\u00f3ria encontra seu cumprimento.<\/strong><\/p>\n","protected":false},"excerpt":{"rendered":"<p>Entre todas as profecias do Antigo Testamento, poucas despertaram tanto interesse teol\u00f3gico, espiritual e hist\u00f3rico quanto a famosa profecia das setenta semanas de Daniel, narrada no cap\u00edtulo 9 do Livro de Daniel. Este trecho tem sido considerado por muitos Padres da Igreja, te\u00f3logos e estudiosos da B\u00edblia como uma das revela\u00e7\u00f5es messi\u00e2nicas mais precisas de &hellip;<\/p>\n","protected":false},"author":3,"featured_media":5243,"comment_status":"closed","ping_status":"closed","sticky":false,"template":"","format":"standard","meta":{"_seopress_robots_primary_cat":"","_seopress_titles_title":"","_seopress_titles_desc":"","_seopress_robots_index":"","footnotes":""},"categories":[37,45],"tags":[1814],"class_list":["post-5242","post","type-post","status-publish","format-standard","has-post-thumbnail","","category-doutrina-e-fe","category-sagradas-escrituras","tag-daniel"],"_links":{"self":[{"href":"https:\/\/catholicus.eu\/pt\/wp-json\/wp\/v2\/posts\/5242","targetHints":{"allow":["GET"]}}],"collection":[{"href":"https:\/\/catholicus.eu\/pt\/wp-json\/wp\/v2\/posts"}],"about":[{"href":"https:\/\/catholicus.eu\/pt\/wp-json\/wp\/v2\/types\/post"}],"author":[{"embeddable":true,"href":"https:\/\/catholicus.eu\/pt\/wp-json\/wp\/v2\/users\/3"}],"replies":[{"embeddable":true,"href":"https:\/\/catholicus.eu\/pt\/wp-json\/wp\/v2\/comments?post=5242"}],"version-history":[{"count":1,"href":"https:\/\/catholicus.eu\/pt\/wp-json\/wp\/v2\/posts\/5242\/revisions"}],"predecessor-version":[{"id":5244,"href":"https:\/\/catholicus.eu\/pt\/wp-json\/wp\/v2\/posts\/5242\/revisions\/5244"}],"wp:featuredmedia":[{"embeddable":true,"href":"https:\/\/catholicus.eu\/pt\/wp-json\/wp\/v2\/media\/5243"}],"wp:attachment":[{"href":"https:\/\/catholicus.eu\/pt\/wp-json\/wp\/v2\/media?parent=5242"}],"wp:term":[{"taxonomy":"category","embeddable":true,"href":"https:\/\/catholicus.eu\/pt\/wp-json\/wp\/v2\/categories?post=5242"},{"taxonomy":"post_tag","embeddable":true,"href":"https:\/\/catholicus.eu\/pt\/wp-json\/wp\/v2\/tags?post=5242"}],"curies":[{"name":"wp","href":"https:\/\/api.w.org\/{rel}","templated":true}]}}