{"id":5137,"date":"2026-03-01T23:23:59","date_gmt":"2026-03-01T22:23:59","guid":{"rendered":"https:\/\/catholicus.eu\/pt\/?p=5137"},"modified":"2026-03-01T23:23:59","modified_gmt":"2026-03-01T22:23:59","slug":"extra-ecclesiam-nulla-salus-o-misterio-luminoso-da-salvacao-na-igreja","status":"publish","type":"post","link":"https:\/\/catholicus.eu\/pt\/extra-ecclesiam-nulla-salus-o-misterio-luminoso-da-salvacao-na-igreja\/","title":{"rendered":"Extra Ecclesiam Nulla Salus: O Mist\u00e9rio Luminoso da Salva\u00e7\u00e3o na Igreja"},"content":{"rendered":"\n<p>Num mundo marcado pelo relativismo, pelo pluralismo religioso e pela confus\u00e3o doutrinal, poucas express\u00f5es latinas foram t\u00e3o citadas \u2014 e t\u00e3o frequentemente mal compreendidas \u2014 como esta: <strong><em>Extra Ecclesiam Nulla Salus<\/em><\/strong>. Traduzida literalmente significa: <em>\u00abFora da Igreja n\u00e3o h\u00e1 salva\u00e7\u00e3o.\u00bb<\/em><\/p>\n\n\n\n<p>\u00c0 primeira vista, pode soar dura, exclusiva ou at\u00e9 amea\u00e7adora. Contudo, quando a estudamos com rigor teol\u00f3gico e a contemplamos \u00e0 luz do Magist\u00e9rio aut\u00eantico \u2014 especialmente no ensinamento de Pio XII na sua enc\u00edclica <em>Mystici Corporis Christi<\/em> \u2014 descobrimos que n\u00e3o se trata de um \u201cporrete doutrinal\u201d, mas de uma afirma\u00e7\u00e3o profundamente m\u00edstica, cristol\u00f3gica e pastoral.<\/p>\n\n\n\n<p>N\u00e3o \u00e9 uma fronteira que condena; \u00e9 um mist\u00e9rio que revela como Deus quis salvar o mundo em Cristo e atrav\u00e9s do seu Corpo, que \u00e9 a Igreja.<\/p>\n\n\n\n<hr class=\"wp-block-separator has-alpha-channel-opacity\"\/>\n\n\n\n<h2 class=\"wp-block-heading\">1. De onde nasce esta afirma\u00e7\u00e3o?<\/h2>\n\n\n\n<p>A f\u00f3rmula tem ra\u00edzes antigas. J\u00e1 no s\u00e9culo III, S\u00e3o Cipriano de Cartago afirmava:<\/p>\n\n\n\n<blockquote class=\"wp-block-quote is-layout-flow wp-block-quote-is-layout-flow\">\n<p>\u00abN\u00e3o pode ter Deus por Pai quem n\u00e3o tem a Igreja por M\u00e3e.\u00bb<\/p>\n<\/blockquote>\n\n\n\n<p>Desde os primeiros s\u00e9culos, a Igreja compreendeu que Cristo n\u00e3o veio fundar simplesmente uma corrente espiritual, mas um Corpo vis\u00edvel e sacramental: a sua Igreja.<\/p>\n\n\n\n<p>O pr\u00f3prio Jesus o expressou com clareza:<\/p>\n\n\n\n<blockquote class=\"wp-block-quote is-layout-flow wp-block-quote-is-layout-flow\">\n<p>\u00abEu sou o caminho, a verdade e a vida; ningu\u00e9m vai ao Pai sen\u00e3o por mim\u00bb (Jo 14,6).<\/p>\n<\/blockquote>\n\n\n\n<p>E tamb\u00e9m:<\/p>\n\n\n\n<blockquote class=\"wp-block-quote is-layout-flow wp-block-quote-is-layout-flow\">\n<p>\u00abQuem crer e for batizado ser\u00e1 salvo\u00bb (Mc 16,16).<\/p>\n<\/blockquote>\n\n\n\n<p>Cristo \u00e9 o \u00fanico Salvador. Mas Cristo n\u00e3o age isoladamente; age no seu Corpo. E esse Corpo \u00e9 a Igreja.<\/p>\n\n\n\n<hr class=\"wp-block-separator has-alpha-channel-opacity\"\/>\n\n\n\n<h2 class=\"wp-block-heading\">2. A compreens\u00e3o cl\u00e1ssica: a Igreja como Arca da salva\u00e7\u00e3o<\/h2>\n\n\n\n<p>Durante s\u00e9culos, a teologia comparou a Igreja \u00e0 Arca de No\u00e9. Assim como fora da arca n\u00e3o havia salva\u00e7\u00e3o do dil\u00favio, fora da Igreja n\u00e3o h\u00e1 salva\u00e7\u00e3o eterna.<\/p>\n\n\n\n<p>Mas esta afirma\u00e7\u00e3o n\u00e3o se referia a uma perten\u00e7a meramente sociol\u00f3gica ou jur\u00eddica. Nunca significou que qualquer pessoa que n\u00e3o conste num registo paroquial esteja automaticamente condenada. A Igreja sempre distinguiu entre:<\/p>\n\n\n\n<ul class=\"wp-block-list\">\n<li><strong>Perten\u00e7a vis\u00edvel<\/strong> (batismo, profiss\u00e3o de f\u00e9, comunh\u00e3o com o Papa e os bispos).<\/li>\n\n\n\n<li><strong>Perten\u00e7a invis\u00edvel ou impl\u00edcita<\/strong> (desejo da verdade, busca sincera de Deus, ignor\u00e2ncia invenc\u00edvel).<\/li>\n<\/ul>\n\n\n\n<p>\u00c9 aqui que entra com luminosa clareza o ensinamento de Pio XII.<\/p>\n\n\n\n<hr class=\"wp-block-separator has-alpha-channel-opacity\"\/>\n\n\n\n<h2 class=\"wp-block-heading\">3. A grande chave: <em>Mystici Corporis Christi<\/em><\/h2>\n\n\n\n<p>Em 1943, em plena Segunda Guerra Mundial, o Papa Pio XII publicou a enc\u00edclica <em>Mystici Corporis Christi<\/em>. Nela desenvolve uma das explica\u00e7\u00f5es mais profundas do mist\u00e9rio da Igreja como Corpo M\u00edstico de Cristo.<\/p>\n\n\n\n<p>Aqui encontramos um ensinamento essencial:<br>Nem todos os que est\u00e3o unidos \u00e0 Igreja o est\u00e3o do mesmo modo.<\/p>\n\n\n\n<p>Pio XII distingue entre:<\/p>\n\n\n\n<ul class=\"wp-block-list\">\n<li><strong>Membros em sentido pleno<\/strong>: os batizados que professam a verdadeira f\u00e9 e est\u00e3o em comunh\u00e3o com a autoridade leg\u00edtima.<\/li>\n\n\n\n<li><strong>Aqueles que est\u00e3o ordenados ao Corpo por um desejo inconsciente<\/strong>: pessoas que, sem culpa pr\u00f3pria, n\u00e3o conhecem a Igreja mas buscam sinceramente a Deus e cumprem a sua vontade segundo a luz recebida.<\/li>\n<\/ul>\n\n\n\n<p>Isto n\u00e3o relativiza a doutrina. Aprofunda-a.<\/p>\n\n\n\n<p>A salva\u00e7\u00e3o vem sempre por Cristo. E vem sempre pela Igreja, porque a Igreja \u00e9 o seu Corpo. Mas essa media\u00e7\u00e3o pode realizar-se de formas que s\u00f3 Deus conhece plenamente.<\/p>\n\n\n\n<p>N\u00e3o se trata de uma \u201cIgreja invis\u00edvel paralela\u201d, mas da efic\u00e1cia universal da gra\u00e7a que flui do Corpo de Cristo.<\/p>\n\n\n\n<hr class=\"wp-block-separator has-alpha-channel-opacity\"\/>\n\n\n\n<h2 class=\"wp-block-heading\">4. A perten\u00e7a invis\u00edvel: um mist\u00e9rio de gra\u00e7a<\/h2>\n\n\n\n<p>Pio XII fala daqueles que est\u00e3o \u201cordenados\u201d ao Corpo M\u00edstico por um desejo impl\u00edcito.<\/p>\n\n\n\n<p>O que significa isto?<\/p>\n\n\n\n<p>Significa que uma pessoa pode estar relacionada com a Igreja sem o saber explicitamente. Se algu\u00e9m:<\/p>\n\n\n\n<ul class=\"wp-block-list\">\n<li>Busca sinceramente a verdade.<\/li>\n\n\n\n<li>Age segundo uma consci\u00eancia reta e bem formada.<\/li>\n\n\n\n<li>Responde \u00e0 gra\u00e7a interior de Deus.<\/li>\n<\/ul>\n\n\n\n<p>Essa pessoa n\u00e3o est\u00e1 fora do alcance da salva\u00e7\u00e3o.<\/p>\n\n\n\n<p>Mas \u2014 e aqui est\u00e1 o ponto essencial \u2014 se se salva, salva-se por Cristo e pela Igreja, mesmo sem o saber.<\/p>\n\n\n\n<p>N\u00e3o existe uma salva\u00e7\u00e3o paralela \u00e0 Igreja. Existe uma participa\u00e7\u00e3o misteriosa nela.<\/p>\n\n\n\n<hr class=\"wp-block-separator has-alpha-channel-opacity\"\/>\n\n\n\n<h2 class=\"wp-block-heading\">5. O que a doutrina N\u00c3O significa<\/h2>\n\n\n\n<p>\u00c9 importante esclarecer alguns mal-entendidos contempor\u00e2neos.<\/p>\n\n\n\n<p><strong>N\u00e3o significa:<\/strong><\/p>\n\n\n\n<ul class=\"wp-block-list\">\n<li>Que todas as religi\u00f5es sejam iguais.<\/li>\n\n\n\n<li>Que a Igreja seja apenas \u201cuma op\u00e7\u00e3o entre muitas\u201d.<\/li>\n\n\n\n<li>Que o batismo seja desnecess\u00e1rio.<\/li>\n\n\n\n<li>Que a verdade doutrinal seja secund\u00e1ria.<\/li>\n<\/ul>\n\n\n\n<p>A Igreja continua a afirmar que possui a plenitude dos meios de salva\u00e7\u00e3o: a Eucaristia, os sacramentos, a sucess\u00e3o apost\u00f3lica, a integridade da f\u00e9.<\/p>\n\n\n\n<p>O desejo impl\u00edcito n\u00e3o substitui a perten\u00e7a vis\u00edvel quando esta \u00e9 poss\u00edvel.<\/p>\n\n\n\n<hr class=\"wp-block-separator has-alpha-channel-opacity\"\/>\n\n\n\n<h2 class=\"wp-block-heading\">6. Relev\u00e2ncia no mundo atual<\/h2>\n\n\n\n<p>Vivemos numa \u00e9poca marcada pelo pluralismo religioso e pela indiferen\u00e7a espiritual. Muitas pessoas sinceras n\u00e3o conhecem verdadeiramente a Igreja, mas vers\u00f5es caricaturais dela.<\/p>\n\n\n\n<p>Aqui esta doutrina adquire uma imensa dimens\u00e3o pastoral:<\/p>\n\n\n\n<ul class=\"wp-block-list\">\n<li>Impulsiona-nos a evangelizar sem arrog\u00e2ncia.<\/li>\n\n\n\n<li>Recorda-nos que a gra\u00e7a de Deus atua al\u00e9m das nossas fronteiras vis\u00edveis.<\/li>\n\n\n\n<li>Liberta-nos tanto do exclusivismo duro como do relativismo brando.<\/li>\n<\/ul>\n\n\n\n<p>A Igreja n\u00e3o \u00e9 um clube fechado.<br>\u00c9 o Corpo vivo de Cristo estendido na hist\u00f3ria.<\/p>\n\n\n\n<hr class=\"wp-block-separator has-alpha-channel-opacity\"\/>\n\n\n\n<h2 class=\"wp-block-heading\">7. Aplica\u00e7\u00f5es pr\u00e1ticas para a vida di\u00e1ria<\/h2>\n\n\n\n<h3 class=\"wp-block-heading\">1. Valorizar a nossa perten\u00e7a<\/h3>\n\n\n\n<p>Se recebemos o batismo, os sacramentos e a plenitude da f\u00e9, n\u00e3o foi por m\u00e9rito pr\u00f3prio. \u00c9 um dom imenso.<\/p>\n\n\n\n<p>A doutrina de <em>Extra Ecclesiam Nulla Salus<\/em> n\u00e3o deve gerar orgulho, mas gratid\u00e3o e responsabilidade.<\/p>\n\n\n\n<h3 class=\"wp-block-heading\">2. Viver uma comunh\u00e3o real<\/h3>\n\n\n\n<p>N\u00e3o basta estar \u201cinscrito\u201d. Pertencer ao Corpo implica:<\/p>\n\n\n\n<ul class=\"wp-block-list\">\n<li>Vida sacramental frequente.<\/li>\n\n\n\n<li>Fidelidade doutrinal.<\/li>\n\n\n\n<li>Caridade ativa.<\/li>\n\n\n\n<li>Unidade com o Magist\u00e9rio.<\/li>\n<\/ul>\n\n\n\n<h3 class=\"wp-block-heading\">3. Evangelizar com caridade e clareza<\/h3>\n\n\n\n<p>Se acreditamos que a Igreja \u00e9 o lugar onde Cristo age plenamente, n\u00e3o podemos calar. Mas tamb\u00e9m n\u00e3o podemos impor.<\/p>\n\n\n\n<p>A verdade prop\u00f5e-se, n\u00e3o se imp\u00f5e.<\/p>\n\n\n\n<h3 class=\"wp-block-heading\">4. Confiar na miseric\u00f3rdia divina<\/h3>\n\n\n\n<p>Devemos evitar dois extremos:<\/p>\n\n\n\n<ul class=\"wp-block-list\">\n<li>Condenar todos os que est\u00e3o \u201cfora\u201d.<\/li>\n\n\n\n<li>Afirmar que n\u00e3o faz diferen\u00e7a pertencer ou n\u00e3o.<\/li>\n<\/ul>\n\n\n\n<p>A salva\u00e7\u00e3o \u00e9 um mist\u00e9rio de gra\u00e7a, n\u00e3o uma equa\u00e7\u00e3o matem\u00e1tica.<\/p>\n\n\n\n<hr class=\"wp-block-separator has-alpha-channel-opacity\"\/>\n\n\n\n<h2 class=\"wp-block-heading\">8. Uma s\u00edntese teol\u00f3gica rigorosa<\/h2>\n\n\n\n<p>Do ponto de vista teol\u00f3gico:<\/p>\n\n\n\n<ol class=\"wp-block-list\">\n<li>Cristo \u00e9 o \u00fanico mediador universal.<\/li>\n\n\n\n<li>A Igreja \u00e9 o Corpo M\u00edstico de Cristo.<\/li>\n\n\n\n<li>Toda a gra\u00e7a salv\u00edfica flui de Cristo Cabe\u00e7a atrav\u00e9s do seu Corpo.<\/li>\n\n\n\n<li>Pode existir uma ordena\u00e7\u00e3o ao Corpo sem perten\u00e7a vis\u00edvel.<\/li>\n\n\n\n<li>A perten\u00e7a plena \u00e9 o modo ordin\u00e1rio querido por Deus.<\/li>\n<\/ol>\n\n\n\n<p>Portanto:<\/p>\n\n\n\n<p><strong>Fora da Igreja n\u00e3o h\u00e1 salva\u00e7\u00e3o<\/strong>, porque fora de Cristo n\u00e3o h\u00e1 salva\u00e7\u00e3o.<br>E n\u00e3o existe Cristo separado do seu Corpo.<\/p>\n\n\n\n<hr class=\"wp-block-separator has-alpha-channel-opacity\"\/>\n\n\n\n<h2 class=\"wp-block-heading\">9. O mist\u00e9rio que nos compromete<\/h2>\n\n\n\n<p>Esta doutrina n\u00e3o \u00e9 uma amea\u00e7a.<br>\u00c9 um convite.<\/p>\n\n\n\n<p>Convida-nos a:<\/p>\n\n\n\n<ul class=\"wp-block-list\">\n<li>Permanecer unidos a Cristo.<\/li>\n\n\n\n<li>Amar profundamente a Igreja.<\/li>\n\n\n\n<li>Trabalhar pela unidade.<\/li>\n\n\n\n<li>Rezar pela convers\u00e3o do mundo.<\/li>\n\n\n\n<li>Viver a nossa f\u00e9 com coer\u00eancia.<\/li>\n<\/ul>\n\n\n\n<p>Recorda-nos que a Igreja n\u00e3o \u00e9 apenas mais uma estrutura humana, mas o sacramento universal da salva\u00e7\u00e3o.<\/p>\n\n\n\n<hr class=\"wp-block-separator has-alpha-channel-opacity\"\/>\n\n\n\n<h2 class=\"wp-block-heading\">10. Conclus\u00e3o: pertencer \u00e9 um dom e uma miss\u00e3o<\/h2>\n\n\n\n<p>Quando compreendemos <em>Extra Ecclesiam Nulla Salus<\/em> \u00e0 luz de <em>Mystici Corporis Christi<\/em>, a express\u00e3o deixa de soar exclusiva e revela-se como uma proclama\u00e7\u00e3o de esperan\u00e7a.<\/p>\n\n\n\n<p>Cristo n\u00e3o deixou a humanidade \u00f3rf\u00e3.<br>Deu-nos o seu Corpo.<br>Deu-nos a Igreja.<\/p>\n\n\n\n<p>E se Deus pode salvar misteriosamente aqueles que n\u00e3o a conhecem plenamente, isso n\u00e3o diminui a sua necessidade; pelo contr\u00e1rio, sublinha a grandeza do des\u00edgnio divino.<\/p>\n\n\n\n<p>Que esta verdade nos impulsione a viver a nossa f\u00e9 com maior profundidade, maior coer\u00eancia e maior amor.<\/p>\n\n\n\n<p>Porque pertencer \u00e0 Igreja n\u00e3o \u00e9 um r\u00f3tulo.<br>\u00c9 participar no Corpo vivo de Cristo.<br>\u00c9 permitir que a sua gra\u00e7a nos transforme.<br>\u00c9 entrar no mist\u00e9rio da comunh\u00e3o eterna.<\/p>\n\n\n\n<p>E nesse mist\u00e9rio, longe de exclus\u00f5es, encontramos a mais profunda universalidade:<br>a universalidade do amor redentor de Cristo que, atrav\u00e9s da sua Igreja, deseja atrair todos a si.<\/p>\n","protected":false},"excerpt":{"rendered":"<p>Num mundo marcado pelo relativismo, pelo pluralismo religioso e pela confus\u00e3o doutrinal, poucas express\u00f5es latinas foram t\u00e3o citadas \u2014 e t\u00e3o frequentemente mal compreendidas \u2014 como esta: Extra Ecclesiam Nulla Salus. Traduzida literalmente significa: \u00abFora da Igreja n\u00e3o h\u00e1 salva\u00e7\u00e3o.\u00bb \u00c0 primeira vista, pode soar dura, exclusiva ou at\u00e9 amea\u00e7adora. Contudo, quando a estudamos com &hellip;<\/p>\n","protected":false},"author":3,"featured_media":5138,"comment_status":"closed","ping_status":"closed","sticky":false,"template":"","format":"standard","meta":{"_seopress_robots_primary_cat":"","_seopress_titles_title":"","_seopress_titles_desc":"","_seopress_robots_index":"","footnotes":""},"categories":[38,51],"tags":[1789],"class_list":["post-5137","post","type-post","status-publish","format-standard","has-post-thumbnail","","category-historia-e-tradicao","category-magisterio-da-igreja","tag-extra-ecclesiam-nulla-salus"],"_links":{"self":[{"href":"https:\/\/catholicus.eu\/pt\/wp-json\/wp\/v2\/posts\/5137","targetHints":{"allow":["GET"]}}],"collection":[{"href":"https:\/\/catholicus.eu\/pt\/wp-json\/wp\/v2\/posts"}],"about":[{"href":"https:\/\/catholicus.eu\/pt\/wp-json\/wp\/v2\/types\/post"}],"author":[{"embeddable":true,"href":"https:\/\/catholicus.eu\/pt\/wp-json\/wp\/v2\/users\/3"}],"replies":[{"embeddable":true,"href":"https:\/\/catholicus.eu\/pt\/wp-json\/wp\/v2\/comments?post=5137"}],"version-history":[{"count":1,"href":"https:\/\/catholicus.eu\/pt\/wp-json\/wp\/v2\/posts\/5137\/revisions"}],"predecessor-version":[{"id":5139,"href":"https:\/\/catholicus.eu\/pt\/wp-json\/wp\/v2\/posts\/5137\/revisions\/5139"}],"wp:featuredmedia":[{"embeddable":true,"href":"https:\/\/catholicus.eu\/pt\/wp-json\/wp\/v2\/media\/5138"}],"wp:attachment":[{"href":"https:\/\/catholicus.eu\/pt\/wp-json\/wp\/v2\/media?parent=5137"}],"wp:term":[{"taxonomy":"category","embeddable":true,"href":"https:\/\/catholicus.eu\/pt\/wp-json\/wp\/v2\/categories?post=5137"},{"taxonomy":"post_tag","embeddable":true,"href":"https:\/\/catholicus.eu\/pt\/wp-json\/wp\/v2\/tags?post=5137"}],"curies":[{"name":"wp","href":"https:\/\/api.w.org\/{rel}","templated":true}]}}