{"id":5134,"date":"2026-03-01T22:51:29","date_gmt":"2026-03-01T21:51:29","guid":{"rendered":"https:\/\/catholicus.eu\/pt\/?p=5134"},"modified":"2026-03-01T22:51:30","modified_gmt":"2026-03-01T21:51:30","slug":"lagrimas-de-sangue-quando-o-ceu-chora-por-nos-teologia-mistica-e-reparacao-ao-sagrado-coracao","status":"publish","type":"post","link":"https:\/\/catholicus.eu\/pt\/lagrimas-de-sangue-quando-o-ceu-chora-por-nos-teologia-mistica-e-reparacao-ao-sagrado-coracao\/","title":{"rendered":"L\u00e1grimas de Sangue: Quando o C\u00e9u Chora por N\u00f3s \u2014 Teologia, M\u00edstica e Repara\u00e7\u00e3o ao Sagrado Cora\u00e7\u00e3o"},"content":{"rendered":"\n<p>Em diferentes momentos da hist\u00f3ria, imagens de Cristo ou da Virgem Maria foram associadas a um fen\u00f4meno que comove e inquieta: as chamadas <em>\u201cl\u00e1grimas de sangue\u201d<\/em>. Para alguns, \u00e9 um sinal impressionante. Para outros, motivo de ceticismo. Para a Igreja, trata-se de uma quest\u00e3o que exige discernimento, prud\u00eancia e profundidade teol\u00f3gica.<\/p>\n\n\n\n<p>Mas, para al\u00e9m do fen\u00f4meno extraordin\u00e1rio \u2014 que pode ser aut\u00eantico, mal interpretado ou at\u00e9 fraudulento \u2014 existe uma verdade espiritual muito mais importante: <strong>Deus sofre por causa do pecado do homem, e o Seu Cora\u00e7\u00e3o pede repara\u00e7\u00e3o.<\/strong><\/p>\n\n\n\n<p>Este artigo n\u00e3o pretende alimentar curiosidades, mas formar a alma. N\u00e3o busca concentrar-se no espetacular, mas no essencial: a teologia do sofrimento redentor, a m\u00edstica da repara\u00e7\u00e3o e o apelo urgente do Magist\u00e9rio para consolar o Sagrado Cora\u00e7\u00e3o de Jesus em um mundo ferido.<\/p>\n\n\n\n<hr class=\"wp-block-separator has-alpha-channel-opacity\"\/>\n\n\n\n<h2 class=\"wp-block-heading\">1. O que s\u00e3o as \u201cl\u00e1grimas de sangue\u201d? Hist\u00f3ria e discernimento<\/h2>\n\n\n\n<p>Ao longo dos s\u00e9culos, houve relatos de imagens que aparentemente derramavam l\u00e1grimas, algumas descritas como \u201cde sangue\u201d. Entre os casos mais conhecidos est\u00e3o epis\u00f3dios ligados a devo\u00e7\u00f5es marianas, como os de Civitavecchia em 1995, ou as mensagens associadas a Akita na d\u00e9cada de 1970.<\/p>\n\n\n\n<p>A Igreja, fiel \u00e0 sua miss\u00e3o, <strong>nunca age com precipita\u00e7\u00e3o<\/strong>. Investiga, analisa, descarta explica\u00e7\u00f5es naturais e estuda os frutos espirituais. Somente ap\u00f3s um processo s\u00e9rio pode emitir um ju\u00edzo prudente. Em muitos casos, a Igreja n\u00e3o afirma a origem sobrenatural, mas pode permitir a devo\u00e7\u00e3o se nada houver de contr\u00e1rio \u00e0 f\u00e9.<\/p>\n\n\n\n<p>No entanto, mesmo quando um fen\u00f4meno n\u00e3o \u00e9 oficialmente reconhecido, <strong>a mensagem espiritual que geralmente o acompanha \u00e9 marcadamente constante<\/strong>: penit\u00eancia, convers\u00e3o, repara\u00e7\u00e3o.<\/p>\n\n\n\n<p>E aqui chegamos ao cora\u00e7\u00e3o da quest\u00e3o.<\/p>\n\n\n\n<hr class=\"wp-block-separator has-alpha-channel-opacity\"\/>\n\n\n\n<h2 class=\"wp-block-heading\">2. Deus pode \u201cchorar\u201d? Fundamento teol\u00f3gico da dor divina<\/h2>\n\n\n\n<p>Do ponto de vista estritamente teol\u00f3gico, Deus, em sua natureza divina, \u00e9 impass\u00edvel: Ele n\u00e3o sofre como n\u00f3s. Contudo, na Encarna\u00e7\u00e3o, o Filho eterno assumiu uma verdadeira natureza humana.<\/p>\n\n\n\n<p>Jesus Cristo chorou.<\/p>\n\n\n\n<p>O Evangelho nos diz isso em um dos vers\u00edculos mais curtos e profundos de toda a Escritura:<\/p>\n\n\n\n<blockquote class=\"wp-block-quote is-layout-flow wp-block-quote-is-layout-flow\">\n<p>\u201cJesus chorou.\u201d (Jo 11,35)<\/p>\n<\/blockquote>\n\n\n\n<p>Diante do t\u00famulo de L\u00e1zaro, o Senhor manifesta uma dor aut\u00eantica. N\u00e3o \u00e9 teatro. N\u00e3o \u00e9 simbolismo vazio. \u00c9 o Cora\u00e7\u00e3o humano de Deus comovido pelo sofrimento e pela incredulidade.<\/p>\n\n\n\n<p>Portanto, quando falamos de \u201cl\u00e1grimas de sangue\u201d, n\u00e3o estamos inventando uma imagem sentimental. Estamos contemplando um mist\u00e9rio real: <strong>o Cora\u00e7\u00e3o de Cristo ferido pelos pecados do mundo.<\/strong><\/p>\n\n\n\n<hr class=\"wp-block-separator has-alpha-channel-opacity\"\/>\n\n\n\n<h2 class=\"wp-block-heading\">3. O Sagrado Cora\u00e7\u00e3o: Amor transpassado, Amor rejeitado<\/h2>\n\n\n\n<p>A espiritualidade do Sagrado Cora\u00e7\u00e3o encontrou sua express\u00e3o m\u00edstica mais conhecida nas revela\u00e7\u00f5es a Santa Margarida Maria Alacoque no s\u00e9culo XVII. Nelas, Cristo lhe mostra o Seu Cora\u00e7\u00e3o cercado de espinhos e pronuncia estas palavras impressionantes:<\/p>\n\n\n\n<blockquote class=\"wp-block-quote is-layout-flow wp-block-quote-is-layout-flow\">\n<p>\u201cEis o Cora\u00e7\u00e3o que tanto amou os homens e que deles n\u00e3o recebe sen\u00e3o ingratid\u00f5es\u2026\u201d<\/p>\n<\/blockquote>\n\n\n\n<p>Aqui encontramos a chave para compreender as l\u00e1grimas de sangue: <strong>n\u00e3o s\u00e3o espet\u00e1culo, mas s\u00faplica. N\u00e3o amea\u00e7a, mas lamento de amor.<\/strong><\/p>\n\n\n\n<p>O Magist\u00e9rio da Igreja confirmou a centralidade dessa devo\u00e7\u00e3o. O Papa Pio XII, em sua enc\u00edclica <em>Haurietis Aquas<\/em> (1956), ensinou que o culto ao Sagrado Cora\u00e7\u00e3o n\u00e3o \u00e9 uma pr\u00e1tica secund\u00e1ria, mas uma express\u00e3o profunda do mist\u00e9rio do amor redentor.<\/p>\n\n\n\n<p>O Cora\u00e7\u00e3o transpassado do Senhor \u2014 do qual jorraram sangue e \u00e1gua (cf. Jo 19,34) \u2014 \u00e9 o s\u00edmbolo vis\u00edvel do amor invis\u00edvel.<\/p>\n\n\n\n<hr class=\"wp-block-separator has-alpha-channel-opacity\"\/>\n\n\n\n<h2 class=\"wp-block-heading\">4. Repara\u00e7\u00e3o: uma palavra esquecida no s\u00e9culo XXI<\/h2>\n\n\n\n<p>Em nossa cultura contempor\u00e2nea, falar de \u201crepara\u00e7\u00e3o\u201d soa estranho. Vivemos em uma sociedade que evita a culpa, relativiza o pecado e banaliza a ofensa a Deus.<\/p>\n\n\n\n<p>Mas a teologia cat\u00f3lica \u00e9 clara: o pecado n\u00e3o \u00e9 apenas um erro psicol\u00f3gico; \u00e9 uma ferida real na comunh\u00e3o com Deus.<\/p>\n\n\n\n<p>S\u00e3o Paulo expressa isso assim:<\/p>\n\n\n\n<blockquote class=\"wp-block-quote is-layout-flow wp-block-quote-is-layout-flow\">\n<p>\u201cCompleto na minha carne o que falta aos sofrimentos de Cristo, em favor do seu Corpo, que \u00e9 a Igreja.\u201d (Cl 1,24)<\/p>\n<\/blockquote>\n\n\n\n<p>Cristo redimiu plenamente o mundo, mas nos convida a participar de Sua obra redentora por meio da ora\u00e7\u00e3o, do sacrif\u00edcio e da repara\u00e7\u00e3o.<\/p>\n\n\n\n<p>Reparar n\u00e3o significa \u201cacrescentar\u201d algo \u00e0 Cruz, mas <strong>unir-nos a ela<\/strong>.<\/p>\n\n\n\n<hr class=\"wp-block-separator has-alpha-channel-opacity\"\/>\n\n\n\n<h2 class=\"wp-block-heading\">5. M\u00edstica das l\u00e1grimas: quando a alma compreende a dor de Deus<\/h2>\n\n\n\n<p>Muitos santos experimentaram profunda compaix\u00e3o pelo Cora\u00e7\u00e3o de Cristo.<\/p>\n\n\n\n<p>Santa Faustina Kowalska escreveu em seu Di\u00e1rio que o maior sofrimento do Senhor n\u00e3o foram os cravos, mas a indiferen\u00e7a.<\/p>\n\n\n\n<p>S\u00e3o Pio de Pietrelcina falava de \u201cconsolar o Cora\u00e7\u00e3o de Jesus\u201d por meio da penit\u00eancia e da Eucaristia.<\/p>\n\n\n\n<p>Aqui se revela uma dimens\u00e3o m\u00edstica fundamental: <strong>o verdadeiro amor deseja consolar o Amado.<\/strong><\/p>\n\n\n\n<p>Se o mundo fere o Cora\u00e7\u00e3o de Cristo com blasf\u00eamias, sacril\u00e9gios, desprezo pela vida e indiferen\u00e7a religiosa, a alma fiel responde com adora\u00e7\u00e3o, pureza e fidelidade.<\/p>\n\n\n\n<hr class=\"wp-block-separator has-alpha-channel-opacity\"\/>\n\n\n\n<h2 class=\"wp-block-heading\">6. As l\u00e1grimas de sangue no contexto atual<\/h2>\n\n\n\n<p>E hoje?<\/p>\n\n\n\n<p>Vivemos tempos de profunda confus\u00e3o moral: ataques \u00e0 fam\u00edlia, banaliza\u00e7\u00e3o do aborto, descristianiza\u00e7\u00e3o cultural, esc\u00e2ndalos dentro da pr\u00f3pria Igreja.<\/p>\n\n\n\n<p>N\u00e3o \u00e9 surpreendente que muitos fi\u00e9is interpretem certos sinais como \u201cl\u00e1grimas do c\u00e9u\u201d.<\/p>\n\n\n\n<p>Mas o perigo \u00e9 permanecer no n\u00edvel emocional.<\/p>\n\n\n\n<p>A verdadeira pergunta n\u00e3o \u00e9:<br><strong>\u201cO fen\u00f4meno \u00e9 aut\u00eantico?\u201d<\/strong><br>Mas sim:<br><strong>\u201cEstou vivendo uma vida de repara\u00e7\u00e3o?\u201d<\/strong><\/p>\n\n\n\n<hr class=\"wp-block-separator has-alpha-channel-opacity\"\/>\n\n\n\n<h2 class=\"wp-block-heading\">7. Aplica\u00e7\u00f5es pr\u00e1ticas: Como consolar o Sagrado Cora\u00e7\u00e3o hoje?<\/h2>\n\n\n\n<p>Aqui chegamos ao que realmente importa. A teologia deve traduzir-se em vida concreta.<\/p>\n\n\n\n<h3 class=\"wp-block-heading\">1\ufe0f\u20e3 Vida sacramental intensa<\/h3>\n\n\n\n<p>Confiss\u00e3o frequente. Comunh\u00e3o recebida em estado de gra\u00e7a. A Eucaristia \u00e9 o ato supremo de repara\u00e7\u00e3o.<\/p>\n\n\n\n<h3 class=\"wp-block-heading\">2\ufe0f\u20e3 Hora Santa<\/h3>\n\n\n\n<p>Pr\u00e1tica pedida pelo Senhor a Santa Margarida Maria: uma hora de adora\u00e7\u00e3o \u00e0s quintas-feiras, em uni\u00e3o com o Gets\u00eamani.<\/p>\n\n\n\n<h3 class=\"wp-block-heading\">3\ufe0f\u20e3 Oferecer os pequenos sacrif\u00edcios di\u00e1rios<\/h3>\n\n\n\n<p>O cansa\u00e7o, as contrariedades, as humilha\u00e7\u00f5es \u2014 oferecidos com amor.<\/p>\n\n\n\n<h3 class=\"wp-block-heading\">4\ufe0f\u20e3 Repara\u00e7\u00e3o pelos pecados p\u00fablicos<\/h3>\n\n\n\n<p>Quando ouvir blasf\u00eamias ou presenciar ataques contra a f\u00e9, responda interiormente:<br>\u201cSenhor, eu Vos amo por aqueles que n\u00e3o Vos amam.\u201d<\/p>\n\n\n\n<h3 class=\"wp-block-heading\">5\ufe0f\u20e3 Consagra\u00e7\u00e3o ao Sagrado Cora\u00e7\u00e3o<\/h3>\n\n\n\n<p>Entronizar Sua imagem no lar n\u00e3o como decora\u00e7\u00e3o, mas como centro espiritual.<\/p>\n\n\n\n<hr class=\"wp-block-separator has-alpha-channel-opacity\"\/>\n\n\n\n<h2 class=\"wp-block-heading\">8. Perspectiva pastoral: evitar a supersti\u00e7\u00e3o, abra\u00e7ar a convers\u00e3o<\/h2>\n\n\n\n<p>Como pastores e fi\u00e9is, devemos evitar dois extremos:<\/p>\n\n\n\n<ul class=\"wp-block-list\">\n<li>O sensacionalismo apocal\u00edptico.<\/li>\n\n\n\n<li>O racionalismo frio que nega qualquer dimens\u00e3o sobrenatural.<\/li>\n<\/ul>\n\n\n\n<p>A Igreja caminha pelo caminho do discernimento prudente.<\/p>\n\n\n\n<p>As l\u00e1grimas \u2014 reais ou simb\u00f3licas \u2014 recordam-nos uma verdade ineg\u00e1vel:<br><strong>Deus n\u00e3o \u00e9 indiferente.<\/strong><\/p>\n\n\n\n<p>E se o Cora\u00e7\u00e3o de Cristo est\u00e1 ferido, n\u00e3o \u00e9 por falta de poder, mas por excesso de amor.<\/p>\n\n\n\n<hr class=\"wp-block-separator has-alpha-channel-opacity\"\/>\n\n\n\n<h2 class=\"wp-block-heading\">9. Um exame de consci\u00eancia final<\/h2>\n\n\n\n<p>Talvez a pergunta mais profunda que este tema nos coloca seja esta:<\/p>\n\n\n\n<ul class=\"wp-block-list\">\n<li>Sou indiferente ao pecado?<\/li>\n\n\n\n<li>Rezo por aqueles que ofendem a Deus?<\/li>\n\n\n\n<li>Ofere\u00e7o sacrif\u00edcios pela convers\u00e3o do mundo?<\/li>\n\n\n\n<li>Consolido o Cora\u00e7\u00e3o de Jesus ou O ignoro?<\/li>\n<\/ul>\n\n\n\n<p>As l\u00e1grimas de sangue n\u00e3o querem nos assustar. Querem nos despertar.<\/p>\n\n\n\n<hr class=\"wp-block-separator has-alpha-channel-opacity\"\/>\n\n\n\n<h2 class=\"wp-block-heading\">Conclus\u00e3o: Quando o Amor ferido nos chama<\/h2>\n\n\n\n<p>O cristianismo n\u00e3o \u00e9 uma religi\u00e3o de fen\u00f4menos extraordin\u00e1rios, mas do Amor crucificado.<\/p>\n\n\n\n<p>Se o c\u00e9u chora, n\u00e3o o faz para fascinar, mas para salvar.<\/p>\n\n\n\n<p>O Cora\u00e7\u00e3o de Cristo permanece aberto. Ainda transpassado. Ainda \u00e0 espera.<\/p>\n\n\n\n<p>E, em meio a este s\u00e9culo XXI marcado pela frieza espiritual, cada um de n\u00f3s pode tornar-se b\u00e1lsamo para esse Cora\u00e7\u00e3o.<\/p>\n\n\n\n<p>Porque, no fim, a maior \u201cl\u00e1grima de sangue\u201d n\u00e3o \u00e9 a que escorre de uma imagem, mas a que brota do lado aberto do Redentor.<\/p>\n\n\n\n<p>E ali, nesse Cora\u00e7\u00e3o, tamb\u00e9m est\u00e1 escrito o teu nome.<\/p>\n","protected":false},"excerpt":{"rendered":"<p>Em diferentes momentos da hist\u00f3ria, imagens de Cristo ou da Virgem Maria foram associadas a um fen\u00f4meno que comove e inquieta: as chamadas \u201cl\u00e1grimas de sangue\u201d. Para alguns, \u00e9 um sinal impressionante. Para outros, motivo de ceticismo. Para a Igreja, trata-se de uma quest\u00e3o que exige discernimento, prud\u00eancia e profundidade teol\u00f3gica. Mas, para al\u00e9m do &hellip;<\/p>\n","protected":false},"author":3,"featured_media":5135,"comment_status":"closed","ping_status":"closed","sticky":false,"template":"","format":"standard","meta":{"_seopress_robots_primary_cat":"","_seopress_titles_title":"","_seopress_titles_desc":"","_seopress_robots_index":"","footnotes":""},"categories":[40,58],"tags":[1788],"class_list":["post-5134","post","type-post","status-publish","format-standard","has-post-thumbnail","","category-oracao-e-espiritualidade","category-oracao-e-vida-espiritual","tag-reparacao-ao-sagrado-coracao"],"_links":{"self":[{"href":"https:\/\/catholicus.eu\/pt\/wp-json\/wp\/v2\/posts\/5134","targetHints":{"allow":["GET"]}}],"collection":[{"href":"https:\/\/catholicus.eu\/pt\/wp-json\/wp\/v2\/posts"}],"about":[{"href":"https:\/\/catholicus.eu\/pt\/wp-json\/wp\/v2\/types\/post"}],"author":[{"embeddable":true,"href":"https:\/\/catholicus.eu\/pt\/wp-json\/wp\/v2\/users\/3"}],"replies":[{"embeddable":true,"href":"https:\/\/catholicus.eu\/pt\/wp-json\/wp\/v2\/comments?post=5134"}],"version-history":[{"count":1,"href":"https:\/\/catholicus.eu\/pt\/wp-json\/wp\/v2\/posts\/5134\/revisions"}],"predecessor-version":[{"id":5136,"href":"https:\/\/catholicus.eu\/pt\/wp-json\/wp\/v2\/posts\/5134\/revisions\/5136"}],"wp:featuredmedia":[{"embeddable":true,"href":"https:\/\/catholicus.eu\/pt\/wp-json\/wp\/v2\/media\/5135"}],"wp:attachment":[{"href":"https:\/\/catholicus.eu\/pt\/wp-json\/wp\/v2\/media?parent=5134"}],"wp:term":[{"taxonomy":"category","embeddable":true,"href":"https:\/\/catholicus.eu\/pt\/wp-json\/wp\/v2\/categories?post=5134"},{"taxonomy":"post_tag","embeddable":true,"href":"https:\/\/catholicus.eu\/pt\/wp-json\/wp\/v2\/tags?post=5134"}],"curies":[{"name":"wp","href":"https:\/\/api.w.org\/{rel}","templated":true}]}}