{"id":5131,"date":"2026-03-01T15:55:21","date_gmt":"2026-03-01T14:55:21","guid":{"rendered":"https:\/\/catholicus.eu\/pt\/?p=5131"},"modified":"2026-03-01T15:55:22","modified_gmt":"2026-03-01T14:55:22","slug":"a-santa-lanca-de-longino-a-ferida-que-abriu-o-coracao-de-deus-e-que-ainda-trespassa-o-nosso","status":"publish","type":"post","link":"https:\/\/catholicus.eu\/pt\/a-santa-lanca-de-longino-a-ferida-que-abriu-o-coracao-de-deus-e-que-ainda-trespassa-o-nosso\/","title":{"rendered":"A Santa Lan\u00e7a de Longino: a ferida que abriu o Cora\u00e7\u00e3o de Deus \u2014 e que ainda trespassa o nosso"},"content":{"rendered":"\n<p>H\u00e1 objetos que pertencem \u00e0 hist\u00f3ria.<br>E h\u00e1 objetos que pertencem ao mist\u00e9rio.<\/p>\n\n\n\n<p>A Santa Lan\u00e7a de Longino n\u00e3o \u00e9 simplesmente mais uma rel\u00edquia do cristianismo antigo. \u00c9 o ferro que trespassou o lado de Cristo. \u00c9 o instrumento que abriu o Cora\u00e7\u00e3o do Redentor. \u00c9 o sinal vis\u00edvel da humilha\u00e7\u00e3o final\u2026 e ao mesmo tempo o in\u00edcio vis\u00edvel da Igreja.<\/p>\n\n\n\n<p>Mas o que essa lan\u00e7a realmente significa para n\u00f3s hoje?<br>\u00c9 apenas uma lembran\u00e7a arqueol\u00f3gica?<br>Ou \u00e9 um chamado espiritual urgente para o nosso tempo?<\/p>\n\n\n\n<p>Vamos mais fundo \u2014 com rigor teol\u00f3gico e clareza pastoral \u2014 em sua hist\u00f3ria, em seu significado e em seu impacto em nossa vida di\u00e1ria.<\/p>\n\n\n\n<hr class=\"wp-block-separator has-alpha-channel-opacity\"\/>\n\n\n\n<h2 class=\"wp-block-heading\">1. O momento que mudou a hist\u00f3ria<\/h2>\n\n\n\n<p>O Evangelho segundo Jo\u00e3o narra o epis\u00f3dio com sobriedade, mas com profundidade imensa:<\/p>\n\n\n\n<blockquote class=\"wp-block-quote is-layout-flow wp-block-quote-is-layout-flow\">\n<p>\u201cMas um dos soldados lhe abriu o lado com uma lan\u00e7a, e imediatamente saiu sangue e \u00e1gua.\u201d<br>(Jo 19,34)<\/p>\n<\/blockquote>\n\n\n\n<p>Esse soldado, segundo a tradi\u00e7\u00e3o, foi <strong>Longino<\/strong>, um centuri\u00e3o romano que participou da crucifica\u00e7\u00e3o.<\/p>\n\n\n\n<p>Teologicamente, este vers\u00edculo \u00e9 impactante.<\/p>\n\n\n\n<p>S\u00e3o Jo\u00e3o acrescenta imediatamente:<\/p>\n\n\n\n<blockquote class=\"wp-block-quote is-layout-flow wp-block-quote-is-layout-flow\">\n<p>\u201cAquele que viu d\u00e1 testemunho, e o seu testemunho \u00e9 verdadeiro.\u201d (Jo 19,35)<\/p>\n<\/blockquote>\n\n\n\n<p>Por que tanta insist\u00eancia?<br>Porque n\u00e3o se trata de um detalhe secund\u00e1rio. \u00c9 um ato revelador.<\/p>\n\n\n\n<p>Cristo j\u00e1 estava morto. N\u00e3o era necess\u00e1rio feri-lo. E, no entanto, essa ferida \u00e9 providencial.<\/p>\n\n\n\n<p>A lan\u00e7a n\u00e3o foi um acidente.<br>Foi um sinal.<\/p>\n\n\n\n<hr class=\"wp-block-separator has-alpha-channel-opacity\"\/>\n\n\n\n<h2 class=\"wp-block-heading\">2. Quem foi Longino?<\/h2>\n\n\n\n<p>A Escritura n\u00e3o menciona seu nome. Mas a antiga tradi\u00e7\u00e3o crist\u00e3 \u2014 transmitida pelos escritos patr\u00edsticos e pela liturgia oriental \u2014 identifica o soldado como Longino.<\/p>\n\n\n\n<p>Segundo essa tradi\u00e7\u00e3o:<\/p>\n\n\n\n<ul class=\"wp-block-list\">\n<li>Ele era centuri\u00e3o.<\/li>\n\n\n\n<li>Testemunhou a morte de Cristo.<\/li>\n\n\n\n<li>Depois de ver os prod\u00edgios e ouvir suas palavras, proclamou: \u201cVerdadeiramente este homem era Filho de Deus.\u201d (cf. Mc 15,39)<\/li>\n\n\n\n<li>Converteu-se.<\/li>\n\n\n\n<li>Abandonou o ex\u00e9rcito.<\/li>\n\n\n\n<li>Morreu m\u00e1rtir.<\/li>\n<\/ul>\n\n\n\n<p>A Igreja Oriental o venera como santo.<\/p>\n\n\n\n<p>Todos os detalhes hist\u00f3ricos s\u00e3o plenamente verific\u00e1veis? N\u00e3o completamente. Mas, teologicamente, sua figura expressa uma verdade profunda: o algoz pode tornar-se testemunha.<\/p>\n\n\n\n<p>Aquele que fere pode tornar-se disc\u00edpulo.<\/p>\n\n\n\n<p>E isso \u00e9 decisivo para n\u00f3s.<\/p>\n\n\n\n<hr class=\"wp-block-separator has-alpha-channel-opacity\"\/>\n\n\n\n<h2 class=\"wp-block-heading\">3. A ferida da qual nasceu a Igreja<\/h2>\n\n\n\n<p>Os Padres da Igreja viram naquele lado aberto algo muito maior do que uma simples ferida f\u00edsica.<\/p>\n\n\n\n<p>Santo Agostinho ensinava que, assim como Eva foi formada do lado de Ad\u00e3o adormecido, a Igreja nasce do lado aberto de Cristo adormecido na morte sobre a Cruz.<\/p>\n\n\n\n<p>Dessa ferida brotam:<\/p>\n\n\n\n<ul class=\"wp-block-list\">\n<li><strong>O sangue<\/strong> \u2192 s\u00edmbolo da Eucaristia.<\/li>\n\n\n\n<li><strong>A \u00e1gua<\/strong> \u2192 s\u00edmbolo do Batismo.<\/li>\n<\/ul>\n\n\n\n<p>A Igreja nasce dos sacramentos.<\/p>\n\n\n\n<p>A lan\u00e7a abre o acesso ao mist\u00e9rio sacramental.<\/p>\n\n\n\n<p>Do ponto de vista teol\u00f3gico, a ferida n\u00e3o \u00e9 derrota \u2014 \u00e9 revela\u00e7\u00e3o.<br>Deus n\u00e3o ret\u00e9m nada. Deixa-se abrir. Deixa-se trespassar.<\/p>\n\n\n\n<p>O Cora\u00e7\u00e3o de Cristo permanece exposto para sempre.<\/p>\n\n\n\n<hr class=\"wp-block-separator has-alpha-channel-opacity\"\/>\n\n\n\n<h2 class=\"wp-block-heading\">4. A rel\u00edquia ao longo da hist\u00f3ria<\/h2>\n\n\n\n<p>Ao longo dos s\u00e9culos, v\u00e1rias lan\u00e7as foram veneradas como a \u201cSanta Lan\u00e7a\u201d. Uma das mais conhecidas \u00e9 preservada na <strong>Bas\u00edlica de S\u00e3o Pedro<\/strong>.<\/p>\n\n\n\n<p>Outra tradi\u00e7\u00e3o importante est\u00e1 ligada ao Sacro Imp\u00e9rio Romano-Germ\u00e2nico e \u00e9 conservada em Viena.<\/p>\n\n\n\n<p>Historicamente, \u00e9 dif\u00edcil estabelecer com absoluta certeza a autenticidade material de uma determinada rel\u00edquia. Mas aqui precisamos fazer uma distin\u00e7\u00e3o fundamental:<\/p>\n\n\n\n<p>A f\u00e9 crist\u00e3 n\u00e3o depende da autenticidade f\u00edsica de uma rel\u00edquia.<br>Ela depende do evento redentor que a rel\u00edquia representa.<\/p>\n\n\n\n<p>A Igreja venera rel\u00edquias n\u00e3o por supersti\u00e7\u00e3o, mas porque o cristianismo \u00e9 uma f\u00e9 encarnada. Deus age atrav\u00e9s da mat\u00e9ria. O invis\u00edvel se comunica por meio do vis\u00edvel.<\/p>\n\n\n\n<hr class=\"wp-block-separator has-alpha-channel-opacity\"\/>\n\n\n\n<h2 class=\"wp-block-heading\">5. Por que ela \u00e9 exposta no Vaticano durante a Quaresma?<\/h2>\n\n\n\n<p>Na <strong>Bas\u00edlica de S\u00e3o Pedro<\/strong>, a rel\u00edquia tradicional da Santa Lan\u00e7a \u00e9 guardada em um dos pilares que sustentam a grande c\u00fapula projetada por <strong>Michelangelo<\/strong>.<\/p>\n\n\n\n<p>Uma vez por ano, durante o tempo da Quaresma, realiza-se uma exposi\u00e7\u00e3o solene das principais rel\u00edquias da Paix\u00e3o \u2014 entre elas, a Lan\u00e7a.<\/p>\n\n\n\n<p>Por que durante a Quaresma?<\/p>\n\n\n\n<p>Porque a Quaresma \u00e9 o tempo de contemplar a Paix\u00e3o.<\/p>\n\n\n\n<p>N\u00e3o \u00e9 um objeto para curiosos.<br>\u00c9 um objeto para penitentes.<\/p>\n\n\n\n<p>A Igreja a mostra para que recordemos que a nossa salva\u00e7\u00e3o teve um pre\u00e7o f\u00edsico, real, sangrento.<\/p>\n\n\n\n<p>A exposi\u00e7\u00e3o n\u00e3o \u00e9 um espet\u00e1culo.<br>\u00c9 um convite \u00e0 convers\u00e3o.<\/p>\n\n\n\n<hr class=\"wp-block-separator has-alpha-channel-opacity\"\/>\n\n\n\n<h2 class=\"wp-block-heading\">6. A dimens\u00e3o teol\u00f3gica profunda: o Cora\u00e7\u00e3o trespassado<\/h2>\n\n\n\n<p>Aqui chegamos ao n\u00facleo espiritual.<\/p>\n\n\n\n<p>O lado aberto \u00e9 a revela\u00e7\u00e3o do Cora\u00e7\u00e3o de Cristo.<\/p>\n\n\n\n<p>N\u00e3o \u00e9 por acaso que, s\u00e9culos depois, floresceu a devo\u00e7\u00e3o ao Sagrado Cora\u00e7\u00e3o. Essa devo\u00e7\u00e3o n\u00e3o \u00e9 sentimentalismo; \u00e9 contempla\u00e7\u00e3o teol\u00f3gica do amor ferido de Deus.<\/p>\n\n\n\n<p>A lan\u00e7a representa:<\/p>\n\n\n\n<ul class=\"wp-block-list\">\n<li>O pecado humano que fere.<\/li>\n\n\n\n<li>A miseric\u00f3rdia divina que responde com amor.<\/li>\n\n\n\n<li>A abertura definitiva do acesso a Deus.<\/li>\n<\/ul>\n\n\n\n<p>Cristo n\u00e3o responde fechando-se.<br>Ele responde abrindo-se.<\/p>\n\n\n\n<p>E aqui surge a pergunta inc\u00f4moda:<\/p>\n\n\n\n<p>Quantas vezes somos n\u00f3s que empunhamos a lan\u00e7a?<\/p>\n\n\n\n<p>Cada pecado \u00e9 uma lan\u00e7a.<br>Cada indiferen\u00e7a \u00e9 uma ferida.<br>Cada tibieza \u00e9 uma perfura\u00e7\u00e3o do seu lado.<\/p>\n\n\n\n<p>Mas cada confiss\u00e3o \u00e9 tamb\u00e9m um retorno ao Cora\u00e7\u00e3o aberto.<\/p>\n\n\n\n<hr class=\"wp-block-separator has-alpha-channel-opacity\"\/>\n\n\n\n<h2 class=\"wp-block-heading\">7. Aplica\u00e7\u00e3o pr\u00e1tica: o que significa hoje viver diante da Santa Lan\u00e7a?<\/h2>\n\n\n\n<p>Vivemos numa cultura que evita o sofrimento, anestesia a dor e relativiza o pecado.<\/p>\n\n\n\n<p>A Santa Lan\u00e7a nos recorda tr\u00eas verdades essenciais:<\/p>\n\n\n\n<h3 class=\"wp-block-heading\">1. O pecado \u00e9 real<\/h3>\n\n\n\n<p>N\u00e3o \u00e9 uma ideia psicol\u00f3gica. Ele fere de verdade.<\/p>\n\n\n\n<h3 class=\"wp-block-heading\">2. O amor de Deus \u00e9 ainda mais real<\/h3>\n\n\n\n<p>Da ferida brotam sangue e \u00e1gua. Dela brota a vida.<\/p>\n\n\n\n<h3 class=\"wp-block-heading\">3. A convers\u00e3o \u00e9 poss\u00edvel<\/h3>\n\n\n\n<p>Se Longino p\u00f4de converter-se, voc\u00ea tamb\u00e9m pode.<\/p>\n\n\n\n<hr class=\"wp-block-separator has-alpha-channel-opacity\"\/>\n\n\n\n<h2 class=\"wp-block-heading\">8. Tr\u00eas caminhos espirituais concretos inspirados na Lan\u00e7a<\/h2>\n\n\n\n<h3 class=\"wp-block-heading\">\u2726 1. Contemple o lado aberto<\/h3>\n\n\n\n<p>Durante esta Quaresma, dedique tempo \u00e0 ora\u00e7\u00e3o diante de um crucifixo. N\u00e3o tenha pressa. Olhe para a ferida.<\/p>\n\n\n\n<p>Pergunte-se:<br>Estou fugindo do Cora\u00e7\u00e3o de Cristo \u2014 ou estou entrando nele?<\/p>\n\n\n\n<h3 class=\"wp-block-heading\">\u2726 2. Confesse suas lan\u00e7as<\/h3>\n\n\n\n<p>Fa\u00e7a um exame de consci\u00eancia s\u00e9rio \u2014 n\u00e3o superficial.<br>A lan\u00e7a n\u00e3o foi um arranh\u00e3o; foi uma penetra\u00e7\u00e3o.<\/p>\n\n\n\n<p>O sacramento da Reconcilia\u00e7\u00e3o \u00e9 o lugar onde nossas lan\u00e7as se transformam em miseric\u00f3rdia.<\/p>\n\n\n\n<h3 class=\"wp-block-heading\">\u2726 3. Seja testemunha como Longino<\/h3>\n\n\n\n<p>Num mundo que ridiculariza a f\u00e9, precisamos de centuri\u00f5es convertidos.<\/p>\n\n\n\n<p>N\u00e3o basta deixar de ferir Cristo.<br>\u00c9 preciso proclamar: \u201cVerdadeiramente este \u00e9 o Filho de Deus.\u201d<\/p>\n\n\n\n<hr class=\"wp-block-separator has-alpha-channel-opacity\"\/>\n\n\n\n<h2 class=\"wp-block-heading\">9. O paradoxo final: a ferida gloriosa<\/h2>\n\n\n\n<p>Na Ressurrei\u00e7\u00e3o, Cristo conserva suas chagas.<\/p>\n\n\n\n<p>Por qu\u00ea?<\/p>\n\n\n\n<p>Porque o amor n\u00e3o apaga suas cicatrizes.<\/p>\n\n\n\n<p>A ferida do seu lado permanece glorificada. N\u00e3o \u00e9 sinal de derrota, mas de vit\u00f3ria.<\/p>\n\n\n\n<p>A lan\u00e7a pretendia confirmar a morte.<br>Acabou proclamando a vida.<\/p>\n\n\n\n<hr class=\"wp-block-separator has-alpha-channel-opacity\"\/>\n\n\n\n<h2 class=\"wp-block-heading\">10. Uma palavra para o nosso tempo<\/h2>\n\n\n\n<p>Vivemos tempos de confus\u00e3o doutrinal, relativismo moral e frieza espiritual.<br>A Santa Lan\u00e7a nos traz de volta ao centro:<\/p>\n\n\n\n<p>Cristo crucificado.<br>Cristo trespassado.<br>Cristo aberto.<\/p>\n\n\n\n<p>N\u00e3o precisamos de novidades sensacionais.<br>Precisamos voltar ao seu lado.<\/p>\n\n\n\n<p>Porque ali nasceu a Igreja.<br>Ali nasceram os sacramentos.<br>Ali nasceu a nossa esperan\u00e7a.<\/p>\n\n\n\n<hr class=\"wp-block-separator has-alpha-channel-opacity\"\/>\n\n\n\n<h2 class=\"wp-block-heading\">Conclus\u00e3o: o que voc\u00ea far\u00e1 com a Lan\u00e7a?<\/h2>\n\n\n\n<p>A Santa Lan\u00e7a n\u00e3o \u00e9 uma curiosidade hist\u00f3rica.<\/p>\n\n\n\n<p>\u00c9 um espelho.<\/p>\n\n\n\n<p>Ela nos mostra o que o pecado faz.<br>Ela nos mostra o que o amor pode redimir.<\/p>\n\n\n\n<p>Hoje voc\u00ea pode ser o soldado indiferente.<br>Ou o Longino convertido.<\/p>\n\n\n\n<p>A lan\u00e7a se levanta cada vez que pecamos.<br>Mas o Cora\u00e7\u00e3o permanece aberto cada vez que retornamos.<\/p>\n\n\n\n<p>E enquanto a Igreja a exp\u00f5e durante a Quaresma no Vaticano, a mensagem \u00e9 clara:<\/p>\n\n\n\n<p>N\u00e3o olhe para a ferida como espectador.<br>Entre nela como filho.<\/p>\n\n\n\n<p>Porque daquele lado aberto ainda jorra o \u00fanico rem\u00e9dio capaz de curar o mundo.<\/p>\n\n\n\n<p>Sangue e \u00e1gua.<br>Justi\u00e7a e miseric\u00f3rdia.<br>Verdade e amor.<\/p>\n\n\n\n<p>O ferro trespassou o seu lado.<br>Mas o Amor trespassou a hist\u00f3ria.<\/p>\n","protected":false},"excerpt":{"rendered":"<p>H\u00e1 objetos que pertencem \u00e0 hist\u00f3ria.E h\u00e1 objetos que pertencem ao mist\u00e9rio. A Santa Lan\u00e7a de Longino n\u00e3o \u00e9 simplesmente mais uma rel\u00edquia do cristianismo antigo. \u00c9 o ferro que trespassou o lado de Cristo. \u00c9 o instrumento que abriu o Cora\u00e7\u00e3o do Redentor. \u00c9 o sinal vis\u00edvel da humilha\u00e7\u00e3o final\u2026 e ao mesmo tempo &hellip;<\/p>\n","protected":false},"author":3,"featured_media":5132,"comment_status":"closed","ping_status":"closed","sticky":false,"template":"","format":"standard","meta":{"_seopress_robots_primary_cat":"","_seopress_titles_title":"","_seopress_titles_desc":"","_seopress_robots_index":"","footnotes":""},"categories":[66,41],"tags":[1787,1786],"class_list":["post-5131","post","type-post","status-publish","format-standard","has-post-thumbnail","","category-cultura-popular-e-catolicismo","category-fe-e-cultura","tag-longino","tag-santa-lanca"],"_links":{"self":[{"href":"https:\/\/catholicus.eu\/pt\/wp-json\/wp\/v2\/posts\/5131","targetHints":{"allow":["GET"]}}],"collection":[{"href":"https:\/\/catholicus.eu\/pt\/wp-json\/wp\/v2\/posts"}],"about":[{"href":"https:\/\/catholicus.eu\/pt\/wp-json\/wp\/v2\/types\/post"}],"author":[{"embeddable":true,"href":"https:\/\/catholicus.eu\/pt\/wp-json\/wp\/v2\/users\/3"}],"replies":[{"embeddable":true,"href":"https:\/\/catholicus.eu\/pt\/wp-json\/wp\/v2\/comments?post=5131"}],"version-history":[{"count":1,"href":"https:\/\/catholicus.eu\/pt\/wp-json\/wp\/v2\/posts\/5131\/revisions"}],"predecessor-version":[{"id":5133,"href":"https:\/\/catholicus.eu\/pt\/wp-json\/wp\/v2\/posts\/5131\/revisions\/5133"}],"wp:featuredmedia":[{"embeddable":true,"href":"https:\/\/catholicus.eu\/pt\/wp-json\/wp\/v2\/media\/5132"}],"wp:attachment":[{"href":"https:\/\/catholicus.eu\/pt\/wp-json\/wp\/v2\/media?parent=5131"}],"wp:term":[{"taxonomy":"category","embeddable":true,"href":"https:\/\/catholicus.eu\/pt\/wp-json\/wp\/v2\/categories?post=5131"},{"taxonomy":"post_tag","embeddable":true,"href":"https:\/\/catholicus.eu\/pt\/wp-json\/wp\/v2\/tags?post=5131"}],"curies":[{"name":"wp","href":"https:\/\/api.w.org\/{rel}","templated":true}]}}