{"id":5110,"date":"2026-02-25T22:22:32","date_gmt":"2026-02-25T21:22:32","guid":{"rendered":"https:\/\/catholicus.eu\/pt\/?p=5110"},"modified":"2026-02-25T22:22:33","modified_gmt":"2026-02-25T21:22:33","slug":"o-barroco-espanhol-quando-a-beleza-se-tornou-trincheira-e-a-fe-se-fez-fogo","status":"publish","type":"post","link":"https:\/\/catholicus.eu\/pt\/o-barroco-espanhol-quando-a-beleza-se-tornou-trincheira-e-a-fe-se-fez-fogo\/","title":{"rendered":"O Barroco espanhol: Quando a beleza se tornou trincheira e a f\u00e9 se fez fogo"},"content":{"rendered":"\n<p>Houve um tempo em que a Espanha n\u00e3o respondeu \u00e0 crise com tibieza, mas com beleza. N\u00e3o respondeu \u00e0 heresia com sil\u00eancio, mas com ouro, incenso, madeira entalhada e sangue de m\u00e1rtires. Esse tempo foi o <strong>Barroco espanhol<\/strong>.<\/p>\n\n\n\n<p>Muitos o veem apenas como um estilo art\u00edstico excessivamente ornamentado. Mas o Barroco n\u00e3o foi um capricho est\u00e9tico. Foi uma <strong>resposta teol\u00f3gica, pastoral e espiritual<\/strong> a uma das maiores crises da hist\u00f3ria da Igreja: a fratura protestante do s\u00e9culo XVI. Foi a arte transformada em catecismo. Foi a arquitetura convertida em apolog\u00e9tica. Foi a imagin\u00e1ria sagrada transformada em prega\u00e7\u00e3o silenciosa.<\/p>\n\n\n\n<p>E hoje, no s\u00e9culo XXI \u2014 em meio ao relativismo, \u00e0 seculariza\u00e7\u00e3o e \u00e0 perda do sentido do sagrado \u2014 o Barroco volta a falar conosco.<\/p>\n\n\n\n<hr class=\"wp-block-separator has-alpha-channel-opacity\"\/>\n\n\n\n<h2 class=\"wp-block-heading\">1. O contexto: crise, heresia e resposta<\/h2>\n\n\n\n<p>O Barroco nasceu no contexto da Reforma protestante e da resposta cat\u00f3lica articulada no Conc\u00edlio de Trento. Ali, a Igreja n\u00e3o apenas definiu dogmas; tamb\u00e9m reafirmou o valor da arte sacra como instrumento catequ\u00e9tico.<\/p>\n\n\n\n<p>Enquanto no norte da Europa imagens eram destru\u00eddas, templos eram caiados e s\u00edmbolos removidos, a Espanha cat\u00f3lica fez o contr\u00e1rio: encheu seus templos de gl\u00f3ria, dramatismo e presen\u00e7a real.<\/p>\n\n\n\n<p>Por qu\u00ea?<\/p>\n\n\n\n<p>Porque a Igreja compreendia que o homem n\u00e3o \u00e9 apenas raz\u00e3o. \u00c9 tamb\u00e9m imagina\u00e7\u00e3o, sensibilidade, afeto. E a f\u00e9 deve alcan\u00e7ar o homem inteiro.<\/p>\n\n\n\n<p>Como diz a Escritura:<\/p>\n\n\n\n<blockquote class=\"wp-block-quote is-layout-flow wp-block-quote-is-layout-flow\">\n<p>\u201cA f\u00e9 vem pela prega\u00e7\u00e3o\u201d (Romanos 10,17).<\/p>\n<\/blockquote>\n\n\n\n<p>E o Barroco transformou a arte em prega\u00e7\u00e3o vis\u00edvel.<\/p>\n\n\n\n<hr class=\"wp-block-separator has-alpha-channel-opacity\"\/>\n\n\n\n<h2 class=\"wp-block-heading\">2. O Barroco como teologia encarnada<\/h2>\n\n\n\n<p>Na Espanha, o Barroco n\u00e3o foi mera imita\u00e7\u00e3o italiana. Foi uma express\u00e3o profundamente m\u00edstica, penitencial e eucar\u00edstica.<\/p>\n\n\n\n<h3 class=\"wp-block-heading\">A centralidade da Eucaristia<\/h3>\n\n\n\n<p>Ap\u00f3s as nega\u00e7\u00f5es protestantes da Presen\u00e7a Real, o Barroco espanhol respondeu com ostens\u00f3rios monumentais, ret\u00e1bulos dourados e sacr\u00e1rios exaltados.<\/p>\n\n\n\n<p>As igrejas eram estruturadas para dirigir o olhar ao altar. Tudo converge para o Sacr\u00e1rio.<\/p>\n\n\n\n<p>Porque, se Cristo est\u00e1 realmente presente, tudo deve arder ao redor d\u2019Ele.<\/p>\n\n\n\n<p>N\u00e3o \u00e9 coincid\u00eancia que nessa \u00e9poca flores\u00e7am santos como:<\/p>\n\n\n\n<ul class=\"wp-block-list\">\n<li>Jo\u00e3o da Cruz<\/li>\n\n\n\n<li>Teresa de \u00c1vila<\/li>\n\n\n\n<li>In\u00e1cio de Loyola<\/li>\n<\/ul>\n\n\n\n<p>O Barroco \u00e9 a linguagem visual dessa m\u00edstica ardente.<\/p>\n\n\n\n<hr class=\"wp-block-separator has-alpha-channel-opacity\"\/>\n\n\n\n<h2 class=\"wp-block-heading\">3. O dramatismo: pedagogia do sofrimento redentor<\/h2>\n\n\n\n<p>O Barroco espanhol \u00e9 intenso. As imagens de Cristo crucificado n\u00e3o s\u00e3o idealizadas. Sangram. Repousam na morte. T\u00eam chagas reais.<\/p>\n\n\n\n<p>Artistas como Gregorio Fern\u00e1ndez ou Juan Mart\u00ednez Monta\u00f1\u00e9s criaram obras que ainda hoje comovem.<\/p>\n\n\n\n<p>Por que tanto realismo?<\/p>\n\n\n\n<p>Porque o Barroco compreendeu que a salva\u00e7\u00e3o n\u00e3o \u00e9 abstrata. \u00c9 concreta. Cristo sofreu realmente.<\/p>\n\n\n\n<blockquote class=\"wp-block-quote is-layout-flow wp-block-quote-is-layout-flow\">\n<p>\u201cEle foi traspassado por causa das nossas transgress\u00f5es\u201d (Isa\u00edas 53,5).<\/p>\n<\/blockquote>\n\n\n\n<p>O fiel n\u00e3o contempla uma ideia. Contempla uma chaga.<\/p>\n\n\n\n<p>E essa chaga fala.<\/p>\n\n\n\n<hr class=\"wp-block-separator has-alpha-channel-opacity\"\/>\n\n\n\n<h2 class=\"wp-block-heading\">4. A teatralidade sagrada: o c\u00e9u invade a terra<\/h2>\n\n\n\n<p>O Barroco rompe tetos \u2014 literalmente.<\/p>\n\n\n\n<p>As ab\u00f3badas pintadas mostram c\u00e9us abertos, anjos em movimento, gl\u00f3ria transbordante. A arquitetura quer proclamar algo muito claro: <strong>a liturgia \u00e9 participa\u00e7\u00e3o no c\u00e9u<\/strong>.<\/p>\n\n\n\n<p>N\u00e3o \u00e9 um simples ato social.<br>N\u00e3o \u00e9 uma reuni\u00e3o comunit\u00e1ria.<br>\u00c9 o Sacrif\u00edcio do Calv\u00e1rio tornado presente.<\/p>\n\n\n\n<p>O Barroco proclama isso sem complexos.<\/p>\n\n\n\n<hr class=\"wp-block-separator has-alpha-channel-opacity\"\/>\n\n\n\n<h2 class=\"wp-block-heading\">5. Relev\u00e2ncia teol\u00f3gica para hoje<\/h2>\n\n\n\n<p>Vivemos em uma \u00e9poca em que:<\/p>\n\n\n\n<ul class=\"wp-block-list\">\n<li>A liturgia \u00e9 banalizada.<\/li>\n\n\n\n<li>A f\u00e9 \u00e9 reduzida a sentimento.<\/li>\n\n\n\n<li>O sentido do mist\u00e9rio \u00e9 eliminado.<\/li>\n\n\n\n<li>A beleza sagrada \u00e9 ridicularizada.<\/li>\n<\/ul>\n\n\n\n<p>O Barroco nos recorda algo essencial: <strong>a beleza salva porque conduz a Deus<\/strong>.<\/p>\n\n\n\n<p>Como ensinou Bento XVI, a beleza \u00e9 um caminho privilegiado para a verdade.<\/p>\n\n\n\n<p>O Barroco entendeu que, quando a doutrina \u00e9 atacada, \u00e9 preciso responder com clareza\u2026 mas tamb\u00e9m com esplendor.<\/p>\n\n\n\n<p>N\u00e3o basta ter raz\u00e3o.<br>\u00c9 preciso mostr\u00e1-la.<\/p>\n\n\n\n<hr class=\"wp-block-separator has-alpha-channel-opacity\"\/>\n\n\n\n<h2 class=\"wp-block-heading\">6. Aplica\u00e7\u00f5es pr\u00e1ticas para sua vida espiritual<\/h2>\n\n\n\n<p>Aqui est\u00e1 o mais importante: o Barroco n\u00e3o \u00e9 pe\u00e7a de museu. \u00c9 um caminho.<\/p>\n\n\n\n<h3 class=\"wp-block-heading\">1\ufe0f\u20e3 Recuperar o sentido do sagrado<\/h3>\n\n\n\n<p>Cuide da forma como voc\u00ea se veste para a Missa.<br>Fa\u00e7a uma genuflex\u00e3o consciente.<br>Guarde sil\u00eancio na igreja.<\/p>\n\n\n\n<p>O Barroco nos ensina que diante de Deus nada se improvisa.<\/p>\n\n\n\n<hr class=\"wp-block-separator has-alpha-channel-opacity\"\/>\n\n\n\n<h3 class=\"wp-block-heading\">2\ufe0f\u20e3 Amar a beleza como caminho espiritual<\/h3>\n\n\n\n<p>Cuide da sua casa.<br>Coloque uma imagem sagrada digna.<br>Acenda uma vela.<br>Reze diante de um crucifixo.<\/p>\n\n\n\n<p>A beleza ordena a alma.<\/p>\n\n\n\n<hr class=\"wp-block-separator has-alpha-channel-opacity\"\/>\n\n\n\n<h3 class=\"wp-block-heading\">3\ufe0f\u20e3 Abra\u00e7ar o dramatismo redentor<\/h3>\n\n\n\n<p>O Barroco n\u00e3o foge do sofrimento. Ele o ilumina.<\/p>\n\n\n\n<p>Quando a cruz chegar, n\u00e3o a banalize.<br>Una-a a Cristo.<\/p>\n\n\n\n<p>O sofrimento oferecido torna-se altar.<\/p>\n\n\n\n<hr class=\"wp-block-separator has-alpha-channel-opacity\"\/>\n\n\n\n<h3 class=\"wp-block-heading\">4\ufe0f\u20e3 Viver a f\u00e9 com intensidade<\/h3>\n\n\n\n<p>O Barroco n\u00e3o \u00e9 morno.<br>\u00c9 fogo.<\/p>\n\n\n\n<p>A tibieza \u00e9 o grande mal moderno.<br>O Barroco clama: Tudo para Deus!<\/p>\n\n\n\n<hr class=\"wp-block-separator has-alpha-channel-opacity\"\/>\n\n\n\n<h2 class=\"wp-block-heading\">7. Um alerta pastoral<\/h2>\n\n\n\n<p>O perigo \u00e9 reduzir o Barroco a nostalgia est\u00e9tica. N\u00e3o se trata de copiar formas externas sem esp\u00edrito.<\/p>\n\n\n\n<p>O Barroco aut\u00eantico nasce de:<\/p>\n\n\n\n<ul class=\"wp-block-list\">\n<li>F\u00e9 eucar\u00edstica s\u00f3lida.<\/li>\n\n\n\n<li>Vida sacramental intensa.<\/li>\n\n\n\n<li>Amor \u00e0 doutrina.<\/li>\n\n\n\n<li>Esp\u00edrito penitencial.<\/li>\n<\/ul>\n\n\n\n<p>Sem isso, h\u00e1 apenas decora\u00e7\u00e3o.<\/p>\n\n\n\n<p>Com isso, h\u00e1 santidade.<\/p>\n\n\n\n<hr class=\"wp-block-separator has-alpha-channel-opacity\"\/>\n\n\n\n<h2 class=\"wp-block-heading\">8. A Espanha e sua miss\u00e3o espiritual<\/h2>\n\n\n\n<p>O Barroco espanhol foi tamb\u00e9m mission\u00e1rio. Enquanto ret\u00e1bulos dourados se erguiam em Sevilha ou Salamanca, a Am\u00e9rica era evangelizada.<\/p>\n\n\n\n<p>A arte acompanhava a evangeliza\u00e7\u00e3o.<\/p>\n\n\n\n<p>A beleza preparava o cora\u00e7\u00e3o.<\/p>\n\n\n\n<p>Hoje a Espanha atravessa profunda seculariza\u00e7\u00e3o. Mas seu DNA espiritual n\u00e3o est\u00e1 morto. Est\u00e1 adormecido.<\/p>\n\n\n\n<p>O Barroco nos recorda que as crises n\u00e3o se superam diluindo a identidade, mas intensificando-a.<\/p>\n\n\n\n<hr class=\"wp-block-separator has-alpha-channel-opacity\"\/>\n\n\n\n<h2 class=\"wp-block-heading\">9. Conclus\u00e3o: o Barroco como programa espiritual<\/h2>\n\n\n\n<p>O Barroco espanhol n\u00e3o \u00e9 um estilo do passado.<\/p>\n\n\n\n<p>\u00c9 uma li\u00e7\u00e3o permanente:<\/p>\n\n\n\n<ul class=\"wp-block-list\">\n<li>Que a f\u00e9 deve ser vis\u00edvel.<\/li>\n\n\n\n<li>Que a liturgia deve ser celeste.<\/li>\n\n\n\n<li>Que a beleza \u00e9 apolog\u00e9tica.<\/li>\n\n\n\n<li>Que o sofrimento pode redimir.<\/li>\n\n\n\n<li>Que Cristo na Eucaristia \u00e9 o centro.<\/li>\n<\/ul>\n\n\n\n<p>Em um mundo minimalista que esvazia, o Barroco preenche.<br>Em um mundo frio, o Barroco arde.<br>Em um mundo superficial, o Barroco aprofunda.<\/p>\n\n\n\n<p>Talvez hoje n\u00e3o possamos construir catedrais douradas.<\/p>\n\n\n\n<p>Mas podemos fazer da nossa alma um ret\u00e1bulo.<br>Podemos fazer da nossa vida um ostens\u00f3rio.<br>Podemos fazer do nosso sofrimento uma escultura oferecida a Deus.<\/p>\n\n\n\n<p>Porque, no fim, o verdadeiro Barroco n\u00e3o est\u00e1 na madeira entalhada.<\/p>\n\n\n\n<p>Est\u00e1 em um cora\u00e7\u00e3o que, como os grandes santos do S\u00e9culo de Ouro, decide viver sem medida para a gl\u00f3ria de Deus.<\/p>\n\n\n\n<p>E essa decis\u00e3o\u2026 ainda est\u00e1 em suas m\u00e3os.<\/p>\n","protected":false},"excerpt":{"rendered":"<p>Houve um tempo em que a Espanha n\u00e3o respondeu \u00e0 crise com tibieza, mas com beleza. N\u00e3o respondeu \u00e0 heresia com sil\u00eancio, mas com ouro, incenso, madeira entalhada e sangue de m\u00e1rtires. Esse tempo foi o Barroco espanhol. Muitos o veem apenas como um estilo art\u00edstico excessivamente ornamentado. Mas o Barroco n\u00e3o foi um capricho &hellip;<\/p>\n","protected":false},"author":3,"featured_media":5111,"comment_status":"closed","ping_status":"closed","sticky":false,"template":"","format":"standard","meta":{"_seopress_robots_primary_cat":"","_seopress_titles_title":"","_seopress_titles_desc":"","_seopress_robots_index":"","footnotes":""},"categories":[66,41],"tags":[1781],"class_list":["post-5110","post","type-post","status-publish","format-standard","has-post-thumbnail","","category-cultura-popular-e-catolicismo","category-fe-e-cultura","tag-barroco-espanhol"],"_links":{"self":[{"href":"https:\/\/catholicus.eu\/pt\/wp-json\/wp\/v2\/posts\/5110","targetHints":{"allow":["GET"]}}],"collection":[{"href":"https:\/\/catholicus.eu\/pt\/wp-json\/wp\/v2\/posts"}],"about":[{"href":"https:\/\/catholicus.eu\/pt\/wp-json\/wp\/v2\/types\/post"}],"author":[{"embeddable":true,"href":"https:\/\/catholicus.eu\/pt\/wp-json\/wp\/v2\/users\/3"}],"replies":[{"embeddable":true,"href":"https:\/\/catholicus.eu\/pt\/wp-json\/wp\/v2\/comments?post=5110"}],"version-history":[{"count":1,"href":"https:\/\/catholicus.eu\/pt\/wp-json\/wp\/v2\/posts\/5110\/revisions"}],"predecessor-version":[{"id":5112,"href":"https:\/\/catholicus.eu\/pt\/wp-json\/wp\/v2\/posts\/5110\/revisions\/5112"}],"wp:featuredmedia":[{"embeddable":true,"href":"https:\/\/catholicus.eu\/pt\/wp-json\/wp\/v2\/media\/5111"}],"wp:attachment":[{"href":"https:\/\/catholicus.eu\/pt\/wp-json\/wp\/v2\/media?parent=5110"}],"wp:term":[{"taxonomy":"category","embeddable":true,"href":"https:\/\/catholicus.eu\/pt\/wp-json\/wp\/v2\/categories?post=5110"},{"taxonomy":"post_tag","embeddable":true,"href":"https:\/\/catholicus.eu\/pt\/wp-json\/wp\/v2\/tags?post=5110"}],"curies":[{"name":"wp","href":"https:\/\/api.w.org\/{rel}","templated":true}]}}