{"id":5107,"date":"2026-02-25T21:19:46","date_gmt":"2026-02-25T20:19:46","guid":{"rendered":"https:\/\/catholicus.eu\/pt\/?p=5107"},"modified":"2026-02-25T21:20:06","modified_gmt":"2026-02-25T20:20:06","slug":"sao-tito-brandsma-o-martir-que-desafiou-o-nazismo-com-a-forca-do-carmelo","status":"publish","type":"post","link":"https:\/\/catholicus.eu\/pt\/sao-tito-brandsma-o-martir-que-desafiou-o-nazismo-com-a-forca-do-carmelo\/","title":{"rendered":"S\u00e3o Tito Brandsma: O m\u00e1rtir que desafiou o nazismo com a for\u00e7a do Carmelo"},"content":{"rendered":"\n<p>Num s\u00e9culo marcado por ideologias totalit\u00e1rias, guerras mundiais e uma profunda crise espiritual, Deus suscitou testemunhas luminosas. Uma delas foi <strong>S\u00e3o Tito Brandsma<\/strong>, carmelita, jornalista, professor universit\u00e1rio e m\u00e1rtir do nazismo. A sua vida \u00e9 um grito silencioso que atravessa o tempo: \u00e9 poss\u00edvel resistir ao mal sem \u00f3dio, defender a verdade sem viol\u00eancia, morrer perdoando.<\/p>\n\n\n\n<p>Hoje, quando a verdade volta a ser manipulada, a liberdade religiosa \u00e9 questionada e muitos crist\u00e3os sentem a press\u00e3o de calar a sua f\u00e9, a figura de S\u00e3o Tito torna-se surpreendentemente atual.<\/p>\n\n\n\n<p>Este artigo n\u00e3o \u00e9 apenas uma biografia. \u00c9 um convite. Um guia espiritual. Um chamado \u00e0 coer\u00eancia.<\/p>\n\n\n\n<hr class=\"wp-block-separator has-alpha-channel-opacity\"\/>\n\n\n\n<h2 class=\"wp-block-heading\">1. Um filho do Carmelo em terra protestante<\/h2>\n\n\n\n<p>Tito Brandsma nasceu em 1881, nos Pa\u00edses Baixos, numa fam\u00edlia camponesa profundamente cat\u00f3lica, num ambiente maioritariamente protestante. Desde pequeno respirou uma f\u00e9 vivida, concreta, sacrificada. N\u00e3o era uma f\u00e9 cultural; era uma f\u00e9 consciente.<\/p>\n\n\n\n<p>Entrou na Ordem do Carmo e tomou o nome de Tito. O Carmelo, escola de ora\u00e7\u00e3o e contempla\u00e7\u00e3o, marcou para sempre a sua espiritualidade. O seu amor por <strong>Santa Teresa de \u00c1vila<\/strong> e <strong>S\u00e3o Jo\u00e3o da Cruz<\/strong> n\u00e3o foi meramente acad\u00e9mico. Ele compreendia que a m\u00edstica n\u00e3o \u00e9 evas\u00e3o, mas profundidade; n\u00e3o \u00e9 fuga do mundo, mas raiz para o transformar.<\/p>\n\n\n\n<p>Mais tarde tornou-se professor e reitor da Universidade Cat\u00f3lica de Nimega. Intelectual brilhante, historiador, fil\u00f3sofo, jornalista. Mas, acima de tudo: sacerdote.<\/p>\n\n\n\n<hr class=\"wp-block-separator has-alpha-channel-opacity\"\/>\n\n\n\n<h2 class=\"wp-block-heading\">2. Quando a verdade tem um pre\u00e7o<\/h2>\n\n\n\n<p>Na d\u00e9cada de 1930, o nazismo espalhava-se pela Europa. Em 1940, os Pa\u00edses Baixos foram invadidos pela Alemanha de <strong>Adolf Hitler<\/strong>.<\/p>\n\n\n\n<p>O regime exigia que os jornais cat\u00f3licos publicassem propaganda nazi. Tito, como conselheiro eclesi\u00e1stico da imprensa cat\u00f3lica, transmitiu a instru\u00e7\u00e3o clara dos bispos: <strong>n\u00e3o colaborar com a mentira<\/strong>.<\/p>\n\n\n\n<p>Ele sabia o que estava a fazer. Conhecia as consequ\u00eancias.<\/p>\n\n\n\n<p>Foi preso em 1942. Interrogado. Humilhado. Transferido por v\u00e1rias pris\u00f5es at\u00e9 chegar ao campo de concentra\u00e7\u00e3o de <strong>Dachau<\/strong>.<\/p>\n\n\n\n<p>Ali, entre o frio, a fome e as torturas, nunca deixou de ser sacerdote. Ouvia confiss\u00f5es clandestinamente. Encorajava os prisioneiros. Rezava. Consolava.<\/p>\n\n\n\n<p>No dia 26 de julho de 1942, foi assassinado por inje\u00e7\u00e3o letal.<\/p>\n\n\n\n<p>Mas a sua morte n\u00e3o foi derrota. Foi oferta.<\/p>\n\n\n\n<hr class=\"wp-block-separator has-alpha-channel-opacity\"\/>\n\n\n\n<h2 class=\"wp-block-heading\">3. A teologia do seu mart\u00edrio: verdade, liberdade e caridade<\/h2>\n\n\n\n<p>O mart\u00edrio de S\u00e3o Tito n\u00e3o foi uma rea\u00e7\u00e3o pol\u00edtica. Foi uma consequ\u00eancia teol\u00f3gica.<\/p>\n\n\n\n<h3 class=\"wp-block-heading\">a) A verdade n\u00e3o \u00e9 negoci\u00e1vel<\/h3>\n\n\n\n<p>Jesus diz:<\/p>\n\n\n\n<blockquote class=\"wp-block-quote is-layout-flow wp-block-quote-is-layout-flow\">\n<p>\u201cA verdade vos libertar\u00e1\u201d (Jo 8,32).<\/p>\n<\/blockquote>\n\n\n\n<p>S\u00e3o Tito compreendeu que, quando a imprensa mente sistematicamente, a alma de um povo se corrompe. Defender a verdade era um ato de caridade. Porque a mentira n\u00e3o apenas engana; escraviza.<\/p>\n\n\n\n<p>Hoje, na era da p\u00f3s-verdade, das fake news e da manipula\u00e7\u00e3o ideol\u00f3gica, o seu testemunho interpela diretamente jornalistas, comunicadores e tamb\u00e9m cada crist\u00e3o que partilha conte\u00fados sem discernimento.<\/p>\n\n\n\n<p>A verdade n\u00e3o \u00e9 uma opini\u00e3o. \u00c9 uma Pessoa: Cristo.<\/p>\n\n\n\n<h3 class=\"wp-block-heading\">b) A liberdade crist\u00e3 diante do totalitarismo<\/h3>\n\n\n\n<p>O nazismo n\u00e3o queria apenas dominar territ\u00f3rios; queria dominar consci\u00eancias. O cristianismo afirma que a consci\u00eancia pertence a Deus.<\/p>\n\n\n\n<p>S\u00e3o Tito n\u00e3o morreu por uma ideologia pol\u00edtica, mas pela liberdade interior que brota do Evangelho.<\/p>\n\n\n\n<p>S\u00e3o Paulo expressa-o assim:<\/p>\n\n\n\n<blockquote class=\"wp-block-quote is-layout-flow wp-block-quote-is-layout-flow\">\n<p>\u201cFoi para a liberdade que Cristo nos libertou\u201d (Gl 5,1).<\/p>\n<\/blockquote>\n\n\n\n<p>O totalitarismo moderno nem sempre usa uniforme. \u00c0s vezes apresenta-se como corre\u00e7\u00e3o pol\u00edtica, como press\u00e3o cultural, como exclus\u00e3o social. Mas o princ\u00edpio \u00e9 o mesmo: silenciar a verdade revelada.<\/p>\n\n\n\n<p>S\u00e3o Tito ensina-nos que um crist\u00e3o pode perder tudo\u2026 menos a liberdade interior.<\/p>\n\n\n\n<h3 class=\"wp-block-heading\">c) A caridade heroica: perdoar o carrasco<\/h3>\n\n\n\n<p>Um dos epis\u00f3dios mais comoventes da sua vida aconteceu em Dachau. A enfermeira que lhe administrou a inje\u00e7\u00e3o letal declarou mais tarde que Tito lhe ofereceu o seu ros\u00e1rio e lhe disse:<\/p>\n\n\n\n<p>\u201cReze por mim.\u201d<\/p>\n\n\n\n<p>Ela n\u00e3o era cat\u00f3lica. Anos depois, o seu testemunho contribuiria para a causa de beatifica\u00e7\u00e3o.<\/p>\n\n\n\n<p>Aqui est\u00e1 o cora\u00e7\u00e3o do cristianismo. N\u00e3o \u00e9 resist\u00eancia com \u00f3dio. \u00c9 resist\u00eancia com caridade.<\/p>\n\n\n\n<p>Jesus disse:<\/p>\n\n\n\n<blockquote class=\"wp-block-quote is-layout-flow wp-block-quote-is-layout-flow\">\n<p>\u201cAmai os vossos inimigos\u201d (Mt 5,44).<\/p>\n<\/blockquote>\n\n\n\n<p>S\u00e3o Tito n\u00e3o apenas o pregou. Viveu-o.<\/p>\n\n\n\n<hr class=\"wp-block-separator has-alpha-channel-opacity\"\/>\n\n\n\n<h2 class=\"wp-block-heading\">4. O Carmelo no campo de concentra\u00e7\u00e3o<\/h2>\n\n\n\n<p>O mais impressionante na sua figura \u00e9 que nunca deixou de ser contemplativo.<\/p>\n\n\n\n<p>A espiritualidade carmelita ensina que a alma pode viver unida a Deus no meio do sofrimento. Como <strong>Santa Teresa de Lisieux<\/strong>, compreendeu que a santidade se joga no pequeno, no quotidiano, no escondido.<\/p>\n\n\n\n<p>Em Dachau escreveu:<\/p>\n\n\n\n<p>\u201cSinto-me feliz e em paz.\u201d<\/p>\n\n\n\n<p>Como isso \u00e9 poss\u00edvel? Porque a sua identidade n\u00e3o dependia das circunst\u00e2ncias externas, mas da sua uni\u00e3o com Cristo crucificado.<\/p>\n\n\n\n<p>Aqui est\u00e1 uma li\u00e7\u00e3o fundamental para o nosso tempo:<br>O crist\u00e3o que n\u00e3o cultiva a vida interior ser\u00e1 arrastado por qualquer vento ideol\u00f3gico.<\/p>\n\n\n\n<hr class=\"wp-block-separator has-alpha-channel-opacity\"\/>\n\n\n\n<h2 class=\"wp-block-heading\">5. Atualidade: O que nos diz hoje S\u00e3o Tito Brandsma?<\/h2>\n\n\n\n<p>Vivemos numa \u00e9poca em que:<\/p>\n\n\n\n<ul class=\"wp-block-list\">\n<li>A f\u00e9 \u00e9 ridicularizada.<\/li>\n\n\n\n<li>Os crist\u00e3os s\u00e3o pressionados a silenciar as suas convic\u00e7\u00f5es.<\/li>\n\n\n\n<li>A verdade \u00e9 relativizada.<\/li>\n\n\n\n<li>A informa\u00e7\u00e3o \u00e9 manipulada.<\/li>\n<\/ul>\n\n\n\n<p>S\u00e3o Tito oferece-nos tr\u00eas caminhos concretos:<\/p>\n\n\n\n<h3 class=\"wp-block-heading\">1. Forma\u00e7\u00e3o s\u00f3lida<\/h3>\n\n\n\n<p>Ele era um intelectual s\u00e9rio. N\u00e3o improvisava. Hoje o cat\u00f3lico precisa de forma\u00e7\u00e3o doutrinal profunda para n\u00e3o se deixar confundir.<\/p>\n\n\n\n<p>N\u00e3o basta \u201csentir\u201d a f\u00e9. \u00c9 preciso conhec\u00ea-la.<\/p>\n\n\n\n<h3 class=\"wp-block-heading\">2. Coer\u00eancia p\u00fablica<\/h3>\n\n\n\n<p>N\u00e3o separou f\u00e9 e vida. N\u00e3o disse: \u201cA minha espiritualidade \u00e9 privada.\u201d Compreendeu que o Evangelho tem consequ\u00eancias sociais.<\/p>\n\n\n\n<p>Tu, no teu trabalho, na tua empresa, no teu ambiente (especialmente se tens responsabilidade sobre outras pessoas), podes criar um clima de verdade e dignidade humana.<\/p>\n\n\n\n<p>A santidade tamb\u00e9m se vive na gest\u00e3o, na justi\u00e7a laboral, no respeito, na honestidade comercial.<\/p>\n\n\n\n<h3 class=\"wp-block-heading\">3. Vida interior profunda<\/h3>\n\n\n\n<p>Sem ora\u00e7\u00e3o n\u00e3o h\u00e1 resist\u00eancia. Sem sacramentos n\u00e3o h\u00e1 perseveran\u00e7a.<\/p>\n\n\n\n<p>S\u00e3o Tito resistiu porque rezava.<\/p>\n\n\n\n<hr class=\"wp-block-separator has-alpha-channel-opacity\"\/>\n\n\n\n<h2 class=\"wp-block-heading\">6. Um guia pastoral para aplicar o seu exemplo hoje<\/h2>\n\n\n\n<p>Eis uma proposta concreta inspirada na sua vida:<\/p>\n\n\n\n<h3 class=\"wp-block-heading\">\ud83d\udd4a Pratica o discernimento informativo<\/h3>\n\n\n\n<p>Antes de partilhares uma not\u00edcia, pergunta-te:<\/p>\n\n\n\n<ul class=\"wp-block-list\">\n<li>\u00c9 verdadeira?<\/li>\n\n\n\n<li>Edifica?<\/li>\n\n\n\n<li>Respeita a dignidade humana?<\/li>\n<\/ul>\n\n\n\n<h3 class=\"wp-block-heading\">\ud83d\udcd6 Aprofunda a doutrina<\/h3>\n\n\n\n<p>Dedica tempo semanal \u00e0 leitura do Catecismo ou de textos espirituais carmelitas.<\/p>\n\n\n\n<h3 class=\"wp-block-heading\">\ud83d\ude4f Fortalece a tua vida de ora\u00e7\u00e3o<\/h3>\n\n\n\n<p>Quinze minutos de sil\u00eancio di\u00e1rio podem transformar a tua estabilidade interior.<\/p>\n\n\n\n<h3 class=\"wp-block-heading\">\u271d Aprende a sofrer crist\u00e3mente<\/h3>\n\n\n\n<p>Nem toda oposi\u00e7\u00e3o \u00e9 persegui\u00e7\u00e3o, mas toda dificuldade pode ser oferecida a Deus.<\/p>\n\n\n\n<h3 class=\"wp-block-heading\">\u2764\ufe0f Perdoa ativamente<\/h3>\n\n\n\n<p>O crist\u00e3o n\u00e3o vence esmagando. Vence amando.<\/p>\n\n\n\n<hr class=\"wp-block-separator has-alpha-channel-opacity\"\/>\n\n\n\n<h2 class=\"wp-block-heading\">7. Canoniza\u00e7\u00e3o e legado<\/h2>\n\n\n\n<p>S\u00e3o Tito foi beatificado por <strong>Papa Jo\u00e3o Paulo II<\/strong> em 1985 e canonizado por <strong>Papa Francisco<\/strong> em 2022.<\/p>\n\n\n\n<p>A sua canoniza\u00e7\u00e3o n\u00e3o \u00e9 um gesto pol\u00edtico. \u00c9 uma mensagem prof\u00e9tica: a Igreja reconhece como modelo aquele que defendeu a verdade diante do totalitarismo moderno.<\/p>\n\n\n\n<p>N\u00e3o foi um ativista. Foi um contemplativo comprometido.<\/p>\n\n\n\n<hr class=\"wp-block-separator has-alpha-channel-opacity\"\/>\n\n\n\n<h1 class=\"wp-block-heading\">Conclus\u00e3o: Seremos crist\u00e3os confort\u00e1veis ou testemunhas corajosas?<\/h1>\n\n\n\n<p>S\u00e3o Tito Brandsma lan\u00e7a-nos uma pergunta inc\u00f3moda:<\/p>\n\n\n\n<p>Calamo-nos para evitar problemas?<br>Negociamos a verdade para preservar o conforto?<br>Separamos f\u00e9 e vida por medo?<\/p>\n\n\n\n<p>O mundo n\u00e3o precisa de crist\u00e3os agressivos.<br>Precisa de crist\u00e3os coerentes.<br>Firmes. Serenos. Orantes.<\/p>\n\n\n\n<p>O mart\u00edrio n\u00e3o ser\u00e1 sempre de sangue.<br>\u00c0s vezes ser\u00e1 de reputa\u00e7\u00e3o.<br>De zombaria.<br>De exclus\u00e3o.<\/p>\n\n\n\n<p>Mas Cristo continua a dizer:<\/p>\n\n\n\n<blockquote class=\"wp-block-quote is-layout-flow wp-block-quote-is-layout-flow\">\n<p>\u201cSe o gr\u00e3o de trigo, ca\u00eddo na terra, n\u00e3o morrer, fica s\u00f3; mas se morrer, d\u00e1 muito fruto\u201d (Jo 12,24).<\/p>\n<\/blockquote>\n\n\n\n<p>S\u00e3o Tito caiu em Dachau.<br>E o seu fruto continua a crescer.<\/p>\n\n\n\n<p>Que o seu exemplo nos ajude a viver uma f\u00e9 profunda, bem formada e corajosa.<br>Uma f\u00e9 que n\u00e3o grita, mas tamb\u00e9m n\u00e3o se esconde.<br>Uma f\u00e9 que ama a verdade mais do que o conforto.<\/p>\n\n\n\n<p>Porque, no fim, s\u00f3 a verdade salva.<br>E s\u00f3 o amor vence.<\/p>\n","protected":false},"excerpt":{"rendered":"<p>Num s\u00e9culo marcado por ideologias totalit\u00e1rias, guerras mundiais e uma profunda crise espiritual, Deus suscitou testemunhas luminosas. Uma delas foi S\u00e3o Tito Brandsma, carmelita, jornalista, professor universit\u00e1rio e m\u00e1rtir do nazismo. A sua vida \u00e9 um grito silencioso que atravessa o tempo: \u00e9 poss\u00edvel resistir ao mal sem \u00f3dio, defender a verdade sem viol\u00eancia, morrer &hellip;<\/p>\n","protected":false},"author":3,"featured_media":5108,"comment_status":"closed","ping_status":"closed","sticky":false,"template":"","format":"standard","meta":{"_seopress_robots_primary_cat":"","_seopress_titles_title":"","_seopress_titles_desc":"","_seopress_robots_index":"","footnotes":""},"categories":[41,67],"tags":[1780],"class_list":["post-5107","post","type-post","status-publish","format-standard","has-post-thumbnail","","category-fe-e-cultura","category-testemunhos-de-fe","tag-sao-tito-brandsma"],"_links":{"self":[{"href":"https:\/\/catholicus.eu\/pt\/wp-json\/wp\/v2\/posts\/5107","targetHints":{"allow":["GET"]}}],"collection":[{"href":"https:\/\/catholicus.eu\/pt\/wp-json\/wp\/v2\/posts"}],"about":[{"href":"https:\/\/catholicus.eu\/pt\/wp-json\/wp\/v2\/types\/post"}],"author":[{"embeddable":true,"href":"https:\/\/catholicus.eu\/pt\/wp-json\/wp\/v2\/users\/3"}],"replies":[{"embeddable":true,"href":"https:\/\/catholicus.eu\/pt\/wp-json\/wp\/v2\/comments?post=5107"}],"version-history":[{"count":1,"href":"https:\/\/catholicus.eu\/pt\/wp-json\/wp\/v2\/posts\/5107\/revisions"}],"predecessor-version":[{"id":5109,"href":"https:\/\/catholicus.eu\/pt\/wp-json\/wp\/v2\/posts\/5107\/revisions\/5109"}],"wp:featuredmedia":[{"embeddable":true,"href":"https:\/\/catholicus.eu\/pt\/wp-json\/wp\/v2\/media\/5108"}],"wp:attachment":[{"href":"https:\/\/catholicus.eu\/pt\/wp-json\/wp\/v2\/media?parent=5107"}],"wp:term":[{"taxonomy":"category","embeddable":true,"href":"https:\/\/catholicus.eu\/pt\/wp-json\/wp\/v2\/categories?post=5107"},{"taxonomy":"post_tag","embeddable":true,"href":"https:\/\/catholicus.eu\/pt\/wp-json\/wp\/v2\/tags?post=5107"}],"curies":[{"name":"wp","href":"https:\/\/api.w.org\/{rel}","templated":true}]}}