{"id":5076,"date":"2026-02-22T15:00:47","date_gmt":"2026-02-22T14:00:47","guid":{"rendered":"https:\/\/catholicus.eu\/pt\/?p=5076"},"modified":"2026-02-22T15:00:47","modified_gmt":"2026-02-22T14:00:47","slug":"iluminismo-ou-confusao-filosofia-moderna-e-catolicismo-a-batalha-pela-alma-do-homem","status":"publish","type":"post","link":"https:\/\/catholicus.eu\/pt\/iluminismo-ou-confusao-filosofia-moderna-e-catolicismo-a-batalha-pela-alma-do-homem\/","title":{"rendered":"Iluminismo ou Confus\u00e3o? Filosofia Moderna e Catolicismo: A Batalha pela Alma do Homem"},"content":{"rendered":"\n<p>Vivemos numa \u00e9poca fascinante e perigosa. Nunca o ser humano teve tanto acesso ao conhecimento, e nunca esteve t\u00e3o confuso sobre o essencial: quem \u00e9, de onde vem e para onde vai. A filosofia moderna moldou profundamente a nossa cultura, as nossas leis, a nossa maneira de pensar\u2026 e, muitas vezes sem que percebamos, at\u00e9 a nossa forma de crer.<\/p>\n\n\n\n<p>Mas aqui surge a grande pergunta:<br>A filosofia moderna \u00e9 inimiga do Catolicismo? Ou pode ser purificada, assumida e elevada pela f\u00e9?<\/p>\n\n\n\n<p>Este artigo n\u00e3o pretende demonizar nem idealizar, mas oferecer um discernimento rigoroso, teol\u00f3gico e pastoral. Porque o que est\u00e1 em jogo n\u00e3o \u00e9 uma discuss\u00e3o acad\u00eamica, mas a tua alma.<\/p>\n\n\n\n<blockquote class=\"wp-block-quote is-layout-flow wp-block-quote-is-layout-flow\">\n<p>\u00abVede que ningu\u00e9m vos escravize por meio de filosofias e v\u00e3s sutilezas, segundo a tradi\u00e7\u00e3o dos homens\u2026 e n\u00e3o segundo Cristo.\u00bb (Colossenses 2,8)<\/p>\n<\/blockquote>\n\n\n\n<p>S\u00e3o Paulo n\u00e3o condena a filosofia em si mesma. Ele condena a filosofia que se separa de Cristo.<\/p>\n\n\n\n<hr class=\"wp-block-separator has-alpha-channel-opacity\"\/>\n\n\n\n<h2 class=\"wp-block-heading\">1. O que entendemos por \u201cfilosofia moderna\u201d?<\/h2>\n\n\n\n<p>A filosofia moderna nasce na Europa entre os s\u00e9culos XVI e XVIII. Representa uma virada radical em rela\u00e7\u00e3o \u00e0 filosofia cl\u00e1ssica (Plat\u00e3o, Arist\u00f3teles) e medieval (especialmente S\u00e3o Tom\u00e1s de Aquino).<\/p>\n\n\n\n<p>Se a filosofia cl\u00e1ssica perguntava:<br><strong>O que \u00e9 a realidade?<\/strong><\/p>\n\n\n\n<p>A moderna come\u00e7a perguntando:<br><strong>O que posso conhecer?<\/strong><\/p>\n\n\n\n<p>Essa mudan\u00e7a pode parecer t\u00e9cnica, mas \u00e9 revolucion\u00e1ria.<\/p>\n\n\n\n<p>Alguns nomes-chave:<\/p>\n\n\n\n<ul class=\"wp-block-list\">\n<li>Ren\u00e9 Descartes (1596\u20131650)<\/li>\n\n\n\n<li>Immanuel Kant (1724\u20131804)<\/li>\n\n\n\n<li>David Hume (1711\u20131776)<\/li>\n\n\n\n<li>Jean-Jacques Rousseau (1712\u20131778)<\/li>\n\n\n\n<li>Georg Wilhelm Friedrich Hegel (1770\u20131831)<\/li>\n<\/ul>\n\n\n\n<p>O que eles t\u00eam em comum? O deslocamento do centro de Deus e do ser para o sujeito humano.<\/p>\n\n\n\n<hr class=\"wp-block-separator has-alpha-channel-opacity\"\/>\n\n\n\n<h2 class=\"wp-block-heading\">2. Do \u201cSer\u201d ao \u201cEu\u201d: O nascimento do subjetivismo<\/h2>\n\n\n\n<h3 class=\"wp-block-heading\">Descartes e a d\u00favida met\u00f3dica<\/h3>\n\n\n\n<p>Ren\u00e9 Descartes inicia o seu sistema com a famosa frase:<br><strong>\u00abCogito, ergo sum\u00bb<\/strong> (Penso, logo existo).<\/p>\n\n\n\n<p>O ponto de partida j\u00e1 n\u00e3o \u00e9 a realidade objetiva, mas a consci\u00eancia individual.<br>A certeza nasce do eu, n\u00e3o do ser.<\/p>\n\n\n\n<p>Isso inaugura um processo hist\u00f3rico que culminar\u00e1 em:<\/p>\n\n\n\n<ul class=\"wp-block-list\">\n<li>Subjetivismo moral (\u00abo importante \u00e9 o que eu sinto\u00bb)<\/li>\n\n\n\n<li>Relativismo (\u00abcada um tem a sua verdade\u00bb)<\/li>\n\n\n\n<li>Individualismo radical<\/li>\n<\/ul>\n\n\n\n<p>A f\u00e9 cat\u00f3lica, ao contr\u00e1rio, parte de uma verdade revelada que n\u00e3o depende da minha percep\u00e7\u00e3o.<\/p>\n\n\n\n<blockquote class=\"wp-block-quote is-layout-flow wp-block-quote-is-layout-flow\">\n<p>\u00abJesus Cristo \u00e9 o mesmo ontem, hoje e para sempre.\u00bb (Hebreus 13,8)<\/p>\n<\/blockquote>\n\n\n\n<p>A verdade n\u00e3o muda conforme o sujeito.<\/p>\n\n\n\n<hr class=\"wp-block-separator has-alpha-channel-opacity\"\/>\n\n\n\n<h2 class=\"wp-block-heading\">3. Kant e o limite do conhecimento: um Deus incognosc\u00edvel?<\/h2>\n\n\n\n<p>Immanuel Kant sustentava que n\u00e3o podemos conhecer a \u201ccoisa em si\u201d, mas apenas os fen\u00f4menos.<br>Isso implica que Deus n\u00e3o pode ser conhecido racionalmente, mas apenas postulado moralmente.<\/p>\n\n\n\n<p>Aqui se abre uma fratura profunda:<\/p>\n\n\n\n<ul class=\"wp-block-list\">\n<li>A teologia cat\u00f3lica afirma que a raz\u00e3o pode conhecer a exist\u00eancia de Deus (cf. Romanos 1,20).<\/li>\n\n\n\n<li>Kant limita a raz\u00e3o ao \u00e2mbito emp\u00edrico.<\/li>\n<\/ul>\n\n\n\n<p>Essa abordagem preparou o terreno para o agnosticismo moderno.<\/p>\n\n\n\n<p>Contudo, a Igreja nunca temeu a raz\u00e3o. Pelo contr\u00e1rio.<br>S\u00e3o Tom\u00e1s ensinava que f\u00e9 e raz\u00e3o s\u00e3o duas asas que elevam o esp\u00edrito humano \u00e0 verdade.<\/p>\n\n\n\n<p>A ruptura moderna entre f\u00e9 e raz\u00e3o \u00e9 um dos grandes dramas do nosso tempo.<\/p>\n\n\n\n<hr class=\"wp-block-separator has-alpha-channel-opacity\"\/>\n\n\n\n<h2 class=\"wp-block-heading\">4. Rousseau e o mito da bondade natural<\/h2>\n\n\n\n<p>Rousseau afirmava que o homem \u00e9 naturalmente bom e que a sociedade o corrompe.<\/p>\n\n\n\n<p>A f\u00e9 cat\u00f3lica ensina algo mais realista e profundo:<\/p>\n\n\n\n<ul class=\"wp-block-list\">\n<li>O homem foi criado bom.<\/li>\n\n\n\n<li>Mas est\u00e1 ferido pelo pecado original.<\/li>\n<\/ul>\n\n\n\n<p>Negar o pecado original leva a ideologias ut\u00f3picas que acreditam que basta mudar as estruturas externas para redimir o homem.<\/p>\n\n\n\n<p>A hist\u00f3ria do s\u00e9culo XX demonstrou tragicamente o contr\u00e1rio.<\/p>\n\n\n\n<p>O problema do mundo n\u00e3o est\u00e1 primeiro nas estruturas, mas no cora\u00e7\u00e3o humano.<\/p>\n\n\n\n<blockquote class=\"wp-block-quote is-layout-flow wp-block-quote-is-layout-flow\">\n<p>\u00abDo cora\u00e7\u00e3o procedem os maus pensamentos\u2026\u00bb (Mateus 15,19)<\/p>\n<\/blockquote>\n\n\n\n<hr class=\"wp-block-separator has-alpha-channel-opacity\"\/>\n\n\n\n<h2 class=\"wp-block-heading\">5. Hegel e a hist\u00f3ria sem transcend\u00eancia<\/h2>\n\n\n\n<p>Hegel prop\u00f4s uma vis\u00e3o dial\u00e9tica da hist\u00f3ria como progresso inevit\u00e1vel do esp\u00edrito absoluto.<\/p>\n\n\n\n<p>Muitos sistemas pol\u00edticos modernos se inspiram nessa ideia de progresso necess\u00e1rio.<\/p>\n\n\n\n<p>O problema \u00e9 que a Provid\u00eancia \u00e9 substitu\u00edda pelo processo hist\u00f3rico.<\/p>\n\n\n\n<p>Para o Catolicismo:<\/p>\n\n\n\n<ul class=\"wp-block-list\">\n<li>A hist\u00f3ria tem sentido.<\/li>\n\n\n\n<li>Mas n\u00e3o \u00e9 autom\u00e1tica.<\/li>\n\n\n\n<li>Est\u00e1 aberta \u00e0 liberdade humana.<\/li>\n\n\n\n<li>Culmina em Cristo.<\/li>\n<\/ul>\n\n\n\n<p>A salva\u00e7\u00e3o n\u00e3o \u00e9 fruto de uma dial\u00e9tica, mas da Cruz.<\/p>\n\n\n\n<hr class=\"wp-block-separator has-alpha-channel-opacity\"\/>\n\n\n\n<h2 class=\"wp-block-heading\">6. As consequ\u00eancias culturais atuais<\/h2>\n\n\n\n<p>A filosofia moderna influenciou:<\/p>\n\n\n\n<ul class=\"wp-block-list\">\n<li>O secularismo<\/li>\n\n\n\n<li>O relativismo moral<\/li>\n\n\n\n<li>O cientificismo<\/li>\n\n\n\n<li>O emotivismo \u00e9tico<\/li>\n\n\n\n<li>A perda do sentido do sagrado<\/li>\n<\/ul>\n\n\n\n<p>Hoje vivemos numa cultura onde:<\/p>\n\n\n\n<ul class=\"wp-block-list\">\n<li>A verdade \u00e9 opini\u00e3o.<\/li>\n\n\n\n<li>O bem \u00e9 prefer\u00eancia.<\/li>\n\n\n\n<li>A identidade \u00e9 constru\u00e7\u00e3o.<\/li>\n\n\n\n<li>A liberdade \u00e9 autodetermina\u00e7\u00e3o sem refer\u00eancia \u00e0 verdade.<\/li>\n<\/ul>\n\n\n\n<p>Mas a liberdade sem verdade torna-se escravid\u00e3o.<\/p>\n\n\n\n<hr class=\"wp-block-separator has-alpha-channel-opacity\"\/>\n\n\n\n<h2 class=\"wp-block-heading\">7. O cat\u00f3lico deve rejeitar toda a filosofia moderna?<\/h2>\n\n\n\n<p>Aqui devemos ser rigorosos e justos.<\/p>\n\n\n\n<p>A Igreja n\u00e3o rejeita a filosofia moderna em bloco.<br>Ela dialogou criticamente com ela.<\/p>\n\n\n\n<p>Por exemplo:<\/p>\n\n\n\n<ul class=\"wp-block-list\">\n<li>Reconhece a import\u00e2ncia da consci\u00eancia pessoal.<\/li>\n\n\n\n<li>Valoriza a dignidade do sujeito.<\/li>\n\n\n\n<li>Defende a liberdade aut\u00eantica.<\/li>\n<\/ul>\n\n\n\n<p>Mas purifica o que se desvia.<\/p>\n\n\n\n<p>O erro n\u00e3o est\u00e1 em refletir sobre o sujeito.<br>O erro est\u00e1 em absolutiz\u00e1-lo.<\/p>\n\n\n\n<p>A verdade n\u00e3o nasce do homem.<br>O homem nasce para a verdade.<\/p>\n\n\n\n<hr class=\"wp-block-separator has-alpha-channel-opacity\"\/>\n\n\n\n<h2 class=\"wp-block-heading\">8. A resposta teol\u00f3gica: recuperar o realismo crist\u00e3o<\/h2>\n\n\n\n<p>A tradi\u00e7\u00e3o cat\u00f3lica prop\u00f5e um realismo ontol\u00f3gico:<\/p>\n\n\n\n<ul class=\"wp-block-list\">\n<li>A realidade existe independentemente da minha mente.<\/li>\n\n\n\n<li>A verdade \u00e9 a adequa\u00e7\u00e3o do intelecto \u00e0 realidade.<\/li>\n\n\n\n<li>Deus \u00e9 o fundamento \u00faltimo do ser.<\/li>\n<\/ul>\n\n\n\n<p>Esse realismo protege:<\/p>\n\n\n\n<ul class=\"wp-block-list\">\n<li>A objetividade moral.<\/li>\n\n\n\n<li>A estabilidade doutrinal.<\/li>\n\n\n\n<li>A dignidade aut\u00eantica da pessoa.<\/li>\n<\/ul>\n\n\n\n<p>Sem verdade objetiva, n\u00e3o h\u00e1 amor verdadeiro.<br>Porque amar \u00e9 querer o bem do outro.<br>E se o bem \u00e9 relativo, o amor esvazia-se.<\/p>\n\n\n\n<hr class=\"wp-block-separator has-alpha-channel-opacity\"\/>\n\n\n\n<h2 class=\"wp-block-heading\">9. Aplica\u00e7\u00f5es pr\u00e1ticas para a tua vida di\u00e1ria<\/h2>\n\n\n\n<p>Este tema n\u00e3o \u00e9 te\u00f3rico. \u00c9 profundamente pastoral.<\/p>\n\n\n\n<h3 class=\"wp-block-heading\">1. Examina os teus pressupostos culturais<\/h3>\n\n\n\n<p>Pergunta-te:<\/p>\n\n\n\n<ul class=\"wp-block-list\">\n<li>Acredito que a verdade depende do que eu sinto?<\/li>\n\n\n\n<li>Penso que a moral \u00e9 relativa?<\/li>\n\n\n\n<li>Separei f\u00e9 e raz\u00e3o na minha vida?<\/li>\n<\/ul>\n\n\n\n<p>A convers\u00e3o come\u00e7a pelo pensamento.<\/p>\n\n\n\n<h3 class=\"wp-block-heading\">2. Forma a tua intelig\u00eancia<\/h3>\n\n\n\n<p>L\u00ea filosofia cl\u00e1ssica e crist\u00e3.<br>Estuda o Catecismo.<br>N\u00e3o tenhas medo de pensar.<\/p>\n\n\n\n<p>A f\u00e9 n\u00e3o \u00e9 sentimentalismo. \u00c9 ades\u00e3o \u00e0 Verdade.<\/p>\n\n\n\n<h3 class=\"wp-block-heading\">3. Recupera a vida sacramental<\/h3>\n\n\n\n<p>A filosofia moderna n\u00e3o se combate apenas com livros, mas com a gra\u00e7a.<\/p>\n\n\n\n<p>Confiss\u00e3o frequente.<br>Eucaristia.<br>Adora\u00e7\u00e3o.<\/p>\n\n\n\n<p>Cristo n\u00e3o \u00e9 uma ideia. \u00c9 uma Pessoa.<\/p>\n\n\n\n<h3 class=\"wp-block-heading\">4. Vive a liberdade como obedi\u00eancia \u00e0 verdade<\/h3>\n\n\n\n<p>A verdadeira liberdade n\u00e3o \u00e9 fazer o que quero, mas fazer o que devo.<\/p>\n\n\n\n<p>Cristo n\u00e3o nos escraviza com a verdade. Ele nos liberta.<\/p>\n\n\n\n<blockquote class=\"wp-block-quote is-layout-flow wp-block-quote-is-layout-flow\">\n<p>\u00abConhecereis a verdade e a verdade vos libertar\u00e1.\u00bb (Jo\u00e3o 8,32)<\/p>\n<\/blockquote>\n\n\n\n<hr class=\"wp-block-separator has-alpha-channel-opacity\"\/>\n\n\n\n<h2 class=\"wp-block-heading\">10. Um discernimento final: crise ou purifica\u00e7\u00e3o?<\/h2>\n\n\n\n<p>A modernidade n\u00e3o \u00e9 apenas decad\u00eancia. \u00c9 tamb\u00e9m uma oportunidade de purifica\u00e7\u00e3o.<\/p>\n\n\n\n<p>Num mundo relativista, o testemunho de uma f\u00e9 firme brilha mais.<\/p>\n\n\n\n<p>Numa cultura subjetiva, a verdade vivida com caridade atrai.<\/p>\n\n\n\n<p>Numa sociedade secularizada, a coer\u00eancia crist\u00e3 evangeliza.<\/p>\n\n\n\n<p>A Igreja atravessou imp\u00e9rios, heresias e revolu\u00e7\u00f5es.<br>Tamb\u00e9m sobreviver\u00e1 \u00e0 modernidade.<\/p>\n\n\n\n<p>Mas precisa de cat\u00f3licos formados, conscientes e profundamente enraizados em Cristo.<\/p>\n\n\n\n<hr class=\"wp-block-separator has-alpha-channel-opacity\"\/>\n\n\n\n<h1 class=\"wp-block-heading\">Conclus\u00e3o: Voltar a Cristo, fundamento eterno<\/h1>\n\n\n\n<p>A filosofia moderna levantou quest\u00f5es leg\u00edtimas.<br>Mas quando o homem se coloca no centro absoluto, acaba por se perder.<\/p>\n\n\n\n<p>O Catolicismo n\u00e3o teme a raz\u00e3o.<br>Eleva-a.<\/p>\n\n\n\n<p>N\u00e3o teme a liberdade.<br>Purifica-a.<\/p>\n\n\n\n<p>N\u00e3o teme o pensamento moderno.<br>Discerni-o.<\/p>\n\n\n\n<p>A grande batalha n\u00e3o \u00e9 entre Igreja e cultura.<br>\u00c9 entre verdade e subjetivismo.<\/p>\n\n\n\n<p>E essa batalha come\u00e7a na tua mente e no teu cora\u00e7\u00e3o.<\/p>\n\n\n\n<p>Mais do que nunca, precisamos de crist\u00e3os que pensem com rigor, amem com profundidade e vivam com coer\u00eancia.<\/p>\n\n\n\n<p>Porque s\u00f3 Cristo responde plenamente \u00e0 inquieta\u00e7\u00e3o moderna.<\/p>\n\n\n\n<p>E como escreveu Santo Agostinho:<\/p>\n\n\n\n<blockquote class=\"wp-block-quote is-layout-flow wp-block-quote-is-layout-flow\">\n<p>\u00abFizeste-nos para Ti, Senhor, e o nosso cora\u00e7\u00e3o est\u00e1 inquieto enquanto n\u00e3o repousa em Ti.\u00bb<\/p>\n<\/blockquote>\n\n\n\n<p>A modernidade procura descanso no eu.<br>A f\u00e9 encontra-o em Deus.<\/p>\n\n\n\n<p>E a\u00ed est\u00e1 a diferen\u00e7a decisiva.<\/p>\n","protected":false},"excerpt":{"rendered":"<p>Vivemos numa \u00e9poca fascinante e perigosa. Nunca o ser humano teve tanto acesso ao conhecimento, e nunca esteve t\u00e3o confuso sobre o essencial: quem \u00e9, de onde vem e para onde vai. A filosofia moderna moldou profundamente a nossa cultura, as nossas leis, a nossa maneira de pensar\u2026 e, muitas vezes sem que percebamos, at\u00e9 &hellip;<\/p>\n","protected":false},"author":3,"featured_media":5077,"comment_status":"closed","ping_status":"closed","sticky":false,"template":"","format":"standard","meta":{"_seopress_robots_primary_cat":"","_seopress_titles_title":"","_seopress_titles_desc":"","_seopress_robots_index":"","footnotes":""},"categories":[41,63],"tags":[],"class_list":["post-5076","post","type-post","status-publish","format-standard","has-post-thumbnail","","category-fe-e-cultura","category-filosofia-e-fe"],"_links":{"self":[{"href":"https:\/\/catholicus.eu\/pt\/wp-json\/wp\/v2\/posts\/5076","targetHints":{"allow":["GET"]}}],"collection":[{"href":"https:\/\/catholicus.eu\/pt\/wp-json\/wp\/v2\/posts"}],"about":[{"href":"https:\/\/catholicus.eu\/pt\/wp-json\/wp\/v2\/types\/post"}],"author":[{"embeddable":true,"href":"https:\/\/catholicus.eu\/pt\/wp-json\/wp\/v2\/users\/3"}],"replies":[{"embeddable":true,"href":"https:\/\/catholicus.eu\/pt\/wp-json\/wp\/v2\/comments?post=5076"}],"version-history":[{"count":2,"href":"https:\/\/catholicus.eu\/pt\/wp-json\/wp\/v2\/posts\/5076\/revisions"}],"predecessor-version":[{"id":5079,"href":"https:\/\/catholicus.eu\/pt\/wp-json\/wp\/v2\/posts\/5076\/revisions\/5079"}],"wp:featuredmedia":[{"embeddable":true,"href":"https:\/\/catholicus.eu\/pt\/wp-json\/wp\/v2\/media\/5077"}],"wp:attachment":[{"href":"https:\/\/catholicus.eu\/pt\/wp-json\/wp\/v2\/media?parent=5076"}],"wp:term":[{"taxonomy":"category","embeddable":true,"href":"https:\/\/catholicus.eu\/pt\/wp-json\/wp\/v2\/categories?post=5076"},{"taxonomy":"post_tag","embeddable":true,"href":"https:\/\/catholicus.eu\/pt\/wp-json\/wp\/v2\/tags?post=5076"}],"curies":[{"name":"wp","href":"https:\/\/api.w.org\/{rel}","templated":true}]}}