{"id":5073,"date":"2026-02-21T12:01:31","date_gmt":"2026-02-21T11:01:31","guid":{"rendered":"https:\/\/catholicus.eu\/pt\/?p=5073"},"modified":"2026-02-21T12:01:31","modified_gmt":"2026-02-21T11:01:31","slug":"sufragios-pelas-santas-almas-por-que-os-antigos-deixavam-fundacoes-e-legados-para-missas-perpetuas","status":"publish","type":"post","link":"https:\/\/catholicus.eu\/pt\/sufragios-pelas-santas-almas-por-que-os-antigos-deixavam-fundacoes-e-legados-para-missas-perpetuas\/","title":{"rendered":"Sufr\u00e1gios pelas Santas Almas: Por que os antigos deixavam \u201cfunda\u00e7\u00f5es\u201d e legados para Missas perp\u00e9tuas"},"content":{"rendered":"\n<p>Em uma \u00e9poca como a nossa, marcada pela imediaticidade, pelo movimento constante e por certa dificuldade em falar sobre a morte, pode parecer estranho que nossos antepassados deixassem em seus testamentos bens, terras, rendas ou \u201cfunda\u00e7\u00f5es\u201d destinados exclusivamente \u00e0 celebra\u00e7\u00e3o de Missas por suas almas \u2014 e inclusive de modo perp\u00e9tuo.<\/p>\n\n\n\n<p>No entanto, por tr\u00e1s dessa pr\u00e1tica encontra-se uma profunda compreens\u00e3o teol\u00f3gica, grande sabedoria espiritual e uma comovente express\u00e3o de f\u00e9 na comunh\u00e3o dos santos. Redescobrir o sentido dos sufr\u00e1gios pelas santas almas n\u00e3o \u00e9 um exerc\u00edcio arqueol\u00f3gico; \u00e9 uma urg\u00eancia pastoral para o homem contempor\u00e2neo.<\/p>\n\n\n\n<hr class=\"wp-block-separator has-alpha-channel-opacity\"\/>\n\n\n\n<h2 class=\"wp-block-heading\">1. O que s\u00e3o os sufr\u00e1gios pelas santas almas?<\/h2>\n\n\n\n<p>Na tradi\u00e7\u00e3o cat\u00f3lica, os <strong>sufr\u00e1gios<\/strong> s\u00e3o ora\u00e7\u00f5es e obras oferecidas a Deus em favor dos falecidos, especialmente daqueles que se encontram no Purgat\u00f3rio.<\/p>\n\n\n\n<p>A palavra \u201csufr\u00e1gio\u201d vem do latim <em>suffragium<\/em>, que significa ajuda, apoio, assist\u00eancia. Trata-se, portanto, de uma ajuda real que a Igreja peregrina oferece \u00e0 Igreja padecente.<\/p>\n\n\n\n<p>A Sagrada Escritura j\u00e1 fundamenta essa pr\u00e1tica. No segundo livro dos Macabeus lemos:<\/p>\n\n\n\n<blockquote class=\"wp-block-quote is-layout-flow wp-block-quote-is-layout-flow\">\n<p>\u201cMandou oferecer este sacrif\u00edcio expiat\u00f3rio pelos mortos, para que fossem libertos do pecado\u201d (2 Macabeus 12,46).<\/p>\n<\/blockquote>\n\n\n\n<p>Esse texto \u00e9 fundamental: n\u00e3o apenas confirma a exist\u00eancia de um estado de purifica\u00e7\u00e3o ap\u00f3s a morte, mas tamb\u00e9m revela que nossas a\u00e7\u00f5es podem beneficiar aqueles que j\u00e1 partiram.<\/p>\n\n\n\n<hr class=\"wp-block-separator has-alpha-channel-opacity\"\/>\n\n\n\n<h2 class=\"wp-block-heading\">2. O fundamento teol\u00f3gico: a comunh\u00e3o dos santos<\/h2>\n\n\n\n<p>A doutrina dos sufr\u00e1gios se apoia em um pilar central do Credo: <strong>a comunh\u00e3o dos santos<\/strong>.<\/p>\n\n\n\n<p>A Igreja n\u00e3o \u00e9 apenas a comunidade vis\u00edvel dos que vivem na terra. Ela \u00e9 composta por:<\/p>\n\n\n\n<ul class=\"wp-block-list\">\n<li>A Igreja militante (n\u00f3s, os peregrinos).<\/li>\n\n\n\n<li>A Igreja padecente (as almas no Purgat\u00f3rio).<\/li>\n\n\n\n<li>A Igreja triunfante (os santos no C\u00e9u).<\/li>\n<\/ul>\n\n\n\n<p>Existe uma verdadeira solidariedade sobrenatural entre esses tr\u00eas estados. O que fazemos em Cristo repercute em todo o Corpo M\u00edstico.<\/p>\n\n\n\n<h3 class=\"wp-block-heading\">Por que podemos ajudar as almas do Purgat\u00f3rio?<\/h3>\n\n\n\n<p>Porque a caridade n\u00e3o morre. E porque o sacrif\u00edcio de Cristo, renovado sacramentalmente na Santa Missa, possui valor infinito.<\/p>\n\n\n\n<p>A Missa n\u00e3o \u00e9 uma simples recorda\u00e7\u00e3o simb\u00f3lica. \u00c9 o mesmo Sacrif\u00edcio do Calv\u00e1rio tornado presente sacramentalmente. Aplicar seus frutos a uma alma concreta \u00e9 um ato de suprema caridade.<\/p>\n\n\n\n<p>Do ponto de vista teol\u00f3gico:<\/p>\n\n\n\n<ul class=\"wp-block-list\">\n<li>As almas do Purgat\u00f3rio j\u00e1 est\u00e3o salvas.<\/li>\n\n\n\n<li>J\u00e1 n\u00e3o podem merecer por si mesmas.<\/li>\n\n\n\n<li>Mas podem beneficiar-se dos m\u00e9ritos de Cristo aplicados pela Igreja.<\/li>\n<\/ul>\n\n\n\n<p>Aqui se encontra o papel essencial dos sufr\u00e1gios.<\/p>\n\n\n\n<hr class=\"wp-block-separator has-alpha-channel-opacity\"\/>\n\n\n\n<h2 class=\"wp-block-heading\">3. O que eram as \u201cfunda\u00e7\u00f5es\u201d e os legados para Missas perp\u00e9tuas?<\/h2>\n\n\n\n<p>Nos s\u00e9culos passados \u2014 especialmente na Idade M\u00e9dia e at\u00e9 boa parte do s\u00e9culo XIX \u2014 era comum que os fi\u00e9is inclu\u00edssem em seus testamentos disposi\u00e7\u00f5es econ\u00f4micas destinadas \u00e0 celebra\u00e7\u00e3o perp\u00e9tua de Missas por sua alma.<\/p>\n\n\n\n<h3 class=\"wp-block-heading\">O que eram as \u201cfunda\u00e7\u00f5es\u201d?<\/h3>\n\n\n\n<p>Uma \u201cfunda\u00e7\u00e3o\u201d era uma disposi\u00e7\u00e3o jur\u00eddica mediante a qual uma pessoa deixava um capital ou bem cujo rendimento anual era destinado ao financiamento de Missas.<\/p>\n\n\n\n<p>Por exemplo:<\/p>\n\n\n\n<ul class=\"wp-block-list\">\n<li>Um terreno era doado a um mosteiro.<\/li>\n\n\n\n<li>Ou se constitu\u00eda uma renda anual.<\/li>\n\n\n\n<li>Ou se deixava um capital cujos juros financiavam uma Missa anual perp\u00e9tua.<\/li>\n<\/ul>\n\n\n\n<p>Essas institui\u00e7\u00f5es eram chamadas de:<\/p>\n\n\n\n<ul class=\"wp-block-list\">\n<li>Capelanias<\/li>\n\n\n\n<li>Obras pias<\/li>\n\n\n\n<li>Mem\u00f3rias perp\u00e9tuas<\/li>\n\n\n\n<li>Funda\u00e7\u00f5es de Missas<\/li>\n<\/ul>\n\n\n\n<p>A inten\u00e7\u00e3o era clara: assegurar um fluxo constante de sufr\u00e1gios pela alma do falecido, mesmo s\u00e9culos ap\u00f3s sua morte.<\/p>\n\n\n\n<hr class=\"wp-block-separator has-alpha-channel-opacity\"\/>\n\n\n\n<h2 class=\"wp-block-heading\">4. Supersti\u00e7\u00e3o ou f\u00e9 profunda?<\/h2>\n\n\n\n<p>A partir de uma mentalidade moderna, alguns poderiam considerar essa pr\u00e1tica \u201cmedieval\u201d ou at\u00e9 interesseira. Seria um grave erro interpret\u00e1-la assim.<\/p>\n\n\n\n<p>Nossos antepassados n\u00e3o \u201ccompravam\u201d a salva\u00e7\u00e3o. Sabiam perfeitamente que a salva\u00e7\u00e3o \u00e9 gra\u00e7a. O que faziam era um ato de humildade e de realismo espiritual:<\/p>\n\n\n\n<blockquote class=\"wp-block-quote is-layout-flow wp-block-quote-is-layout-flow\">\n<p>\u201cSei que sou pecador. Confio na miseric\u00f3rdia de Deus. E pe\u00e7o \u00e0 Igreja que reze por mim quando eu j\u00e1 n\u00e3o puder faz\u00ea-lo.\u201d<\/p>\n<\/blockquote>\n\n\n\n<p>Isso revela:<\/p>\n\n\n\n<ul class=\"wp-block-list\">\n<li>Consci\u00eancia do pecado.<\/li>\n\n\n\n<li>F\u00e9 no Purgat\u00f3rio.<\/li>\n\n\n\n<li>Amor \u00e0 Igreja.<\/li>\n\n\n\n<li>Responsabilidade espiritual.<\/li>\n<\/ul>\n\n\n\n<p>Al\u00e9m disso, muitos n\u00e3o deixavam Missas apenas para si mesmos, mas tamb\u00e9m para parentes, benfeitores e at\u00e9 para \u201cas almas mais esquecidas\u201d.<\/p>\n\n\n\n<hr class=\"wp-block-separator has-alpha-channel-opacity\"\/>\n\n\n\n<h2 class=\"wp-block-heading\">5. O Purgat\u00f3rio: uma verdade exigente, mas consoladora<\/h2>\n\n\n\n<p>Falar hoje sobre o Purgat\u00f3rio pode parecer desconfort\u00e1vel. No entanto, trata-se de uma doutrina profundamente consoladora.<\/p>\n\n\n\n<p>O Purgat\u00f3rio n\u00e3o \u00e9 uma \u201csegunda chance\u201d. \u00c9 o abra\u00e7o purificador do Amor divino. \u00c9 a etapa final da santifica\u00e7\u00e3o.<\/p>\n\n\n\n<p>Deus \u00e9 Amor \u2014 mas tamb\u00e9m \u00e9 Santidade infinita. Nada impuro pode entrar em Sua presen\u00e7a (cf. Apocalipse 21,27). Se morremos em estado de gra\u00e7a, mas ainda com imperfei\u00e7\u00f5es, necessitamos dessa purifica\u00e7\u00e3o.<\/p>\n\n\n\n<p>Os sufr\u00e1gios aceleram essa purifica\u00e7\u00e3o porque aplicam os m\u00e9ritos de Cristo.<\/p>\n\n\n\n<p>Do ponto de vista teol\u00f3gico:<\/p>\n\n\n\n<ul class=\"wp-block-list\">\n<li>N\u00e3o se trata de \u201ctempo\u201d como o entendemos aqui.<\/li>\n\n\n\n<li>Trata-se da intensidade da purifica\u00e7\u00e3o.<\/li>\n\n\n\n<li>A Missa possui valor satisfat\u00f3rio e propiciat\u00f3rio.<\/li>\n<\/ul>\n\n\n\n<p>Por isso a Igreja sempre considerou a Missa o sufr\u00e1gio mais eficaz.<\/p>\n\n\n\n<hr class=\"wp-block-separator has-alpha-channel-opacity\"\/>\n\n\n\n<h2 class=\"wp-block-heading\">6. A dimens\u00e3o pastoral: o que essa pr\u00e1tica nos ensina hoje<\/h2>\n\n\n\n<p>Embora hoje quase ningu\u00e9m funde capelanias perp\u00e9tuas, o esp\u00edrito que animava essa pr\u00e1tica \u00e9 mais necess\u00e1rio do que nunca.<\/p>\n\n\n\n<h3 class=\"wp-block-heading\">1. Recuperar o sentido da eternidade<\/h3>\n\n\n\n<p>Vivemos como se esta vida fosse definitiva. Os antigos pensavam constantemente na eternidade. Isso ordenava sua vida moral.<\/p>\n\n\n\n<p>Quem pensa no seu ju\u00edzo particular:<\/p>\n\n\n\n<ul class=\"wp-block-list\">\n<li>Confessa-se.<\/li>\n\n\n\n<li>Vive em estado de gra\u00e7a.<\/li>\n\n\n\n<li>Pratica a caridade.<\/li>\n<\/ul>\n\n\n\n<h3 class=\"wp-block-heading\">2. Revalorizar a Santa Missa<\/h3>\n\n\n\n<p>Muitos cat\u00f3licos hoje participam da Missa sem compreender sua dimens\u00e3o sacrificial.<\/p>\n\n\n\n<p>Mandar celebrar uma Missa por um falecido:<\/p>\n\n\n\n<ul class=\"wp-block-list\">\n<li>\u00c9 um ato de f\u00e9.<\/li>\n\n\n\n<li>\u00c9 um ato de caridade.<\/li>\n\n\n\n<li>\u00c9 um ato profundamente eclesial.<\/li>\n<\/ul>\n\n\n\n<h3 class=\"wp-block-heading\">3. Incluir o espiritual no planejamento patrimonial<\/h3>\n\n\n\n<p>Hoje falamos muito sobre heran\u00e7as, investimentos e seguros. Mas e a heran\u00e7a espiritual?<\/p>\n\n\n\n<p>Por que n\u00e3o incluir em nosso testamento:<\/p>\n\n\n\n<ul class=\"wp-block-list\">\n<li>A celebra\u00e7\u00e3o de certas Missas?<\/li>\n\n\n\n<li>Doa\u00e7\u00f5es para par\u00f3quias ou mosteiros?<\/li>\n\n\n\n<li>Funda\u00e7\u00f5es com inten\u00e7\u00e3o espiritual?<\/li>\n<\/ul>\n\n\n\n<p>Isso n\u00e3o \u00e9 nostalgia medieval, mas coer\u00eancia crist\u00e3.<\/p>\n\n\n\n<hr class=\"wp-block-separator has-alpha-channel-opacity\"\/>\n\n\n\n<h2 class=\"wp-block-heading\">7. Aplica\u00e7\u00f5es pr\u00e1ticas para o cat\u00f3lico contempor\u00e2neo<\/h2>\n\n\n\n<p>Nem todos podemos instituir uma funda\u00e7\u00e3o perp\u00e9tua, mas todos podemos viver o esp\u00edrito dos sufr\u00e1gios.<\/p>\n\n\n\n<h3 class=\"wp-block-heading\">\u2714 Mandar celebrar Missas regularmente pelos falecidos<\/h3>\n\n\n\n<p>N\u00e3o apenas no funeral, mas tamb\u00e9m nos anivers\u00e1rios.<\/p>\n\n\n\n<h3 class=\"wp-block-heading\">\u2714 Rezar pelas santas almas do Purgat\u00f3rio<\/h3>\n\n\n\n<p>Especialmente no m\u00eas de novembro.<\/p>\n\n\n\n<h3 class=\"wp-block-heading\">\u2714 Oferecer sacrif\u00edcios e penit\u00eancias<\/h3>\n\n\n\n<p>A Sagrada Comunh\u00e3o oferecida por um falecido tem valor imenso.<\/p>\n\n\n\n<h3 class=\"wp-block-heading\">\u2714 Ensinar aos nossos filhos<\/h3>\n\n\n\n<p>Recuperar a tradi\u00e7\u00e3o de rezar pelos av\u00f3s falecidos.<\/p>\n\n\n\n<h3 class=\"wp-block-heading\">\u2714 Preparar espiritualmente nosso testamento<\/h3>\n\n\n\n<p>Com orienta\u00e7\u00e3o adequada, incluir disposi\u00e7\u00f5es espirituais \u00e9 um ato de f\u00e9 madura.<\/p>\n\n\n\n<hr class=\"wp-block-separator has-alpha-channel-opacity\"\/>\n\n\n\n<h2 class=\"wp-block-heading\">8. Um amor que atravessa o limiar da morte<\/h2>\n\n\n\n<p>H\u00e1 algo profundamente humano nessa pr\u00e1tica: o amor n\u00e3o se resigna \u00e0 separa\u00e7\u00e3o.<\/p>\n\n\n\n<p>Quando mandamos celebrar uma Missa por algu\u00e9m que morreu, estamos dizendo:<\/p>\n\n\n\n<blockquote class=\"wp-block-quote is-layout-flow wp-block-quote-is-layout-flow\">\n<p>\u201cNossa rela\u00e7\u00e3o n\u00e3o terminou no cemit\u00e9rio.\u201d<\/p>\n<\/blockquote>\n\n\n\n<p>A caridade crist\u00e3 \u00e9 mais forte que a morte.<\/p>\n\n\n\n<p>E, paradoxalmente, as almas do Purgat\u00f3rio, uma vez no C\u00e9u, interceder\u00e3o por n\u00f3s com gratid\u00e3o. Forma-se assim um c\u00edrculo de caridade que une gera\u00e7\u00f5es.<\/p>\n\n\n\n<hr class=\"wp-block-separator has-alpha-channel-opacity\"\/>\n\n\n\n<h2 class=\"wp-block-heading\">9. Uma espiritualidade contracultural<\/h2>\n\n\n\n<p>Em um mundo que evita falar sobre o al\u00e9m, os sufr\u00e1gios nos recordam:<\/p>\n\n\n\n<ul class=\"wp-block-list\">\n<li>A gravidade do pecado.<\/li>\n\n\n\n<li>A realidade do ju\u00edzo.<\/li>\n\n\n\n<li>A necessidade da purifica\u00e7\u00e3o.<\/li>\n\n\n\n<li>A miseric\u00f3rdia divina.<\/li>\n\n\n\n<li>A responsabilidade comunit\u00e1ria.<\/li>\n<\/ul>\n\n\n\n<p>\u00c9 uma espiritualidade s\u00f3bria, realista e profundamente esperan\u00e7osa.<\/p>\n\n\n\n<p>N\u00e3o \u00e9 medo. \u00c9 amor respons\u00e1vel.<\/p>\n\n\n\n<hr class=\"wp-block-separator has-alpha-channel-opacity\"\/>\n\n\n\n<h2 class=\"wp-block-heading\">Conclus\u00e3o: redescobrir uma tradi\u00e7\u00e3o viva<\/h2>\n\n\n\n<p>Os antigos deixavam funda\u00e7\u00f5es para Missas perp\u00e9tuas porque realmente acreditavam na eternidade. Acreditavam no valor infinito da Missa. Acreditavam na comunh\u00e3o dos santos. E sabiam que a morte n\u00e3o rompe a caridade.<\/p>\n\n\n\n<p>Hoje somos chamados a redescobrir essa f\u00e9.<\/p>\n\n\n\n<p>Talvez n\u00e3o possamos deixar grandes funda\u00e7\u00f5es. Mas podemos deixar algo ainda mais importante:<\/p>\n\n\n\n<ul class=\"wp-block-list\">\n<li>Uma vida vivida em estado de gra\u00e7a.<\/li>\n\n\n\n<li>Uma fam\u00edlia que reze por n\u00f3s.<\/li>\n\n\n\n<li>Um testemunho de f\u00e9 na vida eterna.<\/li>\n\n\n\n<li>E uma sincera devo\u00e7\u00e3o \u00e0s santas almas do Purgat\u00f3rio.<\/li>\n<\/ul>\n\n\n\n<p>Porque, no fim, todos precisaremos que algu\u00e9m reze por n\u00f3s.<\/p>\n\n\n\n<p>E que belo ser\u00e1 saber que, assim como ajudamos outros em sua purifica\u00e7\u00e3o, algu\u00e9m oferecer\u00e1 o Santo Sacrif\u00edcio por nossa alma.<\/p>\n\n\n\n<p>Nunca esque\u00e7amos esta verdade:<br><strong>Rezar pelos mortos \u00e9 um dos maiores atos de caridade que podemos realizar.<\/strong><\/p>\n","protected":false},"excerpt":{"rendered":"<p>Em uma \u00e9poca como a nossa, marcada pela imediaticidade, pelo movimento constante e por certa dificuldade em falar sobre a morte, pode parecer estranho que nossos antepassados deixassem em seus testamentos bens, terras, rendas ou \u201cfunda\u00e7\u00f5es\u201d destinados exclusivamente \u00e0 celebra\u00e7\u00e3o de Missas por suas almas \u2014 e inclusive de modo perp\u00e9tuo. No entanto, por tr\u00e1s &hellip;<\/p>\n","protected":false},"author":3,"featured_media":5074,"comment_status":"closed","ping_status":"closed","sticky":false,"template":"","format":"standard","meta":{"_seopress_robots_primary_cat":"","_seopress_titles_title":"","_seopress_titles_desc":"","_seopress_robots_index":"","footnotes":""},"categories":[38,51],"tags":[1771],"class_list":["post-5073","post","type-post","status-publish","format-standard","has-post-thumbnail","","category-historia-e-tradicao","category-magisterio-da-igreja","tag-sufragios-pelas-santas-almas"],"_links":{"self":[{"href":"https:\/\/catholicus.eu\/pt\/wp-json\/wp\/v2\/posts\/5073","targetHints":{"allow":["GET"]}}],"collection":[{"href":"https:\/\/catholicus.eu\/pt\/wp-json\/wp\/v2\/posts"}],"about":[{"href":"https:\/\/catholicus.eu\/pt\/wp-json\/wp\/v2\/types\/post"}],"author":[{"embeddable":true,"href":"https:\/\/catholicus.eu\/pt\/wp-json\/wp\/v2\/users\/3"}],"replies":[{"embeddable":true,"href":"https:\/\/catholicus.eu\/pt\/wp-json\/wp\/v2\/comments?post=5073"}],"version-history":[{"count":1,"href":"https:\/\/catholicus.eu\/pt\/wp-json\/wp\/v2\/posts\/5073\/revisions"}],"predecessor-version":[{"id":5075,"href":"https:\/\/catholicus.eu\/pt\/wp-json\/wp\/v2\/posts\/5073\/revisions\/5075"}],"wp:featuredmedia":[{"embeddable":true,"href":"https:\/\/catholicus.eu\/pt\/wp-json\/wp\/v2\/media\/5074"}],"wp:attachment":[{"href":"https:\/\/catholicus.eu\/pt\/wp-json\/wp\/v2\/media?parent=5073"}],"wp:term":[{"taxonomy":"category","embeddable":true,"href":"https:\/\/catholicus.eu\/pt\/wp-json\/wp\/v2\/categories?post=5073"},{"taxonomy":"post_tag","embeddable":true,"href":"https:\/\/catholicus.eu\/pt\/wp-json\/wp\/v2\/tags?post=5073"}],"curies":[{"name":"wp","href":"https:\/\/api.w.org\/{rel}","templated":true}]}}