{"id":5067,"date":"2026-02-21T09:06:16","date_gmt":"2026-02-21T08:06:16","guid":{"rendered":"https:\/\/catholicus.eu\/pt\/?p=5067"},"modified":"2026-02-21T09:06:16","modified_gmt":"2026-02-21T08:06:16","slug":"dor-do-coracao-e-firme-proposito-de-emenda-o-caminho-esquecido-para-a-verdadeira-conversao","status":"publish","type":"post","link":"https:\/\/catholicus.eu\/pt\/dor-do-coracao-e-firme-proposito-de-emenda-o-caminho-esquecido-para-a-verdadeira-conversao\/","title":{"rendered":"Dor do cora\u00e7\u00e3o e firme prop\u00f3sito de emenda: o caminho esquecido para a verdadeira convers\u00e3o"},"content":{"rendered":"\n<p>Em uma sociedade marcada pela rapidez, pela autojustifica\u00e7\u00e3o e pela superficialidade emocional, falar de <strong>dor do cora\u00e7\u00e3o<\/strong> e de <strong>firme prop\u00f3sito de emenda<\/strong> pode parecer estranho \u2014 at\u00e9 mesmo desconfort\u00e1vel. No entanto, esses dois elementos constituem o n\u00facleo da convers\u00e3o crist\u00e3, o cora\u00e7\u00e3o do arrependimento aut\u00eantico e a porta para uma vida verdadeiramente transformada por Deus.<\/p>\n\n\n\n<p>Longe de serem conceitos antigos ou meramente rituais, a dor do cora\u00e7\u00e3o e o prop\u00f3sito de emenda s\u00e3o realidades profundamente humanas, espirituais e atuais. Eles tocam a experi\u00eancia universal do erro, do pecado, da fragilidade e do desejo de recome\u00e7ar.<\/p>\n\n\n\n<p>Este artigo oferece um guia teol\u00f3gico e pastoral profundo para compreender seu significado, seu fundamento b\u00edblico, seu desenvolvimento hist\u00f3rico na tradi\u00e7\u00e3o da Igreja e sua aplica\u00e7\u00e3o concreta na vida cotidiana.<\/p>\n\n\n\n<hr class=\"wp-block-separator has-alpha-channel-opacity\"\/>\n\n\n\n<h2 class=\"wp-block-heading\">O que \u00e9 a dor do cora\u00e7\u00e3o?<\/h2>\n\n\n\n<p>A <strong>dor do cora\u00e7\u00e3o<\/strong> (tamb\u00e9m chamada contri\u00e7\u00e3o) \u00e9 o sofrimento interior da alma por ter ofendido a Deus. N\u00e3o \u00e9 simplesmente sentir-se culpado, nem remorso psicol\u00f3gico, nem medo do castigo. \u00c9 algo muito mais profundo: uma dor que nasce do amor.<\/p>\n\n\n\n<p>Trata-se do reconhecimento sincero de ter rompido uma rela\u00e7\u00e3o com Deus que nos ama infinitamente.<\/p>\n\n\n\n<h3 class=\"wp-block-heading\">Defini\u00e7\u00e3o teol\u00f3gica<\/h3>\n\n\n\n<p>A teologia cl\u00e1ssica a define como:<\/p>\n\n\n\n<blockquote class=\"wp-block-quote is-layout-flow wp-block-quote-is-layout-flow\">\n<p><em>Um ato da vontade movido pela gra\u00e7a pelo qual a alma detesta o pecado cometido por amor a Deus e decide n\u00e3o pecar mais.<\/em><\/p>\n<\/blockquote>\n\n\n\n<p>Essa dor pode ser:<\/p>\n\n\n\n<ul class=\"wp-block-list\">\n<li><strong>Contri\u00e7\u00e3o perfeita<\/strong>: nasce do amor a Deus acima de todas as coisas.<\/li>\n\n\n\n<li><strong>Contri\u00e7\u00e3o imperfeita (atri\u00e7\u00e3o)<\/strong>: nasce do temor do castigo ou do reconhecimento da feiura do pecado.<\/li>\n<\/ul>\n\n\n\n<p>Ambas s\u00e3o valiosas, mas a tradi\u00e7\u00e3o crist\u00e3 sempre apresentou a contri\u00e7\u00e3o perfeita como o ideal da vida espiritual.<\/p>\n\n\n\n<hr class=\"wp-block-separator has-alpha-channel-opacity\"\/>\n\n\n\n<h2 class=\"wp-block-heading\">Fundamento b\u00edblico: o cora\u00e7\u00e3o contrito que Deus n\u00e3o despreza<\/h2>\n\n\n\n<p>A Sagrada Escritura est\u00e1 cheia de refer\u00eancias ao arrependimento interior como condi\u00e7\u00e3o para a reconcilia\u00e7\u00e3o com Deus.<\/p>\n\n\n\n<p>Uma das passagens mais profundas aparece no Livro dos Salmos:<\/p>\n\n\n\n<blockquote class=\"wp-block-quote is-layout-flow wp-block-quote-is-layout-flow\">\n<p>\u201cUm cora\u00e7\u00e3o quebrantado e humilhado, \u00f3 Deus, n\u00e3o o desprezas.\u201d<br>\u2014 Salmo 51,19, na B\u00edblia<\/p>\n<\/blockquote>\n\n\n\n<p>Este salmo penitencial, atribu\u00eddo ao rei Davi ap\u00f3s seu pecado, expressa a ess\u00eancia da dor do cora\u00e7\u00e3o: a humildade diante de Deus.<\/p>\n\n\n\n<p>O profeta Ezequiel tamb\u00e9m transmite o chamado divino \u00e0 convers\u00e3o interior:<\/p>\n\n\n\n<blockquote class=\"wp-block-quote is-layout-flow wp-block-quote-is-layout-flow\">\n<p>\u201cDar-vos-ei um cora\u00e7\u00e3o novo e porei em v\u00f3s um esp\u00edrito novo.\u201d (Ez 36,26)<\/p>\n<\/blockquote>\n\n\n\n<p>O arrependimento n\u00e3o \u00e9 apenas esfor\u00e7o humano \u2014 \u00e9 obra da gra\u00e7a.<\/p>\n\n\n\n<h3 class=\"wp-block-heading\">O exemplo do filho pr\u00f3digo<\/h3>\n\n\n\n<p>A par\u00e1bola do filho pr\u00f3digo (Lc 15) mostra o processo completo:<\/p>\n\n\n\n<ol class=\"wp-block-list\">\n<li>Reconhecimento do pecado.<\/li>\n\n\n\n<li>Dor interior.<\/li>\n\n\n\n<li>Decis\u00e3o de voltar.<\/li>\n\n\n\n<li>Mudan\u00e7a de vida.<\/li>\n<\/ol>\n\n\n\n<p>Aqui vemos unidos a dor do cora\u00e7\u00e3o e o prop\u00f3sito de emenda.<\/p>\n\n\n\n<hr class=\"wp-block-separator has-alpha-channel-opacity\"\/>\n\n\n\n<h2 class=\"wp-block-heading\">Hist\u00f3ria e tradi\u00e7\u00e3o na Igreja<\/h2>\n\n\n\n<p>Desde os primeiros s\u00e9culos do cristianismo, a Igreja considerou essencial o arrependimento interior.<\/p>\n\n\n\n<h3 class=\"wp-block-heading\">Os Padres da Igreja<\/h3>\n\n\n\n<p>Os grandes mestres espirituais insistiram na dor do cora\u00e7\u00e3o como rem\u00e9dio da alma.<\/p>\n\n\n\n<p>Por exemplo, Santo Agostinho de Hipona ensinava:<\/p>\n\n\n\n<blockquote class=\"wp-block-quote is-layout-flow wp-block-quote-is-layout-flow\">\n<p>\u201cO pecado \u00e9 apagado quando o cora\u00e7\u00e3o se quebra diante de Deus.\u201d<\/p>\n<\/blockquote>\n\n\n\n<p>Para ele, o arrependimento n\u00e3o era humilha\u00e7\u00e3o destrutiva, mas cura.<\/p>\n\n\n\n<h3 class=\"wp-block-heading\">A teologia escol\u00e1stica<\/h3>\n\n\n\n<p>S\u00e3o Tom\u00e1s de Aquino aprofundou a compreens\u00e3o do arrependimento como um ato da vontade movido pela caridade. A verdadeira contri\u00e7\u00e3o implica:<\/p>\n\n\n\n<ul class=\"wp-block-list\">\n<li>rejei\u00e7\u00e3o do pecado,<\/li>\n\n\n\n<li>amor a Deus,<\/li>\n\n\n\n<li>uma decis\u00e3o firme de mudar.<\/li>\n<\/ul>\n\n\n\n<p>Essa vis\u00e3o continua sendo o fundamento da teologia sacramental atual.<\/p>\n\n\n\n<hr class=\"wp-block-separator has-alpha-channel-opacity\"\/>\n\n\n\n<h2 class=\"wp-block-heading\">O prop\u00f3sito de emenda: o arrependimento que transforma<\/h2>\n\n\n\n<p>Se a dor do cora\u00e7\u00e3o olha para o passado, o <strong>prop\u00f3sito de emenda<\/strong> olha para o futuro.<\/p>\n\n\n\n<p>Consiste na decis\u00e3o firme e sincera de evitar o pecado e mudar de vida.<\/p>\n\n\n\n<p>Sem esse elemento, o arrependimento permanece incompleto.<\/p>\n\n\n\n<h3 class=\"wp-block-heading\">O que significa realmente?<\/h3>\n\n\n\n<p>N\u00e3o significa prometer perfei\u00e7\u00e3o absoluta, mas:<\/p>\n\n\n\n<ul class=\"wp-block-list\">\n<li>desejar sinceramente n\u00e3o pecar novamente,<\/li>\n\n\n\n<li>evitar as ocasi\u00f5es de pecado,<\/li>\n\n\n\n<li>tomar medidas concretas para mudar.<\/li>\n<\/ul>\n\n\n\n<p>O prop\u00f3sito de emenda \u00e9 um ato de liberdade respons\u00e1vel.<\/p>\n\n\n\n<hr class=\"wp-block-separator has-alpha-channel-opacity\"\/>\n\n\n\n<h2 class=\"wp-block-heading\">Dimens\u00e3o teol\u00f3gica profunda: pecado, gra\u00e7a e liberdade<\/h2>\n\n\n\n<p>Para compreender plenamente esses conceitos, devemos entender tr\u00eas realidades centrais do cristianismo.<\/p>\n\n\n\n<h3 class=\"wp-block-heading\">1. O pecado rompe uma rela\u00e7\u00e3o de amor<\/h3>\n\n\n\n<p>O pecado n\u00e3o \u00e9 apenas transgress\u00e3o de normas. \u00c9 ruptura com Deus.<\/p>\n\n\n\n<p>Por isso o arrependimento envolve dor interior.<\/p>\n\n\n\n<h3 class=\"wp-block-heading\">2. A gra\u00e7a precede o arrependimento<\/h3>\n\n\n\n<p>Deus move primeiro o cora\u00e7\u00e3o. O arrependimento \u00e9 resposta ao amor divino.<\/p>\n\n\n\n<h3 class=\"wp-block-heading\">3. A convers\u00e3o implica coopera\u00e7\u00e3o humana<\/h3>\n\n\n\n<p>O prop\u00f3sito de emenda expressa nossa colabora\u00e7\u00e3o com a gra\u00e7a.<\/p>\n\n\n\n<p>A salva\u00e7\u00e3o n\u00e3o \u00e9 passividade \u2014 \u00e9 resposta.<\/p>\n\n\n\n<hr class=\"wp-block-separator has-alpha-channel-opacity\"\/>\n\n\n\n<h2 class=\"wp-block-heading\">A dor do cora\u00e7\u00e3o no mundo atual<\/h2>\n\n\n\n<p>Hoje vivemos em uma cultura que evita a culpa, relativiza o mal e banaliza o erro.<\/p>\n\n\n\n<p>Isso gera tr\u00eas problemas espirituais:<\/p>\n\n\n\n<ul class=\"wp-block-list\">\n<li>perda do sentido do pecado,<\/li>\n\n\n\n<li>incapacidade de arrepender-se,<\/li>\n\n\n\n<li>falta de mudan\u00e7a real.<\/li>\n<\/ul>\n\n\n\n<p>A dor do cora\u00e7\u00e3o devolve ao ser humano sua profundidade moral.<\/p>\n\n\n\n<p>Ela n\u00e3o destr\u00f3i a autoestima \u2014 purifica-a.<\/p>\n\n\n\n<hr class=\"wp-block-separator has-alpha-channel-opacity\"\/>\n\n\n\n<h2 class=\"wp-block-heading\">Dimens\u00e3o psicol\u00f3gica e espiritual do arrependimento<\/h2>\n\n\n\n<p>O cristianismo oferece uma vis\u00e3o surpreendentemente equilibrada do arrependimento.<\/p>\n\n\n\n<h3 class=\"wp-block-heading\">N\u00e3o \u00e9 culpa t\u00f3xica<\/h3>\n\n\n\n<p>A culpa doentia paralisa.<br>A contri\u00e7\u00e3o crist\u00e3 liberta.<\/p>\n\n\n\n<h3 class=\"wp-block-heading\">Produz paz interior<\/h3>\n\n\n\n<p>Reconhecer o pr\u00f3prio erro cura a alma.<\/p>\n\n\n\n<h3 class=\"wp-block-heading\">Reconstr\u00f3i a identidade<\/h3>\n\n\n\n<p>O arrependimento restitui \u00e0 pessoa sua verdade mais profunda.<\/p>\n\n\n\n<hr class=\"wp-block-separator has-alpha-channel-opacity\"\/>\n\n\n\n<h2 class=\"wp-block-heading\">Como viver a dor do cora\u00e7\u00e3o hoje: guia pr\u00e1tico<\/h2>\n\n\n\n<h3 class=\"wp-block-heading\">1. Exame de consci\u00eancia di\u00e1rio<\/h3>\n\n\n\n<p>Perguntar-se sinceramente:<\/p>\n\n\n\n<ul class=\"wp-block-list\">\n<li>Amei hoje?<\/li>\n\n\n\n<li>Falhei com Deus ou com os outros?<\/li>\n\n\n\n<li>O que devo corrigir?<\/li>\n<\/ul>\n\n\n\n<h3 class=\"wp-block-heading\">2. Reconhecer o pecado sem autojustifica\u00e7\u00e3o<\/h3>\n\n\n\n<p>A humildade \u00e9 o come\u00e7o da convers\u00e3o.<\/p>\n\n\n\n<h3 class=\"wp-block-heading\">3. Rezar pedindo um cora\u00e7\u00e3o novo<\/h3>\n\n\n\n<p>O arrependimento \u00e9 gra\u00e7a.<\/p>\n\n\n\n<h3 class=\"wp-block-heading\">4. Meditar a Paix\u00e3o de Cristo<\/h3>\n\n\n\n<p>A tradi\u00e7\u00e3o espiritual ensina que contemplar o amor de Cristo crucificado desperta a dor do cora\u00e7\u00e3o.<\/p>\n\n\n\n<hr class=\"wp-block-separator has-alpha-channel-opacity\"\/>\n\n\n\n<h2 class=\"wp-block-heading\">Como viver o prop\u00f3sito de emenda na vida di\u00e1ria<\/h2>\n\n\n\n<h3 class=\"wp-block-heading\">Tomar decis\u00f5es concretas<\/h3>\n\n\n\n<p>Sentir n\u00e3o basta.<\/p>\n\n\n\n<p>Exemplos pr\u00e1ticos:<\/p>\n\n\n\n<ul class=\"wp-block-list\">\n<li>evitar ambientes que levam ao pecado,<\/li>\n\n\n\n<li>mudar h\u00e1bitos,<\/li>\n\n\n\n<li>reparar o dano causado,<\/li>\n\n\n\n<li>estabelecer disciplinas espirituais.<\/li>\n<\/ul>\n\n\n\n<h3 class=\"wp-block-heading\">Dar pequenos passos<\/h3>\n\n\n\n<p>A convers\u00e3o \u00e9 um processo gradual.<\/p>\n\n\n\n<h3 class=\"wp-block-heading\">Perseverar ap\u00f3s as quedas<\/h3>\n\n\n\n<p>O prop\u00f3sito de emenda n\u00e3o exige perfei\u00e7\u00e3o imediata, mas luta constante.<\/p>\n\n\n\n<hr class=\"wp-block-separator has-alpha-channel-opacity\"\/>\n\n\n\n<h2 class=\"wp-block-heading\">A dor do cora\u00e7\u00e3o como caminho de liberdade<\/h2>\n\n\n\n<p>Paradoxalmente, o arrependimento liberta.<\/p>\n\n\n\n<ul class=\"wp-block-list\">\n<li>liberta do ego\u00edsmo,<\/li>\n\n\n\n<li>liberta da culpa,<\/li>\n\n\n\n<li>liberta do passado,<\/li>\n\n\n\n<li>liberta para amar.<\/li>\n<\/ul>\n\n\n\n<p>O mundo identifica liberdade com aus\u00eancia de regras.<br>O cristianismo identifica liberdade com capacidade de amar.<\/p>\n\n\n\n<p>O arrependimento restaura essa capacidade.<\/p>\n\n\n\n<hr class=\"wp-block-separator has-alpha-channel-opacity\"\/>\n\n\n\n<h2 class=\"wp-block-heading\">Dimens\u00e3o sacramental: o lugar privilegiado do arrependimento<\/h2>\n\n\n\n<p>Na vida crist\u00e3, a dor do cora\u00e7\u00e3o e o prop\u00f3sito de emenda encontram sua express\u00e3o mais plena no sacramento da reconcilia\u00e7\u00e3o.<\/p>\n\n\n\n<p>Seus elementos essenciais incluem:<\/p>\n\n\n\n<ul class=\"wp-block-list\">\n<li>exame de consci\u00eancia,<\/li>\n\n\n\n<li>contri\u00e7\u00e3o,<\/li>\n\n\n\n<li>confiss\u00e3o,<\/li>\n\n\n\n<li>prop\u00f3sito de emenda,<\/li>\n\n\n\n<li>satisfa\u00e7\u00e3o.<\/li>\n<\/ul>\n\n\n\n<p>O sacramento n\u00e3o substitui o arrependimento interior \u2014 ele o pressup\u00f5e e o fortalece.<\/p>\n\n\n\n<hr class=\"wp-block-separator has-alpha-channel-opacity\"\/>\n\n\n\n<h2 class=\"wp-block-heading\">O fruto espiritual: a alegria do perd\u00e3o<\/h2>\n\n\n\n<p>O verdadeiro arrependimento produz profunda alegria.<\/p>\n\n\n\n<p>A tradi\u00e7\u00e3o crist\u00e3 fala de:<\/p>\n\n\n\n<ul class=\"wp-block-list\">\n<li>paz da alma,<\/li>\n\n\n\n<li>reconcilia\u00e7\u00e3o interior,<\/li>\n\n\n\n<li>renova\u00e7\u00e3o espiritual,<\/li>\n\n\n\n<li>crescimento na santidade.<\/li>\n<\/ul>\n\n\n\n<p>N\u00e3o \u00e9 tristeza permanente, mas um caminho para a alegria.<\/p>\n\n\n\n<hr class=\"wp-block-separator has-alpha-channel-opacity\"\/>\n\n\n\n<h2 class=\"wp-block-heading\">A dor do cora\u00e7\u00e3o como escola de humildade e santidade<\/h2>\n\n\n\n<p>Os grandes santos concordam em uma ideia surpreendente: o arrependimento cont\u00ednuo \u00e9 fonte de santidade.<\/p>\n\n\n\n<p>Porque ensina:<\/p>\n\n\n\n<ul class=\"wp-block-list\">\n<li>humildade,<\/li>\n\n\n\n<li>depend\u00eancia de Deus,<\/li>\n\n\n\n<li>confian\u00e7a na miseric\u00f3rdia,<\/li>\n\n\n\n<li>amor verdadeiro.<\/li>\n<\/ul>\n\n\n\n<p>O arrependimento n\u00e3o \u00e9 sinal de fraqueza, mas de maturidade espiritual.<\/p>\n\n\n\n<hr class=\"wp-block-separator has-alpha-channel-opacity\"\/>\n\n\n\n<h2 class=\"wp-block-heading\">Conclus\u00e3o: um caminho sempre aberto<\/h2>\n\n\n\n<p>A dor do cora\u00e7\u00e3o e o prop\u00f3sito de emenda n\u00e3o pertencem ao passado nem s\u00e3o pr\u00e1ticas reservadas aos religiosos ou aos santos. S\u00e3o o cora\u00e7\u00e3o da vida crist\u00e3 e uma necessidade profundamente humana.<\/p>\n\n\n\n<p>Em um mundo que teme reconhecer o erro, o cristianismo oferece um caminho de esperan\u00e7a:<\/p>\n\n\n\n<ul class=\"wp-block-list\">\n<li>reconhecer,<\/li>\n\n\n\n<li>arrepender-se,<\/li>\n\n\n\n<li>mudar,<\/li>\n\n\n\n<li>renascer.<\/li>\n<\/ul>\n\n\n\n<p>Deus n\u00e3o busca perfei\u00e7\u00e3o imediata, mas um cora\u00e7\u00e3o sincero.<\/p>\n\n\n\n<p>Como ensina a Escritura, Ele n\u00e3o despreza o cora\u00e7\u00e3o contrito. E nesse cora\u00e7\u00e3o sempre come\u00e7a uma vida nova.<\/p>\n","protected":false},"excerpt":{"rendered":"<p>Em uma sociedade marcada pela rapidez, pela autojustifica\u00e7\u00e3o e pela superficialidade emocional, falar de dor do cora\u00e7\u00e3o e de firme prop\u00f3sito de emenda pode parecer estranho \u2014 at\u00e9 mesmo desconfort\u00e1vel. No entanto, esses dois elementos constituem o n\u00facleo da convers\u00e3o crist\u00e3, o cora\u00e7\u00e3o do arrependimento aut\u00eantico e a porta para uma vida verdadeiramente transformada por &hellip;<\/p>\n","protected":false},"author":3,"featured_media":5068,"comment_status":"closed","ping_status":"closed","sticky":false,"template":"","format":"standard","meta":{"_seopress_robots_primary_cat":"","_seopress_titles_title":"","_seopress_titles_desc":"","_seopress_robots_index":"","footnotes":""},"categories":[37,46],"tags":[1769,1770],"class_list":["post-5067","post","type-post","status-publish","format-standard","has-post-thumbnail","","category-doutrina-e-fe","category-sacramentos","tag-dor-do-coracao","tag-proposito-de-emenda"],"_links":{"self":[{"href":"https:\/\/catholicus.eu\/pt\/wp-json\/wp\/v2\/posts\/5067","targetHints":{"allow":["GET"]}}],"collection":[{"href":"https:\/\/catholicus.eu\/pt\/wp-json\/wp\/v2\/posts"}],"about":[{"href":"https:\/\/catholicus.eu\/pt\/wp-json\/wp\/v2\/types\/post"}],"author":[{"embeddable":true,"href":"https:\/\/catholicus.eu\/pt\/wp-json\/wp\/v2\/users\/3"}],"replies":[{"embeddable":true,"href":"https:\/\/catholicus.eu\/pt\/wp-json\/wp\/v2\/comments?post=5067"}],"version-history":[{"count":1,"href":"https:\/\/catholicus.eu\/pt\/wp-json\/wp\/v2\/posts\/5067\/revisions"}],"predecessor-version":[{"id":5069,"href":"https:\/\/catholicus.eu\/pt\/wp-json\/wp\/v2\/posts\/5067\/revisions\/5069"}],"wp:featuredmedia":[{"embeddable":true,"href":"https:\/\/catholicus.eu\/pt\/wp-json\/wp\/v2\/media\/5068"}],"wp:attachment":[{"href":"https:\/\/catholicus.eu\/pt\/wp-json\/wp\/v2\/media?parent=5067"}],"wp:term":[{"taxonomy":"category","embeddable":true,"href":"https:\/\/catholicus.eu\/pt\/wp-json\/wp\/v2\/categories?post=5067"},{"taxonomy":"post_tag","embeddable":true,"href":"https:\/\/catholicus.eu\/pt\/wp-json\/wp\/v2\/tags?post=5067"}],"curies":[{"name":"wp","href":"https:\/\/api.w.org\/{rel}","templated":true}]}}