{"id":5064,"date":"2026-02-21T08:33:28","date_gmt":"2026-02-21T07:33:28","guid":{"rendered":"https:\/\/catholicus.eu\/pt\/?p=5064"},"modified":"2026-02-21T08:33:28","modified_gmt":"2026-02-21T07:33:28","slug":"levanta-te-e-combate-como-ser-soldado-de-cristo-rei-hoje-em-um-mundo-que-esqueceu-o-seu-reino","status":"publish","type":"post","link":"https:\/\/catholicus.eu\/pt\/levanta-te-e-combate-como-ser-soldado-de-cristo-rei-hoje-em-um-mundo-que-esqueceu-o-seu-reino\/","title":{"rendered":"LEVANTA-TE E COMBATE! Como ser soldado de Cristo Rei hoje em um mundo que esqueceu o seu Reino"},"content":{"rendered":"\n<p>Vivemos numa \u00e9poca que fala muito sobre direitos, liberdade, identidade\u2026 mas quase nunca sobre realeza. Tudo \u00e9 tolerado, exceto que algu\u00e9m proclame que existe um Rei verdadeiro, absoluto e eterno. E, no entanto, o cristianismo n\u00e3o nasceu como uma filosofia nem como uma ONG espiritual. Nasceu como o an\u00fancio de um Reino.<\/p>\n\n\n\n<p>Esse Reino tem um Rei: <strong>Jesus Cristo<\/strong>.<\/p>\n\n\n\n<p>E se h\u00e1 um Rei, tamb\u00e9m h\u00e1 soldados.<\/p>\n\n\n\n<p>Mas o que significa hoje, no pleno s\u00e9culo XXI, ser <strong>soldado de Cristo Rei<\/strong>? \u00c9 apenas uma met\u00e1fora piedosa? Uma linguagem medieval? Uma espiritualidade exagerada? Ou, ao contr\u00e1rio, \u00e9 a identidade profunda de todo batizado?<\/p>\n\n\n\n<p>Este artigo n\u00e3o \u00e9 um chamado \u00e0 nostalgia, mas \u00e0 coer\u00eancia. N\u00e3o \u00e9 um convite \u00e0 agressividade, mas \u00e0 santidade combativa. Porque o mundo atual precisa de crist\u00e3os firmes, formados, corajosos e profundamente apaixonados pelo seu Rei.<\/p>\n\n\n\n<hr class=\"wp-block-separator has-alpha-channel-opacity\"\/>\n\n\n\n<h2 class=\"wp-block-heading\">1. Cristo Rei: Uma proclama\u00e7\u00e3o profundamente revolucion\u00e1ria<\/h2>\n\n\n\n<p>A solenidade de Cristo Rei foi institu\u00edda em 1925 pelo Papa <strong>Pio XI<\/strong>, por meio da enc\u00edclica <em>Quas Primas<\/em>. N\u00e3o foi um gesto decorativo. Foi uma resposta direta ao secularismo, ao laicismo agressivo e \u00e0s ideologias totalit\u00e1rias que come\u00e7avam a dominar a Europa.<\/p>\n\n\n\n<p>Pio XI entendeu algo que hoje volta a ser dramaticamente atual:<br>quando as sociedades expulsam Cristo da vida p\u00fablica, n\u00e3o permanecem neutras\u2026 ficam \u00e0 merc\u00ea de outros \u201creis\u201d.<\/p>\n\n\n\n<p>O reinado de Cristo n\u00e3o \u00e9 simb\u00f3lico. Ele pr\u00f3prio afirmou diante de <strong>P\u00f4ncio Pilatos<\/strong>:<\/p>\n\n\n\n<blockquote class=\"wp-block-quote is-layout-flow wp-block-quote-is-layout-flow\">\n<p>\u201cO meu Reino n\u00e3o \u00e9 deste mundo\u201d (Jo 18,36).<\/p>\n<\/blockquote>\n\n\n\n<p>Ele n\u00e3o disse que n\u00e3o era real. Disse que n\u00e3o era deste mundo. Sua autoridade n\u00e3o depende de maiorias, elei\u00e7\u00f5es ou consensos culturais. \u00c9 ontol\u00f3gica, eterna e universal.<\/p>\n\n\n\n<p>S\u00e3o Paulo proclama com for\u00e7a:<\/p>\n\n\n\n<blockquote class=\"wp-block-quote is-layout-flow wp-block-quote-is-layout-flow\">\n<p>\u201c\u00c9 necess\u00e1rio que Ele reine at\u00e9 colocar todos os seus inimigos debaixo de seus p\u00e9s\u201d (1 Cor 15,25).<\/p>\n<\/blockquote>\n\n\n\n<p>Cristo reina:<\/p>\n\n\n\n<ul class=\"wp-block-list\">\n<li>Sobre os cora\u00e7\u00f5es.<\/li>\n\n\n\n<li>Sobre as fam\u00edlias.<\/li>\n\n\n\n<li>Sobre as na\u00e7\u00f5es.<\/li>\n\n\n\n<li>Sobre a hist\u00f3ria.<\/li>\n\n\n\n<li>Sobre a morte.<\/li>\n<\/ul>\n\n\n\n<p>Ser soldado de Cristo Rei \u00e9 reconhecer essa soberania\u2026 e viver de acordo com ela.<\/p>\n\n\n\n<hr class=\"wp-block-separator has-alpha-channel-opacity\"\/>\n\n\n\n<h2 class=\"wp-block-heading\">2. Por que falar em \u201csoldados\u201d?<\/h2>\n\n\n\n<p>As Escrituras n\u00e3o evitam a linguagem militar. Pelo contr\u00e1rio.<\/p>\n\n\n\n<p>S\u00e3o Paulo escreve a Tim\u00f3teo:<\/p>\n\n\n\n<blockquote class=\"wp-block-quote is-layout-flow wp-block-quote-is-layout-flow\">\n<p>\u201cSofre comigo, como bom soldado de Cristo Jesus\u201d (2 Tm 2,3).<\/p>\n<\/blockquote>\n\n\n\n<p>E na carta aos Ef\u00e9sios encontramos um dos textos mais impressionantes da espiritualidade combativa:<\/p>\n\n\n\n<blockquote class=\"wp-block-quote is-layout-flow wp-block-quote-is-layout-flow\">\n<p>\u201cRevesti-vos de toda a armadura de Deus, para poderdes resistir \u00e0s ciladas do diabo\u201d (Ef 6,11).<\/p>\n<\/blockquote>\n\n\n\n<p>O crist\u00e3o n\u00e3o est\u00e1 em um parque de divers\u00f5es espiritual. Ele est\u00e1 em combate.<\/p>\n\n\n\n<p>Mas o combate crist\u00e3o n\u00e3o \u00e9 contra pessoas, partidos pol\u00edticos ou culturas espec\u00edficas. Paulo deixa claro:<\/p>\n\n\n\n<blockquote class=\"wp-block-quote is-layout-flow wp-block-quote-is-layout-flow\">\n<p>\u201cPorque a nossa luta n\u00e3o \u00e9 contra a carne e o sangue, mas contra os principados e potestades\u2026\u201d (Ef 6,12).<\/p>\n<\/blockquote>\n\n\n\n<p>\u00c9 uma batalha:<\/p>\n\n\n\n<ul class=\"wp-block-list\">\n<li>Contra o pecado.<\/li>\n\n\n\n<li>Contra o erro.<\/li>\n\n\n\n<li>Contra a mentira.<\/li>\n\n\n\n<li>Contra a tibieza.<\/li>\n\n\n\n<li>Contra o pr\u00f3prio ego.<\/li>\n<\/ul>\n\n\n\n<p>O soldado de Cristo Rei n\u00e3o empunha espadas f\u00edsicas. Ele empunha:<\/p>\n\n\n\n<ul class=\"wp-block-list\">\n<li>A verdade.<\/li>\n\n\n\n<li>A caridade.<\/li>\n\n\n\n<li>A ora\u00e7\u00e3o.<\/li>\n\n\n\n<li>A penit\u00eancia.<\/li>\n\n\n\n<li>A coer\u00eancia moral.<\/li>\n<\/ul>\n\n\n\n<hr class=\"wp-block-separator has-alpha-channel-opacity\"\/>\n\n\n\n<h2 class=\"wp-block-heading\">3. O contexto atual: uma guerra silenciosa<\/h2>\n\n\n\n<p>Hoje n\u00e3o somos perseguidos com le\u00f5es na arena como nos tempos de <strong>Nero<\/strong>, mas existe uma persegui\u00e7\u00e3o cultural mais sutil:<\/p>\n\n\n\n<ul class=\"wp-block-list\">\n<li>A f\u00e9 \u00e9 ridicularizada.<\/li>\n\n\n\n<li>O casamento \u00e9 redefinido.<\/li>\n\n\n\n<li>O pecado \u00e9 banalizado.<\/li>\n\n\n\n<li>A verdade \u00e9 relativizada.<\/li>\n\n\n\n<li>Deus \u00e9 substitu\u00eddo pelo \u201ceu\u201d.<\/li>\n<\/ul>\n\n\n\n<p>N\u00e3o \u00e9 coincid\u00eancia. \u00c9 uma batalha pela alma.<\/p>\n\n\n\n<p>O secularismo atual n\u00e3o nega sempre a exist\u00eancia de Deus. Ele o torna irrelevante.<\/p>\n\n\n\n<p>E \u00e9 aqui que o soldado de Cristo Rei deve reagir.<\/p>\n\n\n\n<p>N\u00e3o com \u00f3dio.<br>N\u00e3o com viol\u00eancia.<br>N\u00e3o com fanatismo.<\/p>\n\n\n\n<p>Mas com firmeza doutrinal, vida sacramental intensa e caridade ardente.<\/p>\n\n\n\n<hr class=\"wp-block-separator has-alpha-channel-opacity\"\/>\n\n\n\n<h2 class=\"wp-block-heading\">4. Fundamento teol\u00f3gico: O reinado de Cristo nas Escrituras e na Tradi\u00e7\u00e3o<\/h2>\n\n\n\n<h3 class=\"wp-block-heading\">a) Cristo, Rei prometido<\/h3>\n\n\n\n<p>Desde o Antigo Testamento, o Messias \u00e9 apresentado como Rei. O profeta Isa\u00edas anuncia:<\/p>\n\n\n\n<blockquote class=\"wp-block-quote is-layout-flow wp-block-quote-is-layout-flow\">\n<p>\u201cUm menino nos nasceu\u2026 sobre os seus ombros repousa o governo\u201d (Is 9,6).<\/p>\n<\/blockquote>\n\n\n\n<p>N\u00e3o se trata apenas de uma met\u00e1fora espiritual. Cristo \u00e9 Rei porque:<\/p>\n\n\n\n<ul class=\"wp-block-list\">\n<li>\u00c9 o Filho eterno do Pai.<\/li>\n\n\n\n<li>\u00c9 Senhor do universo.<\/li>\n\n\n\n<li>Venceu o pecado e a morte.<\/li>\n\n\n\n<li>\u00c9 cabe\u00e7a do Corpo que \u00e9 a Igreja.<\/li>\n<\/ul>\n\n\n\n<h3 class=\"wp-block-heading\">b) Reinado social de Cristo<\/h3>\n\n\n\n<p>A doutrina tradicional ensina que Cristo n\u00e3o reina apenas nas consci\u00eancias privadas. Ele tamb\u00e9m deve reinar nas estruturas sociais. Isso n\u00e3o significa impor a f\u00e9 pela for\u00e7a, mas reconhecer que a lei moral natural e o Evangelho s\u00e3o o verdadeiro fundamento da ordem humana.<\/p>\n\n\n\n<p>Quando uma sociedade legisla contra a lei de Deus, destr\u00f3i-se lentamente.<\/p>\n\n\n\n<p>O soldado de Cristo Rei n\u00e3o imp\u00f5e. Ele testemunha. Mas n\u00e3o se envergonha de afirmar que Cristo \u00e9 Senhor tamb\u00e9m da vida p\u00fablica.<\/p>\n\n\n\n<hr class=\"wp-block-separator has-alpha-channel-opacity\"\/>\n\n\n\n<h2 class=\"wp-block-heading\">5. Como ser soldado de Cristo Rei hoje (Guia pr\u00e1tico e pastoral)<\/h2>\n\n\n\n<p>Agora vamos ao concreto. Como viver isso no dia a dia?<\/p>\n\n\n\n<h3 class=\"wp-block-heading\">1. Vida sacramental s\u00e9ria<\/h3>\n\n\n\n<p>Um soldado sem alimento enfraquece.<\/p>\n\n\n\n<ul class=\"wp-block-list\">\n<li>Confiss\u00e3o frequente.<\/li>\n\n\n\n<li>Eucaristia recebida com rever\u00eancia.<\/li>\n\n\n\n<li>Adora\u00e7\u00e3o.<\/li>\n\n\n\n<li>Ter\u00e7o di\u00e1rio.<\/li>\n<\/ul>\n\n\n\n<p>N\u00e3o \u00e9 opcional. \u00c9 sobreviv\u00eancia espiritual.<\/p>\n\n\n\n<hr class=\"wp-block-separator has-alpha-channel-opacity\"\/>\n\n\n\n<h3 class=\"wp-block-heading\">2. Forma\u00e7\u00e3o doutrinal s\u00f3lida<\/h3>\n\n\n\n<p>Muitos crist\u00e3os perdem a f\u00e9 porque nunca a compreenderam.<\/p>\n\n\n\n<p>Leia:<\/p>\n\n\n\n<ul class=\"wp-block-list\">\n<li>O Catecismo.<\/li>\n\n\n\n<li>Os Padres da Igreja.<\/li>\n\n\n\n<li>Documentos do Magist\u00e9rio.<\/li>\n\n\n\n<li>A Sagrada Escritura.<\/li>\n<\/ul>\n\n\n\n<p>Um soldado ignorante \u00e9 vulner\u00e1vel.<\/p>\n\n\n\n<hr class=\"wp-block-separator has-alpha-channel-opacity\"\/>\n\n\n\n<h3 class=\"wp-block-heading\">3. Ordem interior<\/h3>\n\n\n\n<p>O reinado de Cristo come\u00e7a no cora\u00e7\u00e3o.<\/p>\n\n\n\n<ul class=\"wp-block-list\">\n<li>Combata a pregui\u00e7a.<\/li>\n\n\n\n<li>Combata a impureza.<\/li>\n\n\n\n<li>Combata o orgulho.<\/li>\n\n\n\n<li>Combata a tibieza.<\/li>\n<\/ul>\n\n\n\n<p>N\u00e3o se pode falar do Reino se o interior est\u00e1 em caos.<\/p>\n\n\n\n<hr class=\"wp-block-separator has-alpha-channel-opacity\"\/>\n\n\n\n<h3 class=\"wp-block-heading\">4. Testemunho p\u00fablico sem complexos<\/h3>\n\n\n\n<p>N\u00e3o se trata de gritar vers\u00edculos no escrit\u00f3rio. Trata-se de coer\u00eancia.<\/p>\n\n\n\n<ul class=\"wp-block-list\">\n<li>N\u00e3o participe de conversas imorais.<\/li>\n\n\n\n<li>Defenda a vida quando necess\u00e1rio.<\/li>\n\n\n\n<li>Fale com respeito, mas com clareza.<\/li>\n\n\n\n<li>N\u00e3o esconda sua f\u00e9 por medo da rejei\u00e7\u00e3o.<\/li>\n<\/ul>\n\n\n\n<p>Cristo disse:<\/p>\n\n\n\n<blockquote class=\"wp-block-quote is-layout-flow wp-block-quote-is-layout-flow\">\n<p>\u201cQuem me confessar diante dos homens, eu tamb\u00e9m o confessarei diante de meu Pai\u201d (Mt 10,32).<\/p>\n<\/blockquote>\n\n\n\n<hr class=\"wp-block-separator has-alpha-channel-opacity\"\/>\n\n\n\n<h3 class=\"wp-block-heading\">5. Esp\u00edrito de sacrif\u00edcio<\/h3>\n\n\n\n<p>Um soldado sabe que haver\u00e1 desconforto.<\/p>\n\n\n\n<p>Talvez voc\u00ea perca:<\/p>\n\n\n\n<ul class=\"wp-block-list\">\n<li>Popularidade.<\/li>\n\n\n\n<li>Oportunidades.<\/li>\n\n\n\n<li>Aplausos.<\/li>\n<\/ul>\n\n\n\n<p>Mas ganhar\u00e1 liberdade interior.<\/p>\n\n\n\n<hr class=\"wp-block-separator has-alpha-channel-opacity\"\/>\n\n\n\n<h2 class=\"wp-block-heading\">6. O perigo do crist\u00e3o confort\u00e1vel<\/h2>\n\n\n\n<p>O maior inimigo hoje n\u00e3o \u00e9 o ate\u00edsmo militante. \u00c9 a tibieza.<\/p>\n\n\n\n<p>O crist\u00e3o confort\u00e1vel:<\/p>\n\n\n\n<ul class=\"wp-block-list\">\n<li>N\u00e3o quer problemas.<\/li>\n\n\n\n<li>N\u00e3o quer aprofundar.<\/li>\n\n\n\n<li>N\u00e3o quer se comprometer.<\/li>\n<\/ul>\n\n\n\n<p>Mas o Apocalipse adverte:<\/p>\n\n\n\n<blockquote class=\"wp-block-quote is-layout-flow wp-block-quote-is-layout-flow\">\n<p>\u201cPorque \u00e9s morno\u2026 estou para vomitar-te da minha boca\u201d (Ap 3,16).<\/p>\n<\/blockquote>\n\n\n\n<p>Ser soldado de Cristo Rei implica definir-se.<\/p>\n\n\n\n<hr class=\"wp-block-separator has-alpha-channel-opacity\"\/>\n\n\n\n<h2 class=\"wp-block-heading\">7. Soldados\u2026 mas com o cora\u00e7\u00e3o do Cordeiro<\/h2>\n\n\n\n<p>Aqui est\u00e1 o equil\u00edbrio essencial.<\/p>\n\n\n\n<p>Cristo \u00e9 Rei, mas seu trono foi uma cruz.<\/p>\n\n\n\n<p>Ele n\u00e3o \u00e9 um tirano.<br>N\u00e3o \u00e9 um conquistador ao estilo humano.<br>\u00c9 o Rei que morre pelos seus s\u00faditos.<\/p>\n\n\n\n<p>Por isso, o soldado de Cristo:<\/p>\n\n\n\n<ul class=\"wp-block-list\">\n<li>Combate o erro.<\/li>\n\n\n\n<li>Mas ama quem erra.<\/li>\n\n\n\n<li>Defende a verdade.<\/li>\n\n\n\n<li>Mas nunca humilha.<\/li>\n\n\n\n<li>Sofre persegui\u00e7\u00e3o.<\/li>\n\n\n\n<li>Mas n\u00e3o responde com \u00f3dio.<\/li>\n<\/ul>\n\n\n\n<p>\u00c9 firme, mas misericordioso.<\/p>\n\n\n\n<hr class=\"wp-block-separator has-alpha-channel-opacity\"\/>\n\n\n\n<h2 class=\"wp-block-heading\">8. Aplica\u00e7\u00e3o concreta na fam\u00edlia, no trabalho e na sociedade<\/h2>\n\n\n\n<h3 class=\"wp-block-heading\">Na fam\u00edlia:<\/h3>\n\n\n\n<ul class=\"wp-block-list\">\n<li>Rezar juntos.<\/li>\n\n\n\n<li>Aben\u00e7oar a mesa.<\/li>\n\n\n\n<li>Celebrar o domingo como Dia do Senhor.<\/li>\n\n\n\n<li>Educar na verdade sem relativismos.<\/li>\n<\/ul>\n\n\n\n<h3 class=\"wp-block-heading\">No trabalho:<\/h3>\n\n\n\n<ul class=\"wp-block-list\">\n<li>Honestidade radical.<\/li>\n\n\n\n<li>Excel\u00eancia profissional.<\/li>\n\n\n\n<li>N\u00e3o participar de pr\u00e1ticas injustas.<\/li>\n\n\n\n<li>Oferecer o trabalho como sacrif\u00edcio.<\/li>\n<\/ul>\n\n\n\n<h3 class=\"wp-block-heading\">Na sociedade:<\/h3>\n\n\n\n<ul class=\"wp-block-list\">\n<li>Votar com consci\u00eancia moral.<\/li>\n\n\n\n<li>Defender a vida e a dignidade humana.<\/li>\n\n\n\n<li>Participar ativamente da cultura a partir da f\u00e9.<\/li>\n<\/ul>\n\n\n\n<hr class=\"wp-block-separator has-alpha-channel-opacity\"\/>\n\n\n\n<h2 class=\"wp-block-heading\">9. Uma espiritualidade de vit\u00f3ria<\/h2>\n\n\n\n<p>O combate n\u00e3o termina em derrota.<\/p>\n\n\n\n<p>Cristo j\u00e1 venceu.<\/p>\n\n\n\n<p>A hist\u00f3ria n\u00e3o est\u00e1 nas m\u00e3os do caos, mas do Rei crucificado e ressuscitado.<\/p>\n\n\n\n<p>Ser soldado de Cristo Rei n\u00e3o \u00e9 um fardo sombrio. \u00c9 um privil\u00e9gio imenso.<\/p>\n\n\n\n<p>\u00c9 viver sabendo que se pertence ao Reino eterno.<\/p>\n\n\n\n<p>\u00c9 caminhar no meio da confus\u00e3o atual com a serenidade de quem sabe quem governa o universo.<\/p>\n\n\n\n<hr class=\"wp-block-separator has-alpha-channel-opacity\"\/>\n\n\n\n<h2 class=\"wp-block-heading\">Conclus\u00e3o: Voc\u00ea est\u00e1 disposto?<\/h2>\n\n\n\n<p>Nem todos s\u00e3o chamados a grandes feitos vis\u00edveis.<\/p>\n\n\n\n<p>Mas todos s\u00e3o chamados \u00e0 fidelidade.<\/p>\n\n\n\n<p>Hoje, mais do que nunca, o mundo precisa de:<\/p>\n\n\n\n<ul class=\"wp-block-list\">\n<li>Pais firmes.<\/li>\n\n\n\n<li>M\u00e3es corajosas.<\/li>\n\n\n\n<li>Jovens contracorrente.<\/li>\n\n\n\n<li>Sacerdotes ardentes.<\/li>\n\n\n\n<li>Leigos coerentes.<\/li>\n<\/ul>\n\n\n\n<p>O Reino de Cristo n\u00e3o avan\u00e7a com barulho, mas com santos.<\/p>\n\n\n\n<p>E voc\u00ea, na sua vida ordin\u00e1ria, pode ser um deles.<\/p>\n\n\n\n<p>N\u00e3o precisa de armadura met\u00e1lica.<br>Precisa de gra\u00e7a.<\/p>\n\n\n\n<p>N\u00e3o precisa conquistar territ\u00f3rios.<br>Precisa conquistar o seu cora\u00e7\u00e3o.<\/p>\n\n\n\n<p>Porque o verdadeiro soldado de Cristo Rei n\u00e3o grita \u201cviva eu!\u201d<br>Mas:<\/p>\n\n\n\n<p><strong>\u201cViva Cristo Rei!\u201d<\/strong><\/p>\n","protected":false},"excerpt":{"rendered":"<p>Vivemos numa \u00e9poca que fala muito sobre direitos, liberdade, identidade\u2026 mas quase nunca sobre realeza. Tudo \u00e9 tolerado, exceto que algu\u00e9m proclame que existe um Rei verdadeiro, absoluto e eterno. E, no entanto, o cristianismo n\u00e3o nasceu como uma filosofia nem como uma ONG espiritual. Nasceu como o an\u00fancio de um Reino. Esse Reino tem &hellip;<\/p>\n","protected":false},"author":3,"featured_media":5065,"comment_status":"closed","ping_status":"closed","sticky":false,"template":"","format":"standard","meta":{"_seopress_robots_primary_cat":"","_seopress_titles_title":"","_seopress_titles_desc":"","_seopress_robots_index":"","footnotes":""},"categories":[39,57],"tags":[290],"class_list":["post-5064","post","type-post","status-publish","format-standard","has-post-thumbnail","","category-moral-e-vida-crista","category-virtudes-cristas","tag-cristo-rei"],"_links":{"self":[{"href":"https:\/\/catholicus.eu\/pt\/wp-json\/wp\/v2\/posts\/5064","targetHints":{"allow":["GET"]}}],"collection":[{"href":"https:\/\/catholicus.eu\/pt\/wp-json\/wp\/v2\/posts"}],"about":[{"href":"https:\/\/catholicus.eu\/pt\/wp-json\/wp\/v2\/types\/post"}],"author":[{"embeddable":true,"href":"https:\/\/catholicus.eu\/pt\/wp-json\/wp\/v2\/users\/3"}],"replies":[{"embeddable":true,"href":"https:\/\/catholicus.eu\/pt\/wp-json\/wp\/v2\/comments?post=5064"}],"version-history":[{"count":1,"href":"https:\/\/catholicus.eu\/pt\/wp-json\/wp\/v2\/posts\/5064\/revisions"}],"predecessor-version":[{"id":5066,"href":"https:\/\/catholicus.eu\/pt\/wp-json\/wp\/v2\/posts\/5064\/revisions\/5066"}],"wp:featuredmedia":[{"embeddable":true,"href":"https:\/\/catholicus.eu\/pt\/wp-json\/wp\/v2\/media\/5065"}],"wp:attachment":[{"href":"https:\/\/catholicus.eu\/pt\/wp-json\/wp\/v2\/media?parent=5064"}],"wp:term":[{"taxonomy":"category","embeddable":true,"href":"https:\/\/catholicus.eu\/pt\/wp-json\/wp\/v2\/categories?post=5064"},{"taxonomy":"post_tag","embeddable":true,"href":"https:\/\/catholicus.eu\/pt\/wp-json\/wp\/v2\/tags?post=5064"}],"curies":[{"name":"wp","href":"https:\/\/api.w.org\/{rel}","templated":true}]}}