{"id":5061,"date":"2026-02-20T12:24:46","date_gmt":"2026-02-20T11:24:46","guid":{"rendered":"https:\/\/catholicus.eu\/pt\/?p=5061"},"modified":"2026-02-20T12:24:47","modified_gmt":"2026-02-20T11:24:47","slug":"revelacao-publica-e-revelacoes-privadas-quando-deus-fala-como-ouvir-hoje","status":"publish","type":"post","link":"https:\/\/catholicus.eu\/pt\/revelacao-publica-e-revelacoes-privadas-quando-deus-fala-como-ouvir-hoje\/","title":{"rendered":"Revela\u00e7\u00e3o P\u00fablica e Revela\u00e7\u00f5es Privadas: Quando Deus Fala\u2026 Como Ouvir Hoje?"},"content":{"rendered":"\n<p>Vivemos em uma \u00e9poca saturada de mensagens, opini\u00f5es e \u201cverdades\u201d contradit\u00f3rias. No meio desse ru\u00eddo, muitos fi\u00e9is se perguntam: <em>Deus ainda fala? Qual \u00e9 o valor das apari\u00e7\u00f5es, profecias ou mensagens privadas? \u00c9 obrigat\u00f3rio acreditar nelas?<\/em><\/p>\n\n\n\n<p>Para responder com clareza, profundidade e fidelidade ao ensinamento cat\u00f3lico, devemos distinguir entre duas realidades fundamentais: <strong>Revela\u00e7\u00e3o P\u00fablica<\/strong> e <strong>revela\u00e7\u00f5es privadas<\/strong>. Essa distin\u00e7\u00e3o n\u00e3o \u00e9 um detalhe t\u00e9cnico; \u00e9 uma b\u00fassola espiritual indispens\u00e1vel para n\u00e3o nos perdermos no caminho da f\u00e9.<\/p>\n\n\n\n<hr class=\"wp-block-separator has-alpha-channel-opacity\"\/>\n\n\n\n<h2 class=\"wp-block-heading\">I. O que \u00e9 a Revela\u00e7\u00e3o P\u00fablica? O fundamento inabal\u00e1vel<\/h2>\n\n\n\n<p>A Revela\u00e7\u00e3o P\u00fablica \u00e9 a <strong>manifesta\u00e7\u00e3o que Deus fez de Si mesmo \u00e0 humanidade<\/strong>, culminando na pessoa de Jesus Cristo.<\/p>\n\n\n\n<p>Como ensina a Igreja, Deus falou progressivamente na hist\u00f3ria de Israel, por meio dos profetas, e finalmente falou de maneira definitiva em Seu Filho:<\/p>\n\n\n\n<blockquote class=\"wp-block-quote is-layout-flow wp-block-quote-is-layout-flow\">\n<p>\u201cHavendo Deus antigamente falado muitas vezes, e de muitas maneiras, aos pais, pelos profetas, nestes \u00faltimos dias nos falou pelo Filho\u201d (Hebreus 1,1-2).<\/p>\n<\/blockquote>\n\n\n\n<p>Esta Revela\u00e7\u00e3o:<\/p>\n\n\n\n<ul class=\"wp-block-list\">\n<li>Est\u00e1 contida nas Escrituras Sagradas.<\/li>\n\n\n\n<li>\u00c9 tamb\u00e9m transmitida pela Tradi\u00e7\u00e3o Apost\u00f3lica.<\/li>\n\n\n\n<li>Foi confiada ao Magist\u00e9rio da Igreja para interpreta\u00e7\u00e3o aut\u00eantica.<\/li>\n\n\n\n<li>Foi encerrada com a morte do \u00faltimo Ap\u00f3stolo.<\/li>\n<\/ul>\n\n\n\n<p>Aqui est\u00e1 o ponto chave: <strong>ap\u00f3s Jesus Cristo, n\u00e3o haver\u00e1 uma nova revela\u00e7\u00e3o p\u00fablica<\/strong>. Nada pode ser acrescentado ao dep\u00f3sito da f\u00e9.<\/p>\n\n\n\n<p>Jesus Cristo n\u00e3o \u00e9 apenas mais um mensageiro. Ele \u00e9 a Palavra definitiva do Pai. Como afirmou S\u00e3o Jo\u00e3o da Cruz:<\/p>\n\n\n\n<p><em>\u201cAo nos dar Seu Filho, Sua \u00fanica Palavra, Ele nos disse tudo de uma s\u00f3 vez nesta \u00fanica Palavra \u2013 e n\u00e3o tem mais nada a dizer.\u201d<\/em><\/p>\n\n\n\n<hr class=\"wp-block-separator has-alpha-channel-opacity\"\/>\n\n\n\n<h2 class=\"wp-block-heading\">II. O que s\u00e3o, ent\u00e3o, as revela\u00e7\u00f5es privadas?<\/h2>\n\n\n\n<p>As revela\u00e7\u00f5es privadas s\u00e3o interven\u00e7\u00f5es particulares de Deus (ou da Virgem Maria ou dos santos) na hist\u00f3ria ap\u00f3s a \u00e9poca apost\u00f3lica.<\/p>\n\n\n\n<p>Elas n\u00e3o pertencem ao dep\u00f3sito da f\u00e9. N\u00e3o completam a Revela\u00e7\u00e3o. N\u00e3o acrescentam novas verdades doutrinais obrigat\u00f3rias.<\/p>\n\n\n\n<p>No entanto, podem ajudar a viver o Evangelho mais plenamente em um tempo espec\u00edfico.<\/p>\n\n\n\n<p>Ao longo da hist\u00f3ria, numerosas revela\u00e7\u00f5es privadas foram reconhecidas pela Igreja. Entre elas:<\/p>\n\n\n\n<hr class=\"wp-block-separator has-alpha-channel-opacity\"\/>\n\n\n\n<h3 class=\"wp-block-heading\">\ud83c\udf39 As apari\u00e7\u00f5es em Lourdes (1858)<\/h3>\n\n\n\n<p>A Virgem Maria apareceu a Santa Bernadette Soubirous, confirmando o dogma da Imaculada Concei\u00e7\u00e3o proclamado alguns anos antes. A mensagem era clara: ora\u00e7\u00e3o, penit\u00eancia e convers\u00e3o.<\/p>\n\n\n\n<hr class=\"wp-block-separator has-alpha-channel-opacity\"\/>\n\n\n\n<h3 class=\"wp-block-heading\">\ud83c\udf0a As apari\u00e7\u00f5es em F\u00e1tima (1917)<\/h3>\n\n\n\n<p>Em um contexto de guerra mundial e expans\u00e3o do ate\u00edsmo, a Virgem chamou \u00e0 convers\u00e3o, \u00e0 recita\u00e7\u00e3o do Ros\u00e1rio e \u00e0 repara\u00e7\u00e3o pelos pecados.<\/p>\n\n\n\n<hr class=\"wp-block-separator has-alpha-channel-opacity\"\/>\n\n\n\n<h3 class=\"wp-block-heading\">\u271d\ufe0f A devo\u00e7\u00e3o \u00e0 Divina Miseric\u00f3rdia revelada a Santa Faustina Kowalska<\/h3>\n\n\n\n<p>No s\u00e9culo XX, Cristo lembrou ao mundo a profundidade insond\u00e1vel de Sua miseric\u00f3rdia: <em>\u201cJesus, eu confio em V\u00f3s.\u201d<\/em><\/p>\n\n\n\n<hr class=\"wp-block-separator has-alpha-channel-opacity\"\/>\n\n\n\n<h2 class=\"wp-block-heading\">III. Diferen\u00e7as essenciais: clareza doutrinal<\/h2>\n\n\n\n<p>Do ponto de vista teol\u00f3gico:<\/p>\n\n\n\n<figure class=\"wp-block-table\"><table class=\"has-fixed-layout\"><thead><tr><th>Revela\u00e7\u00e3o P\u00fablica<\/th><th>Revela\u00e7\u00f5es privadas<\/th><\/tr><\/thead><tbody><tr><td>Obrigat\u00f3ria para todos os fi\u00e9is<\/td><td>N\u00e3o obrigat\u00f3ria<\/td><\/tr><tr><td>Encerrada com o \u00faltimo Ap\u00f3stolo<\/td><td>Continua na hist\u00f3ria<\/td><\/tr><tr><td>Contida nas Escrituras e na Tradi\u00e7\u00e3o<\/td><td>N\u00e3o pertence ao dep\u00f3sito da f\u00e9<\/td><\/tr><tr><td>Fundamento da doutrina<\/td><td>Aux\u00edlio pastoral<\/td><\/tr><\/tbody><\/table><\/figure>\n\n\n\n<p>O Catecismo ensina que as revela\u00e7\u00f5es privadas n\u00e3o t\u00eam o objetivo de <em>\u201cmelhorar ou completar a Revela\u00e7\u00e3o definitiva de Cristo\u201d<\/em>, mas de ajudar a viv\u00ea-la mais plenamente em uma \u00e9poca determinada.<\/p>\n\n\n\n<p>Portanto, mesmo quando a Igreja aprova uma revela\u00e7\u00e3o privada, o fiel n\u00e3o \u00e9 obrigado a crer nela com f\u00e9 teologal. Pode aceit\u00e1-la com assentimento humano prudente.<\/p>\n\n\n\n<hr class=\"wp-block-separator has-alpha-channel-opacity\"\/>\n\n\n\n<h2 class=\"wp-block-heading\">IV. Discernimento: um tema urgentemente atual<\/h2>\n\n\n\n<p>Hoje, proliferam mensagens nas redes sociais \u2013 supostas profecias, videntes autoproclamados e an\u00fancios apocal\u00edpticos. \u00c9 aqui que esta doutrina se torna pastoralmente crucial.<\/p>\n\n\n\n<p>A Igreja examina cuidadosamente cada suposta revela\u00e7\u00e3o:<\/p>\n\n\n\n<ul class=\"wp-block-list\">\n<li>Fidelidade \u00e0 doutrina<\/li>\n\n\n\n<li>Equil\u00edbrio psicol\u00f3gico do vidente<\/li>\n\n\n\n<li>Frutos espirituais<\/li>\n\n\n\n<li>Aus\u00eancia de interesses econ\u00f4micos ou manipula\u00e7\u00f5es<\/li>\n<\/ul>\n\n\n\n<p>Um princ\u00edpio claro:<br><strong>Se uma mensagem contradiz o ensinamento constante da Igreja, ela n\u00e3o vem de Deus.<\/strong><\/p>\n\n\n\n<p>Deus n\u00e3o se contradiz.<\/p>\n\n\n\n<hr class=\"wp-block-separator has-alpha-channel-opacity\"\/>\n\n\n\n<h2 class=\"wp-block-heading\">V. Por que Deus permite as revela\u00e7\u00f5es privadas?<\/h2>\n\n\n\n<p>Teologicamente, Deus n\u00e3o precisa delas. <strong>N\u00f3s precisamos.<\/strong><\/p>\n\n\n\n<p>As revela\u00e7\u00f5es privadas geralmente surgem:<\/p>\n\n\n\n<ul class=\"wp-block-list\">\n<li>Em tempos de crise moral<\/li>\n\n\n\n<li>Durante guerras ou persegui\u00e7\u00e3o<\/li>\n\n\n\n<li>Quando a f\u00e9 enfraquece<\/li>\n\n\n\n<li>Quando a humanidade se afasta de Deus<\/li>\n<\/ul>\n\n\n\n<p>Elas n\u00e3o trazem algo novo, mas <strong>reativam o essencial<\/strong>: ora\u00e7\u00e3o, penit\u00eancia, convers\u00e3o, confian\u00e7a.<\/p>\n\n\n\n<p>Em F\u00e1tima, n\u00e3o foi ensinada uma nova doutrina. O Evangelho foi recordado.<\/p>\n\n\n\n<hr class=\"wp-block-separator has-alpha-channel-opacity\"\/>\n\n\n\n<h2 class=\"wp-block-heading\">VI. Aplica\u00e7\u00e3o pr\u00e1tica: o que isso significa para sua vida?<\/h2>\n\n\n\n<p>Aqui entramos na dimens\u00e3o pastoral.<\/p>\n\n\n\n<h3 class=\"wp-block-heading\">1\ufe0f\u20e3 Centralize a f\u00e9 em Cristo, n\u00e3o em fen\u00f4menos extraordin\u00e1rios<\/h3>\n\n\n\n<p>A vida crist\u00e3 n\u00e3o se fundamenta em vis\u00f5es, mas nos sacramentos, na ora\u00e7\u00e3o e na caridade.<\/p>\n\n\n\n<p>Se algu\u00e9m diz: \u201cS\u00f3 acredito porque houve um milagre\u201d, sua f\u00e9 \u00e9 fr\u00e1gil.<br>O pr\u00f3prio Jesus disse:<\/p>\n\n\n\n<blockquote class=\"wp-block-quote is-layout-flow wp-block-quote-is-layout-flow\">\n<p>\u201cBem-aventurados os que n\u00e3o viram e creram\u201d (Jo\u00e3o 20,29).<\/p>\n<\/blockquote>\n\n\n\n<h3 class=\"wp-block-heading\">2\ufe0f\u20e3 Leia a B\u00edblia antes de buscar novas mensagens<\/h3>\n\n\n\n<p>Muitos buscam profecias enquanto sua B\u00edblia acumula poeira.<br>A Revela\u00e7\u00e3o j\u00e1 est\u00e1 l\u00e1. Viva. Presente.<\/p>\n\n\n\n<h3 class=\"wp-block-heading\">3\ufe0f\u20e3 Pratique o discernimento<\/h3>\n\n\n\n<p>Antes de compartilhar uma suposta mensagem celestial:<\/p>\n\n\n\n<ul class=\"wp-block-list\">\n<li>Ela \u00e9 aprovada?<\/li>\n\n\n\n<li>Promove paz ou medo?<\/li>\n\n\n\n<li>Incentiva a obedi\u00eancia \u00e0 Igreja?<\/li>\n<\/ul>\n\n\n\n<h3 class=\"wp-block-heading\">4\ufe0f\u20e3 Entenda que a santidade n\u00e3o depende de apari\u00e7\u00f5es<\/h3>\n\n\n\n<p>Milh\u00f5es de santos nunca tiveram vis\u00f5es.<br>A santidade consiste em amar a Deus e ao pr\u00f3ximo na vida cotidiana.<\/p>\n\n\n\n<hr class=\"wp-block-separator has-alpha-channel-opacity\"\/>\n\n\n\n<h2 class=\"wp-block-heading\">VII. Um equil\u00edbrio necess\u00e1rio: nem desprezo nem obsess\u00e3o<\/h2>\n\n\n\n<p>Existem dois extremos:<\/p>\n\n\n\n<ul class=\"wp-block-list\">\n<li>Desprezar toda revela\u00e7\u00e3o privada<\/li>\n\n\n\n<li>Obsess\u00e3o por elas<\/li>\n<\/ul>\n\n\n\n<p>O caminho cat\u00f3lico \u00e9 a prud\u00eancia sobrenatural.<\/p>\n\n\n\n<p>Se a Igreja aprova uma revela\u00e7\u00e3o, ela pode ser um dom valioso. Mas n\u00e3o substitui:<\/p>\n\n\n\n<ul class=\"wp-block-list\">\n<li>A Eucaristia<\/li>\n\n\n\n<li>A confiss\u00e3o<\/li>\n\n\n\n<li>A vida moral<\/li>\n\n\n\n<li>A obedi\u00eancia ao Magist\u00e9rio<\/li>\n<\/ul>\n\n\n\n<hr class=\"wp-block-separator has-alpha-channel-opacity\"\/>\n\n\n\n<h2 class=\"wp-block-heading\">VIII. Uma chave teol\u00f3gica profunda<\/h2>\n\n\n\n<p>Cristo \u00e9 a plenitude absoluta da Revela\u00e7\u00e3o. Tudo j\u00e1 foi dito n\u2019Ele.<\/p>\n\n\n\n<p>Isso tem uma consequ\u00eancia maravilhosa:<br>N\u00e3o vivemos esperando \u201cnovos segredos\u201d, mas aprofundando o Mist\u00e9rio j\u00e1 revelado.<\/p>\n\n\n\n<p>A Revela\u00e7\u00e3o n\u00e3o \u00e9 informa\u00e7\u00e3o; \u00e9 uma Pessoa.<\/p>\n\n\n\n<p>E essa Pessoa vive.<\/p>\n\n\n\n<hr class=\"wp-block-separator has-alpha-channel-opacity\"\/>\n\n\n\n<h2 class=\"wp-block-heading\">IX. No contexto atual: do que realmente precisamos?<\/h2>\n\n\n\n<p>Em um mundo:<\/p>\n\n\n\n<ul class=\"wp-block-list\">\n<li>Relativista<\/li>\n\n\n\n<li>Sensacionalista<\/li>\n\n\n\n<li>Digitalmente hiperconectado<\/li>\n\n\n\n<li>Espiritualmente desorientado<\/li>\n<\/ul>\n\n\n\n<p>O urgente n\u00e3o \u00e9 buscar novas mensagens, mas redescobrir a centralidade de Cristo.<\/p>\n\n\n\n<p>As revela\u00e7\u00f5es privadas aut\u00eanticas sempre apontam para:<\/p>\n\n\n\n<ul class=\"wp-block-list\">\n<li>Convers\u00e3o<\/li>\n\n\n\n<li>Ora\u00e7\u00e3o<\/li>\n\n\n\n<li>Penit\u00eancia<\/li>\n\n\n\n<li>Confian\u00e7a na miseric\u00f3rdia divina<\/li>\n\n\n\n<li>Fidelidade \u00e0 Igreja<\/li>\n<\/ul>\n\n\n\n<p>Elas nunca geram divis\u00e3o, rebeli\u00e3o ou fanatismo.<\/p>\n\n\n\n<hr class=\"wp-block-separator has-alpha-channel-opacity\"\/>\n\n\n\n<h2 class=\"wp-block-heading\">X. Conclus\u00e3o: Quando Deus fala\u2026 o cora\u00e7\u00e3o responde<\/h2>\n\n\n\n<p>Deus j\u00e1 falou definitivamente em Seu Filho. Essa \u00e9 a rocha firme.<\/p>\n\n\n\n<p>As revela\u00e7\u00f5es privadas, quando aut\u00eanticas, s\u00e3o como sinos que despertam uma alma adormecida. Mas a casa j\u00e1 estava constru\u00edda.<\/p>\n\n\n\n<p>Se hoje voc\u00ea deseja aplicar este ensinamento em sua vida:<\/p>\n\n\n\n<ul class=\"wp-block-list\">\n<li>Volte ao Evangelho<\/li>\n\n\n\n<li>Viva os sacramentos<\/li>\n\n\n\n<li>Pratique a caridade<\/li>\n\n\n\n<li>Reze o Ros\u00e1rio<\/li>\n\n\n\n<li>Confie na miseric\u00f3rdia divina<\/li>\n<\/ul>\n\n\n\n<p>E, sobretudo, lembre-se:<\/p>\n\n\n\n<p>Voc\u00ea n\u00e3o precisa buscar vozes extraordin\u00e1rias para encontrar Deus.<br>Ele j\u00e1 fala com voc\u00ea todos os dias em Sua Palavra, na Igreja e nas profundezas de sua consci\u00eancia.<\/p>\n\n\n\n<p>A pergunta n\u00e3o \u00e9 se Deus fala.<br>A pergunta \u00e9: <strong>estamos dispostos a ouvir?<\/strong><\/p>\n","protected":false},"excerpt":{"rendered":"<p>Vivemos em uma \u00e9poca saturada de mensagens, opini\u00f5es e \u201cverdades\u201d contradit\u00f3rias. No meio desse ru\u00eddo, muitos fi\u00e9is se perguntam: Deus ainda fala? Qual \u00e9 o valor das apari\u00e7\u00f5es, profecias ou mensagens privadas? \u00c9 obrigat\u00f3rio acreditar nelas? Para responder com clareza, profundidade e fidelidade ao ensinamento cat\u00f3lico, devemos distinguir entre duas realidades fundamentais: Revela\u00e7\u00e3o P\u00fablica e &hellip;<\/p>\n","protected":false},"author":3,"featured_media":5062,"comment_status":"closed","ping_status":"closed","sticky":false,"template":"","format":"standard","meta":{"_seopress_robots_primary_cat":"","_seopress_titles_title":"","_seopress_titles_desc":"","_seopress_robots_index":"","footnotes":""},"categories":[43,37],"tags":[1768],"class_list":["post-5061","post","type-post","status-publish","format-standard","has-post-thumbnail","","category-catecismo-da-igreja-catolica","category-doutrina-e-fe","tag-revelacao"],"_links":{"self":[{"href":"https:\/\/catholicus.eu\/pt\/wp-json\/wp\/v2\/posts\/5061","targetHints":{"allow":["GET"]}}],"collection":[{"href":"https:\/\/catholicus.eu\/pt\/wp-json\/wp\/v2\/posts"}],"about":[{"href":"https:\/\/catholicus.eu\/pt\/wp-json\/wp\/v2\/types\/post"}],"author":[{"embeddable":true,"href":"https:\/\/catholicus.eu\/pt\/wp-json\/wp\/v2\/users\/3"}],"replies":[{"embeddable":true,"href":"https:\/\/catholicus.eu\/pt\/wp-json\/wp\/v2\/comments?post=5061"}],"version-history":[{"count":1,"href":"https:\/\/catholicus.eu\/pt\/wp-json\/wp\/v2\/posts\/5061\/revisions"}],"predecessor-version":[{"id":5063,"href":"https:\/\/catholicus.eu\/pt\/wp-json\/wp\/v2\/posts\/5061\/revisions\/5063"}],"wp:featuredmedia":[{"embeddable":true,"href":"https:\/\/catholicus.eu\/pt\/wp-json\/wp\/v2\/media\/5062"}],"wp:attachment":[{"href":"https:\/\/catholicus.eu\/pt\/wp-json\/wp\/v2\/media?parent=5061"}],"wp:term":[{"taxonomy":"category","embeddable":true,"href":"https:\/\/catholicus.eu\/pt\/wp-json\/wp\/v2\/categories?post=5061"},{"taxonomy":"post_tag","embeddable":true,"href":"https:\/\/catholicus.eu\/pt\/wp-json\/wp\/v2\/tags?post=5061"}],"curies":[{"name":"wp","href":"https:\/\/api.w.org\/{rel}","templated":true}]}}