{"id":5057,"date":"2026-02-20T10:59:04","date_gmt":"2026-02-20T09:59:04","guid":{"rendered":"https:\/\/catholicus.eu\/pt\/?p=5057"},"modified":"2026-02-20T10:59:04","modified_gmt":"2026-02-20T09:59:04","slug":"o-dicionario-esquecido-as-palavras-sagradas-que-forjaram-a-civilizacao-crista-e-que-hoje-quase-ninguem-compreende","status":"publish","type":"post","link":"https:\/\/catholicus.eu\/pt\/o-dicionario-esquecido-as-palavras-sagradas-que-forjaram-a-civilizacao-crista-e-que-hoje-quase-ninguem-compreende\/","title":{"rendered":"O Dicion\u00e1rio Esquecido: As Palavras Sagradas que Forjaram a Civiliza\u00e7\u00e3o Crist\u00e3 (e que Hoje Quase Ningu\u00e9m Compreende)"},"content":{"rendered":"\n<p>Vivemos numa \u00e9poca de mensagens curtas, manchetes fugazes e linguagem simplificada. No entanto, a f\u00e9 cat\u00f3lica \u2014 especialmente na sua tradi\u00e7\u00e3o mais antiga \u2014 \u00e9 tecida com um vocabul\u00e1rio profundo, simb\u00f3lico e carregado de s\u00e9culos de sabedoria.<\/p>\n\n\n\n<p>Muitos fi\u00e9is participam da Missa, rezam, amam a Deus\u2026 mas esqueceram (ou nunca aprenderam) a linguagem que durante s\u00e9culos formou a consci\u00eancia crist\u00e3.<\/p>\n\n\n\n<p>Este artigo \u00e9 um convite para redescobrir este <strong>\u201cdicion\u00e1rio esquecido\u201d<\/strong>: palavras que n\u00e3o s\u00e3o mero jarg\u00e3o, mas portas abertas para o mist\u00e9rio. Conhec\u00ea-las n\u00e3o \u00e9 elitismo; \u00e9 entrar mais profundamente na heran\u00e7a espiritual da Igreja.<\/p>\n\n\n\n<hr class=\"wp-block-separator has-alpha-channel-opacity\"\/>\n\n\n\n<h2 class=\"wp-block-heading\">\u2728 I. Vestes e Objetos Sagrados: A Linguagem Vis\u00edvel do Mist\u00e9rio<\/h2>\n\n\n\n<p>A liturgia tradicional \u00e9 rica em s\u00edmbolos. Cada veste, cada objeto, possui um significado espiritual.<\/p>\n\n\n\n<hr class=\"wp-block-separator has-alpha-channel-opacity\"\/>\n\n\n\n<h3 class=\"wp-block-heading\">\ud83e\uddf5 Man\u00edpulo<\/h3>\n\n\n\n<p><strong>O que \u00e9?<\/strong><br>Uma faixa estreita de tecido que o sacerdote usa sobre o bra\u00e7o esquerdo durante a Missa tradicional.<\/p>\n\n\n\n<p><strong>O que significa?<\/strong><br>Simboliza as l\u00e1grimas, o esfor\u00e7o e o sacrif\u00edcio do minist\u00e9rio sacerdotal. Recorda que o sacerdote n\u00e3o \u00e9 um \u201canimador espiritual\u201d, mas aquele que carrega o peso do sacrif\u00edcio.<\/p>\n\n\n\n<blockquote class=\"wp-block-quote is-layout-flow wp-block-quote-is-layout-flow\">\n<p>\u00abOs que semeiam com l\u00e1grimas colher\u00e3o com alegria\u00bb (Salmo 126).<\/p>\n<\/blockquote>\n\n\n\n<hr class=\"wp-block-separator has-alpha-channel-opacity\"\/>\n\n\n\n<h3 class=\"wp-block-heading\">\ud83d\udc55 Sobrepeliz<\/h3>\n\n\n\n<p><strong>O que \u00e9?<\/strong><br>Uma veste branca usada sobre a batina.<\/p>\n\n\n\n<p><strong>Significado espiritual:<\/strong><br>A pureza batismal. O branco n\u00e3o \u00e9 decora\u00e7\u00e3o \u2014 \u00e9 teologia vis\u00edvel.<\/p>\n\n\n\n<hr class=\"wp-block-separator has-alpha-channel-opacity\"\/>\n\n\n\n<h3 class=\"wp-block-heading\">\ud83c\udf97\ufe0f Estola<\/h3>\n\n\n\n<p>Uma longa faixa usada pelo sacerdote sobre os ombros.<\/p>\n\n\n\n<p><strong>Simboliza:<\/strong><br>A autoridade sacerdotal e o \u201cjugo suave\u201d de Cristo. Por isso ele a usa ao confessar: representa o poder de absolver.<\/p>\n\n\n\n<hr class=\"wp-block-separator has-alpha-channel-opacity\"\/>\n\n\n\n<h3 class=\"wp-block-heading\">\ud83e\udde5 Casula<\/h3>\n\n\n\n<p>A veste exterior usada pelo sacerdote durante a Missa.<\/p>\n\n\n\n<p><strong>Simboliza:<\/strong><br>A caridade que tudo cobre. Sem caridade, o minist\u00e9rio torna-se vazio.<\/p>\n\n\n\n<hr class=\"wp-block-separator has-alpha-channel-opacity\"\/>\n\n\n\n<h3 class=\"wp-block-heading\">\ud83d\udd6f\ufe0f Cib\u00f3rio<\/h3>\n\n\n\n<p>Um vaso sagrado onde se guardam as h\u00f3stias consagradas.<\/p>\n\n\n\n<p><strong>Nota teol\u00f3gica:<\/strong><br>Cont\u00e9m verdadeiramente o Corpo de Cristo. N\u00e3o \u00e9 s\u00edmbolo \u2014 \u00e9 presen\u00e7a real.<\/p>\n\n\n\n<hr class=\"wp-block-separator has-alpha-channel-opacity\"\/>\n\n\n\n<h2 class=\"wp-block-heading\">\u26ea II. Tempos Lit\u00fargicos que Quase Ningu\u00e9m Conhece Hoje<\/h2>\n\n\n\n<hr class=\"wp-block-separator has-alpha-channel-opacity\"\/>\n\n\n\n<h3 class=\"wp-block-heading\">\ud83d\udcc5 Septuag\u00e9sima<\/h3>\n\n\n\n<p>Um per\u00edodo antigo que come\u00e7ava aproximadamente 70 dias antes da P\u00e1scoa.<\/p>\n\n\n\n<p><strong>Por que \u00e9 importante?<\/strong><br>Marcava uma prepara\u00e7\u00e3o penitencial progressiva. Embora tenha sido removida do calend\u00e1rio moderno, permanece na liturgia tradicional.<\/p>\n\n\n\n<p>Septuag\u00e9sima significa literalmente \u201cseptuag\u00e9simo\u201d, evocando os 70 anos do ex\u00edlio na Babil\u00f4nia \u2014 s\u00edmbolo do ex\u00edlio da alma longe de Deus.<\/p>\n\n\n\n<hr class=\"wp-block-separator has-alpha-channel-opacity\"\/>\n\n\n\n<h3 class=\"wp-block-heading\">\ud83c\udf3f Quinquag\u00e9sima<\/h3>\n\n\n\n<p>O domingo anterior ao in\u00edcio da Quaresma.<\/p>\n\n\n\n<p>Recordava os 50 dias antes da P\u00e1scoa e preparava o esp\u00edrito para a penit\u00eancia.<\/p>\n\n\n\n<hr class=\"wp-block-separator has-alpha-channel-opacity\"\/>\n\n\n\n<h3 class=\"wp-block-heading\">\ud83d\udd4a\ufe0f Oitava<\/h3>\n\n\n\n<p>Um per\u00edodo de oito dias durante o qual uma solenidade \u00e9 prolongada.<\/p>\n\n\n\n<p>A P\u00e1scoa possu\u00eda uma Oitava solene: oito dias celebrados como se fossem um s\u00f3.<\/p>\n\n\n\n<p>Porque em Deus o tempo se dilata.<\/p>\n\n\n\n<hr class=\"wp-block-separator has-alpha-channel-opacity\"\/>\n\n\n\n<h2 class=\"wp-block-heading\">\ud83d\ude4f III. Termos Teol\u00f3gicos que Formam a Mente Cat\u00f3lica<\/h2>\n\n\n\n<hr class=\"wp-block-separator has-alpha-channel-opacity\"\/>\n\n\n\n<h3 class=\"wp-block-heading\">\u271d\ufe0f Indulg\u00eancia Plen\u00e1ria<\/h3>\n\n\n\n<p><strong>Defini\u00e7\u00e3o clara:<\/strong><br>A remiss\u00e3o total da pena temporal devida pelos pecados j\u00e1 perdoados.<\/p>\n\n\n\n<p>Aqui \u00e9 importante esclarecer algo fundamental:<\/p>\n\n\n\n<ul class=\"wp-block-list\">\n<li>O pecado tem culpa (perdoada na confiss\u00e3o).<\/li>\n\n\n\n<li>E tem consequ\u00eancias (pena temporal).<\/li>\n<\/ul>\n\n\n\n<p>A indulg\u00eancia plen\u00e1ria apaga essa consequ\u00eancia.<\/p>\n\n\n\n<p>N\u00e3o \u00e9 \u201ccomprar o perd\u00e3o\u201d. \u00c9 a aplica\u00e7\u00e3o dos m\u00e9ritos de Cristo e dos santos a uma alma arrependida.<\/p>\n\n\n\n<hr class=\"wp-block-separator has-alpha-channel-opacity\"\/>\n\n\n\n<h3 class=\"wp-block-heading\">\ud83d\udd25 Purgat\u00f3rio<\/h3>\n\n\n\n<p>Um estado de purifica\u00e7\u00e3o para as almas que morrem na gra\u00e7a, mas ainda necessitam de purifica\u00e7\u00e3o.<\/p>\n\n\n\n<p>N\u00e3o \u00e9 uma segunda oportunidade. \u00c9 o \u00faltimo ato de miseric\u00f3rdia.<\/p>\n\n\n\n<hr class=\"wp-block-separator has-alpha-channel-opacity\"\/>\n\n\n\n<h3 class=\"wp-block-heading\">\ud83d\uded0 Latria, Dulia e Hiperdulia<\/h3>\n\n\n\n<p>Tr\u00eas graus de venera\u00e7\u00e3o:<\/p>\n\n\n\n<ul class=\"wp-block-list\">\n<li><strong>Latria:<\/strong> adora\u00e7\u00e3o reservada somente a Deus.<\/li>\n\n\n\n<li><strong>Dulia:<\/strong> venera\u00e7\u00e3o aos santos.<\/li>\n\n\n\n<li><strong>Hiperdulia:<\/strong> venera\u00e7\u00e3o especial \u00e0 Virgem Maria.<\/li>\n<\/ul>\n\n\n\n<p>Isso desmonta a acusa\u00e7\u00e3o de idolatria.<\/p>\n\n\n\n<hr class=\"wp-block-separator has-alpha-channel-opacity\"\/>\n\n\n\n<h3 class=\"wp-block-heading\">\ud83d\udd4a\ufe0f Gra\u00e7a Santificante<\/h3>\n\n\n\n<p>A pr\u00f3pria vida de Deus na alma.<\/p>\n\n\n\n<p>Sem ela, a alma est\u00e1 espiritualmente morta. Com ela, participa da natureza divina.<\/p>\n\n\n\n<hr class=\"wp-block-separator has-alpha-channel-opacity\"\/>\n\n\n\n<h3 class=\"wp-block-heading\">\u2696\ufe0f Pecado Mortal<\/h3>\n\n\n\n<p>Requer tr\u00eas condi\u00e7\u00f5es:<\/p>\n\n\n\n<ol class=\"wp-block-list\">\n<li>Mat\u00e9ria grave<\/li>\n\n\n\n<li>Pleno conhecimento<\/li>\n\n\n\n<li>Consentimento deliberado<\/li>\n<\/ol>\n\n\n\n<p>Rompe a amizade com Deus.<\/p>\n\n\n\n<hr class=\"wp-block-separator has-alpha-channel-opacity\"\/>\n\n\n\n<h3 class=\"wp-block-heading\">\ud83d\udcff Sacramental<\/h3>\n\n\n\n<p>Um objeto aben\u00e7oado que disp\u00f5e a alma a receber a gra\u00e7a.<\/p>\n\n\n\n<p>Exemplos: \u00e1gua benta, escapul\u00e1rio, medalha.<\/p>\n\n\n\n<hr class=\"wp-block-separator has-alpha-channel-opacity\"\/>\n\n\n\n<h2 class=\"wp-block-heading\">\ud83d\udcdc IV. Palavras da Missa Tradicional que Voc\u00ea Precisa Conhecer<\/h2>\n\n\n\n<hr class=\"wp-block-separator has-alpha-channel-opacity\"\/>\n\n\n\n<h3 class=\"wp-block-heading\">\ud83d\udd4a\ufe0f Intr\u00f3ito<\/h3>\n\n\n\n<p>O canto de entrada que introduz o mist\u00e9rio do dia.<\/p>\n\n\n\n<hr class=\"wp-block-separator has-alpha-channel-opacity\"\/>\n\n\n\n<h3 class=\"wp-block-heading\">\ud83d\udcd6 Gradual<\/h3>\n\n\n\n<p>Um salmo cantado entre as leituras.<\/p>\n\n\n\n<hr class=\"wp-block-separator has-alpha-channel-opacity\"\/>\n\n\n\n<h3 class=\"wp-block-heading\">\ud83d\udd14 C\u00e2non<\/h3>\n\n\n\n<p>A parte central e imut\u00e1vel da Missa onde ocorre a consagra\u00e7\u00e3o.<\/p>\n\n\n\n<p>Na Missa tradicional, o C\u00e2non \u00e9 rezado em sil\u00eancio. Esse sil\u00eancio n\u00e3o \u00e9 vazio \u2014 \u00e9 adora\u00e7\u00e3o.<\/p>\n\n\n\n<hr class=\"wp-block-separator has-alpha-channel-opacity\"\/>\n\n\n\n<h3 class=\"wp-block-heading\">\ud83c\udf5e Transubstancia\u00e7\u00e3o<\/h3>\n\n\n\n<p>A mudan\u00e7a da subst\u00e2ncia do p\u00e3o e do vinho no Corpo e Sangue de Cristo.<\/p>\n\n\n\n<p>A apar\u00eancia n\u00e3o muda; a realidade, sim.<\/p>\n\n\n\n<hr class=\"wp-block-separator has-alpha-channel-opacity\"\/>\n\n\n\n<h3 class=\"wp-block-heading\">\ud83d\ude47 Genuflex\u00e3o<\/h3>\n\n\n\n<p>Ajoelhar-se tocando o ch\u00e3o com o joelho direito.<\/p>\n\n\n\n<p>\u00c9 um ato de adora\u00e7\u00e3o ao Sant\u00edssimo Sacramento.<\/p>\n\n\n\n<hr class=\"wp-block-separator has-alpha-channel-opacity\"\/>\n\n\n\n<h2 class=\"wp-block-heading\">\ud83d\udcd6 V. Conceitos Espirituais Profundos<\/h2>\n\n\n\n<hr class=\"wp-block-separator has-alpha-channel-opacity\"\/>\n\n\n\n<h3 class=\"wp-block-heading\">\ud83d\udd6f\ufe0f Noite Escura<\/h3>\n\n\n\n<p>Uma express\u00e3o m\u00edstica associada a S\u00e3o Jo\u00e3o da Cruz.<\/p>\n\n\n\n<p>Um per\u00edodo de aridez espiritual no qual Deus purifica a alma.<\/p>\n\n\n\n<hr class=\"wp-block-separator has-alpha-channel-opacity\"\/>\n\n\n\n<h3 class=\"wp-block-heading\">\ud83c\udf39 Repara\u00e7\u00e3o<\/h3>\n\n\n\n<p>Um ato de oferecer ora\u00e7\u00e3o e sacrif\u00edcio pelos pr\u00f3prios pecados ou pelos pecados dos outros.<\/p>\n\n\n\n<hr class=\"wp-block-separator has-alpha-channel-opacity\"\/>\n\n\n\n<h3 class=\"wp-block-heading\">\ud83d\udee1\ufe0f Combate Espiritual<\/h3>\n\n\n\n<p>A vida crist\u00e3 n\u00e3o \u00e9 confort\u00e1vel \u2014 \u00e9 uma luta contra o pecado, o mundo e o dem\u00f4nio.<\/p>\n\n\n\n<hr class=\"wp-block-separator has-alpha-channel-opacity\"\/>\n\n\n\n<h2 class=\"wp-block-heading\">\ud83d\udd70\ufe0f VI. Palavras que Forjaram uma Civiliza\u00e7\u00e3o<\/h2>\n\n\n\n<hr class=\"wp-block-separator has-alpha-channel-opacity\"\/>\n\n\n\n<h3 class=\"wp-block-heading\">\ud83d\udc51 Cristandade<\/h3>\n\n\n\n<p>Uma sociedade estruturada sobre princ\u00edpios crist\u00e3os.<\/p>\n\n\n\n<p>N\u00e3o \u00e9 nostalgia pol\u00edtica; \u00e9 uma vis\u00e3o cultural.<\/p>\n\n\n\n<hr class=\"wp-block-separator has-alpha-channel-opacity\"\/>\n\n\n\n<h3 class=\"wp-block-heading\">\ud83d\udcff Devo\u00e7\u00e3o<\/h3>\n\n\n\n<p>N\u00e3o \u00e9 sentimentalismo. \u00c9 a vontade firme de honrar a Deus.<\/p>\n\n\n\n<hr class=\"wp-block-separator has-alpha-channel-opacity\"\/>\n\n\n\n<h3 class=\"wp-block-heading\">\u2728 Sacrif\u00edcio<\/h3>\n\n\n\n<p>Na Missa n\u00e3o h\u00e1 uma simples \u201creuni\u00e3o\u201d. H\u00e1 o sacrif\u00edcio incruento do Calv\u00e1rio.<\/p>\n\n\n\n<hr class=\"wp-block-separator has-alpha-channel-opacity\"\/>\n\n\n\n<h2 class=\"wp-block-heading\">\ud83c\udf0d Por que Recuperar Este Dicion\u00e1rio Hoje?<\/h2>\n\n\n\n<p>Porque quando a linguagem se empobrece, o pensamento tamb\u00e9m se empobrece.<\/p>\n\n\n\n<p>E quando o pensamento enfraquece, a f\u00e9 torna-se fr\u00e1gil.<\/p>\n\n\n\n<p>A cultura contempor\u00e2nea oferece palavras como \u201cenergia\u201d, \u201cuniverso\u201d, \u201cvibra\u00e7\u00f5es\u201d.<br>A Igreja oferece palavras como \u201cgra\u00e7a\u201d, \u201creden\u00e7\u00e3o\u201d, \u201csacrif\u00edcio\u201d, \u201cgl\u00f3ria\u201d.<\/p>\n\n\n\n<p>Uma transforma o vocabul\u00e1rio.<br>A outra transforma a alma.<\/p>\n\n\n\n<hr class=\"wp-block-separator has-alpha-channel-opacity\"\/>\n\n\n\n<h2 class=\"wp-block-heading\">\ud83d\udccc Conclus\u00e3o: Aprender a Linguagem do C\u00e9u<\/h2>\n\n\n\n<p>Este dicion\u00e1rio n\u00e3o \u00e9 um exerc\u00edcio intelectual. \u00c9 uma inicia\u00e7\u00e3o.<\/p>\n\n\n\n<p>Quando voc\u00ea entende o que \u00e9 um man\u00edpulo, olha o sacerdote de modo diferente.<br>Quando compreende a indulg\u00eancia plen\u00e1ria, valoriza mais a confiss\u00e3o.<br>Quando redescobre a Septuag\u00e9sima, o ano lit\u00fargico deixa de ser rotina.<\/p>\n\n\n\n<p>O cristianismo n\u00e3o \u00e9 apenas acreditar.<br>\u00c9 aprender a linguagem de Deus.<\/p>\n\n\n\n<p>E quem aprende essa linguagem j\u00e1 n\u00e3o \u00e9 espectador na Missa.<\/p>\n\n\n\n<p>Torna-se herdeiro consciente de uma tradi\u00e7\u00e3o que sustentou m\u00e1rtires, santos e civiliza\u00e7\u00f5es inteiras.<\/p>\n\n\n\n<p>Que este dicion\u00e1rio esquecido n\u00e3o seja apenas lido.<br>Que seja vivido.<\/p>\n\n\n\n<p>Porque as palavras sagradas n\u00e3o foram feitas para serem arquivadas.<br>Foram feitas para salvar.<\/p>\n","protected":false},"excerpt":{"rendered":"<p>Vivemos numa \u00e9poca de mensagens curtas, manchetes fugazes e linguagem simplificada. No entanto, a f\u00e9 cat\u00f3lica \u2014 especialmente na sua tradi\u00e7\u00e3o mais antiga \u2014 \u00e9 tecida com um vocabul\u00e1rio profundo, simb\u00f3lico e carregado de s\u00e9culos de sabedoria. Muitos fi\u00e9is participam da Missa, rezam, amam a Deus\u2026 mas esqueceram (ou nunca aprenderam) a linguagem que durante &hellip;<\/p>\n","protected":false},"author":3,"featured_media":5058,"comment_status":"closed","ping_status":"closed","sticky":false,"template":"","format":"standard","meta":{"_seopress_robots_primary_cat":"","_seopress_titles_title":"","_seopress_titles_desc":"","_seopress_robots_index":"","footnotes":""},"categories":[66,41],"tags":[1767],"class_list":["post-5057","post","type-post","status-publish","format-standard","has-post-thumbnail","","category-cultura-popular-e-catolicismo","category-fe-e-cultura","tag-dicionario"],"_links":{"self":[{"href":"https:\/\/catholicus.eu\/pt\/wp-json\/wp\/v2\/posts\/5057","targetHints":{"allow":["GET"]}}],"collection":[{"href":"https:\/\/catholicus.eu\/pt\/wp-json\/wp\/v2\/posts"}],"about":[{"href":"https:\/\/catholicus.eu\/pt\/wp-json\/wp\/v2\/types\/post"}],"author":[{"embeddable":true,"href":"https:\/\/catholicus.eu\/pt\/wp-json\/wp\/v2\/users\/3"}],"replies":[{"embeddable":true,"href":"https:\/\/catholicus.eu\/pt\/wp-json\/wp\/v2\/comments?post=5057"}],"version-history":[{"count":1,"href":"https:\/\/catholicus.eu\/pt\/wp-json\/wp\/v2\/posts\/5057\/revisions"}],"predecessor-version":[{"id":5059,"href":"https:\/\/catholicus.eu\/pt\/wp-json\/wp\/v2\/posts\/5057\/revisions\/5059"}],"wp:featuredmedia":[{"embeddable":true,"href":"https:\/\/catholicus.eu\/pt\/wp-json\/wp\/v2\/media\/5058"}],"wp:attachment":[{"href":"https:\/\/catholicus.eu\/pt\/wp-json\/wp\/v2\/media?parent=5057"}],"wp:term":[{"taxonomy":"category","embeddable":true,"href":"https:\/\/catholicus.eu\/pt\/wp-json\/wp\/v2\/categories?post=5057"},{"taxonomy":"post_tag","embeddable":true,"href":"https:\/\/catholicus.eu\/pt\/wp-json\/wp\/v2\/tags?post=5057"}],"curies":[{"name":"wp","href":"https:\/\/api.w.org\/{rel}","templated":true}]}}