{"id":5051,"date":"2026-02-20T09:17:54","date_gmt":"2026-02-20T08:17:54","guid":{"rendered":"https:\/\/catholicus.eu\/pt\/?p=5051"},"modified":"2026-02-20T09:17:55","modified_gmt":"2026-02-20T08:17:55","slug":"deus-fala-antes-que-aconteca-premonicoes-pressentimentos-e-discernimento-cristao-em-tempos-de-confusao","status":"publish","type":"post","link":"https:\/\/catholicus.eu\/pt\/deus-fala-antes-que-aconteca-premonicoes-pressentimentos-e-discernimento-cristao-em-tempos-de-confusao\/","title":{"rendered":"Deus fala antes que aconte\u00e7a? Premoni\u00e7\u00f5es, pressentimentos e discernimento crist\u00e3o em tempos de confus\u00e3o"},"content":{"rendered":"\n<p>Vivemos numa \u00e9poca fascinada pelo oculto. S\u00e9ries, redes sociais e livros de autoajuda falam constantemente de \u201cenergias\u201d, \u201cintui\u00e7\u00e3o\u201d, \u201cmensagens do universo\u201d ou \u201csinais\u201d. Nesse contexto, a palavra <em>premoni\u00e7\u00e3o<\/em> aparece com frequ\u00eancia: aquela sensa\u00e7\u00e3o de que algo vai acontecer antes que aconte\u00e7a.<\/p>\n\n\n\n<p>Mas o que diz a teologia cat\u00f3lica tradicional sobre as premoni\u00e7\u00f5es?<br>S\u00e3o reais?<br>V\u00eam de Deus?<br>S\u00e3o simples sugest\u00f5es psicol\u00f3gicas?<br>Podem ser perigosas?<\/p>\n\n\n\n<p>Este artigo quer oferecer uma resposta profunda, rigorosa e pastoralmente clara. N\u00e3o para alimentar a curiosidade, mas para formar a consci\u00eancia. Porque no discernimento est\u00e1 a diferen\u00e7a entre a gra\u00e7a e o engano.<\/p>\n\n\n\n<hr class=\"wp-block-separator has-alpha-channel-opacity\"\/>\n\n\n\n<h2 class=\"wp-block-heading\">1. O que entendemos por \u201cpremoni\u00e7\u00e3o\u201d?<\/h2>\n\n\n\n<p>Na linguagem comum, uma premoni\u00e7\u00e3o \u00e9:<\/p>\n\n\n\n<ul class=\"wp-block-list\">\n<li>Um pressentimento intenso sobre um acontecimento futuro.<\/li>\n\n\n\n<li>Um aviso interior que n\u00e3o procede de um racioc\u00ednio l\u00f3gico.<\/li>\n\n\n\n<li>Uma intui\u00e7\u00e3o forte que parece antecipar algo.<\/li>\n<\/ul>\n\n\n\n<p>Nem todas as premoni\u00e7\u00f5es s\u00e3o iguais. Do ponto de vista crist\u00e3o, conv\u00e9m distinguir cuidadosamente:<\/p>\n\n\n\n<ol class=\"wp-block-list\">\n<li><strong>Intui\u00e7\u00f5es naturais<\/strong> (derivadas da experi\u00eancia ou da sensibilidade psicol\u00f3gica).<\/li>\n\n\n\n<li><strong>Avisos providenciais<\/strong> (inspira\u00e7\u00f5es que Deus pode permitir).<\/li>\n\n\n\n<li><strong>Sugest\u00f5es emocionais ou ansiosas<\/strong>.<\/li>\n\n\n\n<li><strong>Influ\u00eancias espirituais n\u00e3o divinas<\/strong> (que exigem s\u00e9rio discernimento).<\/li>\n<\/ol>\n\n\n\n<p>A Igreja sempre foi extremamente prudente diante desses fen\u00f4menos. N\u00e3o nega a possibilidade de que Deus possa advertir ou preparar uma alma para algo futuro. Mas tamb\u00e9m recorda que o dem\u00f4nio pode imitar a luz para semear confus\u00e3o.<\/p>\n\n\n\n<hr class=\"wp-block-separator has-alpha-channel-opacity\"\/>\n\n\n\n<h2 class=\"wp-block-heading\">2. Existe fundamento b\u00edblico para as premoni\u00e7\u00f5es?<\/h2>\n\n\n\n<p>A Sagrada Escritura apresenta numerosos casos em que Deus revela acontecimentos futuros. Mas aten\u00e7\u00e3o: n\u00e3o se trata de \u201cpremoni\u00e7\u00f5es\u201d em sentido amb\u00edguo, e sim de <strong>revela\u00e7\u00f5es claras dentro do plano salv\u00edfico<\/strong>.<\/p>\n\n\n\n<p>Alguns exemplos:<\/p>\n\n\n\n<ul class=\"wp-block-list\">\n<li>Os sonhos prof\u00e9ticos do Antigo Testamento.<\/li>\n\n\n\n<li>Os avisos divinos aos profetas.<\/li>\n\n\n\n<li>As revela\u00e7\u00f5es em sonho a S\u00e3o Jos\u00e9.<\/li>\n<\/ul>\n\n\n\n<p>No Evangelho lemos:<\/p>\n\n\n\n<blockquote class=\"wp-block-quote is-layout-flow wp-block-quote-is-layout-flow\">\n<p>\u201cDepois que eles partiram, eis que o anjo do Senhor apareceu em sonho a Jos\u00e9 e disse: \u2018Levanta-te, toma o menino e sua m\u00e3e e foge para o Egito.\u2019\u201d (Mateus 2,13)<\/p>\n<\/blockquote>\n\n\n\n<p>Aqui n\u00e3o h\u00e1 supersti\u00e7\u00e3o, mas <strong>interven\u00e7\u00e3o providencial clara e verific\u00e1vel<\/strong>.<\/p>\n\n\n\n<p>Tamb\u00e9m encontramos este princ\u00edpio teol\u00f3gico:<\/p>\n\n\n\n<blockquote class=\"wp-block-quote is-layout-flow wp-block-quote-is-layout-flow\">\n<p>\u201cPorque o Senhor Deus n\u00e3o faz coisa alguma sem revelar o seu segredo aos seus servos, os profetas.\u201d (Am\u00f3s 3,7)<\/p>\n<\/blockquote>\n\n\n\n<p>Entretanto, precisamos compreender algo essencial:<br><strong>A Revela\u00e7\u00e3o p\u00fablica terminou com Cristo e os Ap\u00f3stolos.<\/strong><\/p>\n\n\n\n<p>Qualquer aviso posterior pertence ao \u00e2mbito das revela\u00e7\u00f5es privadas, que n\u00e3o acrescentam nada de essencial \u00e0 f\u00e9.<\/p>\n\n\n\n<hr class=\"wp-block-separator has-alpha-channel-opacity\"\/>\n\n\n\n<h2 class=\"wp-block-heading\">3. A diferen\u00e7a crucial: revela\u00e7\u00e3o divina vs curiosidade espiritual<\/h2>\n\n\n\n<p>Entramos aqui em terreno delicado.<\/p>\n\n\n\n<p>A Igreja condena explicitamente:<\/p>\n\n\n\n<ul class=\"wp-block-list\">\n<li>Adivinha\u00e7\u00e3o.<\/li>\n\n\n\n<li>Espiritismo.<\/li>\n\n\n\n<li>Consulta a m\u00e9diuns.<\/li>\n\n\n\n<li>Pr\u00e1ticas esot\u00e9ricas.<\/li>\n\n\n\n<li>Interpreta\u00e7\u00e3o supersticiosa de sinais.<\/li>\n<\/ul>\n\n\n\n<p>O Catecismo \u00e9 claro a esse respeito (cf. CIC 2116\u20132117): buscar conhecer o futuro fora de Deus \u00e9 pecado contra o primeiro mandamento.<\/p>\n\n\n\n<p>Por qu\u00ea?<br>Porque implica falta de confian\u00e7a na Provid\u00eancia.<\/p>\n\n\n\n<p>Uma coisa \u00e9 Deus advertir.<br>Outra muito diferente \u00e9 o homem querer for\u00e7ar o conhecimento do futuro.<\/p>\n\n\n\n<hr class=\"wp-block-separator has-alpha-channel-opacity\"\/>\n\n\n\n<h2 class=\"wp-block-heading\">4. Deus pode permitir um aviso interior?<\/h2>\n\n\n\n<p>Sim, mas sob condi\u00e7\u00f5es muito claras.<\/p>\n\n\n\n<p>Na tradi\u00e7\u00e3o espiritual \u2014 desde os Padres do Deserto at\u00e9 grandes mestres como S\u00e3o Jo\u00e3o da Cruz e Santa Teresa de Jesus \u2014 encontramos um princ\u00edpio constante:<\/p>\n\n\n\n<blockquote class=\"wp-block-quote is-layout-flow wp-block-quote-is-layout-flow\">\n<p>Deus pode conceder luzes interiores, mas a alma n\u00e3o deve desej\u00e1-las nem apoiar-se nelas.<\/p>\n<\/blockquote>\n\n\n\n<p>S\u00e3o Jo\u00e3o da Cruz adverte firmemente que quem busca revela\u00e7\u00f5es extraordin\u00e1rias se exp\u00f5e ao engano.<\/p>\n\n\n\n<p>Na vida de alguns santos encontramos casos de avisos interiores sobre perigos, mortes ou acontecimentos. Mas sempre aparecem acompanhados de:<\/p>\n\n\n\n<ul class=\"wp-block-list\">\n<li>Humildade.<\/li>\n\n\n\n<li>Obedi\u00eancia.<\/li>\n\n\n\n<li>Discernimento eclesial.<\/li>\n\n\n\n<li>Aus\u00eancia total de curiosidade m\u00f3rbida.<\/li>\n<\/ul>\n\n\n\n<p>Nunca s\u00e3o espet\u00e1culo.<br>Nunca s\u00e3o entretenimento.<br>Nunca s\u00e3o autoafirma\u00e7\u00e3o espiritual.<\/p>\n\n\n\n<hr class=\"wp-block-separator has-alpha-channel-opacity\"\/>\n\n\n\n<h2 class=\"wp-block-heading\">5. O perigo moderno: ansiedade disfar\u00e7ada de revela\u00e7\u00e3o<\/h2>\n\n\n\n<p>No nosso contexto atual \u2014 marcado por crises, incerteza e sobrecarga de informa\u00e7\u00e3o \u2014 muitas \u201cpremoni\u00e7\u00f5es\u201d n\u00e3o s\u00e3o espirituais, mas psicol\u00f3gicas.<\/p>\n\n\n\n<p>A ansiedade pode gerar:<\/p>\n\n\n\n<ul class=\"wp-block-list\">\n<li>Sensa\u00e7\u00e3o constante de cat\u00e1strofe iminente.<\/li>\n\n\n\n<li>Hipervigil\u00e2ncia.<\/li>\n\n\n\n<li>Interpreta\u00e7\u00e3o exagerada de coincid\u00eancias.<\/li>\n\n\n\n<li>Necessidade de controle.<\/li>\n<\/ul>\n\n\n\n<p>Muitos confundem medo com intui\u00e7\u00e3o.<\/p>\n\n\n\n<p>A diferen\u00e7a \u00e9 clara:<\/p>\n\n\n\n<figure class=\"wp-block-table\"><table class=\"has-fixed-layout\"><thead><tr><th>Ansiedade<\/th><th>Inspira\u00e7\u00e3o divina<\/th><\/tr><\/thead><tbody><tr><td>Produz ang\u00fastia<\/td><td>Traz paz interior<\/td><\/tr><tr><td>Obsessiva<\/td><td>Ilumina serenamente<\/td><\/tr><tr><td>Leva ao controle<\/td><td>Convida \u00e0 confian\u00e7a<\/td><\/tr><tr><td>Isola<\/td><td>Conduz a Deus<\/td><\/tr><\/tbody><\/table><\/figure>\n\n\n\n<p>Recordemos as palavras de Cristo:<\/p>\n\n\n\n<blockquote class=\"wp-block-quote is-layout-flow wp-block-quote-is-layout-flow\">\n<p>\u201cN\u00e3o se turbe o vosso cora\u00e7\u00e3o, nem se atemorize.\u201d (Jo\u00e3o 14,27)<\/p>\n<\/blockquote>\n\n\n\n<p>Deus n\u00e3o age semeando p\u00e2nico constante.<\/p>\n\n\n\n<hr class=\"wp-block-separator has-alpha-channel-opacity\"\/>\n\n\n\n<h2 class=\"wp-block-heading\">6. O discernimento espiritual: a chave<\/h2>\n\n\n\n<p>A teologia cat\u00f3lica oferece um instrumento precioso: o discernimento.<\/p>\n\n\n\n<p>Segundo a tradi\u00e7\u00e3o inaciana, todo movimento interior deve ser examinado pelos seus frutos:<\/p>\n\n\n\n<ul class=\"wp-block-list\">\n<li>Aumenta a f\u00e9?<\/li>\n\n\n\n<li>Fortalece a esperan\u00e7a?<\/li>\n\n\n\n<li>Acrescenta caridade?<\/li>\n\n\n\n<li>Conduz a maior humildade?<\/li>\n<\/ul>\n\n\n\n<p>Se uma \u201cpremoni\u00e7\u00e3o\u201d produz orgulho (\u201ceu tenho um dom\u201d), medo cr\u00f4nico ou desejo de protagonismo, n\u00e3o prov\u00e9m de Deus.<\/p>\n\n\n\n<p>Al\u00e9m disso, a Igreja insiste que qualquer fen\u00f4meno extraordin\u00e1rio deve ser submetido a:<\/p>\n\n\n\n<ul class=\"wp-block-list\">\n<li>Um diretor espiritual prudente.<\/li>\n\n\n\n<li>Um confessor experiente.<\/li>\n\n\n\n<li>O ju\u00edzo eclesial.<\/li>\n<\/ul>\n\n\n\n<p>O isolamento \u00e9 terreno f\u00e9rtil para o erro.<\/p>\n\n\n\n<hr class=\"wp-block-separator has-alpha-channel-opacity\"\/>\n\n\n\n<h2 class=\"wp-block-heading\">7. Provid\u00eancia divina vs necessidade de controlar o futuro<\/h2>\n\n\n\n<p>No fundo, a obsess\u00e3o pelo futuro revela algo mais profundo: medo.<\/p>\n\n\n\n<p>O crist\u00e3o vive desta certeza:<\/p>\n\n\n\n<blockquote class=\"wp-block-quote is-layout-flow wp-block-quote-is-layout-flow\">\n<p>\u201cSabemos que todas as coisas concorrem para o bem daqueles que amam a Deus.\u201d (Romanos 8,28)<\/p>\n<\/blockquote>\n\n\n\n<p>A f\u00e9 n\u00e3o elimina o sofrimento.<br>Mas elimina o p\u00e2nico.<\/p>\n\n\n\n<p>Deus n\u00e3o nos pede que conhe\u00e7amos o futuro.<br>Pede-nos que confiemos n\u2019Ele hoje.<\/p>\n\n\n\n<p>A obsess\u00e3o por antecipar tudo \u00e9 incompat\u00edvel com a inf\u00e2ncia espiritual.<\/p>\n\n\n\n<hr class=\"wp-block-separator has-alpha-channel-opacity\"\/>\n\n\n\n<h2 class=\"wp-block-heading\">8. O que fazer se tenho um pressentimento forte?<\/h2>\n\n\n\n<p>De uma perspectiva pastoral rigorosa:<\/p>\n\n\n\n<ol class=\"wp-block-list\">\n<li>N\u00e3o agir impulsivamente.<\/li>\n\n\n\n<li>N\u00e3o comunic\u00e1-lo como se fosse revela\u00e7\u00e3o divina.<\/li>\n\n\n\n<li>Examinar o pr\u00f3prio estado emocional.<\/li>\n\n\n\n<li>Rezar com serenidade.<\/li>\n\n\n\n<li>Consultar um sacerdote prudente se persistir.<\/li>\n<\/ol>\n\n\n\n<p>Na maioria dos casos, pressentimentos fortes s\u00e3o:<\/p>\n\n\n\n<ul class=\"wp-block-list\">\n<li>Intui\u00e7\u00f5es psicol\u00f3gicas.<\/li>\n\n\n\n<li>Percep\u00e7\u00f5es inconscientes de dados reais.<\/li>\n\n\n\n<li>Sensibilidade emocional elevada.<\/li>\n<\/ul>\n\n\n\n<p>E isso n\u00e3o \u00e9 pecado. Faz parte da nossa natureza.<\/p>\n\n\n\n<p>O problema come\u00e7a quando s\u00e3o absolutizados.<\/p>\n\n\n\n<hr class=\"wp-block-separator has-alpha-channel-opacity\"\/>\n\n\n\n<h2 class=\"wp-block-heading\">9. Premoni\u00e7\u00f5es e vida sacramental<\/h2>\n\n\n\n<p>A verdadeira \u201cantecipa\u00e7\u00e3o\u201d crist\u00e3 n\u00e3o \u00e9 prever o futuro.<\/p>\n\n\n\n<p>\u00c9 viver em estado de gra\u00e7a.<\/p>\n\n\n\n<p>Os sacramentos nos preparam melhor do que qualquer premoni\u00e7\u00e3o:<\/p>\n\n\n\n<ul class=\"wp-block-list\">\n<li>A confiss\u00e3o nos prepara para a morte.<\/li>\n\n\n\n<li>A Eucaristia nos une ao C\u00e9u.<\/li>\n\n\n\n<li>A ora\u00e7\u00e3o nos coloca na vontade de Deus.<\/li>\n<\/ul>\n\n\n\n<p>A melhor prepara\u00e7\u00e3o diante do desconhecido n\u00e3o \u00e9 saber o que acontecer\u00e1, mas estar em amizade com Deus.<\/p>\n\n\n\n<hr class=\"wp-block-separator has-alpha-channel-opacity\"\/>\n\n\n\n<h2 class=\"wp-block-heading\">10. Aplica\u00e7\u00f5es pr\u00e1ticas para a vida di\u00e1ria<\/h2>\n\n\n\n<p>Em vez de buscar sinais extraordin\u00e1rios, o crist\u00e3o pode:<\/p>\n\n\n\n<h3 class=\"wp-block-heading\">1. Praticar o abandono confiante<\/h3>\n\n\n\n<p>Repetir diariamente:<br>\u201cSenhor, seja feita a tua vontade.\u201d<\/p>\n\n\n\n<h3 class=\"wp-block-heading\">2. Combater a ansiedade com vida sacramental<\/h3>\n\n\n\n<p>Confiss\u00e3o e comunh\u00e3o frequentes.<\/p>\n\n\n\n<h3 class=\"wp-block-heading\">3. Evitar conte\u00fados esot\u00e9ricos<\/h3>\n\n\n\n<p>Mesmo que sejam apresentados como \u201cinofensivos\u201d.<\/p>\n\n\n\n<h3 class=\"wp-block-heading\">4. Cultivar o discernimento<\/h3>\n\n\n\n<p>Nem todo sentimento \u00e9 inspira\u00e7\u00e3o.<\/p>\n\n\n\n<h3 class=\"wp-block-heading\">5. Viver espiritualmente preparado<\/h3>\n\n\n\n<p>N\u00e3o com medo, mas com fidelidade cotidiana.<\/p>\n\n\n\n<hr class=\"wp-block-separator has-alpha-channel-opacity\"\/>\n\n\n\n<h2 class=\"wp-block-heading\">11. A grande verdade: a \u00fanica certeza segura<\/h2>\n\n\n\n<p>H\u00e1 algo que sabemos com certeza: Cristo voltar\u00e1.<\/p>\n\n\n\n<p>Mas mesmo aqui, Jesus nos adverte:<\/p>\n\n\n\n<blockquote class=\"wp-block-quote is-layout-flow wp-block-quote-is-layout-flow\">\n<p>\u201cQuanto \u00e0quele dia e hora, ningu\u00e9m sabe.\u201d (Mateus 24,36)<\/p>\n<\/blockquote>\n\n\n\n<p>O crist\u00e3o n\u00e3o vive tentando decifrar o calend\u00e1rio de Deus.<\/p>\n\n\n\n<p>Vive vigilante.<\/p>\n\n\n\n<p>E vigilante n\u00e3o significa ansioso.<br>Significa fiel.<\/p>\n\n\n\n<hr class=\"wp-block-separator has-alpha-channel-opacity\"\/>\n\n\n\n<h2 class=\"wp-block-heading\">12. Conclus\u00e3o: mais confian\u00e7a, menos curiosidade<\/h2>\n\n\n\n<p>As premoni\u00e7\u00f5es podem existir em certos casos excepcionais permitidos por Deus. Mas n\u00e3o s\u00e3o o caminho ordin\u00e1rio da santidade.<\/p>\n\n\n\n<p>O caminho ordin\u00e1rio \u00e9:<\/p>\n\n\n\n<ul class=\"wp-block-list\">\n<li>Ora\u00e7\u00e3o di\u00e1ria.<\/li>\n\n\n\n<li>Os sacramentos.<\/li>\n\n\n\n<li>Caridade concreta.<\/li>\n\n\n\n<li>Confian\u00e7a na Provid\u00eancia.<\/li>\n<\/ul>\n\n\n\n<p>Num mundo obcecado pelo controle, o cristianismo prop\u00f5e algo revolucion\u00e1rio:<\/p>\n\n\n\n<p>Confian\u00e7a.<\/p>\n\n\n\n<p>Voc\u00ea n\u00e3o precisa saber o que acontecer\u00e1 amanh\u00e3 para ser santo hoje.<\/p>\n\n\n\n<p>A verdadeira luz n\u00e3o \u00e9 antecipar o futuro.<br>\u00c9 caminhar com Cristo no presente.<\/p>\n\n\n\n<p>E isso basta.<\/p>\n","protected":false},"excerpt":{"rendered":"<p>Vivemos numa \u00e9poca fascinada pelo oculto. S\u00e9ries, redes sociais e livros de autoajuda falam constantemente de \u201cenergias\u201d, \u201cintui\u00e7\u00e3o\u201d, \u201cmensagens do universo\u201d ou \u201csinais\u201d. Nesse contexto, a palavra premoni\u00e7\u00e3o aparece com frequ\u00eancia: aquela sensa\u00e7\u00e3o de que algo vai acontecer antes que aconte\u00e7a. Mas o que diz a teologia cat\u00f3lica tradicional sobre as premoni\u00e7\u00f5es?S\u00e3o reais?V\u00eam de Deus?S\u00e3o &hellip;<\/p>\n","protected":false},"author":3,"featured_media":5052,"comment_status":"closed","ping_status":"closed","sticky":false,"template":"","format":"standard","meta":{"_seopress_robots_primary_cat":"","_seopress_titles_title":"","_seopress_titles_desc":"","_seopress_robots_index":"","footnotes":""},"categories":[66,41],"tags":[1764,1765],"class_list":["post-5051","post","type-post","status-publish","format-standard","has-post-thumbnail","","category-cultura-popular-e-catolicismo","category-fe-e-cultura","tag-premonicoes","tag-pressentimentos"],"_links":{"self":[{"href":"https:\/\/catholicus.eu\/pt\/wp-json\/wp\/v2\/posts\/5051","targetHints":{"allow":["GET"]}}],"collection":[{"href":"https:\/\/catholicus.eu\/pt\/wp-json\/wp\/v2\/posts"}],"about":[{"href":"https:\/\/catholicus.eu\/pt\/wp-json\/wp\/v2\/types\/post"}],"author":[{"embeddable":true,"href":"https:\/\/catholicus.eu\/pt\/wp-json\/wp\/v2\/users\/3"}],"replies":[{"embeddable":true,"href":"https:\/\/catholicus.eu\/pt\/wp-json\/wp\/v2\/comments?post=5051"}],"version-history":[{"count":1,"href":"https:\/\/catholicus.eu\/pt\/wp-json\/wp\/v2\/posts\/5051\/revisions"}],"predecessor-version":[{"id":5053,"href":"https:\/\/catholicus.eu\/pt\/wp-json\/wp\/v2\/posts\/5051\/revisions\/5053"}],"wp:featuredmedia":[{"embeddable":true,"href":"https:\/\/catholicus.eu\/pt\/wp-json\/wp\/v2\/media\/5052"}],"wp:attachment":[{"href":"https:\/\/catholicus.eu\/pt\/wp-json\/wp\/v2\/media?parent=5051"}],"wp:term":[{"taxonomy":"category","embeddable":true,"href":"https:\/\/catholicus.eu\/pt\/wp-json\/wp\/v2\/categories?post=5051"},{"taxonomy":"post_tag","embeddable":true,"href":"https:\/\/catholicus.eu\/pt\/wp-json\/wp\/v2\/tags?post=5051"}],"curies":[{"name":"wp","href":"https:\/\/api.w.org\/{rel}","templated":true}]}}