{"id":5048,"date":"2026-02-20T08:51:50","date_gmt":"2026-02-20T07:51:50","guid":{"rendered":"https:\/\/catholicus.eu\/pt\/?p=5048"},"modified":"2026-02-20T08:51:50","modified_gmt":"2026-02-20T07:51:50","slug":"o-teu-inimigo-nao-e-quem-pensas-a-batalha-invisivel-que-decide-a-tua-eternidade","status":"publish","type":"post","link":"https:\/\/catholicus.eu\/pt\/o-teu-inimigo-nao-e-quem-pensas-a-batalha-invisivel-que-decide-a-tua-eternidade\/","title":{"rendered":"O Teu Inimigo N\u00e3o \u00c9 Quem Pensas: A Batalha Invis\u00edvel que Decide a Tua Eternidade"},"content":{"rendered":"\n<blockquote class=\"wp-block-quote is-layout-flow wp-block-quote-is-layout-flow\">\n<p>\u201cPois a nossa luta n\u00e3o \u00e9 contra a carne e o sangue, mas contra os principados, contra as potestades, contra os dominadores deste mundo tenebroso, contra os esp\u00edritos do mal nas regi\u00f5es celestes.\u201d<br>\u2014 <em>Ef\u00e9sios 6,12<\/em><\/p>\n<\/blockquote>\n\n\n\n<p>Vivemos tempos de polariza\u00e7\u00e3o, tens\u00f5es sociais, confrontos ideol\u00f3gicos e conflitos familiares. Parece que todos est\u00e3o contra todos. As redes sociais est\u00e3o em chamas. Conversas rompidas. Igrejas divididas. Fam\u00edlias feridas. Na\u00e7\u00f5es em guerra.<\/p>\n\n\n\n<p>Mas a Palavra de Deus apresenta-nos uma afirma\u00e7\u00e3o que desmonta a nossa perspetiva habitual: <strong>o teu inimigo n\u00e3o \u00e9 o teu vizinho, nem o pol\u00edtico, nem o teu chefe, nem o teu c\u00f4njuge, nem a pessoa que pensa de forma diferente.<\/strong><\/p>\n\n\n\n<p>S\u00e3o Paulo \u2014 na sua carta aos crist\u00e3os de \u00c9feso \u2014 revela uma verdade inc\u00f3moda e profundamente libertadora: a verdadeira batalha \u00e9 espiritual.<\/p>\n\n\n\n<p>Este artigo quer ajudar-te a compreender essa luta invis\u00edvel, o seu fundamento teol\u00f3gico, o seu desenvolvimento na Tradi\u00e7\u00e3o da Igreja e, sobretudo, como combat\u00ea-la hoje sem perder a paz nem a f\u00e9.<\/p>\n\n\n\n<hr class=\"wp-block-separator has-alpha-channel-opacity\"\/>\n\n\n\n<h2 class=\"wp-block-heading\">1. O Contexto B\u00edblico: O Que Quis Dizer S\u00e3o Paulo?<\/h2>\n\n\n\n<p>A frase pertence \u00e0 Carta aos Ef\u00e9sios, tradicionalmente atribu\u00edda a <strong>S\u00e3o Paulo<\/strong>, o Ap\u00f3stolo. No cap\u00edtulo 6, o Ap\u00f3stolo descreve a \u201carmadura de Deus\u201d: verdade, justi\u00e7a, f\u00e9, salva\u00e7\u00e3o, Palavra de Deus.<\/p>\n\n\n\n<p>N\u00e3o est\u00e1 a usar uma met\u00e1fora po\u00e9tica superficial. Est\u00e1 a descrever uma realidade ontol\u00f3gica.<\/p>\n\n\n\n<p>No mundo judaico do s\u00e9culo I j\u00e1 existia uma clara consci\u00eancia da exist\u00eancia de anjos e dem\u00f3nios. O pr\u00f3prio Jesus expulsou dem\u00f3nios e falou do \u201cpr\u00edncipe deste mundo\u201d (cf. Jo 12,31).<\/p>\n\n\n\n<p>S\u00e3o Paulo utiliza termos muito concretos:<\/p>\n\n\n\n<ul class=\"wp-block-list\">\n<li>Principados (archai)<\/li>\n\n\n\n<li>Potestades (exousiai)<\/li>\n\n\n\n<li>Dominadores deste mundo tenebroso<\/li>\n<\/ul>\n\n\n\n<p>Estes termos n\u00e3o se referem simplesmente a governos humanos. Designam hierarquias espirituais deca\u00eddas \u2014 anjos rebeldes que, ap\u00f3s a queda, exercem influ\u00eancia sobre estruturas, culturas e mentalidades.<\/p>\n\n\n\n<p>N\u00e3o se trata de mitologia medieval. \u00c9 doutrina crist\u00e3.<\/p>\n\n\n\n<hr class=\"wp-block-separator has-alpha-channel-opacity\"\/>\n\n\n\n<h2 class=\"wp-block-heading\">2. O Que Ensina a Igreja Sobre os \u201cPrincipados e Potestades\u201d?<\/h2>\n\n\n\n<p>A f\u00e9 cat\u00f3lica afirma a exist\u00eancia de anjos criados bons por Deus e de anjos ca\u00eddos que, por livre decis\u00e3o, O rejeitaram.<\/p>\n\n\n\n<p>O Catecismo resume assim:<\/p>\n\n\n\n<blockquote class=\"wp-block-quote is-layout-flow wp-block-quote-is-layout-flow\">\n<p>\u201cO diabo e os outros dem\u00f3nios foram criados por Deus naturalmente bons, mas tornaram-se maus por si mesmos.\u201d<\/p>\n<\/blockquote>\n\n\n\n<p>Um deles \u00e9 conhecido como Satan\u00e1s, o Advers\u00e1rio.<\/p>\n\n\n\n<p>Mas a teologia tradicional n\u00e3o reduz o mal espiritual a uma figura caricatural. A Tradi\u00e7\u00e3o \u2014 desde os Padres da Igreja at\u00e9 S\u00e3o Tom\u00e1s de Aquino \u2014 desenvolveu uma angelologia rigorosa que distingue hierarquias.<\/p>\n\n\n\n<p>Os \u201cprincipados\u201d e \u201cpotestades\u201d s\u00e3o ordens ang\u00e9licas que, no seu estado original, faziam parte da ordem celeste. Alguns, ap\u00f3s a rebeli\u00e3o, atuam desordenando estruturas humanas: culturas, ideologias, sistemas.<\/p>\n\n\n\n<p>Isto explica algo que experimentamos constantemente:<br>o mal n\u00e3o \u00e9 apenas individual; \u00e9 tamb\u00e9m estrutural.<\/p>\n\n\n\n<hr class=\"wp-block-separator has-alpha-channel-opacity\"\/>\n\n\n\n<h2 class=\"wp-block-heading\">3. A Dimens\u00e3o Estrutural do Mal: Para Al\u00e9m do Pecado Pessoal<\/h2>\n\n\n\n<p>Quando S\u00e3o Paulo fala dos \u201cdominadores deste mundo tenebroso\u201d, n\u00e3o est\u00e1 a dizer que todo governo \u00e9 demon\u00edaco. Est\u00e1 a revelar que <strong>existe uma influ\u00eancia espiritual capaz de infiltrar sistemas humanos<\/strong>.<\/p>\n\n\n\n<p>Um sistema econ\u00f3mico injusto.<br>Uma cultura que normaliza o aborto.<br>Uma ideologia que destr\u00f3i a fam\u00edlia.<br>Uma tecnologia que escraviza a aten\u00e7\u00e3o.<\/p>\n\n\n\n<p>O mal organiza-se.<\/p>\n\n\n\n<p>E isso n\u00e3o \u00e9 paranoia. \u00c9 realismo espiritual.<\/p>\n\n\n\n<p>A Doutrina Social da Igreja fala de \u201cestruturas de pecado\u201d: realidades sociais que favorecem o afastamento de Deus.<\/p>\n\n\n\n<p>N\u00e3o se trata de ver dem\u00f3nios em cada esquina. Trata-se de compreender que o mal n\u00e3o \u00e9 apenas psicol\u00f3gico ou sociol\u00f3gico. Tem uma dimens\u00e3o espiritual.<\/p>\n\n\n\n<hr class=\"wp-block-separator has-alpha-channel-opacity\"\/>\n\n\n\n<h2 class=\"wp-block-heading\">4. O Erro Moderno: Reduzir Tudo ao Vis\u00edvel<\/h2>\n\n\n\n<p>A mentalidade contempor\u00e2nea eliminou o mundo espiritual do horizonte cultural. Tudo \u00e9 explicado em termos biol\u00f3gicos, econ\u00f3micos ou pol\u00edticos.<\/p>\n\n\n\n<p>Mas quando negamos a dimens\u00e3o espiritual:<\/p>\n\n\n\n<ul class=\"wp-block-list\">\n<li>Perdemos a compreens\u00e3o do combate interior.<\/li>\n\n\n\n<li>Confundimos os inimigos.<\/li>\n\n\n\n<li>Acabamos por odiar pessoas em vez de combater o mal.<\/li>\n<\/ul>\n\n\n\n<p>Se a nossa luta fosse apenas \u201ccontra a carne e o sangue\u201d, o cristianismo seria simplesmente ativismo moral ou pol\u00edtico.<\/p>\n\n\n\n<p>Mas n\u00e3o \u00e9.<\/p>\n\n\n\n<p>Cristo n\u00e3o veio fundar um partido. Veio vencer o pecado e a morte.<\/p>\n\n\n\n<p>Na Cruz, Cristo vence o pr\u00edncipe deste mundo.<br>Na Ressurrei\u00e7\u00e3o, despoja-o do seu poder definitivo.<\/p>\n\n\n\n<hr class=\"wp-block-separator has-alpha-channel-opacity\"\/>\n\n\n\n<h2 class=\"wp-block-heading\">5. A Verdadeira Guerra: Onde se Trava<\/h2>\n\n\n\n<p>A batalha principal n\u00e3o est\u00e1 no Parlamento.<br>N\u00e3o est\u00e1 no Twitter.<br>N\u00e3o est\u00e1 no telejornal.<\/p>\n\n\n\n<p>Est\u00e1 no cora\u00e7\u00e3o.<\/p>\n\n\n\n<p>Cada vez que escolhes a verdade em vez da mentira.<br>Cada vez que escolhes a pureza em vez da lux\u00faria.<br>Cada vez que escolhes o perd\u00e3o em vez do ressentimento.<\/p>\n\n\n\n<p>\u00c9 a\u00ed que a guerra se trava.<\/p>\n\n\n\n<p>Por isso S\u00e3o Paulo continua dizendo:<\/p>\n\n\n\n<blockquote class=\"wp-block-quote is-layout-flow wp-block-quote-is-layout-flow\">\n<p>\u201cRevesti-vos da armadura de Deus.\u201d<\/p>\n<\/blockquote>\n\n\n\n<p>N\u00e3o fala de espadas f\u00edsicas, mas de:<\/p>\n\n\n\n<ul class=\"wp-block-list\">\n<li>O cinto da verdade<\/li>\n\n\n\n<li>A coura\u00e7a da justi\u00e7a<\/li>\n\n\n\n<li>O escudo da f\u00e9<\/li>\n\n\n\n<li>O capacete da salva\u00e7\u00e3o<\/li>\n\n\n\n<li>A espada do Esp\u00edrito, que \u00e9 a Palavra de Deus<\/li>\n<\/ul>\n\n\n\n<p>N\u00e3o \u00e9 poesia. \u00c9 um programa espiritual.<\/p>\n\n\n\n<hr class=\"wp-block-separator has-alpha-channel-opacity\"\/>\n\n\n\n<h2 class=\"wp-block-heading\">6. Aplica\u00e7\u00e3o Pr\u00e1tica: Como Combater Hoje?<\/h2>\n\n\n\n<h3 class=\"wp-block-heading\">1. Vida Sacramental<\/h3>\n\n\n\n<p>A confiss\u00e3o frequente quebra correntes invis\u00edveis.<br>A Eucaristia fortalece a alma.<\/p>\n\n\n\n<p>O dem\u00f3nio odeia a gra\u00e7a.<\/p>\n\n\n\n<h3 class=\"wp-block-heading\">2. Vida de Ora\u00e7\u00e3o<\/h3>\n\n\n\n<p>Quem n\u00e3o reza \u00e9 vulner\u00e1vel.<br>N\u00e3o porque Deus o abandone, mas porque a alma enfraquece.<\/p>\n\n\n\n<p>O Ros\u00e1rio, a adora\u00e7\u00e3o, a leitura da Escritura n\u00e3o s\u00e3o devo\u00e7\u00f5es opcionais em tempos de guerra espiritual. S\u00e3o armas.<\/p>\n\n\n\n<h3 class=\"wp-block-heading\">3. Discernimento<\/h3>\n\n\n\n<p>Nem todo conflito humano \u00e9 espiritual.<br>Mas muitos conflitos humanos s\u00e3o alimentados por din\u00e2micas espirituais de divis\u00e3o, orgulho e mentira.<\/p>\n\n\n\n<p>Pergunta-te:<br>Estou a reagir segundo a carne ou segundo o Esp\u00edrito?<\/p>\n\n\n\n<h3 class=\"wp-block-heading\">4. N\u00e3o Demonizar as Pessoas<\/h3>\n\n\n\n<p>Aqui est\u00e1 a chave pastoral mais importante:<\/p>\n\n\n\n<p>O teu inimigo n\u00e3o \u00e9 a pessoa que pensa de forma diferente.<\/p>\n\n\n\n<p>Essa pessoa tamb\u00e9m est\u00e1 no meio da batalha.<\/p>\n\n\n\n<p>O crist\u00e3o combate o erro, mas ama aquele que erra.<\/p>\n\n\n\n<hr class=\"wp-block-separator has-alpha-channel-opacity\"\/>\n\n\n\n<h2 class=\"wp-block-heading\">7. A Grande Armadilha: Tornarmo-nos Aquilo que Combatemos<\/h2>\n\n\n\n<p>Existe um perigo real: combater o mal usando as armas do mal.<\/p>\n\n\n\n<p>Quando combatemos a mentira com insultos.<br>Quando defendemos a f\u00e9 com \u00f3dio.<br>Quando protegemos a verdade sem caridade.<\/p>\n\n\n\n<p>Ent\u00e3o fomos infiltrados.<\/p>\n\n\n\n<p>O inimigo espiritual n\u00e3o precisa que deixemos de acreditar; basta-lhe que percamos a caridade.<\/p>\n\n\n\n<hr class=\"wp-block-separator has-alpha-channel-opacity\"\/>\n\n\n\n<h2 class=\"wp-block-heading\">8. Esperan\u00e7a: A Vit\u00f3ria J\u00e1 Est\u00e1 Garantida<\/h2>\n\n\n\n<p>A batalha \u00e9 real, mas o final j\u00e1 est\u00e1 escrito.<\/p>\n\n\n\n<p>Cristo j\u00e1 venceu.<\/p>\n\n\n\n<p>No Apocalipse, o drag\u00e3o \u00e9 derrotado. A Igreja pode ser atacada, mas n\u00e3o destru\u00edda.<\/p>\n\n\n\n<p>O crist\u00e3o n\u00e3o luta por medo, mas com a certeza da vit\u00f3ria.<\/p>\n\n\n\n<p>N\u00e3o estamos sozinhos. Temos:<\/p>\n\n\n\n<ul class=\"wp-block-list\">\n<li>A intercess\u00e3o dos santos.<\/li>\n\n\n\n<li>A prote\u00e7\u00e3o dos anjos.<\/li>\n\n\n\n<li>A gra\u00e7a sacramental.<\/li>\n\n\n\n<li>A autoridade de Cristo.<\/li>\n<\/ul>\n\n\n\n<hr class=\"wp-block-separator has-alpha-channel-opacity\"\/>\n\n\n\n<h2 class=\"wp-block-heading\">9. Uma Leitura Atual: O Que Isto Significa Para Ti Hoje?<\/h2>\n\n\n\n<p>Num mundo saturado de informa\u00e7\u00e3o, manipula\u00e7\u00e3o e ru\u00eddo:<\/p>\n\n\n\n<ul class=\"wp-block-list\">\n<li>Nem tudo o que te indigna \u00e9 o verdadeiro problema.<\/li>\n\n\n\n<li>Nem tudo o que te assusta \u00e9 o verdadeiro inimigo.<\/li>\n\n\n\n<li>Nem toda batalha merece a tua energia.<\/li>\n<\/ul>\n\n\n\n<p>Discernir a dimens\u00e3o espiritual muda a forma como vives.<\/p>\n\n\n\n<p>Torna-te mais sereno.<br>Mais estrat\u00e9gico.<br>Mais caridoso.<br>Mais firme.<\/p>\n\n\n\n<p>Transforma-te num guerreiro espiritual, n\u00e3o num agitador.<\/p>\n\n\n\n<hr class=\"wp-block-separator has-alpha-channel-opacity\"\/>\n\n\n\n<h2 class=\"wp-block-heading\">Conclus\u00e3o: Muda o Foco, Muda a Guerra<\/h2>\n\n\n\n<p>Se hoje est\u00e1s em conflito com algu\u00e9m, lembra-te:<br>n\u00e3o \u00e9 contra a carne e o sangue.<\/p>\n\n\n\n<p>Se hoje te sentes oprimido por pensamentos sombrios, lembra-te:<br>h\u00e1 uma batalha, mas n\u00e3o est\u00e1s indefeso.<\/p>\n\n\n\n<p>Se hoje te perguntas por que o mal parece organizado e forte, lembra-te:<br>Cristo j\u00e1 o venceu.<\/p>\n\n\n\n<p>A pergunta n\u00e3o \u00e9 se h\u00e1 uma guerra.<\/p>\n\n\n\n<p>A pergunta \u00e9:<br>est\u00e1s a combater com as armas certas?<\/p>\n\n\n\n<p>Porque a verdadeira vit\u00f3ria n\u00e3o consiste em derrotar pessoas.<br>Consiste em permanecer fiel a Cristo no meio do combate invis\u00edvel.<\/p>\n\n\n\n<p>E essa vit\u00f3ria \u2014 mesmo que o mundo n\u00e3o a veja \u2014 tem consequ\u00eancias eternas.<\/p>\n","protected":false},"excerpt":{"rendered":"<p>\u201cPois a nossa luta n\u00e3o \u00e9 contra a carne e o sangue, mas contra os principados, contra as potestades, contra os dominadores deste mundo tenebroso, contra os esp\u00edritos do mal nas regi\u00f5es celestes.\u201d\u2014 Ef\u00e9sios 6,12 Vivemos tempos de polariza\u00e7\u00e3o, tens\u00f5es sociais, confrontos ideol\u00f3gicos e conflitos familiares. Parece que todos est\u00e3o contra todos. As redes sociais &hellip;<\/p>\n","protected":false},"author":3,"featured_media":5049,"comment_status":"closed","ping_status":"closed","sticky":false,"template":"","format":"standard","meta":{"_seopress_robots_primary_cat":"","_seopress_titles_title":"","_seopress_titles_desc":"","_seopress_robots_index":"","footnotes":""},"categories":[66,41],"tags":[],"class_list":["post-5048","post","type-post","status-publish","format-standard","has-post-thumbnail","","category-cultura-popular-e-catolicismo","category-fe-e-cultura"],"_links":{"self":[{"href":"https:\/\/catholicus.eu\/pt\/wp-json\/wp\/v2\/posts\/5048","targetHints":{"allow":["GET"]}}],"collection":[{"href":"https:\/\/catholicus.eu\/pt\/wp-json\/wp\/v2\/posts"}],"about":[{"href":"https:\/\/catholicus.eu\/pt\/wp-json\/wp\/v2\/types\/post"}],"author":[{"embeddable":true,"href":"https:\/\/catholicus.eu\/pt\/wp-json\/wp\/v2\/users\/3"}],"replies":[{"embeddable":true,"href":"https:\/\/catholicus.eu\/pt\/wp-json\/wp\/v2\/comments?post=5048"}],"version-history":[{"count":1,"href":"https:\/\/catholicus.eu\/pt\/wp-json\/wp\/v2\/posts\/5048\/revisions"}],"predecessor-version":[{"id":5050,"href":"https:\/\/catholicus.eu\/pt\/wp-json\/wp\/v2\/posts\/5048\/revisions\/5050"}],"wp:featuredmedia":[{"embeddable":true,"href":"https:\/\/catholicus.eu\/pt\/wp-json\/wp\/v2\/media\/5049"}],"wp:attachment":[{"href":"https:\/\/catholicus.eu\/pt\/wp-json\/wp\/v2\/media?parent=5048"}],"wp:term":[{"taxonomy":"category","embeddable":true,"href":"https:\/\/catholicus.eu\/pt\/wp-json\/wp\/v2\/categories?post=5048"},{"taxonomy":"post_tag","embeddable":true,"href":"https:\/\/catholicus.eu\/pt\/wp-json\/wp\/v2\/tags?post=5048"}],"curies":[{"name":"wp","href":"https:\/\/api.w.org\/{rel}","templated":true}]}}