{"id":5042,"date":"2026-02-19T08:42:44","date_gmt":"2026-02-19T07:42:44","guid":{"rendered":"https:\/\/catholicus.eu\/pt\/?p=5042"},"modified":"2026-02-19T08:42:45","modified_gmt":"2026-02-19T07:42:45","slug":"quando-o-amor-esfria-em-silencio-a-intimidade-conjugal-como-alma-do-matrimonio-cristao","status":"publish","type":"post","link":"https:\/\/catholicus.eu\/pt\/quando-o-amor-esfria-em-silencio-a-intimidade-conjugal-como-alma-do-matrimonio-cristao\/","title":{"rendered":"Quando o amor esfria em sil\u00eancio: a intimidade conjugal como alma do matrim\u00f4nio crist\u00e3o"},"content":{"rendered":"\n<p>Em uma cultura marcada pela pressa, pela hiperconectividade digital, pelo individualismo e pela fragilidade dos v\u00ednculos, o matrim\u00f4nio enfrenta hoje um dos seus maiores desafios: a perda progressiva da intimidade. Ela raramente acontece de forma brusca. Desaparece lentamente, quase imperceptivelmente, at\u00e9 que um dia os esposos descobrem que compartilham uma casa, mas n\u00e3o uma vida; uma rotina, mas n\u00e3o o cora\u00e7\u00e3o.<\/p>\n\n\n\n<p>Do ponto de vista da teologia cat\u00f3lica, a intimidade matrimonial n\u00e3o \u00e9 um elemento acess\u00f3rio nem opcional: \u00e9 o n\u00facleo vivo do sacramento. Quando se perde \u2014 tanto em sua dimens\u00e3o f\u00edsica quanto pessoal \u2014 o matrim\u00f4nio come\u00e7a a desintegrar-se por dentro.<\/p>\n\n\n\n<p>Este artigo oferece uma reflex\u00e3o profunda, teol\u00f3gica e pastoral, sobre o valor da intimidade no matrim\u00f4nio crist\u00e3o, seu fundamento na tradi\u00e7\u00e3o da Igreja e caminhos concretos para cultiv\u00e1-la na vida cotidiana.<\/p>\n\n\n\n<hr class=\"wp-block-separator has-alpha-channel-opacity\"\/>\n\n\n\n<h2 class=\"wp-block-heading\">O matrim\u00f4nio crist\u00e3o: comunh\u00e3o de pessoas, n\u00e3o apenas um contrato<\/h2>\n\n\n\n<p>A vis\u00e3o crist\u00e3 do matrim\u00f4nio parte de uma verdade fundamental: o matrim\u00f4nio \u00e9 uma alian\u00e7a de amor total entre pessoas, imagem do amor de Deus.<\/p>\n\n\n\n<p>O matrim\u00f4nio n\u00e3o \u00e9 simplesmente conviv\u00eancia nem um contrato legal. \u00c9 um sacramento, sinal vis\u00edvel de uma realidade invis\u00edvel: a uni\u00e3o entre Cristo e a Igreja.<\/p>\n\n\n\n<p>O fundamento b\u00edblico aparece j\u00e1 na cria\u00e7\u00e3o:<\/p>\n\n\n\n<blockquote class=\"wp-block-quote is-layout-flow wp-block-quote-is-layout-flow\">\n<p>\u201cPor isso o homem deixa seu pai e sua m\u00e3e, une-se \u00e0 sua mulher, e os dois tornam-se uma s\u00f3 carne\u201d (Gn 2,24, B\u00edblia).<\/p>\n<\/blockquote>\n\n\n\n<p>Este \u201ctornar-se uma s\u00f3 carne\u201d n\u00e3o se limita ao aspecto f\u00edsico. Implica:<\/p>\n\n\n\n<ul class=\"wp-block-list\">\n<li>uni\u00e3o dos cora\u00e7\u00f5es<\/li>\n\n\n\n<li>uni\u00e3o das vontades<\/li>\n\n\n\n<li>uni\u00e3o espiritual<\/li>\n\n\n\n<li>comunh\u00e3o de vida<\/li>\n\n\n\n<li>entrega total e rec\u00edproca<\/li>\n<\/ul>\n\n\n\n<p>O matrim\u00f4nio \u00e9, portanto, comunh\u00e3o de pessoas. E toda comunh\u00e3o exige intimidade.<\/p>\n\n\n\n<hr class=\"wp-block-separator has-alpha-channel-opacity\"\/>\n\n\n\n<h2 class=\"wp-block-heading\">A intimidade como dom teol\u00f3gico: corpo, alma e esp\u00edrito<\/h2>\n\n\n\n<p>A tradi\u00e7\u00e3o cat\u00f3lica ensina que o amor conjugal integra tr\u00eas dimens\u00f5es insepar\u00e1veis:<\/p>\n\n\n\n<h3 class=\"wp-block-heading\">1. Intimidade f\u00edsica<\/h3>\n\n\n\n<p>A uni\u00e3o corporal expressa a entrega total dos esposos. N\u00e3o \u00e9 apenas biol\u00f3gica, mas uma linguagem do amor.<\/p>\n\n\n\n<h3 class=\"wp-block-heading\">2. Intimidade pessoal<\/h3>\n\n\n\n<p>Implica conhecer-se profundamente, partilhar a pr\u00f3pria interioridade, pensamentos, medos, alegrias, feridas e esperan\u00e7as.<\/p>\n\n\n\n<h3 class=\"wp-block-heading\">3. Intimidade espiritual<\/h3>\n\n\n\n<p>A uni\u00e3o em Deus: ora\u00e7\u00e3o compartilhada, f\u00e9 vivida juntos, um caminho comum rumo \u00e0 santidade.<\/p>\n\n\n\n<p>O grande desenvolvimento teol\u00f3gico moderno sobre este tema encontra-se nas catequeses de <strong>S\u00e3o Jo\u00e3o Paulo II<\/strong>, especialmente em sua teologia do corpo, onde ensina que o corpo humano possui um \u201csignificado esponsal\u201d: ele foi feito para o dom de si.<\/p>\n\n\n\n<p>Quando qualquer uma dessas dimens\u00f5es se rompe, o matrim\u00f4nio se empobrece profundamente.<\/p>\n\n\n\n<hr class=\"wp-block-separator has-alpha-channel-opacity\"\/>\n\n\n\n<h2 class=\"wp-block-heading\">Hist\u00f3ria e tradi\u00e7\u00e3o: a Igreja sempre defendeu a intimidade conjugal<\/h2>\n\n\n\n<p>Desde os primeiros s\u00e9culos, a Igreja ensinou que o matrim\u00f4nio implica uma profunda comunh\u00e3o de vida.<\/p>\n\n\n\n<p>Os Padres da Igreja descreviam o matrim\u00f4nio como:<\/p>\n\n\n\n<ul class=\"wp-block-list\">\n<li>\u201camizade perfeita\u201d<\/li>\n\n\n\n<li>\u201ccomunidade de vida\u201d<\/li>\n\n\n\n<li>\u201ccaminho compartilhado para Deus\u201d<\/li>\n<\/ul>\n\n\n\n<p>O magist\u00e9rio posterior reafirmou essa vis\u00e3o. O amor matrimonial inclui:<\/p>\n\n\n\n<ul class=\"wp-block-list\">\n<li>totalidade<\/li>\n\n\n\n<li>exclusividade<\/li>\n\n\n\n<li>fidelidade<\/li>\n\n\n\n<li>fecundidade<\/li>\n\n\n\n<li>profunda comunh\u00e3o<\/li>\n<\/ul>\n\n\n\n<p>O matrim\u00f4nio n\u00e3o se sustenta apenas pelo dever, mas pela uni\u00e3o interior.<\/p>\n\n\n\n<hr class=\"wp-block-separator has-alpha-channel-opacity\"\/>\n\n\n\n<h2 class=\"wp-block-heading\">Como a intimidade se perde hoje: causas contempor\u00e2neas<\/h2>\n\n\n\n<p>A cultura moderna introduz fatores que corroem silenciosamente a uni\u00e3o matrimonial.<\/p>\n\n\n\n<h3 class=\"wp-block-heading\">Cultura do individualismo<\/h3>\n\n\n\n<p>A realiza\u00e7\u00e3o pessoal \u00e9 priorizada em detrimento do \u201cn\u00f3s\u201d.<\/p>\n\n\n\n<h3 class=\"wp-block-heading\">Hiperconectividade digital<\/h3>\n\n\n\n<p>Telefones, redes sociais e telas substituem o di\u00e1logo.<\/p>\n\n\n\n<h3 class=\"wp-block-heading\">Estresse e ritmo acelerado de vida<\/h3>\n\n\n\n<p>Trabalho, filhos e obriga\u00e7\u00f5es constantes reduzem o tempo compartilhado.<\/p>\n\n\n\n<h3 class=\"wp-block-heading\">Pornografia e distor\u00e7\u00e3o da sexualidade<\/h3>\n\n\n\n<p>Destr\u00f3i a vis\u00e3o do corpo como dom e transforma o outro em objeto.<\/p>\n\n\n\n<h3 class=\"wp-block-heading\">Falta de comunica\u00e7\u00e3o emocional<\/h3>\n\n\n\n<p>Muitos matrim\u00f4nios falam de log\u00edstica, mas n\u00e3o da pr\u00f3pria interioridade.<\/p>\n\n\n\n<h3 class=\"wp-block-heading\">Seculariza\u00e7\u00e3o da vida<\/h3>\n\n\n\n<p>Quando Deus desaparece do lar, desaparece o fundamento da unidade.<\/p>\n\n\n\n<p>A perda da intimidade raramente come\u00e7a com grandes conflitos. Come\u00e7a com pequenas dist\u00e2ncias repetidas.<\/p>\n\n\n\n<hr class=\"wp-block-separator has-alpha-channel-opacity\"\/>\n\n\n\n<h2 class=\"wp-block-heading\">Quando a intimidade f\u00edsica se perde: consequ\u00eancias espirituais e psicol\u00f3gicas<\/h2>\n\n\n\n<p>A intimidade corporal \u00e9 uma linguagem de amor. Quando se enfraquece ou desaparece sem causa grave, surgem feridas profundas.<\/p>\n\n\n\n<h3 class=\"wp-block-heading\">Consequ\u00eancias frequentes<\/h3>\n\n\n\n<ul class=\"wp-block-list\">\n<li>sentimento de rejei\u00e7\u00e3o<\/li>\n\n\n\n<li>esfriamento afetivo<\/li>\n\n\n\n<li>frustra\u00e7\u00e3o interior<\/li>\n\n\n\n<li>tenta\u00e7\u00e3o de buscar afeto fora do matrim\u00f4nio<\/li>\n\n\n\n<li>ruptura progressiva do v\u00ednculo emocional<\/li>\n<\/ul>\n\n\n\n<p>Do ponto de vista teol\u00f3gico, o corpo expressa a entrega total. Se a linguagem do corpo deixa de expressar amor, a comunh\u00e3o enfraquece.<\/p>\n\n\n\n<p>O ato conjugal n\u00e3o \u00e9 apenas uma uni\u00e3o biol\u00f3gica: \u00e9 a renova\u00e7\u00e3o da alian\u00e7a.<\/p>\n\n\n\n<hr class=\"wp-block-separator has-alpha-channel-opacity\"\/>\n\n\n\n<h2 class=\"wp-block-heading\">A perda da intimidade pessoal: o verdadeiro in\u00edcio da crise<\/h2>\n\n\n\n<p>Ainda mais profunda que a perda f\u00edsica \u00e9 a perda da intimidade interior.<\/p>\n\n\n\n<p>Ela ocorre quando os esposos deixam de:<\/p>\n\n\n\n<ul class=\"wp-block-list\">\n<li>escutar um ao outro<\/li>\n\n\n\n<li>partilhar preocupa\u00e7\u00f5es<\/li>\n\n\n\n<li>expressar sentimentos<\/li>\n\n\n\n<li>confiar mutuamente<\/li>\n\n\n\n<li>abrir o cora\u00e7\u00e3o<\/li>\n<\/ul>\n\n\n\n<p>Surge ent\u00e3o aquilo que muitos descrevem como \u201cviver com um estranho\u201d.<\/p>\n\n\n\n<h3 class=\"wp-block-heading\">Sinais de alerta<\/h3>\n\n\n\n<ul class=\"wp-block-list\">\n<li>conversas superficiais<\/li>\n\n\n\n<li>sil\u00eancio emocional<\/li>\n\n\n\n<li>indiferen\u00e7a<\/li>\n\n\n\n<li>vidas interiores separadas<\/li>\n\n\n\n<li>isolamento afetivo<\/li>\n<\/ul>\n\n\n\n<p>Sem intimidade pessoal, a uni\u00e3o f\u00edsica perde o sentido e o matrim\u00f4nio torna-se mera coexist\u00eancia.<\/p>\n\n\n\n<hr class=\"wp-block-separator has-alpha-channel-opacity\"\/>\n\n\n\n<h2 class=\"wp-block-heading\">A perda da intimidade espiritual: raiz de muitas crises<\/h2>\n\n\n\n<p>Sob a perspectiva crist\u00e3, a crise matrimonial mais profunda \u00e9 espiritual.<\/p>\n\n\n\n<p>Quando os esposos deixam de:<\/p>\n\n\n\n<ul class=\"wp-block-list\">\n<li>rezar juntos<\/li>\n\n\n\n<li>buscar Deus juntos<\/li>\n\n\n\n<li>viver a f\u00e9 em comum<\/li>\n\n\n\n<li>compartilhar sua vida espiritual<\/li>\n<\/ul>\n\n\n\n<p>a gra\u00e7a sacramental deixa de ser plenamente acolhida.<\/p>\n\n\n\n<p>O matrim\u00f4nio \u00e9 um caminho compartilhado rumo \u00e0 santidade. Sem Deus, o amor apoia-se apenas em for\u00e7as humanas, que s\u00e3o limitadas.<\/p>\n\n\n\n<hr class=\"wp-block-separator has-alpha-channel-opacity\"\/>\n\n\n\n<h2 class=\"wp-block-heading\">Como a perda da intimidade pode destruir o matrim\u00f4nio<\/h2>\n\n\n\n<p>A destrui\u00e7\u00e3o do matrim\u00f4nio raramente ocorre de forma repentina. Geralmente segue um processo gradual:<\/p>\n\n\n\n<ol class=\"wp-block-list\">\n<li>O tempo compartilhado diminui.<\/li>\n\n\n\n<li>A comunica\u00e7\u00e3o enfraquece.<\/li>\n\n\n\n<li>Surge a dist\u00e2ncia emocional.<\/li>\n\n\n\n<li>Perde-se a intimidade f\u00edsica.<\/li>\n\n\n\n<li>Aparecem ressentimentos.<\/li>\n\n\n\n<li>Cresce a indiferen\u00e7a.<\/li>\n\n\n\n<li>O v\u00ednculo se rompe.<\/li>\n<\/ol>\n\n\n\n<p>A Escritura adverte sobre o esfriamento do amor. O cora\u00e7\u00e3o humano necessita de cuidado constante.<\/p>\n\n\n\n<p>Um matrim\u00f4nio sem intimidade \u00e9 como um corpo sem alma: permanece, mas n\u00e3o vive.<\/p>\n\n\n\n<hr class=\"wp-block-separator has-alpha-channel-opacity\"\/>\n\n\n\n<h2 class=\"wp-block-heading\">Fundamento teol\u00f3gico: o amor matrimonial como participa\u00e7\u00e3o no amor divino<\/h2>\n\n\n\n<p>O matrim\u00f4nio crist\u00e3o participa do pr\u00f3prio amor de Deus.<\/p>\n\n\n\n<p>Deus \u00e9 comunh\u00e3o de pessoas. O matrim\u00f4nio reflete essa comunh\u00e3o.<\/p>\n\n\n\n<p>Por isso, o amor conjugal deve ser:<\/p>\n\n\n\n<ul class=\"wp-block-list\">\n<li>total<\/li>\n\n\n\n<li>fiel<\/li>\n\n\n\n<li>exclusivo<\/li>\n\n\n\n<li>aberto<\/li>\n\n\n\n<li>profundo<\/li>\n\n\n\n<li>\u00edntimo<\/li>\n<\/ul>\n\n\n\n<p>A intimidade n\u00e3o \u00e9 um acr\u00e9scimo: expressa a pr\u00f3pria natureza do amor.<\/p>\n\n\n\n<hr class=\"wp-block-separator has-alpha-channel-opacity\"\/>\n\n\n\n<h2 class=\"wp-block-heading\">Dimens\u00e3o pastoral: curar a intimidade ferida<\/h2>\n\n\n\n<p>A Igreja n\u00e3o prop\u00f5e uma vis\u00e3o idealista, mas realista e curadora.<\/p>\n\n\n\n<p>A intimidade pode ser reconstru\u00edda.<\/p>\n\n\n\n<h3 class=\"wp-block-heading\">Caminhos pastorais concretos<\/h3>\n\n\n\n<h4 class=\"wp-block-heading\">1. Recuperar o di\u00e1logo profundo<\/h4>\n\n\n\n<p>Falar com o cora\u00e7\u00e3o, n\u00e3o apenas sobre tarefas.<\/p>\n\n\n\n<h4 class=\"wp-block-heading\">2. Tempo exclusivo para o c\u00f4njuge<\/h4>\n\n\n\n<p>A rela\u00e7\u00e3o deve ser uma prioridade.<\/p>\n\n\n\n<h4 class=\"wp-block-heading\">3. Perd\u00e3o m\u00fatuo<\/h4>\n\n\n\n<p>O ressentimento destr\u00f3i a intimidade.<\/p>\n\n\n\n<h4 class=\"wp-block-heading\">4. Recuperar a ternura di\u00e1ria<\/h4>\n\n\n\n<p>Pequenos gestos reconstroem grandes v\u00ednculos.<\/p>\n\n\n\n<h4 class=\"wp-block-heading\">5. Ora\u00e7\u00e3o em comum<\/h4>\n\n\n\n<p>A gra\u00e7a fortalece a unidade.<\/p>\n\n\n\n<h4 class=\"wp-block-heading\">6. Vida sacramental<\/h4>\n\n\n\n<p>Confiss\u00e3o e Eucaristia renovam o amor.<\/p>\n\n\n\n<h4 class=\"wp-block-heading\">7. Acompanhamento pastoral quando necess\u00e1rio<\/h4>\n\n\n\n<p>A Igreja oferece orienta\u00e7\u00e3o e ajuda.<\/p>\n\n\n\n<hr class=\"wp-block-separator has-alpha-channel-opacity\"\/>\n\n\n\n<h2 class=\"wp-block-heading\">Aplica\u00e7\u00f5es pr\u00e1ticas para a vida di\u00e1ria<\/h2>\n\n\n\n<h3 class=\"wp-block-heading\">Na vida cotidiana<\/h3>\n\n\n\n<ul class=\"wp-block-list\">\n<li>reservar diariamente tempo para dialogar<\/li>\n\n\n\n<li>expressar explicitamente o afeto<\/li>\n\n\n\n<li>escutar sem julgar<\/li>\n\n\n\n<li>evitar distra\u00e7\u00f5es digitais<\/li>\n\n\n\n<li>cultivar gestos de amor<\/li>\n<\/ul>\n\n\n\n<h3 class=\"wp-block-heading\">Na dimens\u00e3o espiritual<\/h3>\n\n\n\n<ul class=\"wp-block-list\">\n<li>rezar juntos<\/li>\n\n\n\n<li>ler a Escritura em fam\u00edlia<\/li>\n\n\n\n<li>oferecer as dificuldades pelo c\u00f4njuge<\/li>\n\n\n\n<li>pedir a gra\u00e7a de amar melhor<\/li>\n<\/ul>\n\n\n\n<h3 class=\"wp-block-heading\">Na dimens\u00e3o afetiva<\/h3>\n\n\n\n<ul class=\"wp-block-list\">\n<li>partilhar alegrias e feridas<\/li>\n\n\n\n<li>cultivar a amizade conjugal<\/li>\n\n\n\n<li>praticar a gratid\u00e3o m\u00fatua<\/li>\n<\/ul>\n\n\n\n<hr class=\"wp-block-separator has-alpha-channel-opacity\"\/>\n\n\n\n<h2 class=\"wp-block-heading\">A intimidade como caminho de santidade<\/h2>\n\n\n\n<p>O matrim\u00f4nio crist\u00e3o n\u00e3o \u00e9 apenas um projeto humano. \u00c9 uma voca\u00e7\u00e3o \u00e0 santidade.<\/p>\n\n\n\n<p>Os esposos santificam-se:<\/p>\n\n\n\n<ul class=\"wp-block-list\">\n<li>amando-se<\/li>\n\n\n\n<li>perdoando-se<\/li>\n\n\n\n<li>entregando-se mutuamente<\/li>\n\n\n\n<li>acompanhando-se<\/li>\n\n\n\n<li>partilhando sua interioridade<\/li>\n<\/ul>\n\n\n\n<p>A intimidade conjugal \u00e9 uma escola de amor aut\u00eantico, de humildade e de doa\u00e7\u00e3o.<\/p>\n\n\n\n<hr class=\"wp-block-separator has-alpha-channel-opacity\"\/>\n\n\n\n<h2 class=\"wp-block-heading\">Conclus\u00e3o: preservar o cora\u00e7\u00e3o do matrim\u00f4nio<\/h2>\n\n\n\n<p>A intimidade \u00e9 o cora\u00e7\u00e3o do matrim\u00f4nio crist\u00e3o. Sem ela, a uni\u00e3o se esvazia; com ela, o amor floresce mesmo em meio \u00e0s dificuldades.<\/p>\n\n\n\n<p>Em um mundo que banaliza o amor e fragmenta as rela\u00e7\u00f5es, os esposos crist\u00e3os s\u00e3o chamados a preservar sua comunh\u00e3o com coragem, profundidade e f\u00e9.<\/p>\n\n\n\n<p>Pois o matrim\u00f4nio n\u00e3o se sustenta apenas nas promessas do passado, mas na entrega renovada a cada dia.<\/p>\n\n\n\n<p>E onde existe verdadeira intimidade \u2014 f\u00edsica, pessoal e espiritual \u2014 o amor n\u00e3o apenas sobrevive: torna-se um caminho de santidade e um reflexo do amor eterno de Deus.<\/p>\n","protected":false},"excerpt":{"rendered":"<p>Em uma cultura marcada pela pressa, pela hiperconectividade digital, pelo individualismo e pela fragilidade dos v\u00ednculos, o matrim\u00f4nio enfrenta hoje um dos seus maiores desafios: a perda progressiva da intimidade. Ela raramente acontece de forma brusca. Desaparece lentamente, quase imperceptivelmente, at\u00e9 que um dia os esposos descobrem que compartilham uma casa, mas n\u00e3o uma vida; &hellip;<\/p>\n","protected":false},"author":3,"featured_media":5043,"comment_status":"closed","ping_status":"closed","sticky":false,"template":"","format":"standard","meta":{"_seopress_robots_primary_cat":"","_seopress_titles_title":"","_seopress_titles_desc":"","_seopress_robots_index":"","footnotes":""},"categories":[55,39],"tags":[1762],"class_list":["post-5042","post","type-post","status-publish","format-standard","has-post-thumbnail","","category-familia-e-matrimonio","category-moral-e-vida-crista","tag-intimidade"],"_links":{"self":[{"href":"https:\/\/catholicus.eu\/pt\/wp-json\/wp\/v2\/posts\/5042","targetHints":{"allow":["GET"]}}],"collection":[{"href":"https:\/\/catholicus.eu\/pt\/wp-json\/wp\/v2\/posts"}],"about":[{"href":"https:\/\/catholicus.eu\/pt\/wp-json\/wp\/v2\/types\/post"}],"author":[{"embeddable":true,"href":"https:\/\/catholicus.eu\/pt\/wp-json\/wp\/v2\/users\/3"}],"replies":[{"embeddable":true,"href":"https:\/\/catholicus.eu\/pt\/wp-json\/wp\/v2\/comments?post=5042"}],"version-history":[{"count":1,"href":"https:\/\/catholicus.eu\/pt\/wp-json\/wp\/v2\/posts\/5042\/revisions"}],"predecessor-version":[{"id":5044,"href":"https:\/\/catholicus.eu\/pt\/wp-json\/wp\/v2\/posts\/5042\/revisions\/5044"}],"wp:featuredmedia":[{"embeddable":true,"href":"https:\/\/catholicus.eu\/pt\/wp-json\/wp\/v2\/media\/5043"}],"wp:attachment":[{"href":"https:\/\/catholicus.eu\/pt\/wp-json\/wp\/v2\/media?parent=5042"}],"wp:term":[{"taxonomy":"category","embeddable":true,"href":"https:\/\/catholicus.eu\/pt\/wp-json\/wp\/v2\/categories?post=5042"},{"taxonomy":"post_tag","embeddable":true,"href":"https:\/\/catholicus.eu\/pt\/wp-json\/wp\/v2\/tags?post=5042"}],"curies":[{"name":"wp","href":"https:\/\/api.w.org\/{rel}","templated":true}]}}