{"id":5036,"date":"2026-02-18T21:40:58","date_gmt":"2026-02-18T20:40:58","guid":{"rendered":"https:\/\/catholicus.eu\/pt\/?p=5036"},"modified":"2026-02-18T21:40:58","modified_gmt":"2026-02-18T20:40:58","slug":"que-a-tua-mao-esquerda-nao-saiba-o-que-faz-a-tua-direita-o-segredo-divino-da-caridade-autentica-na-era-das-aparencias","status":"publish","type":"post","link":"https:\/\/catholicus.eu\/pt\/que-a-tua-mao-esquerda-nao-saiba-o-que-faz-a-tua-direita-o-segredo-divino-da-caridade-autentica-na-era-das-aparencias\/","title":{"rendered":"Que a tua m\u00e3o esquerda n\u00e3o saiba o que faz a tua direita: o segredo divino da caridade aut\u00eantica na era das apar\u00eancias"},"content":{"rendered":"\n<p>Vivemos numa \u00e9poca em que tudo \u00e9 partilhado, publicado e exibido. A generosidade, a ajuda ao pr\u00f3ximo e at\u00e9 a f\u00e9 podem facilmente tornar-se conte\u00fados vis\u00edveis, mensur\u00e1veis e aplaudidos. Contudo, o Evangelho prop\u00f5e um caminho radicalmente diferente: uma caridade silenciosa, humilde e escondida, cujo valor n\u00e3o depende do reconhecimento humano, mas do olhar de Deus.<\/p>\n\n\n\n<p>A frase <strong>\u00abque a tua m\u00e3o esquerda n\u00e3o saiba o que faz a tua direita\u00bb<\/strong> \u00e9 um dos ensinamentos mais profundos de Cristo sobre a pureza de inten\u00e7\u00e3o, a autenticidade espiritual e a verdadeira caridade. N\u00e3o \u00e9 simplesmente um conselho moral, mas um apelo \u00e0 convers\u00e3o interior.<\/p>\n\n\n\n<p>Neste artigo, exploraremos o seu significado hist\u00f3rico, teol\u00f3gico e pastoral, a sua relev\u00e2ncia hoje e como viv\u00ea-lo concretamente na vida di\u00e1ria.<\/p>\n\n\n\n<hr class=\"wp-block-separator has-alpha-channel-opacity\"\/>\n\n\n\n<h2 class=\"wp-block-heading\">\ud83d\udcd6 A origem b\u00edblica: um ensinamento radical de Jesus<\/h2>\n\n\n\n<p>Esta express\u00e3o prov\u00e9m do <strong>Evangelho de Mateus<\/strong>, no Serm\u00e3o da Montanha:<\/p>\n\n\n\n<blockquote class=\"wp-block-quote is-layout-flow wp-block-quote-is-layout-flow\">\n<p><strong>\u00abQuando deres esmola, n\u00e3o saiba a tua m\u00e3o esquerda o que faz a tua direita, para que a tua esmola permane\u00e7a em segredo; e o teu Pai, que v\u00ea em segredo, te recompensar\u00e1.\u00bb<\/strong> (Mt 6, 3\u20134)<\/p>\n<\/blockquote>\n\n\n\n<p>No mesmo trecho, Cristo tamb\u00e9m adverte contra a ora\u00e7\u00e3o feita para ser vista:<\/p>\n\n\n\n<blockquote class=\"wp-block-quote is-layout-flow wp-block-quote-is-layout-flow\">\n<p><strong>\u00abE quando orardes, n\u00e3o sejais como os hip\u00f3critas; pois gostam de orar em p\u00e9 nas sinagogas e nas esquinas das ruas para serem vistos pelos homens.\u00bb<\/strong> (Mt 6, 5)<\/p>\n<\/blockquote>\n\n\n\n<p>Aqui Jesus denuncia uma tenta\u00e7\u00e3o espiritual permanente: usar as boas obras para alimentar o ego.<\/p>\n\n\n\n<hr class=\"wp-block-separator has-alpha-channel-opacity\"\/>\n\n\n\n<h2 class=\"wp-block-heading\">O contexto hist\u00f3rico: a esmola no juda\u00edsmo antigo<\/h2>\n\n\n\n<p>Para compreender a radicalidade deste ensinamento, \u00e9 necess\u00e1rio entender o seu contexto.<\/p>\n\n\n\n<p>No juda\u00edsmo do primeiro s\u00e9culo existiam tr\u00eas grandes pr\u00e1ticas religiosas:<\/p>\n\n\n\n<ul class=\"wp-block-list\">\n<li>a esmola<\/li>\n\n\n\n<li>a ora\u00e7\u00e3o<\/li>\n\n\n\n<li>o jejum<\/li>\n<\/ul>\n\n\n\n<p>Eram express\u00f5es fundamentais da piedade e da justi\u00e7a. A esmola era considerada um dever religioso e social. Contudo, alguns praticavam-na publicamente para obter prest\u00edgio.<\/p>\n\n\n\n<p>Jesus n\u00e3o critica a esmola nem a ora\u00e7\u00e3o p\u00fablica em si \u2014 a Igreja mant\u00e9m ambas \u2014 mas sim <strong>a inten\u00e7\u00e3o corrompida do cora\u00e7\u00e3o<\/strong>: fazer o bem para ser admirado.<\/p>\n\n\n\n<p>O que \u00e9 revolucion\u00e1rio no Evangelho \u00e9 a transfer\u00eancia do centro da vida religiosa do vis\u00edvel para o interior.<\/p>\n\n\n\n<hr class=\"wp-block-separator has-alpha-channel-opacity\"\/>\n\n\n\n<h2 class=\"wp-block-heading\">O significado teol\u00f3gico profundo: a pureza de inten\u00e7\u00e3o<\/h2>\n\n\n\n<h3 class=\"wp-block-heading\">1. A verdadeira caridade nasce do amor, n\u00e3o do reconhecimento<\/h3>\n\n\n\n<p>Segundo a teologia cat\u00f3lica, a caridade \u00e9 uma virtude teologal: participa\u00e7\u00e3o no pr\u00f3prio amor de Deus.<\/p>\n\n\n\n<p>S\u00e3o Tom\u00e1s de Aquino ensina que o valor moral de um ato depende principalmente da sua inten\u00e7\u00e3o. Se o objetivo \u00e9 a gl\u00f3ria pessoal, o ato perde o seu valor sobrenatural.<\/p>\n\n\n\n<p>O ensinamento de Cristo exige:<\/p>\n\n\n\n<ul class=\"wp-block-list\">\n<li>retid\u00e3o interior<\/li>\n\n\n\n<li>humildade aut\u00eantica<\/li>\n\n\n\n<li>desapego do reconhecimento humano<\/li>\n<\/ul>\n\n\n\n<p>O facto de a m\u00e3o esquerda ignorar o que faz a direita simboliza um cora\u00e7\u00e3o t\u00e3o puro que nem sequer procura agradar a si pr\u00f3prio.<\/p>\n\n\n\n<hr class=\"wp-block-separator has-alpha-channel-opacity\"\/>\n\n\n\n<h3 class=\"wp-block-heading\">2. Deus v\u00ea o cora\u00e7\u00e3o<\/h3>\n\n\n\n<p>Esta frase cont\u00e9m uma profunda teologia sobre Deus:<\/p>\n\n\n\n<ul class=\"wp-block-list\">\n<li>Deus n\u00e3o olha para as apar\u00eancias.<\/li>\n\n\n\n<li>Deus olha para o que est\u00e1 oculto.<\/li>\n\n\n\n<li>Deus conhece as inten\u00e7\u00f5es.<\/li>\n<\/ul>\n\n\n\n<p>A recompensa divina n\u00e3o \u00e9 um pr\u00e9mio material, mas a comunh\u00e3o com Ele.<\/p>\n\n\n\n<p>A espiritualidade crist\u00e3 insiste:<br><strong>a santidade realiza-se no invis\u00edvel.<\/strong><\/p>\n\n\n\n<hr class=\"wp-block-separator has-alpha-channel-opacity\"\/>\n\n\n\n<h3 class=\"wp-block-heading\">3. A luta contra a vangl\u00f3ria espiritual<\/h3>\n\n\n\n<p>Os Padres da Igreja identificaram aqui um perigo subtil: a <strong>vangl\u00f3ria espiritual<\/strong>, mais perigosa do que o pecado evidente.<\/p>\n\n\n\n<p>S\u00e3o Jo\u00e3o Cris\u00f3stomo advertia que at\u00e9 o ato mais santo pode corromper-se se procurar aplauso.<\/p>\n\n\n\n<p>Este ensinamento \u00e9 um rem\u00e9dio contra:<\/p>\n\n\n\n<ul class=\"wp-block-list\">\n<li>o orgulho religioso<\/li>\n\n\n\n<li>o narcisismo espiritual<\/li>\n\n\n\n<li>a religiosidade exibicionista<\/li>\n<\/ul>\n\n\n\n<hr class=\"wp-block-separator has-alpha-channel-opacity\"\/>\n\n\n\n<h2 class=\"wp-block-heading\">Rezar para ser visto: a religi\u00e3o como espet\u00e1culo<\/h2>\n\n\n\n<p>Jesus critica duramente aqueles que rezam para ser admirados.<\/p>\n\n\n\n<p>Isto n\u00e3o significa que rezar em p\u00fablico seja errado. A Igreja celebra liturgias p\u00fablicas, prociss\u00f5es e ora\u00e7\u00e3o comunit\u00e1ria. O que \u00e9 condenado \u00e9 a motiva\u00e7\u00e3o:<\/p>\n\n\n\n<ul class=\"wp-block-list\">\n<li>rezar para parecer santo<\/li>\n\n\n\n<li>mostrar superioridade espiritual<\/li>\n\n\n\n<li>procurar aprova\u00e7\u00e3o social<\/li>\n<\/ul>\n\n\n\n<p>A ora\u00e7\u00e3o aut\u00eantica \u00e9 um encontro \u00edntimo com Deus, n\u00e3o um ato teatral.<\/p>\n\n\n\n<h3 class=\"wp-block-heading\">O perigo da espiritualidade como imagem<\/h3>\n\n\n\n<p>Hoje este aviso \u00e9 especialmente atual:<\/p>\n\n\n\n<ul class=\"wp-block-list\">\n<li>f\u00e9 transformada em marca pessoal<\/li>\n\n\n\n<li>religiosidade exibida nas redes sociais<\/li>\n\n\n\n<li>caridade transformada em conte\u00fado<\/li>\n<\/ul>\n\n\n\n<p>O Evangelho prop\u00f5e o contr\u00e1rio: <strong>intimidade com Deus antes da visibilidade humana<\/strong>.<\/p>\n\n\n\n<hr class=\"wp-block-separator has-alpha-channel-opacity\"\/>\n\n\n\n<h2 class=\"wp-block-heading\">A dimens\u00e3o espiritual: a caridade escondida molda a alma<\/h2>\n\n\n\n<p>A caridade silenciosa produz efeitos profundos:<\/p>\n\n\n\n<h3 class=\"wp-block-heading\">\u2714 purifica o cora\u00e7\u00e3o<\/h3>\n\n\n\n<h3 class=\"wp-block-heading\">\u2714 liberta do ego<\/h3>\n\n\n\n<h3 class=\"wp-block-heading\">\u2714 fortalece a humildade<\/h3>\n\n\n\n<h3 class=\"wp-block-heading\">\u2714 une a alma a Deus<\/h3>\n\n\n\n<p>Quando ningu\u00e9m v\u00ea as nossas obras, apenas o amor permanece.<\/p>\n\n\n\n<p>E isso transforma o cora\u00e7\u00e3o.<\/p>\n\n\n\n<hr class=\"wp-block-separator has-alpha-channel-opacity\"\/>\n\n\n\n<h2 class=\"wp-block-heading\">A atualidade da mensagem: um ant\u00eddoto contra a cultura da apar\u00eancia<\/h2>\n\n\n\n<p>Nunca este ensinamento foi t\u00e3o relevante como hoje.<\/p>\n\n\n\n<p>Vivemos numa cultura baseada em:<\/p>\n\n\n\n<ul class=\"wp-block-list\">\n<li>exposi\u00e7\u00e3o constante<\/li>\n\n\n\n<li>valida\u00e7\u00e3o social<\/li>\n\n\n\n<li>reconhecimento p\u00fablico<\/li>\n\n\n\n<li>constru\u00e7\u00e3o de imagem<\/li>\n<\/ul>\n\n\n\n<p>O Evangelho prop\u00f5e uma revolu\u00e7\u00e3o silenciosa: fazer o bem sem testemunhas.<\/p>\n\n\n\n<p>Isto desafia:<\/p>\n\n\n\n<ul class=\"wp-block-list\">\n<li>o culto do eu<\/li>\n\n\n\n<li>a busca de aprova\u00e7\u00e3o<\/li>\n\n\n\n<li>a necessidade de reconhecimento imediato<\/li>\n<\/ul>\n\n\n\n<hr class=\"wp-block-separator has-alpha-channel-opacity\"\/>\n\n\n\n<h2 class=\"wp-block-heading\">Aplica\u00e7\u00f5es pr\u00e1ticas para a vida di\u00e1ria<\/h2>\n\n\n\n<h3 class=\"wp-block-heading\">1. Praticar a caridade invis\u00edvel<\/h3>\n\n\n\n<ul class=\"wp-block-list\">\n<li>ajudar sem anunciar<\/li>\n\n\n\n<li>doar sem publicitar<\/li>\n\n\n\n<li>servir sem esperar gratid\u00e3o<\/li>\n\n\n\n<li>realizar sacrif\u00edcios ocultos<\/li>\n<\/ul>\n\n\n\n<p>Pequenos atos di\u00e1rios t\u00eam enorme valor espiritual.<\/p>\n\n\n\n<hr class=\"wp-block-separator has-alpha-channel-opacity\"\/>\n\n\n\n<h3 class=\"wp-block-heading\">2. Examinar a inten\u00e7\u00e3o antes de fazer o bem<\/h3>\n\n\n\n<p>Perguntar a si mesmo:<\/p>\n\n\n\n<ul class=\"wp-block-list\">\n<li>Procuro Deus ou reconhecimento?<\/li>\n\n\n\n<li>Incomodar-me-ia se ningu\u00e9m soubesse?<\/li>\n\n\n\n<li>Faria isto se n\u00e3o houvesse aplausos?<\/li>\n<\/ul>\n\n\n\n<p>Este exame purifica a caridade.<\/p>\n\n\n\n<hr class=\"wp-block-separator has-alpha-channel-opacity\"\/>\n\n\n\n<h3 class=\"wp-block-heading\">3. Cultivar a ora\u00e7\u00e3o secreta<\/h3>\n\n\n\n<p>Jesus ensina:<\/p>\n\n\n\n<blockquote class=\"wp-block-quote is-layout-flow wp-block-quote-is-layout-flow\">\n<p>\u00abEntra no teu quarto, fecha a porta e ora ao teu Pai em segredo.\u00bb<\/p>\n<\/blockquote>\n\n\n\n<p>A vida espiritual necessita de espa\u00e7os onde apenas Deus \u00e9 testemunha.<\/p>\n\n\n\n<hr class=\"wp-block-separator has-alpha-channel-opacity\"\/>\n\n\n\n<h3 class=\"wp-block-heading\">4. Viver a humildade interior<\/h3>\n\n\n\n<p>A humildade n\u00e3o \u00e9 desprezo de si mesmo, mas:<\/p>\n\n\n\n<ul class=\"wp-block-list\">\n<li>reconhecer que todo o bem vem de Deus<\/li>\n\n\n\n<li>n\u00e3o apropriar-se das boas obras<\/li>\n\n\n\n<li>n\u00e3o procurar protagonismo espiritual<\/li>\n<\/ul>\n\n\n\n<hr class=\"wp-block-separator has-alpha-channel-opacity\"\/>\n\n\n\n<h3 class=\"wp-block-heading\">5. Educar o cora\u00e7\u00e3o na discri\u00e7\u00e3o<\/h3>\n\n\n\n<p>A tradi\u00e7\u00e3o crist\u00e3 valoriza o sil\u00eancio interior:<\/p>\n\n\n\n<ul class=\"wp-block-list\">\n<li>evitar vangloriar-se dos sacrif\u00edcios<\/li>\n\n\n\n<li>evitar comparar-se com os outros<\/li>\n\n\n\n<li>evitar julgar a f\u00e9 alheia<\/li>\n<\/ul>\n\n\n\n<hr class=\"wp-block-separator has-alpha-channel-opacity\"\/>\n\n\n\n<h2 class=\"wp-block-heading\">Perspetiva pastoral: uma espiritualidade de autenticidade<\/h2>\n\n\n\n<p>Do ponto de vista pastoral, este ensinamento convida a uma f\u00e9 madura e aut\u00eantica.<\/p>\n\n\n\n<p>A Igreja prop\u00f5e:<\/p>\n\n\n\n<ul class=\"wp-block-list\">\n<li>uma vida interior profunda<\/li>\n\n\n\n<li>coer\u00eancia entre f\u00e9 e vida<\/li>\n\n\n\n<li>caridade concreta e silenciosa<\/li>\n\n\n\n<li>testemunho humilde<\/li>\n<\/ul>\n\n\n\n<p>O mundo precisa de testemunhas, n\u00e3o de atores religiosos.<\/p>\n\n\n\n<hr class=\"wp-block-separator has-alpha-channel-opacity\"\/>\n\n\n\n<h2 class=\"wp-block-heading\">O paradoxo evang\u00e9lico: o bem oculto transforma o mundo<\/h2>\n\n\n\n<p>Existe um paradoxo profundo:<\/p>\n\n\n\n<p>O que \u00e9 feito em segredo tem maior impacto espiritual do que o que \u00e9 vis\u00edvel.<\/p>\n\n\n\n<p>Porqu\u00ea?<\/p>\n\n\n\n<p>Porque transforma o cora\u00e7\u00e3o e participa do amor puro de Deus.<\/p>\n\n\n\n<p>Os santos mudaram o mundo atrav\u00e9s de atos ocultos, sacrif\u00edcios silenciosos e amor invis\u00edvel.<\/p>\n\n\n\n<hr class=\"wp-block-separator has-alpha-channel-opacity\"\/>\n\n\n\n<h2 class=\"wp-block-heading\">Um convite final: viver sob o olhar de Deus<\/h2>\n\n\n\n<p>\u00abQue a tua m\u00e3o esquerda n\u00e3o saiba o que faz a tua direita\u00bb \u00e9 um convite a viver:<\/p>\n\n\n\n<ul class=\"wp-block-list\">\n<li>diante de Deus<\/li>\n\n\n\n<li>para Deus<\/li>\n\n\n\n<li>a partir de Deus<\/li>\n<\/ul>\n\n\n\n<p>Significa passar da religi\u00e3o como apar\u00eancia para a f\u00e9 como encontro.<\/p>\n\n\n\n<p>Significa descobrir que a verdadeira recompensa n\u00e3o \u00e9 o aplauso humano, mas a uni\u00e3o com o Pai que v\u00ea em segredo.<\/p>\n\n\n\n<p>Num mundo que exige visibilidade constante, o Evangelho prop\u00f5e o caminho mais revolucion\u00e1rio: <strong>amar sem ser visto<\/strong>.<\/p>\n\n\n\n<p>E \u00e9 a\u00ed, no escondido, que come\u00e7a a verdadeira santidade.<\/p>\n","protected":false},"excerpt":{"rendered":"<p>Vivemos numa \u00e9poca em que tudo \u00e9 partilhado, publicado e exibido. A generosidade, a ajuda ao pr\u00f3ximo e at\u00e9 a f\u00e9 podem facilmente tornar-se conte\u00fados vis\u00edveis, mensur\u00e1veis e aplaudidos. Contudo, o Evangelho prop\u00f5e um caminho radicalmente diferente: uma caridade silenciosa, humilde e escondida, cujo valor n\u00e3o depende do reconhecimento humano, mas do olhar de Deus. &hellip;<\/p>\n","protected":false},"author":3,"featured_media":5037,"comment_status":"closed","ping_status":"closed","sticky":false,"template":"","format":"standard","meta":{"_seopress_robots_primary_cat":"","_seopress_titles_title":"","_seopress_titles_desc":"","_seopress_robots_index":"","footnotes":""},"categories":[39,57],"tags":[605],"class_list":["post-5036","post","type-post","status-publish","format-standard","has-post-thumbnail","","category-moral-e-vida-crista","category-virtudes-cristas","tag-caridade"],"_links":{"self":[{"href":"https:\/\/catholicus.eu\/pt\/wp-json\/wp\/v2\/posts\/5036","targetHints":{"allow":["GET"]}}],"collection":[{"href":"https:\/\/catholicus.eu\/pt\/wp-json\/wp\/v2\/posts"}],"about":[{"href":"https:\/\/catholicus.eu\/pt\/wp-json\/wp\/v2\/types\/post"}],"author":[{"embeddable":true,"href":"https:\/\/catholicus.eu\/pt\/wp-json\/wp\/v2\/users\/3"}],"replies":[{"embeddable":true,"href":"https:\/\/catholicus.eu\/pt\/wp-json\/wp\/v2\/comments?post=5036"}],"version-history":[{"count":1,"href":"https:\/\/catholicus.eu\/pt\/wp-json\/wp\/v2\/posts\/5036\/revisions"}],"predecessor-version":[{"id":5038,"href":"https:\/\/catholicus.eu\/pt\/wp-json\/wp\/v2\/posts\/5036\/revisions\/5038"}],"wp:featuredmedia":[{"embeddable":true,"href":"https:\/\/catholicus.eu\/pt\/wp-json\/wp\/v2\/media\/5037"}],"wp:attachment":[{"href":"https:\/\/catholicus.eu\/pt\/wp-json\/wp\/v2\/media?parent=5036"}],"wp:term":[{"taxonomy":"category","embeddable":true,"href":"https:\/\/catholicus.eu\/pt\/wp-json\/wp\/v2\/categories?post=5036"},{"taxonomy":"post_tag","embeddable":true,"href":"https:\/\/catholicus.eu\/pt\/wp-json\/wp\/v2\/tags?post=5036"}],"curies":[{"name":"wp","href":"https:\/\/api.w.org\/{rel}","templated":true}]}}