{"id":5027,"date":"2026-02-18T11:23:39","date_gmt":"2026-02-18T10:23:39","guid":{"rendered":"https:\/\/catholicus.eu\/pt\/?p=5027"},"modified":"2026-02-18T11:23:40","modified_gmt":"2026-02-18T10:23:40","slug":"filipenses-a-carta-que-ensina-a-viver-com-alegria-em-meio-ao-caos","status":"publish","type":"post","link":"https:\/\/catholicus.eu\/pt\/filipenses-a-carta-que-ensina-a-viver-com-alegria-em-meio-ao-caos\/","title":{"rendered":"Filipenses: A Carta que Ensina a Viver com Alegria em Meio ao Caos"},"content":{"rendered":"\n<p class=\"wp-block-paragraph\">Em um mundo marcado pela ansiedade, polariza\u00e7\u00e3o, incerteza econ\u00f4mica e ru\u00eddo constante, poucos textos s\u00e3o t\u00e3o atuais quanto a <strong>Carta aos Filipenses<\/strong>. Escrita h\u00e1 quase dois mil anos, a partir de uma pris\u00e3o, por um homem acorrentado e humanamente derrotado, esta ep\u00edstola \u00e9 \u2014 paradoxalmente \u2014 um vibrante hino \u00e0 alegria.<\/p>\n\n\n\n<p class=\"wp-block-paragraph\">O seu autor \u00e9 o Ap\u00f3stolo dos Gentios, S\u00e3o Paulo. Os destinat\u00e1rios eram a comunidade crist\u00e3 de Filipos, uma col\u00f4nia romana situada na regi\u00e3o da Maced\u00f4nia, hoje parte da Gr\u00e9cia. E a sua mensagem n\u00e3o \u00e9 um otimismo religioso superficial: \u00e9 uma profunda teologia da alegria que brota da uni\u00e3o com Cristo.<\/p>\n\n\n\n<p class=\"wp-block-paragraph\">Hoje, mais do que nunca, precisamos redescobrir Filipenses.<\/p>\n\n\n\n<hr class=\"wp-block-separator has-alpha-channel-opacity\"\/>\n\n\n\n<h2 class=\"wp-block-heading\">1. Contexto hist\u00f3rico: uma carta escrita nas correntes<\/h2>\n\n\n\n<p class=\"wp-block-paragraph\">S\u00e3o Paulo fundou a comunidade crist\u00e3 em Filipos durante sua segunda viagem mission\u00e1ria (cf. Atos 16). L\u00e1, ele converteu, entre outros, L\u00eddia, vendedora de p\u00farpura, e o carcereiro que guardava a pris\u00e3o. Desde o in\u00edcio, esta comunidade mostrou uma proximidade particular com o Ap\u00f3stolo.<\/p>\n\n\n\n<p class=\"wp-block-paragraph\">Anos depois, Paulo encontra-se preso \u2014 muito provavelmente em Roma, embora alguns estudiosos sugiram \u00c9feso. Desse c\u00e1rcere, ele escreve uma carta profundamente afetuosa. N\u00e3o \u00e9 uma ep\u00edstola de corre\u00e7\u00e3o severa (como G\u00e1latas), nem um tratado doutrin\u00e1rio sistem\u00e1tico (como Romanos). \u00c9 uma carta \u00edntima, agradecida e espiritual.<\/p>\n\n\n\n<p class=\"wp-block-paragraph\">E aqui aparece o primeiro fato surpreendente: a palavra \u201calegria\u201d e seus derivados aparecem repetidamente. Como pode um homem privado de liberdade falar sobre alegria?<\/p>\n\n\n\n<p class=\"wp-block-paragraph\">Porque sua liberdade n\u00e3o dependia das circunst\u00e2ncias.<\/p>\n\n\n\n<hr class=\"wp-block-separator has-alpha-channel-opacity\"\/>\n\n\n\n<h2 class=\"wp-block-heading\">2. O cora\u00e7\u00e3o teol\u00f3gico de Filipenses: Cristo como centro absoluto<\/h2>\n\n\n\n<p class=\"wp-block-paragraph\">A Carta aos Filipenses cont\u00e9m um dos hinos cristol\u00f3gicos mais profundos de todo o Novo Testamento: o chamado \u201cHino da Kenosis\u201d (Fl 2,6\u201311).<\/p>\n\n\n\n<blockquote class=\"wp-block-quote is-layout-flow wp-block-quote-is-layout-flow\">\n<p class=\"wp-block-paragraph\">\u201cEle, que, existindo em forma de Deus, n\u00e3o considerou a sua igualdade com Deus algo a que se devia apegar, mas esvaziou-se a si mesmo, assumindo a forma de servo\u2026\u201d (Fl 2,6\u20137)<\/p>\n<\/blockquote>\n\n\n\n<p class=\"wp-block-paragraph\">Este trecho \u00e9 uma joia teol\u00f3gica.<\/p>\n\n\n\n<p class=\"wp-block-paragraph\">Aqui se revela o mist\u00e9rio da <strong>kenosis<\/strong> \u2014 o \u201cesvaziamento\u201d do Filho de Deus. Cristo, verdadeiro Deus, humilha-se, abaixa-se, assume nossa carne, torna-se obediente at\u00e9 a morte \u2014 e morte de cruz.<\/p>\n\n\n\n<h3 class=\"wp-block-heading\">O que isso nos ensina?<\/h3>\n\n\n\n<ol class=\"wp-block-list\">\n<li>Que a grandeza crist\u00e3 n\u00e3o consiste em impor-se, mas em servir.<\/li>\n\n\n\n<li>Que a verdadeira exalta\u00e7\u00e3o vem depois da humildade.<\/li>\n\n\n\n<li>Que o caminho crist\u00e3o \u00e9 configura\u00e7\u00e3o com Cristo crucificado.<\/li>\n<\/ol>\n\n\n\n<p class=\"wp-block-paragraph\">S\u00e3o Paulo n\u00e3o prop\u00f5e um cristianismo confort\u00e1vel. Ele prop\u00f5e um cristianismo cruciforme.<\/p>\n\n\n\n<p class=\"wp-block-paragraph\">Em uma cultura que idolatra sucesso, imagem e autoafirma\u00e7\u00e3o, Filipenses nos lembra que o modelo \u00e9 Cristo humilhado.<\/p>\n\n\n\n<hr class=\"wp-block-separator has-alpha-channel-opacity\"\/>\n\n\n\n<h2 class=\"wp-block-heading\">3. \u201cPosso todas as coisas naquele que me fortalece\u201d: uma frase mal interpretada<\/h2>\n\n\n\n<p class=\"wp-block-paragraph\">Um dos vers\u00edculos mais citados \u2014 e \u00e0s vezes mal compreendido \u2014 \u00e9:<\/p>\n\n\n\n<blockquote class=\"wp-block-quote is-layout-flow wp-block-quote-is-layout-flow\">\n<p class=\"wp-block-paragraph\">\u201cPosso todas as coisas naquele que me fortalece\u201d (Fl 4,13).<\/p>\n<\/blockquote>\n\n\n\n<p class=\"wp-block-paragraph\">N\u00e3o \u00e9 uma afirma\u00e7\u00e3o de autoempoderamento motivacional. N\u00e3o significa que Deus garante sucesso material ou a realiza\u00e7\u00e3o dos sonhos pessoais.<\/p>\n\n\n\n<p class=\"wp-block-paragraph\">Paulo diz isso no contexto da pobreza e da necessidade:<\/p>\n\n\n\n<blockquote class=\"wp-block-quote is-layout-flow wp-block-quote-is-layout-flow\">\n<p class=\"wp-block-paragraph\">\u201cAprendi a viver contente em toda e qualquer situa\u00e7\u00e3o. Sei viver na humilha\u00e7\u00e3o e sei viver na abund\u00e2ncia\u2026\u201d (Fl 4,11\u201312)<\/p>\n<\/blockquote>\n\n\n\n<p class=\"wp-block-paragraph\">A for\u00e7a crist\u00e3 n\u00e3o consiste em dominar as circunst\u00e2ncias, mas em permanecer fiel em cada circunst\u00e2ncia.<\/p>\n\n\n\n<p class=\"wp-block-paragraph\">Hoje, muitos vivem frustrados porque confundem f\u00e9 com prosperidade. Filipenses corrige essa vis\u00e3o: a verdadeira riqueza \u00e9 Cristo.<\/p>\n\n\n\n<hr class=\"wp-block-separator has-alpha-channel-opacity\"\/>\n\n\n\n<h2 class=\"wp-block-heading\">4. Alegria crist\u00e3: uma decis\u00e3o espiritual<\/h2>\n\n\n\n<p class=\"wp-block-paragraph\">\u201cRegozijai-vos sempre no Senhor; outra vez digo: regozijai-vos\u201d (Fl 4,4)<\/p>\n\n\n\n<p class=\"wp-block-paragraph\">Paulo n\u00e3o fala de uma emo\u00e7\u00e3o passageira. Ele fala de uma atitude espiritual. A alegria crist\u00e3 n\u00e3o \u00e9 a nega\u00e7\u00e3o do sofrimento, mas a confian\u00e7a na soberania de Deus.<\/p>\n\n\n\n<p class=\"wp-block-paragraph\">Do ponto de vista teol\u00f3gico, esta alegria tem tr\u00eas fundamentos:<\/p>\n\n\n\n<h3 class=\"wp-block-heading\">1\ufe0f\u20e3 Uni\u00e3o com Cristo<\/h3>\n\n\n\n<p class=\"wp-block-paragraph\">O crist\u00e3o vive \u201cem Cristo\u201d. Esta express\u00e3o aparece constantemente na carta. A identidade do crente n\u00e3o se encontra na profiss\u00e3o, no estado civil ou na reputa\u00e7\u00e3o, mas na perten\u00e7a a Cristo.<\/p>\n\n\n\n<h3 class=\"wp-block-heading\">2\ufe0f\u20e3 Esperan\u00e7a escatol\u00f3gica<\/h3>\n\n\n\n<p class=\"wp-block-paragraph\">Filipenses possui uma forte dimens\u00e3o escatol\u00f3gica: \u201cA nossa cidadania est\u00e1 nos c\u00e9us\u201d (Fl 3,20). Para uma cidade orgulhosamente romana como Filipos, esta afirma\u00e7\u00e3o era revolucion\u00e1ria.<\/p>\n\n\n\n<p class=\"wp-block-paragraph\">Hoje, tamb\u00e9m \u00e9. Nossa p\u00e1tria definitiva n\u00e3o \u00e9 deste mundo.<\/p>\n\n\n\n<h3 class=\"wp-block-heading\">3\ufe0f\u20e3 Confian\u00e7a na Provid\u00eancia<\/h3>\n\n\n\n<p class=\"wp-block-paragraph\">\u201cN\u00e3o andeis ansiosos por coisa alguma, mas em tudo, pela ora\u00e7\u00e3o e s\u00faplica com a\u00e7\u00f5es de gra\u00e7as, sejam as vossas peti\u00e7\u00f5es conhecidas diante de Deus\u201d (Fl 4,6).<\/p>\n\n\n\n<p class=\"wp-block-paragraph\">A ansiedade moderna encontra aqui seu ant\u00eddoto: a ora\u00e7\u00e3o confiada.<\/p>\n\n\n\n<hr class=\"wp-block-separator has-alpha-channel-opacity\"\/>\n\n\n\n<h2 class=\"wp-block-heading\">5. Unidade frente \u00e0 divis\u00e3o: uma necessidade urgente<\/h2>\n\n\n\n<p class=\"wp-block-paragraph\">Paulo exorta a comunidade a viver em unidade, mencionando inclusive Ev\u00f3dia e Sintique (Fl 4,2), duas mulheres em conflito.<\/p>\n\n\n\n<p class=\"wp-block-paragraph\">A divis\u00e3o n\u00e3o \u00e9 um fen\u00f4meno novo. Mas hoje adquiriu dimens\u00f5es globais: divis\u00f5es ideol\u00f3gicas, eclesiais, familiares.<\/p>\n\n\n\n<p class=\"wp-block-paragraph\">Filipenses oferece um crit\u00e9rio pastoral claro:<\/p>\n\n\n\n<blockquote class=\"wp-block-quote is-layout-flow wp-block-quote-is-layout-flow\">\n<p class=\"wp-block-paragraph\">\u201cTende em v\u00f3s o mesmo sentimento que existe em Cristo Jesus\u201d (Fl 2,5).<\/p>\n<\/blockquote>\n\n\n\n<p class=\"wp-block-paragraph\">A unidade crist\u00e3 n\u00e3o se baseia na uniformidade de opini\u00f5es, mas na caridade humilde.<\/p>\n\n\n\n<p class=\"wp-block-paragraph\">Do ponto de vista pastoral, isso implica:<\/p>\n\n\n\n<ul class=\"wp-block-list\">\n<li>Escuta.<\/li>\n\n\n\n<li>Ren\u00fancia ao orgulho.<\/li>\n\n\n\n<li>Busca pelo bem comum.<\/li>\n\n\n\n<li>Tornar Cristo central, e n\u00e3o o ego.<\/li>\n<\/ul>\n\n\n\n<hr class=\"wp-block-separator has-alpha-channel-opacity\"\/>\n\n\n\n<h2 class=\"wp-block-heading\">6. Aplica\u00e7\u00f5es pr\u00e1ticas para hoje<\/h2>\n\n\n\n<p class=\"wp-block-paragraph\">Como viver Filipenses no s\u00e9culo XXI?<\/p>\n\n\n\n<h3 class=\"wp-block-heading\">\ud83d\udccc 1. Praticar a kenosis di\u00e1ria<\/h3>\n\n\n\n<p class=\"wp-block-paragraph\">Renunciar ao orgulho, servir sem buscar reconhecimento, aceitar humilha\u00e7\u00f5es com esp\u00edrito crist\u00e3o.<\/p>\n\n\n\n<h3 class=\"wp-block-heading\">\ud83d\udccc 2. Cultivar a alegria espiritual<\/h3>\n\n\n\n<p class=\"wp-block-paragraph\">N\u00e3o depende das not\u00edcias nem das circunst\u00e2ncias. Depende da ora\u00e7\u00e3o e dos sacramentos.<\/p>\n\n\n\n<h3 class=\"wp-block-heading\">\ud83d\udccc 3. Combater a ansiedade com ora\u00e7\u00e3o concreta<\/h3>\n\n\n\n<p class=\"wp-block-paragraph\">Fl 4,6 \u00e9 um programa de vida: levar toda preocupa\u00e7\u00e3o diante de Deus.<\/p>\n\n\n\n<h3 class=\"wp-block-heading\">\ud83d\udccc 4. Reordenar prioridades<\/h3>\n\n\n\n<p class=\"wp-block-paragraph\">\u201cPorque para mim o viver \u00e9 Cristo\u201d (Fl 1,21). Poder\u00edamos dizer o mesmo?<\/p>\n\n\n\n<h3 class=\"wp-block-heading\">\ud83d\udccc 5. Viver como cidad\u00e3os do c\u00e9u<\/h3>\n\n\n\n<p class=\"wp-block-paragraph\">Sem fugir do mundo, mas sem absolutiz\u00e1-lo.<\/p>\n\n\n\n<hr class=\"wp-block-separator has-alpha-channel-opacity\"\/>\n\n\n\n<h2 class=\"wp-block-heading\">7. A dimens\u00e3o m\u00edstica: conhecer Cristo<\/h2>\n\n\n\n<p class=\"wp-block-paragraph\">Um dos trechos mais comoventes afirma:<\/p>\n\n\n\n<blockquote class=\"wp-block-quote is-layout-flow wp-block-quote-is-layout-flow\">\n<p class=\"wp-block-paragraph\">\u201cConsidero tudo perda, por causa da excel\u00eancia do conhecimento de Cristo Jesus, meu Senhor\u201d (Fl 3,8).<\/p>\n<\/blockquote>\n\n\n\n<p class=\"wp-block-paragraph\">Aqui n\u00e3o fala um te\u00f3logo acad\u00eamico. Fala um homem apaixonado.<\/p>\n\n\n\n<p class=\"wp-block-paragraph\">Do ponto de vista da teologia espiritual, Filipenses ensina que o cristianismo n\u00e3o \u00e9 apenas moralidade nem apenas doutrina. \u00c9 uma rela\u00e7\u00e3o viva com Cristo.<\/p>\n\n\n\n<p class=\"wp-block-paragraph\">E isso desafia profundamente o cat\u00f3lico de hoje:<br>Conhecemos Cristo ou apenas conhecemos coisas sobre Cristo?<\/p>\n\n\n\n<hr class=\"wp-block-separator has-alpha-channel-opacity\"\/>\n\n\n\n<h2 class=\"wp-block-heading\">8. Uma carta para tempos dif\u00edceis<\/h2>\n\n\n\n<p class=\"wp-block-paragraph\">Filipenses \u00e9 uma carta escrita em crise. E talvez seja por isso que seja t\u00e3o atual.<\/p>\n\n\n\n<p class=\"wp-block-paragraph\">Vivemos tempos de incerteza econ\u00f4mica, crise de f\u00e9, relativismo moral e fadiga espiritual. Muitos cat\u00f3licos sentem cansa\u00e7o.<\/p>\n\n\n\n<p class=\"wp-block-paragraph\">Paulo tamb\u00e9m estava cansado. Mas n\u00e3o derrotado.<\/p>\n\n\n\n<p class=\"wp-block-paragraph\">Seu segredo n\u00e3o era otimismo humano. Era configura\u00e7\u00e3o com Cristo.<\/p>\n\n\n\n<hr class=\"wp-block-separator has-alpha-channel-opacity\"\/>\n\n\n\n<h2 class=\"wp-block-heading\">Conclus\u00e3o: A revolu\u00e7\u00e3o silenciosa da alegria<\/h2>\n\n\n\n<p class=\"wp-block-paragraph\">A Carta aos Filipenses n\u00e3o oferece solu\u00e7\u00f5es pol\u00edticas nem estrat\u00e9gias sociol\u00f3gicas. Oferece algo mais radical: transforma\u00e7\u00e3o interior.<\/p>\n\n\n\n<p class=\"wp-block-paragraph\">Cristo humilhado.<br>Cristo exaltado.<br>Cristo como centro.<br>Cristo como for\u00e7a.<br>Cristo como objetivo.<\/p>\n\n\n\n<p class=\"wp-block-paragraph\">Se o crist\u00e3o de hoje redescobrir Filipenses, descobrir\u00e1 que a santidade n\u00e3o consiste em fugir do sofrimento, mas em viv\u00ea-lo com esperan\u00e7a.<\/p>\n\n\n\n<p class=\"wp-block-paragraph\">Porque a verdadeira vit\u00f3ria n\u00e3o \u00e9 evitar a cruz.<\/p>\n\n\n\n<p class=\"wp-block-paragraph\">\u00c9 abra\u00e7\u00e1-la com Cristo.<\/p>\n\n\n\n<p class=\"wp-block-paragraph\">E ent\u00e3o \u2014 e somente ent\u00e3o \u2014 poderemos dizer com S\u00e3o Paulo:<\/p>\n\n\n\n<blockquote class=\"wp-block-quote is-layout-flow wp-block-quote-is-layout-flow\">\n<p class=\"wp-block-paragraph\">\u201cPara mim, viver \u00e9 Cristo, e morrer \u00e9 lucro\u201d (Fl 1,21).<\/p>\n<\/blockquote>\n\n\n\n<p class=\"wp-block-paragraph\">\u00c9 a\u00ed que come\u00e7a a verdadeira liberdade.<\/p>\n","protected":false},"excerpt":{"rendered":"<p>Em um mundo marcado pela ansiedade, polariza\u00e7\u00e3o, incerteza econ\u00f4mica e ru\u00eddo constante, poucos textos s\u00e3o t\u00e3o atuais quanto a Carta aos Filipenses. Escrita h\u00e1 quase dois mil anos, a partir de uma pris\u00e3o, por um homem acorrentado e humanamente derrotado, esta ep\u00edstola \u00e9 \u2014 paradoxalmente \u2014 um vibrante hino \u00e0 alegria. O seu autor \u00e9 &hellip;<\/p>\n","protected":false},"author":3,"featured_media":5028,"comment_status":"closed","ping_status":"closed","sticky":false,"template":"","format":"standard","meta":{"_seopress_titles_title":"","_seopress_titles_desc":"","_seopress_robots_index":"","_seopress_robots_follow":"","_seopress_robots_imageindex":"","_seopress_robots_snippet":"","_seopress_robots_primary_cat":"","_seopress_robots_breadcrumbs":"","_seopress_robots_freeze_modified_date":"","_seopress_robots_custom_modified_date":"","_seopress_robots_canonical":"","_seopress_social_fb_title":"","_seopress_social_fb_desc":"","_seopress_social_fb_img":"","_seopress_social_fb_img_attachment_id":0,"_seopress_social_fb_img_width":0,"_seopress_social_fb_img_height":0,"_seopress_social_twitter_title":"","_seopress_social_twitter_desc":"","_seopress_social_twitter_img":"","_seopress_social_twitter_img_attachment_id":0,"_seopress_social_twitter_img_width":0,"_seopress_social_twitter_img_height":0,"_seopress_redirections_value":"","_seopress_redirections_enabled":"","_seopress_redirections_enabled_regex":"","_seopress_redirections_logged_status":"","_seopress_redirections_param":"","_seopress_redirections_type":0,"_seopress_analysis_target_kw":"","footnotes":""},"categories":[37,45],"tags":[1759],"class_list":["post-5027","post","type-post","status-publish","format-standard","has-post-thumbnail","","category-doutrina-e-fe","category-sagradas-escrituras","tag-filipenses"],"_links":{"self":[{"href":"https:\/\/catholicus.eu\/pt\/wp-json\/wp\/v2\/posts\/5027","targetHints":{"allow":["GET"]}}],"collection":[{"href":"https:\/\/catholicus.eu\/pt\/wp-json\/wp\/v2\/posts"}],"about":[{"href":"https:\/\/catholicus.eu\/pt\/wp-json\/wp\/v2\/types\/post"}],"author":[{"embeddable":true,"href":"https:\/\/catholicus.eu\/pt\/wp-json\/wp\/v2\/users\/3"}],"replies":[{"embeddable":true,"href":"https:\/\/catholicus.eu\/pt\/wp-json\/wp\/v2\/comments?post=5027"}],"version-history":[{"count":1,"href":"https:\/\/catholicus.eu\/pt\/wp-json\/wp\/v2\/posts\/5027\/revisions"}],"predecessor-version":[{"id":5029,"href":"https:\/\/catholicus.eu\/pt\/wp-json\/wp\/v2\/posts\/5027\/revisions\/5029"}],"wp:featuredmedia":[{"embeddable":true,"href":"https:\/\/catholicus.eu\/pt\/wp-json\/wp\/v2\/media\/5028"}],"wp:attachment":[{"href":"https:\/\/catholicus.eu\/pt\/wp-json\/wp\/v2\/media?parent=5027"}],"wp:term":[{"taxonomy":"category","embeddable":true,"href":"https:\/\/catholicus.eu\/pt\/wp-json\/wp\/v2\/categories?post=5027"},{"taxonomy":"post_tag","embeddable":true,"href":"https:\/\/catholicus.eu\/pt\/wp-json\/wp\/v2\/tags?post=5027"}],"curies":[{"name":"wp","href":"https:\/\/api.w.org\/{rel}","templated":true}]}}