{"id":5020,"date":"2026-02-18T14:36:38","date_gmt":"2026-02-18T13:36:38","guid":{"rendered":"https:\/\/catholicus.eu\/pt\/?p=5020"},"modified":"2026-02-18T16:47:30","modified_gmt":"2026-02-18T15:47:30","slug":"quarta-feira-de-cinzas-o-jejum-que-pode-mudar-a-sua-vida-se-voce-o-viver-de-verdade","status":"publish","type":"post","link":"https:\/\/catholicus.eu\/pt\/quarta-feira-de-cinzas-o-jejum-que-pode-mudar-a-sua-vida-se-voce-o-viver-de-verdade\/","title":{"rendered":"Quarta-feira de Cinzas: O Jejum que Pode Mudar a Sua Vida (Se Voc\u00ea o Viver de Verdade)"},"content":{"rendered":"\n<p>H\u00e1 dias que passam sem deixar marca\u2026 e h\u00e1 dias que marcam a alma.<\/p>\n\n\n\n<p>A <strong>Quarta-feira de Cinzas<\/strong> n\u00e3o \u00e9 apenas mais uma tradi\u00e7\u00e3o no calend\u00e1rio cat\u00f3lico. \u00c9 um limiar. \u00c9 a porta que nos introduz no tempo santo da Quaresma. \u00c9 o momento em que a Igreja, como uma m\u00e3e s\u00e1bia, nos olha nos olhos e nos recorda uma verdade que o mundo tenta silenciar:<\/p>\n\n\n\n<blockquote class=\"wp-block-quote is-layout-flow wp-block-quote-is-layout-flow\">\n<p>\u00abLembra-te de que \u00e9s p\u00f3 e ao p\u00f3 h\u00e1s de voltar\u00bb (cf. Gn 3,19).<\/p>\n<\/blockquote>\n\n\n\n<p>Ou ent\u00e3o:<\/p>\n\n\n\n<blockquote class=\"wp-block-quote is-layout-flow wp-block-quote-is-layout-flow\">\n<p>\u00abConvertei-vos e crede no Evangelho\u00bb (Mc 1,15).<\/p>\n<\/blockquote>\n\n\n\n<p>N\u00e3o \u00e9 uma amea\u00e7a. \u00c9 um chamado.<br>N\u00e3o \u00e9 um rito vazio. \u00c9 um despertar espiritual.<\/p>\n\n\n\n<p>Hoje quero ajud\u00e1-lo a descobrir o que significa realmente <strong>jejuar na Quarta-feira de Cinzas<\/strong>, por que a Igreja o prescreve, qual \u00e9 o seu profundo significado teol\u00f3gico e, sobretudo, como voc\u00ea pode viv\u00ea-lo de maneira aut\u00eantica, pr\u00e1tica e transformadora.<\/p>\n\n\n\n<hr class=\"wp-block-separator has-alpha-channel-opacity\"\/>\n\n\n\n<h2 class=\"wp-block-heading\">1. Origem e hist\u00f3ria: Por que come\u00e7amos a Quaresma com cinzas e jejum?<\/h2>\n\n\n\n<p>A pr\u00e1tica do jejum \u00e9 t\u00e3o antiga quanto a pr\u00f3pria Revela\u00e7\u00e3o.<\/p>\n\n\n\n<p>No Antigo Testamento, o jejum aparece ligado ao arrependimento, \u00e0 s\u00faplica e \u00e0 convers\u00e3o. Quando o povo de Israel queria implorar miseric\u00f3rdia, vestia-se de saco e cinza (cf. Jn 3,5-6). A cinza simboliza fragilidade, mortalidade e humildade.<\/p>\n\n\n\n<p>A Igreja primitiva herdou essa tradi\u00e7\u00e3o e a integrou no tempo de prepara\u00e7\u00e3o para a P\u00e1scoa. J\u00e1 nos primeiros s\u00e9culos, os crist\u00e3os jejuavam antes da celebra\u00e7\u00e3o do Tr\u00edduo Pascal. Com o tempo, esse per\u00edodo se estruturou nos quarenta dias da Quaresma, evocando:<\/p>\n\n\n\n<ul class=\"wp-block-list\">\n<li>Os 40 dias do Dil\u00favio<\/li>\n\n\n\n<li>Os 40 anos do povo no deserto<\/li>\n\n\n\n<li>Os 40 dias de Mois\u00e9s no Sinai<\/li>\n\n\n\n<li>Os 40 dias de Cristo no deserto antes de iniciar a sua vida p\u00fablica<\/li>\n<\/ul>\n\n\n\n<p>A Quarta-feira de Cinzas estabeleceu-se, assim, como o in\u00edcio penitencial desse tempo forte.<\/p>\n\n\n\n<p>Do ponto de vista disciplinar, a Igreja latina estabelece este dia como <strong>dia de jejum e abstin\u00eancia obrigat\u00f3rios<\/strong>, juntamente com a Sexta-feira Santa.<\/p>\n\n\n\n<p>Mas a pergunta importante n\u00e3o \u00e9 apenas o que a Igreja manda, mas <strong>por que o manda<\/strong>.<\/p>\n\n\n\n<hr class=\"wp-block-separator has-alpha-channel-opacity\"\/>\n\n\n\n<h2 class=\"wp-block-heading\">2. O sentido teol\u00f3gico do jejum: muito mais do que \u201cn\u00e3o comer\u201d<\/h2>\n\n\n\n<p>Reduzir o jejum a uma pr\u00e1tica alimentar seria uma caricatura.<\/p>\n\n\n\n<p>O jejum crist\u00e3o n\u00e3o \u00e9 uma t\u00e9cnica de bem-estar. N\u00e3o \u00e9 um exerc\u00edcio psicol\u00f3gico de autocontrole. \u00c9 um ato teologal.<\/p>\n\n\n\n<h3 class=\"wp-block-heading\">a) O jejum ordena o desejo<\/h3>\n\n\n\n<p>O homem contempor\u00e2neo vive dominado pelo impulso: consumir, reagir, satisfazer imediatamente.<\/p>\n\n\n\n<p>O jejum rompe essa tirania.<\/p>\n\n\n\n<p>Quando voc\u00ea escolhe livremente n\u00e3o comer (ou reduzir a comida), est\u00e1 dizendo com o seu corpo:<\/p>\n\n\n\n<blockquote class=\"wp-block-quote is-layout-flow wp-block-quote-is-layout-flow\">\n<p>\u00abVoc\u00ea n\u00e3o \u00e9 escravo do seu est\u00f4mago. Voc\u00ea n\u00e3o \u00e9 escravo dos seus impulsos. A sua alma governa.\u00bb<\/p>\n<\/blockquote>\n\n\n\n<p>Teologicamente, o jejum fortalece a virtude da temperan\u00e7a, ordenando os apetites para o bem supremo: Deus.<\/p>\n\n\n\n<h3 class=\"wp-block-heading\">b) O jejum repara o pecado<\/h3>\n\n\n\n<p>Desde a tradi\u00e7\u00e3o patr\u00edstica, o jejum tem sido visto como um ato penitencial e reparador.<\/p>\n\n\n\n<p>Se o pecado original envolveu um ato desordenado relacionado com o alimento (cf. Gn 3), o jejum torna-se um rem\u00e9dio espiritual. Os Padres da Igreja ensinavam que jejuar \u00e9 uma maneira de se unir ao sacrif\u00edcio redentor de Cristo.<\/p>\n\n\n\n<p>N\u00e3o compramos o perd\u00e3o com o jejum \u2014 Cristo o conquistou na Cruz \u2014, mas participamos espiritualmente da sua entrega.<\/p>\n\n\n\n<h3 class=\"wp-block-heading\">c) O jejum nos une aos pobres<\/h3>\n\n\n\n<p>\u00c9 imposs\u00edvel jejuar de modo verdadeiramente crist\u00e3o sem caridade.<\/p>\n\n\n\n<p>O profeta Isa\u00edas j\u00e1 advertia:<\/p>\n\n\n\n<blockquote class=\"wp-block-quote is-layout-flow wp-block-quote-is-layout-flow\">\n<p>\u00abN\u00e3o \u00e9 antes este o jejum que eu prefiro: repartir o teu p\u00e3o com o faminto?\u00bb (Is 58,6-7).<\/p>\n<\/blockquote>\n\n\n\n<p>O verdadeiro jejum abre o cora\u00e7\u00e3o. O que voc\u00ea economiza ao comer menos deveria tornar-se esmola, servi\u00e7o ou ajuda concreta.<\/p>\n\n\n\n<hr class=\"wp-block-separator has-alpha-channel-opacity\"\/>\n\n\n\n<h2 class=\"wp-block-heading\">3. As normas da Igreja: O que significa jejuar na Quarta-feira de Cinzas?<\/h2>\n\n\n\n<p>A disciplina atual da Igreja estabelece:<\/p>\n\n\n\n<ul class=\"wp-block-list\">\n<li><strong>Jejum<\/strong>: uma \u00fanica refei\u00e7\u00e3o completa por dia, podendo-se tomar algo leve de manh\u00e3 e \u00e0 noite.<\/li>\n\n\n\n<li><strong>Abstin\u00eancia<\/strong>: n\u00e3o comer carne.<\/li>\n\n\n\n<li>Obrigat\u00f3rio para os maiores de 18 at\u00e9 os 59 anos (salvo impedimento de sa\u00fade).<\/li>\n\n\n\n<li>A abstin\u00eancia obriga a partir dos 14 anos.<\/li>\n<\/ul>\n\n\n\n<p>Mas aten\u00e7\u00e3o: cumprir o m\u00ednimo n\u00e3o esgota o esp\u00edrito da lei.<\/p>\n\n\n\n<p>A Igreja n\u00e3o quer legalismo; quer convers\u00e3o.<\/p>\n\n\n\n<hr class=\"wp-block-separator has-alpha-channel-opacity\"\/>\n\n\n\n<h2 class=\"wp-block-heading\">4. A Quarta-feira de Cinzas no mundo atual: uma contracultura necess\u00e1ria<\/h2>\n\n\n\n<p>Vivemos numa sociedade que foge do sacrif\u00edcio.<\/p>\n\n\n\n<p>Tudo gira em torno do prazer imediato, do conforto e do bem-estar constante. A Quarta-feira de Cinzas \u00e9 um ato de resist\u00eancia espiritual.<\/p>\n\n\n\n<p>Enquanto o mundo diz:<\/p>\n\n\n\n<blockquote class=\"wp-block-quote is-layout-flow wp-block-quote-is-layout-flow\">\n<p>\u00abAproveite sem limites.\u00bb<\/p>\n<\/blockquote>\n\n\n\n<p>A Igreja diz:<\/p>\n\n\n\n<blockquote class=\"wp-block-quote is-layout-flow wp-block-quote-is-layout-flow\">\n<p>\u00abLembre-se de que voc\u00ea vai morrer.\u00bb<\/p>\n<\/blockquote>\n\n\n\n<p>Enquanto o mundo promete juventude eterna,<br>a cinza recorda a nossa condi\u00e7\u00e3o mortal.<\/p>\n\n\n\n<p>Longe de ser algo l\u00fagubre, essa verdade nos liberta.<br>Quando voc\u00ea se lembra de que a sua vida \u00e9 breve, aprende a viv\u00ea-la com sentido.<\/p>\n\n\n\n<hr class=\"wp-block-separator has-alpha-channel-opacity\"\/>\n\n\n\n<h2 class=\"wp-block-heading\">5. Como viver o jejum da Quarta-feira de Cinzas de forma pr\u00e1tica e transformadora<\/h2>\n\n\n\n<p>Agora vamos ao concreto. Como viver este dia profundamente?<\/p>\n\n\n\n<h3 class=\"wp-block-heading\">1\ufe0f\u20e3 Comece o dia com uma inten\u00e7\u00e3o clara<\/h3>\n\n\n\n<p>Ao acordar, ofere\u00e7a o seu dia:<\/p>\n\n\n\n<p>\u00abSenhor, eu Te ofere\u00e7o este jejum em repara\u00e7\u00e3o pelos meus pecados e pela convers\u00e3o de\u2026\u00bb<\/p>\n\n\n\n<p>D\u00ea uma inten\u00e7\u00e3o. Um jejum sem inten\u00e7\u00e3o espiritual torna-se apenas dieta.<\/p>\n\n\n\n<hr class=\"wp-block-separator has-alpha-channel-opacity\"\/>\n\n\n\n<h3 class=\"wp-block-heading\">2\ufe0f\u20e3 Simplifique a refei\u00e7\u00e3o com verdadeira sobriedade<\/h3>\n\n\n\n<p>N\u00e3o se trata de preparar uma refei\u00e7\u00e3o \u201cgourmet\u201d para compensar.<\/p>\n\n\n\n<p>Escolha uma refei\u00e7\u00e3o simples. Sem caprichos. Sem sobremesas desnecess\u00e1rias.<\/p>\n\n\n\n<p>Que o corpo sinta uma leve car\u00eancia.<br>Que a alma se lembre de que depende de Deus.<\/p>\n\n\n\n<hr class=\"wp-block-separator has-alpha-channel-opacity\"\/>\n\n\n\n<h3 class=\"wp-block-heading\">3\ufe0f\u20e3 Una a fome \u00e0 ora\u00e7\u00e3o<\/h3>\n\n\n\n<p>Quando sentir fome, n\u00e3o se queixe interiormente.<\/p>\n\n\n\n<p>Reze.<\/p>\n\n\n\n<p>Voc\u00ea pode repetir:<\/p>\n\n\n\n<blockquote class=\"wp-block-quote is-layout-flow wp-block-quote-is-layout-flow\">\n<p>\u00abSenhor, d\u00e1-me fome de Ti.\u00bb<\/p>\n<\/blockquote>\n\n\n\n<p>Ou meditar as palavras de Cristo:<\/p>\n\n\n\n<blockquote class=\"wp-block-quote is-layout-flow wp-block-quote-is-layout-flow\">\n<p>\u00abO homem n\u00e3o vive s\u00f3 de p\u00e3o, mas de toda palavra que sai da boca de Deus\u00bb (Mt 4,4).<\/p>\n<\/blockquote>\n\n\n\n<hr class=\"wp-block-separator has-alpha-channel-opacity\"\/>\n\n\n\n<h3 class=\"wp-block-heading\">4\ufe0f\u20e3 Acrescente jejuns complementares<\/h3>\n\n\n\n<p>O jejum aut\u00eantico hoje deve ir al\u00e9m do prato:<\/p>\n\n\n\n<ul class=\"wp-block-list\">\n<li>Jejum das redes sociais<\/li>\n\n\n\n<li>Jejum das reclama\u00e7\u00f5es<\/li>\n\n\n\n<li>Jejum dos julgamentos e cr\u00edticas<\/li>\n\n\n\n<li>Jejum do entretenimento sup\u00e9rfluo<\/li>\n<\/ul>\n\n\n\n<p>O est\u00f4mago n\u00e3o \u00e9 o \u00fanico apetite que precisa de disciplina.<\/p>\n\n\n\n<hr class=\"wp-block-separator has-alpha-channel-opacity\"\/>\n\n\n\n<h3 class=\"wp-block-heading\">5\ufe0f\u20e3 Pratique a caridade concreta<\/h3>\n\n\n\n<p>O que voc\u00ea n\u00e3o gastar com comida, doe a algu\u00e9m que precise.<\/p>\n\n\n\n<p>Ou dedique tempo a uma obra de miseric\u00f3rdia.<\/p>\n\n\n\n<p>Sem caridade, o jejum endurece. Com caridade, floresce.<\/p>\n\n\n\n<hr class=\"wp-block-separator has-alpha-channel-opacity\"\/>\n\n\n\n<h3 class=\"wp-block-heading\">6\ufe0f\u20e3 Participe da Santa Missa e receba as cinzas com consci\u00eancia<\/h3>\n\n\n\n<p>Quando o sacerdote impuser as cinzas, n\u00e3o pense na foto nem na tradi\u00e7\u00e3o cultural.<\/p>\n\n\n\n<p>Escute as palavras.<\/p>\n\n\n\n<p>Deixe que penetrem em voc\u00ea.<\/p>\n\n\n\n<p>Elas s\u00e3o um lembrete da eternidade.<\/p>\n\n\n\n<hr class=\"wp-block-separator has-alpha-channel-opacity\"\/>\n\n\n\n<h2 class=\"wp-block-heading\">6. Dimens\u00e3o pastoral: O jejum como caminho de verdadeira convers\u00e3o<\/h2>\n\n\n\n<p>Muitos vivem a Quarta-feira de Cinzas como um simples costume herdado.<\/p>\n\n\n\n<p>Mas a Igreja a prop\u00f5e como um ponto de virada.<\/p>\n\n\n\n<p>O jejum, bem vivido, pode:<\/p>\n\n\n\n<ul class=\"wp-block-list\">\n<li>Despertar consci\u00eancias adormecidas<\/li>\n\n\n\n<li>Romper depend\u00eancias ocultas<\/li>\n\n\n\n<li>Reordenar prioridades<\/li>\n\n\n\n<li>Acender o desejo da confiss\u00e3o<\/li>\n\n\n\n<li>Preparar a alma para uma Quaresima aut\u00eantica<\/li>\n<\/ul>\n\n\n\n<p>Pastoralmente, o grande perigo \u00e9 a superficialidade \u2014<br>cumprir externamente sem transforma\u00e7\u00e3o interior.<\/p>\n\n\n\n<p>A chave \u00e9 esta:<br><strong>Que o corpo jejue para que a alma desperte.<\/strong><\/p>\n\n\n\n<hr class=\"wp-block-separator has-alpha-channel-opacity\"\/>\n\n\n\n<h2 class=\"wp-block-heading\">7. O fruto esperado: A liberdade interior<\/h2>\n\n\n\n<p>O objetivo final n\u00e3o \u00e9 sofrer.<\/p>\n\n\n\n<p>\u00c9 ser livre.<\/p>\n\n\n\n<p>Livre da gula.<br>Livre do conforto constante.<br>Livre do apego ao prazer imediato.<br>Livre para amar melhor.<\/p>\n\n\n\n<p>O jejum nos recorda que o homem n\u00e3o foi feito para se saciar aqui, mas para o C\u00e9u.<\/p>\n\n\n\n<hr class=\"wp-block-separator has-alpha-channel-opacity\"\/>\n\n\n\n<h2 class=\"wp-block-heading\">Conclus\u00e3o: Esta Quarta-feira de Cinzas pode ser diferente<\/h2>\n\n\n\n<p>Talvez voc\u00ea j\u00e1 a tenha vivido muitas vezes.<\/p>\n\n\n\n<p>Talvez sempre tenha sido \u201capenas mais um dia\u201d.<\/p>\n\n\n\n<p>Mas este ano pode ser diferente.<\/p>\n\n\n\n<p>Pode ser o in\u00edcio de uma verdadeira convers\u00e3o.<br>Pode ser o come\u00e7o de uma Quaresma transformadora.<br>Pode ser o dia em que voc\u00ea decide levar a s\u00e9rio a sua alma.<\/p>\n\n\n\n<p>Porque, no fim, a cinza n\u00e3o \u00e9 o fim.<\/p>\n\n\n\n<p>\u00c9 o come\u00e7o.<\/p>\n\n\n\n<p>E se voc\u00ea jejuar com o cora\u00e7\u00e3o, descobrir\u00e1 que a fome do corpo pode tornar-se a plenitude da alma.<\/p>\n","protected":false},"excerpt":{"rendered":"<p>H\u00e1 dias que passam sem deixar marca\u2026 e h\u00e1 dias que marcam a alma. A Quarta-feira de Cinzas n\u00e3o \u00e9 apenas mais uma tradi\u00e7\u00e3o no calend\u00e1rio cat\u00f3lico. \u00c9 um limiar. \u00c9 a porta que nos introduz no tempo santo da Quaresma. \u00c9 o momento em que a Igreja, como uma m\u00e3e s\u00e1bia, nos olha nos &hellip;<\/p>\n","protected":false},"author":3,"featured_media":5026,"comment_status":"closed","ping_status":"closed","sticky":false,"template":"","format":"standard","meta":{"_seopress_robots_primary_cat":"","_seopress_titles_title":"","_seopress_titles_desc":"","_seopress_robots_index":"","footnotes":""},"categories":[38,52],"tags":[615,131],"class_list":["post-5020","post","type-post","status-publish","format-standard","has-post-thumbnail","","category-historia-e-tradicao","category-liturgia-e-ano-liturgico","tag-jejum","tag-quarta-feira-de-cinzas"],"_links":{"self":[{"href":"https:\/\/catholicus.eu\/pt\/wp-json\/wp\/v2\/posts\/5020","targetHints":{"allow":["GET"]}}],"collection":[{"href":"https:\/\/catholicus.eu\/pt\/wp-json\/wp\/v2\/posts"}],"about":[{"href":"https:\/\/catholicus.eu\/pt\/wp-json\/wp\/v2\/types\/post"}],"author":[{"embeddable":true,"href":"https:\/\/catholicus.eu\/pt\/wp-json\/wp\/v2\/users\/3"}],"replies":[{"embeddable":true,"href":"https:\/\/catholicus.eu\/pt\/wp-json\/wp\/v2\/comments?post=5020"}],"version-history":[{"count":1,"href":"https:\/\/catholicus.eu\/pt\/wp-json\/wp\/v2\/posts\/5020\/revisions"}],"predecessor-version":[{"id":5022,"href":"https:\/\/catholicus.eu\/pt\/wp-json\/wp\/v2\/posts\/5020\/revisions\/5022"}],"wp:featuredmedia":[{"embeddable":true,"href":"https:\/\/catholicus.eu\/pt\/wp-json\/wp\/v2\/media\/5026"}],"wp:attachment":[{"href":"https:\/\/catholicus.eu\/pt\/wp-json\/wp\/v2\/media?parent=5020"}],"wp:term":[{"taxonomy":"category","embeddable":true,"href":"https:\/\/catholicus.eu\/pt\/wp-json\/wp\/v2\/categories?post=5020"},{"taxonomy":"post_tag","embeddable":true,"href":"https:\/\/catholicus.eu\/pt\/wp-json\/wp\/v2\/tags?post=5020"}],"curies":[{"name":"wp","href":"https:\/\/api.w.org\/{rel}","templated":true}]}}