{"id":5017,"date":"2026-02-17T12:05:08","date_gmt":"2026-02-17T11:05:08","guid":{"rendered":"https:\/\/catholicus.eu\/pt\/?p=5017"},"modified":"2026-02-17T12:05:08","modified_gmt":"2026-02-17T11:05:08","slug":"igreja-perseguida-hoje-a-fe-que-sangra-em-silencio-e-o-testemunho-que-salva-o-mundo","status":"publish","type":"post","link":"https:\/\/catholicus.eu\/pt\/igreja-perseguida-hoje-a-fe-que-sangra-em-silencio-e-o-testemunho-que-salva-o-mundo\/","title":{"rendered":"IGREJA PERSEGUIDA HOJE: a f\u00e9 que sangra em sil\u00eancio e o testemunho que salva o mundo"},"content":{"rendered":"\n<p>Vivemos em uma \u00e9poca de progresso tecnol\u00f3gico, globaliza\u00e7\u00e3o e debates constantes sobre direitos humanos. No entanto, existe uma realidade dolorosa que muitos desconhecem ou preferem ignorar: <strong>milh\u00f5es de crist\u00e3os ainda s\u00e3o perseguidos hoje por causa de sua f\u00e9<\/strong>.<\/p>\n\n\n\n<p>N\u00e3o se trata de uma hist\u00f3ria antiga do Imp\u00e9rio Romano. N\u00e3o \u00e9 apenas a mem\u00f3ria dos primeiros m\u00e1rtires. \u00c9 uma realidade contempor\u00e2nea.<\/p>\n\n\n\n<p>Este artigo pretende ajud\u00e1-lo a compreender \u2014 de uma perspectiva teol\u00f3gica, hist\u00f3rica e pastoral \u2014 o que significa a persegui\u00e7\u00e3o da Igreja hoje, onde ocorre, quem a pratica, o que a teologia cat\u00f3lica ensina sobre isso e como os crist\u00e3os devem responder espiritualmente.<\/p>\n\n\n\n<hr class=\"wp-block-separator has-alpha-channel-opacity\"\/>\n\n\n\n<h1 class=\"wp-block-heading\">\u271d\ufe0f A Igreja perseguida: uma realidade global hoje<\/h1>\n\n\n\n<p>Os n\u00fameros s\u00e3o impressionantes.<\/p>\n\n\n\n<ul class=\"wp-block-list\">\n<li>Mais de <strong>388 milh\u00f5es de crist\u00e3os sofrem persegui\u00e7\u00e3o ou discrimina\u00e7\u00e3o<\/strong> no mundo por causa de sua f\u00e9.<\/li>\n\n\n\n<li>Quase <strong>5.000 crist\u00e3os foram mortos em um \u00fanico ano<\/strong> por motivos religiosos.<\/li>\n\n\n\n<li>Cerca de <strong>1 em cada 7 crist\u00e3os no mundo \u00e9 perseguido<\/strong>.<\/li>\n\n\n\n<li>\u00c1frica e \u00c1sia concentram os n\u00edveis mais altos de hostilidade.<\/li>\n<\/ul>\n\n\n\n<p>Essa realidade n\u00e3o afeta apenas os cat\u00f3licos, mas todos os crist\u00e3os, embora a Igreja Cat\u00f3lica seja uma das comunidades mais afetadas devido \u00e0 sua presen\u00e7a universal.<\/p>\n\n\n\n<p>A persegui\u00e7\u00e3o assume v\u00e1rias formas:<\/p>\n\n\n\n<ul class=\"wp-block-list\">\n<li>assassinatos e sequestros<\/li>\n\n\n\n<li>destrui\u00e7\u00e3o de igrejas<\/li>\n\n\n\n<li>discrimina\u00e7\u00e3o legal<\/li>\n\n\n\n<li>pris\u00e3o por professar a f\u00e9<\/li>\n\n\n\n<li>press\u00e3o social ou familiar<\/li>\n\n\n\n<li>proibi\u00e7\u00e3o de culto<\/li>\n\n\n\n<li>vigil\u00e2ncia estatal<\/li>\n<\/ul>\n\n\n\n<p>Nem sempre \u00e9 vis\u00edvel. Muitas vezes \u00e9 silenciosa.<\/p>\n\n\n\n<hr class=\"wp-block-separator has-alpha-channel-opacity\"\/>\n\n\n\n<h1 class=\"wp-block-heading\">\ud83c\udf0d Onde os crist\u00e3os s\u00e3o mais perseguidos hoje?<\/h1>\n\n\n\n<h2 class=\"wp-block-heading\">\ud83d\udd34 Regimes totalit\u00e1rios e controle estatal<\/h2>\n\n\n\n<h3 class=\"wp-block-heading\">\ud83c\uddf0\ud83c\uddf5 Coreia do Norte (caso extremo)<\/h3>\n\n\n\n<p>\u00c9 considerado o lugar mais perigoso para ser crist\u00e3o.<\/p>\n\n\n\n<ul class=\"wp-block-list\">\n<li>A f\u00e9 \u00e9 punida com pris\u00e3o ou execu\u00e7\u00e3o.<\/li>\n\n\n\n<li>Dezenas de milhares de crist\u00e3os est\u00e3o em campos de trabalho.<\/li>\n\n\n\n<li>A religi\u00e3o \u00e9 considerada trai\u00e7\u00e3o ao Estado.<\/li>\n<\/ul>\n\n\n\n<p>Aqui vemos o fen\u00f4meno do <strong>ate\u00edsmo pol\u00edtico radical<\/strong>, onde o Estado busca substituir Deus.<\/p>\n\n\n\n<h3 class=\"wp-block-heading\">\ud83c\udde8\ud83c\uddf3 China<\/h3>\n\n\n\n<ul class=\"wp-block-list\">\n<li>Igrejas monitoradas ou fechadas<\/li>\n\n\n\n<li>Controle estatal do culto<\/li>\n\n\n\n<li>Persegui\u00e7\u00e3o de comunidades n\u00e3o registradas<\/li>\n<\/ul>\n\n\n\n<h3 class=\"wp-block-heading\">\ud83c\uddea\ud83c\uddf7 Eritreia<\/h3>\n\n\n\n<ul class=\"wp-block-list\">\n<li>Pris\u00f5es em massa de crentes<\/li>\n\n\n\n<li>Deten\u00e7\u00e3o sem julgamento<\/li>\n<\/ul>\n\n\n\n<p>\ud83d\udc49 <strong>Raiz ideol\u00f3gica<\/strong>: totalitarismo, controle pol\u00edtico absoluto, culto ao Estado<\/p>\n\n\n\n<hr class=\"wp-block-separator has-alpha-channel-opacity\"\/>\n\n\n\n<h2 class=\"wp-block-heading\">\u262a\ufe0f Regi\u00f5es com extremismo isl\u00e2mico ou press\u00e3o religiosa<\/h2>\n\n\n\n<p>Muitos pa\u00edses onde o islamismo pol\u00edtico radical domina a vida p\u00fablica apresentam persegui\u00e7\u00e3o grave.<\/p>\n\n\n\n<h3 class=\"wp-block-heading\">\u00c1frica Subsaariana<\/h3>\n\n\n\n<p>Particularmente grave.<\/p>\n\n\n\n<ul class=\"wp-block-list\">\n<li>\ud83c\uddf3\ud83c\uddec Nig\u00e9ria \u2014 concentra cerca de 70% dos assassinatos de crist\u00e3os registrados globalmente.<\/li>\n\n\n\n<li>\ud83c\uddf2\ud83c\uddf1 Mali<\/li>\n\n\n\n<li>\ud83c\uddf8\ud83c\uddf4 Som\u00e1lia<\/li>\n\n\n\n<li>\ud83c\uddf8\ud83c\udde9 Sud\u00e3o<\/li>\n\n\n\n<li>\ud83c\uddf2\ud83c\uddff Mo\u00e7ambique<\/li>\n<\/ul>\n\n\n\n<p>Grupos hostis incluem:<\/p>\n\n\n\n<ul class=\"wp-block-list\">\n<li>grupos jihadistas<\/li>\n\n\n\n<li>mil\u00edcias armadas<\/li>\n\n\n\n<li>tribos radicalizadas<\/li>\n<\/ul>\n\n\n\n<h3 class=\"wp-block-heading\">Oriente M\u00e9dio<\/h3>\n\n\n\n<ul class=\"wp-block-list\">\n<li>\ud83c\udde6\ud83c\uddeb Afeganist\u00e3o \u2014 a convers\u00e3o ao cristianismo pode implicar morte<\/li>\n\n\n\n<li>\ud83c\uddfe\ud83c\uddea I\u00e9men \u2014 f\u00e9 vivida em segredo<\/li>\n\n\n\n<li>\ud83c\uddee\ud83c\uddf7 Ir\u00e3 \u2014 pris\u00f5es e vigil\u00e2ncia<\/li>\n\n\n\n<li>\ud83c\uddf8\ud83c\uddfe S\u00edria \u2014 comunidades drasticamente reduzidas devido \u00e0 guerra<\/li>\n<\/ul>\n\n\n\n<p>\ud83d\udc49 <strong>Raiz ideol\u00f3gica<\/strong>: extremismo religioso, leis sobre apostasia, press\u00e3o tribal<\/p>\n\n\n\n<hr class=\"wp-block-separator has-alpha-channel-opacity\"\/>\n\n\n\n<h2 class=\"wp-block-heading\">\ud83c\uddee\ud83c\uddf3 Nacionalismo religioso e viol\u00eancia social<\/h2>\n\n\n\n<p>Em alguns pa\u00edses, a persegui\u00e7\u00e3o n\u00e3o vem apenas do Estado, mas das maiorias culturais.<\/p>\n\n\n\n<h3 class=\"wp-block-heading\">\u00cdndia<\/h3>\n\n\n\n<ul class=\"wp-block-list\">\n<li>ataques de grupos nacionalistas hindus<\/li>\n\n\n\n<li>press\u00e3o social para abandonar o cristianismo<\/li>\n\n\n\n<li>leis anti-convers\u00e3o<\/li>\n<\/ul>\n\n\n\n<p>\ud83d\udc49 <strong>Raiz ideol\u00f3gica<\/strong>: nacionalismo religioso e identidade cultural<\/p>\n\n\n\n<hr class=\"wp-block-separator has-alpha-channel-opacity\"\/>\n\n\n\n<h2 class=\"wp-block-heading\">\ud83c\uddf5\ud83c\uddf0 Paquist\u00e3o e leis de blasf\u00eamia<\/h2>\n\n\n\n<ul class=\"wp-block-list\">\n<li>acusa\u00e7\u00f5es falsas frequentes<\/li>\n\n\n\n<li>pris\u00e3o ou pena de morte por supostos crimes religiosos<\/li>\n<\/ul>\n\n\n\n<hr class=\"wp-block-separator has-alpha-channel-opacity\"\/>\n\n\n\n<h2 class=\"wp-block-heading\">\ud83c\uddf8\ud83c\udde6 Ar\u00e1bia Saudita<\/h2>\n\n\n\n<ul class=\"wp-block-list\">\n<li>proibi\u00e7\u00e3o total do culto crist\u00e3o p\u00fablico<\/li>\n<\/ul>\n\n\n\n<hr class=\"wp-block-separator has-alpha-channel-opacity\"\/>\n\n\n\n<h2 class=\"wp-block-heading\">Am\u00e9rica Latina e outros contextos<\/h2>\n\n\n\n<p>Em algumas regi\u00f5es, a persegui\u00e7\u00e3o assume formas diferentes:<\/p>\n\n\n\n<ul class=\"wp-block-list\">\n<li>press\u00e3o estatal (ex.: Nicar\u00e1gua, Cuba)<\/li>\n\n\n\n<li>viol\u00eancia criminal contra l\u00edderes religiosos<\/li>\n\n\n\n<li>hostilidade cultural ou ideol\u00f3gica<\/li>\n<\/ul>\n\n\n\n<hr class=\"wp-block-separator has-alpha-channel-opacity\"\/>\n\n\n\n<h1 class=\"wp-block-heading\">\u26a0\ufe0f Quem persegue a Igreja hoje?<\/h1>\n\n\n\n<p>A persegui\u00e7\u00e3o n\u00e3o tem uma \u00fanica causa. Existem diferentes atores:<\/p>\n\n\n\n<h3 class=\"wp-block-heading\">1. Estados totalit\u00e1rios<\/h3>\n\n\n\n<p>Buscam substituir Deus pelo poder pol\u00edtico.<\/p>\n\n\n\n<h3 class=\"wp-block-heading\">2. Extremismo religioso<\/h3>\n\n\n\n<p>V\u00ea o cristianismo como amea\u00e7a \u00e0 identidade cultural.<\/p>\n\n\n\n<h3 class=\"wp-block-heading\">3. Nacionalismos ideol\u00f3gicos<\/h3>\n\n\n\n<p>Rejeitam religi\u00f5es consideradas \u201cestrangeiras\u201d.<\/p>\n\n\n\n<h3 class=\"wp-block-heading\">4. Crime organizado ou mil\u00edcias<\/h3>\n\n\n\n<p>Atacam comunidades vulner\u00e1veis.<\/p>\n\n\n\n<h3 class=\"wp-block-heading\">5. Secularismo radical<\/h3>\n\n\n\n<p>Em alguns contextos, tenta expulsar a f\u00e9 do espa\u00e7o p\u00fablico.<\/p>\n\n\n\n<p>A persegui\u00e7\u00e3o tem m\u00faltiplas faces, mas uma raiz comum: <strong>o desprezo pela soberania de Deus sobre a vida humana<\/strong>.<\/p>\n\n\n\n<hr class=\"wp-block-separator has-alpha-channel-opacity\"\/>\n\n\n\n<h1 class=\"wp-block-heading\">\ud83d\udcd6 Fundamento b\u00edblico: Cristo anunciou a persegui\u00e7\u00e3o<\/h1>\n\n\n\n<p>A Igreja n\u00e3o se surpreende com essa realidade.<\/p>\n\n\n\n<p>O pr\u00f3prio Jesus anunciou:<\/p>\n\n\n\n<blockquote class=\"wp-block-quote is-layout-flow wp-block-quote-is-layout-flow\">\n<p>\u201cSe o mundo vos odeia, sabei que primeiro me odiou a mim.\u201d (Jo 15,18)<\/p>\n<\/blockquote>\n\n\n\n<p>Ele tamb\u00e9m disse:<\/p>\n\n\n\n<blockquote class=\"wp-block-quote is-layout-flow wp-block-quote-is-layout-flow\">\n<p>\u201cBem-aventurados os perseguidos por causa da justi\u00e7a, porque deles \u00e9 o Reino dos C\u00e9us.\u201d (Mt 5,10)<\/p>\n<\/blockquote>\n\n\n\n<p>A persegui\u00e7\u00e3o n\u00e3o \u00e9 um acidente hist\u00f3rico: <strong>faz parte do mist\u00e9rio da Igreja<\/strong>.<\/p>\n\n\n\n<hr class=\"wp-block-separator has-alpha-channel-opacity\"\/>\n\n\n\n<h1 class=\"wp-block-heading\">\ud83d\udd4a\ufe0f Teologia do mart\u00edrio e do sofrimento crist\u00e3o<\/h1>\n\n\n\n<h2 class=\"wp-block-heading\">A Igreja como Corpo de Cristo<\/h2>\n\n\n\n<p>A persegui\u00e7\u00e3o continua a Paix\u00e3o de Cristo na hist\u00f3ria.<\/p>\n\n\n\n<p>A Igreja ensina:<\/p>\n\n\n\n<ul class=\"wp-block-list\">\n<li>Cristo continua a sofrer em seus membros<\/li>\n\n\n\n<li>o mart\u00edrio \u00e9 o testemunho supremo da f\u00e9<\/li>\n\n\n\n<li>o sangue dos m\u00e1rtires fecunda a Igreja<\/li>\n<\/ul>\n\n\n\n<p>Desde os primeiros s\u00e9culos, o cristianismo compreendeu o sofrimento como participa\u00e7\u00e3o na cruz redentora.<\/p>\n\n\n\n<hr class=\"wp-block-separator has-alpha-channel-opacity\"\/>\n\n\n\n<h2 class=\"wp-block-heading\">Dimens\u00e3o redentora do sofrimento<\/h2>\n\n\n\n<p>O sofrimento unido a Cristo:<\/p>\n\n\n\n<ul class=\"wp-block-list\">\n<li>purifica a f\u00e9<\/li>\n\n\n\n<li>fortalece a esperan\u00e7a<\/li>\n\n\n\n<li>evangeliza o mundo<\/li>\n\n\n\n<li>revela a verdade do Evangelho<\/li>\n<\/ul>\n\n\n\n<p>N\u00e3o se trata de buscar dor, mas fidelidade ao amor.<\/p>\n\n\n\n<hr class=\"wp-block-separator has-alpha-channel-opacity\"\/>\n\n\n\n<h2 class=\"wp-block-heading\">O paradoxo crist\u00e3o<\/h2>\n\n\n\n<p>A hist\u00f3ria mostra um fen\u00f4meno constante:<\/p>\n\n\n\n<p>\ud83d\udc49 quanto mais a Igreja \u00e9 perseguida, mais cresce.<\/p>\n\n\n\n<p>Isso foi visto:<\/p>\n\n\n\n<ul class=\"wp-block-list\">\n<li>em Roma<\/li>\n\n\n\n<li>na Idade M\u00e9dia<\/li>\n\n\n\n<li>em regimes comunistas<\/li>\n\n\n\n<li>hoje na \u00c1frica e na \u00c1sia<\/li>\n<\/ul>\n\n\n\n<hr class=\"wp-block-separator has-alpha-channel-opacity\"\/>\n\n\n\n<h1 class=\"wp-block-heading\">\u2764\ufe0f Dimens\u00e3o pastoral: o que isso significa para n\u00f3s?<\/h1>\n\n\n\n<p>Mesmo que muitos crist\u00e3os vivam em pa\u00edses livres, a Igreja perseguida nos interpela profundamente.<\/p>\n\n\n\n<h2 class=\"wp-block-heading\">1. Redescobrir o valor da f\u00e9<\/h2>\n\n\n\n<p>Quando vemos crentes morrerem por Cristo:<\/p>\n\n\n\n<ul class=\"wp-block-list\">\n<li>questiona nossa tibieza<\/li>\n\n\n\n<li>chama \u00e0 coer\u00eancia<\/li>\n\n\n\n<li>desperta gratid\u00e3o<\/li>\n<\/ul>\n\n\n\n<hr class=\"wp-block-separator has-alpha-channel-opacity\"\/>\n\n\n\n<h2 class=\"wp-block-heading\">2. Orar pela Igreja perseguida<\/h2>\n\n\n\n<p>A tradi\u00e7\u00e3o crist\u00e3 enfatiza:<\/p>\n\n\n\n<ul class=\"wp-block-list\">\n<li>ora\u00e7\u00e3o de intercess\u00e3o<\/li>\n\n\n\n<li>comunh\u00e3o espiritual<\/li>\n\n\n\n<li>consci\u00eancia universal da Igreja<\/li>\n<\/ul>\n\n\n\n<hr class=\"wp-block-separator has-alpha-channel-opacity\"\/>\n\n\n\n<h2 class=\"wp-block-heading\">3. Defender a liberdade religiosa<\/h2>\n\n\n\n<p>A f\u00e9 crist\u00e3 defende a dignidade humana universal.<\/p>\n\n\n\n<p>O crist\u00e3o deve:<\/p>\n\n\n\n<ul class=\"wp-block-list\">\n<li>promover a justi\u00e7a<\/li>\n\n\n\n<li>rejeitar a viol\u00eancia religiosa<\/li>\n\n\n\n<li>defender os direitos fundamentais<\/li>\n<\/ul>\n\n\n\n<hr class=\"wp-block-separator has-alpha-channel-opacity\"\/>\n\n\n\n<h2 class=\"wp-block-heading\">4. Viver o testemunho cotidiano<\/h2>\n\n\n\n<p>Nem todos seremos m\u00e1rtires de sangue, mas podemos ser m\u00e1rtires pela fidelidade.<\/p>\n\n\n\n<p>Exemplos pr\u00e1ticos:<\/p>\n\n\n\n<ul class=\"wp-block-list\">\n<li>viver a f\u00e9 publicamente sem medo<\/li>\n\n\n\n<li>defender a verdade com caridade<\/li>\n\n\n\n<li>perseverar diante do esc\u00e1rnio ou press\u00e3o cultural<\/li>\n\n\n\n<li>educar a fam\u00edlia na f\u00e9 crist\u00e3<\/li>\n<\/ul>\n\n\n\n<hr class=\"wp-block-separator has-alpha-channel-opacity\"\/>\n\n\n\n<h2 class=\"wp-block-heading\">5. Solidariedade concreta<\/h2>\n\n\n\n<p>A Igreja convida a:<\/p>\n\n\n\n<ul class=\"wp-block-list\">\n<li>ajudar comunidades perseguidas<\/li>\n\n\n\n<li>apoiar miss\u00f5es<\/li>\n\n\n\n<li>informar e sensibilizar<\/li>\n<\/ul>\n\n\n\n<hr class=\"wp-block-separator has-alpha-channel-opacity\"\/>\n\n\n\n<h1 class=\"wp-block-heading\">\u26ea A Igreja perseguida como sinal prof\u00e9tico para o mundo<\/h1>\n\n\n\n<p>A persegui\u00e7\u00e3o revela uma verdade profunda:<\/p>\n\n\n\n<p>\ud83d\udc49 o cristianismo continua sendo uma for\u00e7a transformadora.<\/p>\n\n\n\n<p>Se a f\u00e9 n\u00e3o tivesse poder espiritual, n\u00e3o geraria tanta oposi\u00e7\u00e3o.<\/p>\n\n\n\n<p>A Igreja perseguida lembra ao mundo:<\/p>\n\n\n\n<ul class=\"wp-block-list\">\n<li>que Deus existe<\/li>\n\n\n\n<li>que a verdade exige fidelidade<\/li>\n\n\n\n<li>que o amor \u00e9 mais forte que o medo<\/li>\n<\/ul>\n\n\n\n<hr class=\"wp-block-separator has-alpha-channel-opacity\"\/>\n\n\n\n<h1 class=\"wp-block-heading\">\ud83c\udf1f Esperan\u00e7a crist\u00e3 diante da persegui\u00e7\u00e3o<\/h1>\n\n\n\n<p>O crist\u00e3o n\u00e3o responde com \u00f3dio ou viol\u00eancia.<\/p>\n\n\n\n<p>Responde com:<\/p>\n\n\n\n<ul class=\"wp-block-list\">\n<li>perd\u00e3o<\/li>\n\n\n\n<li>caridade<\/li>\n\n\n\n<li>fidelidade<\/li>\n\n\n\n<li>esperan\u00e7a escatol\u00f3gica<\/li>\n<\/ul>\n\n\n\n<p>A hist\u00f3ria mostra que imp\u00e9rios passam, mas a Igreja permanece.<\/p>\n\n\n\n<hr class=\"wp-block-separator has-alpha-channel-opacity\"\/>\n\n\n\n<h1 class=\"wp-block-heading\">\u2728 Conclus\u00e3o: o testemunho que interpela nossa f\u00e9<\/h1>\n\n\n\n<p>A Igreja perseguida hoje n\u00e3o \u00e9 apenas um drama geopol\u00edtico.<\/p>\n\n\n\n<p>\u00c9 um <strong>mist\u00e9rio espiritual<\/strong>.<\/p>\n\n\n\n<p>\u00c9:<\/p>\n\n\n\n<ul class=\"wp-block-list\">\n<li>participa\u00e7\u00e3o na cruz de Cristo<\/li>\n\n\n\n<li>testemunho da verdade<\/li>\n\n\n\n<li>chamado \u00e0 convers\u00e3o do mundo<\/li>\n\n\n\n<li>convite a viver uma f\u00e9 aut\u00eantica<\/li>\n<\/ul>\n\n\n\n<p>A pergunta final n\u00e3o \u00e9 apenas: quem persegue a Igreja?<\/p>\n\n\n\n<p>A pergunta \u00e9:<\/p>\n\n\n\n<p>\ud83d\udc49 <strong>Como vivemos nossa f\u00e9 \u00e0 luz do exemplo daqueles que a entregam at\u00e9 a morte?<\/strong><\/p>\n","protected":false},"excerpt":{"rendered":"<p>Vivemos em uma \u00e9poca de progresso tecnol\u00f3gico, globaliza\u00e7\u00e3o e debates constantes sobre direitos humanos. No entanto, existe uma realidade dolorosa que muitos desconhecem ou preferem ignorar: milh\u00f5es de crist\u00e3os ainda s\u00e3o perseguidos hoje por causa de sua f\u00e9. N\u00e3o se trata de uma hist\u00f3ria antiga do Imp\u00e9rio Romano. N\u00e3o \u00e9 apenas a mem\u00f3ria dos primeiros &hellip;<\/p>\n","protected":false},"author":3,"featured_media":5018,"comment_status":"closed","ping_status":"closed","sticky":false,"template":"","format":"standard","meta":{"_seopress_robots_primary_cat":"","_seopress_titles_title":"","_seopress_titles_desc":"","_seopress_robots_index":"","footnotes":""},"categories":[41,67],"tags":[],"class_list":["post-5017","post","type-post","status-publish","format-standard","has-post-thumbnail","","category-fe-e-cultura","category-testemunhos-de-fe"],"_links":{"self":[{"href":"https:\/\/catholicus.eu\/pt\/wp-json\/wp\/v2\/posts\/5017","targetHints":{"allow":["GET"]}}],"collection":[{"href":"https:\/\/catholicus.eu\/pt\/wp-json\/wp\/v2\/posts"}],"about":[{"href":"https:\/\/catholicus.eu\/pt\/wp-json\/wp\/v2\/types\/post"}],"author":[{"embeddable":true,"href":"https:\/\/catholicus.eu\/pt\/wp-json\/wp\/v2\/users\/3"}],"replies":[{"embeddable":true,"href":"https:\/\/catholicus.eu\/pt\/wp-json\/wp\/v2\/comments?post=5017"}],"version-history":[{"count":1,"href":"https:\/\/catholicus.eu\/pt\/wp-json\/wp\/v2\/posts\/5017\/revisions"}],"predecessor-version":[{"id":5019,"href":"https:\/\/catholicus.eu\/pt\/wp-json\/wp\/v2\/posts\/5017\/revisions\/5019"}],"wp:featuredmedia":[{"embeddable":true,"href":"https:\/\/catholicus.eu\/pt\/wp-json\/wp\/v2\/media\/5018"}],"wp:attachment":[{"href":"https:\/\/catholicus.eu\/pt\/wp-json\/wp\/v2\/media?parent=5017"}],"wp:term":[{"taxonomy":"category","embeddable":true,"href":"https:\/\/catholicus.eu\/pt\/wp-json\/wp\/v2\/categories?post=5017"},{"taxonomy":"post_tag","embeddable":true,"href":"https:\/\/catholicus.eu\/pt\/wp-json\/wp\/v2\/tags?post=5017"}],"curies":[{"name":"wp","href":"https:\/\/api.w.org\/{rel}","templated":true}]}}