{"id":4996,"date":"2026-02-16T09:47:38","date_gmt":"2026-02-16T08:47:38","guid":{"rendered":"https:\/\/catholicus.eu\/pt\/?p=4996"},"modified":"2026-02-16T09:47:39","modified_gmt":"2026-02-16T08:47:39","slug":"davi-contra-golias-a-batalha-que-decide-a-sua-eternidade-e-voce-nem-sabe","status":"publish","type":"post","link":"https:\/\/catholicus.eu\/pt\/davi-contra-golias-a-batalha-que-decide-a-sua-eternidade-e-voce-nem-sabe\/","title":{"rendered":"Davi contra Golias: A batalha que decide a sua eternidade (e voc\u00ea nem sabe)"},"content":{"rendered":"\n<p>Existem hist\u00f3rias que nunca envelhecem. N\u00e3o porque sejam infantis, mas porque s\u00e3o eternas. A cena de um jovem pastor enfrentando um gigante totalmente armado n\u00e3o \u00e9 apenas um conto heroico: \u00e9 um raio-X da alma humana. \u00c9 a sua hist\u00f3ria. \u00c9 a minha. \u00c9 a hist\u00f3ria da Igreja em todos os s\u00e9culos.<\/p>\n\n\n\n<p>O epis\u00f3dio de Davi e Golias, narrado no Primeiro Livro de Samuel (1 Samuel 17), n\u00e3o \u00e9 uma f\u00e1bula moral nem um relato \u00e9pico isolado. \u00c9 uma profunda revela\u00e7\u00e3o teol\u00f3gica sobre f\u00e9, elei\u00e7\u00e3o divina, humildade, gra\u00e7a e combate espiritual.<\/p>\n\n\n\n<p>E hoje, mais do que nunca, precisamos compreend\u00ea-lo.<\/p>\n\n\n\n<hr class=\"wp-block-separator has-alpha-channel-opacity\"\/>\n\n\n\n<h2 class=\"wp-block-heading\">1. O contexto: quando o medo governa o povo de Deus<\/h2>\n\n\n\n<p>Israel est\u00e1 paralisado. O ex\u00e9rcito do Senhor treme diante de um inimigo filisteu que tem um campe\u00e3o: Golias de Gate, armado com lan\u00e7a, dardo e uma impressionante armadura. Por quarenta dias ele desafia Israel:<\/p>\n\n\n\n<blockquote class=\"wp-block-quote is-layout-flow wp-block-quote-is-layout-flow\">\n<p>\u201cEscolham um homem que des\u00e7a contra mim\u2026 Se ele puder lutar comigo e me matar, n\u00f3s seremos seus servos; mas se eu prevalecer sobre ele e o matar, ent\u00e3o voc\u00eas ser\u00e3o nossos servos\u201d (1 Sm 17,8\u20139).<\/p>\n<\/blockquote>\n\n\n\n<p>Quarenta dias. Nas Escrituras, o n\u00famero quarenta indica prova, purifica\u00e7\u00e3o, prepara\u00e7\u00e3o. Israel est\u00e1 sendo testado. Mas responde n\u00e3o com f\u00e9, mas com medo.<\/p>\n\n\n\n<p>Aqui aparece a primeira li\u00e7\u00e3o teol\u00f3gica:<br><strong>a maior vit\u00f3ria do inimigo n\u00e3o \u00e9 a for\u00e7a\u2026 \u00e9 o medo.<\/strong><\/p>\n\n\n\n<p>Golias ainda n\u00e3o atacou. Ele apenas fala. Intimida. Humilha. E isso \u00e9 suficiente para paralisar o povo escolhido por Deus.<\/p>\n\n\n\n<p>Soa familiar?<\/p>\n\n\n\n<p>Vivemos em uma cultura que constantemente grita contra a f\u00e9. Ridiculariza a moral crist\u00e3. Intimida aqueles que querem viver castamente. Apresenta o pecado como progresso. E muitos crentes permanecem em sil\u00eancio, recuam ou sentem vergonha.<\/p>\n\n\n\n<p>O gigante moderno nem sempre carrega uma espada. \u00c0s vezes, ele carrega um microfone.<\/p>\n\n\n\n<hr class=\"wp-block-separator has-alpha-channel-opacity\"\/>\n\n\n\n<h2 class=\"wp-block-heading\">2. Davi: o escolhido que n\u00e3o parecia apto<\/h2>\n\n\n\n<p>Enquanto soldados treinados tremem, aparece um jovem pastor. Ele n\u00e3o \u00e9 um guerreiro profissional. N\u00e3o tem armadura. N\u00e3o tem prest\u00edgio. Nem foi chamado para a batalha.<\/p>\n\n\n\n<p>Davi vem apenas para levar comida a seus irm\u00e3os.<\/p>\n\n\n\n<p>Mas ele ouve o blasfemo filisteu e arde de zelo:<\/p>\n\n\n\n<blockquote class=\"wp-block-quote is-layout-flow wp-block-quote-is-layout-flow\">\n<p>\u201cQuem \u00e9 este filisteu incircunciso, que ousa desafiar os ex\u00e9rcitos do Deus vivo?\u201d (1 Sm 17,26).<\/p>\n<\/blockquote>\n\n\n\n<p>Aqui est\u00e1 o ponto central:<br>Davi n\u00e3o se ofende por orgulho ferido. Ele se indigna pela honra de Deus.<\/p>\n\n\n\n<p>Teologicamente, isso \u00e9 fundamental. O combate espiritual n\u00e3o nasce de ego ferido, mas do amor \u00e0 gl\u00f3ria divina.<\/p>\n\n\n\n<p>Davi j\u00e1 havia sido ungido em segredo pelo profeta Samuel (1 Sm 16). Ningu\u00e9m sabia publicamente. Mas Deus sabia. E isso era suficiente.<\/p>\n\n\n\n<p>Primeira grande li\u00e7\u00e3o espiritual:<br><strong>Deus prepara em segredo aqueles que Ele usar\u00e1 publicamente.<\/strong><\/p>\n\n\n\n<hr class=\"wp-block-separator has-alpha-channel-opacity\"\/>\n\n\n\n<h2 class=\"wp-block-heading\">3. A falsa solu\u00e7\u00e3o: a armadura de Saul<\/h2>\n\n\n\n<p>O rei Saul tenta vestir Davi com sua armadura. Parece razo\u00e1vel. Se ele vai lutar, que o fa\u00e7a com meios humanos adequados.<\/p>\n\n\n\n<p>Mas Davi n\u00e3o consegue nem andar com ela. E a rejeita.<\/p>\n\n\n\n<p>Este gesto possui uma profundidade espiritual imensa.<\/p>\n\n\n\n<p>A armadura de Saul representa a constante tenta\u00e7\u00e3o de confiar no que o mundo considera eficaz: poder, estrat\u00e9gia, imagem, for\u00e7a exterior.<\/p>\n\n\n\n<p>Davi escolhe outra coisa.<\/p>\n\n\n\n<p>Ele pega seu cajado, sua funda e cinco pedras lisas do riacho.<\/p>\n\n\n\n<blockquote class=\"wp-block-quote is-layout-flow wp-block-quote-is-layout-flow\">\n<p>\u201cTu vens contra mim com espada, lan\u00e7a e dardo; mas eu venho contra ti em nome do Senhor dos Ex\u00e9rcitos\u201d (1 Sm 17,45).<\/p>\n<\/blockquote>\n\n\n\n<p>Aqui est\u00e1 o cora\u00e7\u00e3o teol\u00f3gico da narrativa:<br><strong>a vit\u00f3ria pertence a Deus, n\u00e3o aos meios humanos.<\/strong><\/p>\n\n\n\n<p>Isso n\u00e3o \u00e9 romantismo espiritual. \u00c9 doutrina.<\/p>\n\n\n\n<p>S\u00e3o Paulo expressar\u00e1 isso s\u00e9culos depois:<\/p>\n\n\n\n<blockquote class=\"wp-block-quote is-layout-flow wp-block-quote-is-layout-flow\">\n<p>\u201cDeus escolheu o que \u00e9 loucura para o mundo, para confundir os s\u00e1bios; e o que \u00e9 fraco para o mundo, para confundir os fortes\u201d (1 Co 1,27).<\/p>\n<\/blockquote>\n\n\n\n<hr class=\"wp-block-separator has-alpha-channel-opacity\"\/>\n\n\n\n<h2 class=\"wp-block-heading\">4. O combate: uma pedra que mudou a hist\u00f3ria<\/h2>\n\n\n\n<p>Davi n\u00e3o improvisa. Ele tem experi\u00eancia cuidando das ovelhas. J\u00e1 defendeu seu rebanho de le\u00f5es e ursos. A fidelidade nas pequenas coisas o preparou para grandes feitos.<\/p>\n\n\n\n<p>Uma pedra.<br>Um s\u00f3 golpe.<br>O gigante cai.<\/p>\n\n\n\n<p>A espada que o decapita \u00e9 a sua.<\/p>\n\n\n\n<p>Aqui est\u00e1 uma chave espiritual profunda:<br><strong>Deus frequentemente derrota o inimigo com suas pr\u00f3prias armas.<\/strong><\/p>\n\n\n\n<p>O orgulho do dem\u00f4nio torna-se sua condena\u00e7\u00e3o. A Cruz \u2014 instrumento de tortura romana \u2014 torna-se instrumento de reden\u00e7\u00e3o em Evangelho segundo Jo\u00e3o 19.<\/p>\n\n\n\n<p>Davi \u00e9 figura de Cristo.<br>Golias \u00e9 figura do pecado, de Satan\u00e1s, de todo poder que desafia Deus.<\/p>\n\n\n\n<p>O verdadeiro e definitivo \u201cDavi\u201d \u00e9 Jesus Cristo, que vence n\u00e3o com for\u00e7a militar, mas com obedi\u00eancia at\u00e9 a morte.<\/p>\n\n\n\n<hr class=\"wp-block-separator has-alpha-channel-opacity\"\/>\n\n\n\n<h2 class=\"wp-block-heading\">5. Interpreta\u00e7\u00e3o cristol\u00f3gica: Davi como tipo de Cristo<\/h2>\n\n\n\n<p>A tradi\u00e7\u00e3o patr\u00edstica viu neste epis\u00f3dio uma clara prefigura\u00e7\u00e3o do mist\u00e9rio da Reden\u00e7\u00e3o.<\/p>\n\n\n\n<ul class=\"wp-block-list\">\n<li>Davi \u00e9 o ungido (messias).<\/li>\n\n\n\n<li>Inicialmente rejeitado.<\/li>\n\n\n\n<li>\u00c9 o menor entre seus irm\u00e3os.<\/li>\n\n\n\n<li>Derrota o inimigo em nome do Senhor.<\/li>\n\n\n\n<li>Salva o povo que estava paralisado.<\/li>\n<\/ul>\n\n\n\n<p>Cristo \u00e9 o verdadeiro Ungido.<br>Cristo \u00e9 o Filho desprezado.<br>Cristo derrota o \u201cgigante\u201d do pecado.<\/p>\n\n\n\n<p>E faz isso a partir de uma fraqueza aparente.<\/p>\n\n\n\n<p>Aqui entendemos algo essencial para a vida espiritual:<br><strong>a for\u00e7a crist\u00e3 n\u00e3o \u00e9 agressividade; \u00e9 fidelidade.<\/strong><\/p>\n\n\n\n<hr class=\"wp-block-separator has-alpha-channel-opacity\"\/>\n\n\n\n<h2 class=\"wp-block-heading\">6. Aplica\u00e7\u00e3o pastoral: quem \u00e9 o seu Golias?<\/h2>\n\n\n\n<p>N\u00e3o podemos nos limitar a admirar a hist\u00f3ria. As Escrituras n\u00e3o nos s\u00e3o dadas para entreter, mas para transformar.<\/p>\n\n\n\n<p>Pergunte-se honestamente:<\/p>\n\n\n\n<ul class=\"wp-block-list\">\n<li>Qual gigante te paralisa?<\/li>\n\n\n\n<li>Um v\u00edcio?<\/li>\n\n\n\n<li>Um pecado recorrente?<\/li>\n\n\n\n<li>Medo do que os outros pensam?<\/li>\n\n\n\n<li>Tiepidez espiritual?<\/li>\n\n\n\n<li>Desespero diante da situa\u00e7\u00e3o do mundo ou da Igreja?<\/li>\n<\/ul>\n\n\n\n<p>Muitos crentes vivem como o ex\u00e9rcito de Israel: conhecem Deus, mas n\u00e3o confiam verdadeiramente n\u2019Ele.<\/p>\n\n\n\n<p>O gigante moderno pode ser:<\/p>\n\n\n\n<ul class=\"wp-block-list\">\n<li>Relativismo moral.<\/li>\n\n\n\n<li>Press\u00e3o cultural.<\/li>\n\n\n\n<li>Ideologias que ridicularizam a f\u00e9.<\/li>\n\n\n\n<li>Conforto espiritual.<\/li>\n<\/ul>\n\n\n\n<p>E a tenta\u00e7\u00e3o \u00e9 esperar que outro lute.<\/p>\n\n\n\n<p>Mas talvez Deus esteja chamando voc\u00ea.<\/p>\n\n\n\n<hr class=\"wp-block-separator has-alpha-channel-opacity\"\/>\n\n\n\n<h2 class=\"wp-block-heading\">7. Cinco pedras para o seu combate espiritual<\/h2>\n\n\n\n<p>Se quisermos aplicar este ensinamento hoje, precisamos de nossas pr\u00f3prias \u201ccinco pedras\u201d. Proponho cinco armas concretas:<\/p>\n\n\n\n<h3 class=\"wp-block-heading\">1. Ora\u00e7\u00e3o di\u00e1ria<\/h3>\n\n\n\n<p>Sem ora\u00e7\u00e3o, voc\u00ea \u00e9 um soldado sem armas.<\/p>\n\n\n\n<h3 class=\"wp-block-heading\">2. Confiss\u00e3o frequente<\/h3>\n\n\n\n<p>O pecado n\u00e3o confessado alimenta o gigante.<\/p>\n\n\n\n<h3 class=\"wp-block-heading\">3. Eucaristia<\/h3>\n\n\n\n<p>A for\u00e7a n\u00e3o vem de voc\u00ea. Vem de Cristo.<\/p>\n\n\n\n<h3 class=\"wp-block-heading\">4. Forma\u00e7\u00e3o doutrinal<\/h3>\n\n\n\n<p>Davi sabia quem era seu Deus. Muitos crist\u00e3os hoje n\u00e3o conhecem sua f\u00e9.<\/p>\n\n\n\n<h3 class=\"wp-block-heading\">5. Humildade<\/h3>\n\n\n\n<p>O orgulho pode transformar at\u00e9 o crente em Golias.<\/p>\n\n\n\n<hr class=\"wp-block-separator has-alpha-channel-opacity\"\/>\n\n\n\n<h2 class=\"wp-block-heading\">8. Aviso necess\u00e1rio: nem todos somos Davi\u2026 at\u00e9 que sejamos<\/h2>\n\n\n\n<p>Em certos momentos da vida somos Davi. Em outros, somos Israel paralisado. E \u00e0s vezes \u2014 se n\u00e3o estivermos vigilantes \u2014 podemos nos comportar como Golias, zombando, desprezando, confiando em nossas pr\u00f3prias for\u00e7as.<\/p>\n\n\n\n<p>A vida espiritual \u00e9 din\u00e2mica.<\/p>\n\n\n\n<p>Mas h\u00e1 uma certeza consoladora:<br>Deus n\u00e3o escolhe o mais forte.<br>Ele escolhe aquele que confia.<\/p>\n\n\n\n<hr class=\"wp-block-separator has-alpha-channel-opacity\"\/>\n\n\n\n<h2 class=\"wp-block-heading\">9. Relev\u00e2ncia contempor\u00e2nea: uma Igreja diante de gigantes culturais<\/h2>\n\n\n\n<p>Hoje a Igreja enfrenta enormes desafios: seculariza\u00e7\u00e3o agressiva, crise moral, ataques \u00e0 fam\u00edlia, confus\u00e3o doutrinal.<\/p>\n\n\n\n<p>Muitos falam em decl\u00ednio. Outros em derrota.<\/p>\n\n\n\n<p>Mas a hist\u00f3ria de Davi nos lembra que o tamanho do inimigo n\u00e3o determina o resultado.<\/p>\n\n\n\n<p>A fidelidade sim.<\/p>\n\n\n\n<p>Em cada \u00e9poca, Deus levanta \u201cDavis\u201d: santos ocultos, fam\u00edlias fi\u00e9is, sacerdotes dedicados, jovens corajosos.<\/p>\n\n\n\n<p>Eles n\u00e3o precisam de aplausos. Precisam de f\u00e9.<\/p>\n\n\n\n<hr class=\"wp-block-separator has-alpha-channel-opacity\"\/>\n\n\n\n<h2 class=\"wp-block-heading\">10. Conclus\u00e3o: o verdadeiro combate<\/h2>\n\n\n\n<p>Davi n\u00e3o lutou por fama. Lutou por fidelidade.<\/p>\n\n\n\n<p>O crist\u00e3o n\u00e3o luta por vit\u00f3ria cultural. Ele luta por santidade.<\/p>\n\n\n\n<p>E aqui est\u00e1 o ensinamento final:<\/p>\n\n\n\n<p>O gigante n\u00e3o \u00e9 maior que a gra\u00e7a.<br>O medo n\u00e3o \u00e9 mais forte que a f\u00e9.<br>O pecado n\u00e3o \u00e9 mais poderoso que a Cruz.<\/p>\n\n\n\n<p>Quando voc\u00ea se sentir pequeno, lembre-se:<br>a hist\u00f3ria da salva\u00e7\u00e3o n\u00e3o \u00e9 escrita pelos gigantes.<br>\u00c9 escrita por aqueles que confiam em Deus.<\/p>\n\n\n\n<p>Pois, no fim, como diz o salmista:<\/p>\n\n\n\n<blockquote class=\"wp-block-quote is-layout-flow wp-block-quote-is-layout-flow\">\n<p>\u201cAlguns confiam em carros, outros em cavalos; n\u00f3s, por\u00e9m, invocamos o nome do Senhor, nosso Deus\u201d (Sl 20,7).<\/p>\n<\/blockquote>\n\n\n\n<p>Quando seu momento chegar \u2014 e ele chegar\u00e1 \u2014 n\u00e3o se esconda entre os soldados temerosos.<\/p>\n\n\n\n<p>Que voc\u00ea possa dizer, como Davi:<\/p>\n\n\n\n<blockquote class=\"wp-block-quote is-layout-flow wp-block-quote-is-layout-flow\">\n<p>\u201cO Senhor que me livrou da garra do le\u00e3o e da garra do urso me livrar\u00e1 tamb\u00e9m das m\u00e3os deste filisteu\u201d (1 Sm 17,37).<\/p>\n<\/blockquote>\n\n\n\n<p>E ent\u00e3o voc\u00ea entender\u00e1 que o verdadeiro combate nunca foi contra um gigante externo\u2026<br>mas contra o medo interior.<\/p>\n\n\n\n<p>E essa batalha, pela gra\u00e7a de Deus, j\u00e1 est\u00e1 vencida.<\/p>\n","protected":false},"excerpt":{"rendered":"<p>Existem hist\u00f3rias que nunca envelhecem. N\u00e3o porque sejam infantis, mas porque s\u00e3o eternas. A cena de um jovem pastor enfrentando um gigante totalmente armado n\u00e3o \u00e9 apenas um conto heroico: \u00e9 um raio-X da alma humana. \u00c9 a sua hist\u00f3ria. \u00c9 a minha. \u00c9 a hist\u00f3ria da Igreja em todos os s\u00e9culos. O epis\u00f3dio de &hellip;<\/p>\n","protected":false},"author":3,"featured_media":4997,"comment_status":"closed","ping_status":"closed","sticky":false,"template":"","format":"standard","meta":{"_seopress_robots_primary_cat":"","_seopress_titles_title":"","_seopress_titles_desc":"","_seopress_robots_index":"","footnotes":""},"categories":[37,45],"tags":[1754],"class_list":["post-4996","post","type-post","status-publish","format-standard","has-post-thumbnail","","category-doutrina-e-fe","category-sagradas-escrituras","tag-davi-contra-golias"],"_links":{"self":[{"href":"https:\/\/catholicus.eu\/pt\/wp-json\/wp\/v2\/posts\/4996","targetHints":{"allow":["GET"]}}],"collection":[{"href":"https:\/\/catholicus.eu\/pt\/wp-json\/wp\/v2\/posts"}],"about":[{"href":"https:\/\/catholicus.eu\/pt\/wp-json\/wp\/v2\/types\/post"}],"author":[{"embeddable":true,"href":"https:\/\/catholicus.eu\/pt\/wp-json\/wp\/v2\/users\/3"}],"replies":[{"embeddable":true,"href":"https:\/\/catholicus.eu\/pt\/wp-json\/wp\/v2\/comments?post=4996"}],"version-history":[{"count":1,"href":"https:\/\/catholicus.eu\/pt\/wp-json\/wp\/v2\/posts\/4996\/revisions"}],"predecessor-version":[{"id":4998,"href":"https:\/\/catholicus.eu\/pt\/wp-json\/wp\/v2\/posts\/4996\/revisions\/4998"}],"wp:featuredmedia":[{"embeddable":true,"href":"https:\/\/catholicus.eu\/pt\/wp-json\/wp\/v2\/media\/4997"}],"wp:attachment":[{"href":"https:\/\/catholicus.eu\/pt\/wp-json\/wp\/v2\/media?parent=4996"}],"wp:term":[{"taxonomy":"category","embeddable":true,"href":"https:\/\/catholicus.eu\/pt\/wp-json\/wp\/v2\/categories?post=4996"},{"taxonomy":"post_tag","embeddable":true,"href":"https:\/\/catholicus.eu\/pt\/wp-json\/wp\/v2\/tags?post=4996"}],"curies":[{"name":"wp","href":"https:\/\/api.w.org\/{rel}","templated":true}]}}