{"id":4987,"date":"2026-02-16T08:37:21","date_gmt":"2026-02-16T07:37:21","guid":{"rendered":"https:\/\/catholicus.eu\/pt\/?p=4987"},"modified":"2026-02-16T08:37:21","modified_gmt":"2026-02-16T07:37:21","slug":"o-que-e-o-ceu-empireo-a-cosmologia-medieval-que-situava-a-morada-de-deus-fisicamente-acima-das-estrelas","status":"publish","type":"post","link":"https:\/\/catholicus.eu\/pt\/o-que-e-o-ceu-empireo-a-cosmologia-medieval-que-situava-a-morada-de-deus-fisicamente-acima-das-estrelas\/","title":{"rendered":"O que \u00e9 o \u201cC\u00e9u Emp\u00edreo\u201d? A cosmologia medieval que situava a morada de Deus fisicamente acima das estrelas."},"content":{"rendered":"\n<p>Durante s\u00e9culos, os crist\u00e3os contemplaram o c\u00e9u noturno n\u00e3o apenas com admira\u00e7\u00e3o, mas com certeza: <strong>al\u00e9m das estrelas, al\u00e9m dos c\u00e9us vis\u00edveis, encontrava-se o C\u00e9u Emp\u00edreo<\/strong>, a morada de Deus e dos bem-aventurados.<\/p>\n\n\n\n<p>Hoje, numa \u00e9poca dominada por telesc\u00f3pios espaciais e teorias cosmol\u00f3gicas, essa ideia pode parecer po\u00e9tica ou at\u00e9 ing\u00eanua. No entanto, o <em>C\u00e9u Emp\u00edreo<\/em> n\u00e3o \u00e9 uma simples curiosidade medieval. \u00c9 uma porta para compreender como a Igreja refletiu sobre a rela\u00e7\u00e3o entre Deus, o universo e o nosso destino eterno.<\/p>\n\n\n\n<p>Descubramos juntos o que \u00e9 o C\u00e9u Emp\u00edreo, como nasceu essa concep\u00e7\u00e3o e o que ela pode nos ensinar hoje para a nossa vida espiritual.<\/p>\n\n\n\n<hr class=\"wp-block-separator has-alpha-channel-opacity\"\/>\n\n\n\n<h2 class=\"wp-block-heading\">\ud83c\udf0c 1. O que significa \u201cC\u00e9u Emp\u00edreo\u201d?<\/h2>\n\n\n\n<p>A palavra \u201cemp\u00edreo\u201d vem do grego <em>empyros<\/em>, que significa \u201cardente\u201d ou \u201ccheio de fogo\u201d. N\u00e3o se trata de um fogo material, mas do <strong>fogo da gl\u00f3ria divina<\/strong>, da luz pur\u00edssima que procede de Deus.<\/p>\n\n\n\n<p>Na cosmologia medieval, o universo era estruturado em esferas conc\u00eantricas:<\/p>\n\n\n\n<ul class=\"wp-block-list\">\n<li>A Terra no centro.<\/li>\n\n\n\n<li>As esferas dos planetas.<\/li>\n\n\n\n<li>A esfera das estrelas fixas.<\/li>\n\n\n\n<li>O \u201cPrimeiro Motor\u201d.<\/li>\n\n\n\n<li>E finalmente, al\u00e9m de toda a cria\u00e7\u00e3o vis\u00edvel: <strong>o C\u00e9u Emp\u00edreo<\/strong>.<\/li>\n<\/ul>\n\n\n\n<p>Ali habitavam Deus, os anjos e os santos. Era o lugar supremo, im\u00f3vel, perfeito e eterno.<\/p>\n\n\n\n<p>Essa vis\u00e3o foi desenvolvida por grandes pensadores crist\u00e3os como Santo Tom\u00e1s de Aquino, que integrou a cosmologia aristot\u00e9lica \u00e0 teologia crist\u00e3, e alcan\u00e7ou sua express\u00e3o liter\u00e1ria mais sublime na obra de Dante Alighieri.<\/p>\n\n\n\n<hr class=\"wp-block-separator has-alpha-channel-opacity\"\/>\n\n\n\n<h2 class=\"wp-block-heading\">\ud83d\udcd6 2. Fundamento b\u00edblico: a B\u00edblia fala de um c\u00e9u \u201cf\u00edsico\u201d?<\/h2>\n\n\n\n<p>A Sagrada Escritura utiliza uma linguagem profundamente simb\u00f3lica e pedag\u00f3gica. No Antigo Testamento lemos:<\/p>\n\n\n\n<blockquote class=\"wp-block-quote is-layout-flow wp-block-quote-is-layout-flow\">\n<p>\u201cO Senhor estabeleceu o seu trono nos c\u00e9us\u201d (Salmo 103,19).<\/p>\n<\/blockquote>\n\n\n\n<p>E S\u00e3o Paulo escreve:<\/p>\n\n\n\n<blockquote class=\"wp-block-quote is-layout-flow wp-block-quote-is-layout-flow\">\n<p>\u201cConhe\u00e7o um homem em Cristo\u2026 que foi arrebatado at\u00e9 o terceiro c\u00e9u\u201d (2 Cor\u00edntios 12,2).<\/p>\n<\/blockquote>\n\n\n\n<p>No pensamento judaico antigo falava-se de v\u00e1rios \u201cc\u00e9us\u201d, culminando no mais alto, onde Deus manifesta sua gl\u00f3ria. N\u00e3o se trata de uma descri\u00e7\u00e3o astron\u00f4mica, mas de uma maneira de expressar <strong>transcend\u00eancia e supremacia<\/strong>.<\/p>\n\n\n\n<p>Quando os medievais situavam o C\u00e9u Emp\u00edreo \u201cacima das estrelas\u201d, n\u00e3o pretendiam fazer ci\u00eancia moderna. Queriam afirmar algo essencial:<br><strong>Deus est\u00e1 al\u00e9m de toda a realidade criada.<\/strong><\/p>\n\n\n\n<hr class=\"wp-block-separator has-alpha-channel-opacity\"\/>\n\n\n\n<h2 class=\"wp-block-heading\">\ud83c\udf20 3. A cosmologia medieval e o universo hier\u00e1rquico<\/h2>\n\n\n\n<p>Na Idade M\u00e9dia, seguindo Arist\u00f3teles e Ptolomeu, o universo era concebido como um cosmos ordenado e hier\u00e1rquico. N\u00e3o era infinito nem ca\u00f3tico, mas <strong>harmonioso e cheio de sentido<\/strong>.<\/p>\n\n\n\n<p>A Terra ocupava o centro n\u00e3o por honra, mas por densidade e corrup\u00e7\u00e3o. O que era mais alto era considerado mais perfeito. Assim, o C\u00e9u Emp\u00edreo, no \u00e1pice do cosmos, simbolizava:<\/p>\n\n\n\n<ul class=\"wp-block-list\">\n<li>A perfei\u00e7\u00e3o absoluta.<\/li>\n\n\n\n<li>A imobilidade divina.<\/li>\n\n\n\n<li>A plenitude do amor eterno.<\/li>\n<\/ul>\n\n\n\n<p>Para S\u00e3o Tom\u00e1s de Aquino, o C\u00e9u Emp\u00edreo n\u00e3o era simplesmente uma met\u00e1fora: ele o entendia como uma realidade criada especial, al\u00e9m do movimento e do tempo, onde habitam os bem-aventurados.<\/p>\n\n\n\n<hr class=\"wp-block-separator has-alpha-channel-opacity\"\/>\n\n\n\n<h2 class=\"wp-block-heading\">\u2728 4. O C\u00e9u Emp\u00edreo na Divina Com\u00e9dia<\/h2>\n\n\n\n<p>No <em>Para\u00edso<\/em> da Divina Com\u00e9dia, Dante descreve o Emp\u00edreo como um oceano de luz pura, onde os santos formam uma \u201crosa celestial\u201d e onde finalmente contempla Deus como \u201co amor que move o sol e as outras estrelas\u201d.<\/p>\n\n\n\n<p>Aqui compreendemos algo profundo:<br>O C\u00e9u Emp\u00edreo n\u00e3o \u00e9 simplesmente um \u201clugar\u201d. \u00c9 <strong>a comunh\u00e3o perfeita com Deus<\/strong>.<\/p>\n\n\n\n<hr class=\"wp-block-separator has-alpha-channel-opacity\"\/>\n\n\n\n<h2 class=\"wp-block-heading\">\ud83d\udd2d 5. O que aconteceu quando a astronomia mudou?<\/h2>\n\n\n\n<p>Com Nicol\u00e1s Cop\u00e9rnico e, mais tarde, Galileo Galilei, o modelo geoc\u00eantrico foi substitu\u00eddo pelo helioc\u00eantrico. O universo deixou de ser concebido como uma s\u00e9rie de esferas finitas e passou a ser entendido como vasto e at\u00e9 potencialmente infinito.<\/p>\n\n\n\n<p>O C\u00e9u Emp\u00edreo desapareceu?<\/p>\n\n\n\n<p>N\u00e3o. O que desapareceu foi a imagem cosmol\u00f3gica literal.<br>Mas a verdade teol\u00f3gica permanece intacta:<\/p>\n\n\n\n<ul class=\"wp-block-list\">\n<li>Deus n\u00e3o est\u00e1 contido no espa\u00e7o.<\/li>\n\n\n\n<li>O c\u00e9u n\u00e3o \u00e9 um ponto astron\u00f4mico.<\/li>\n\n\n\n<li>A gl\u00f3ria eterna transcende coordenadas f\u00edsicas.<\/li>\n<\/ul>\n\n\n\n<p>O Catecismo ensina que o c\u00e9u \u00e9 \u201co estado de suprema e definitiva felicidade\u201d na comunh\u00e3o com Deus.<\/p>\n\n\n\n<hr class=\"wp-block-separator has-alpha-channel-opacity\"\/>\n\n\n\n<h2 class=\"wp-block-heading\">\ud83d\udd25 6. O significado teol\u00f3gico profundo<\/h2>\n\n\n\n<p>Do ponto de vista teol\u00f3gico, o C\u00e9u Emp\u00edreo expressa tr\u00eas verdades fundamentais:<\/p>\n\n\n\n<h3 class=\"wp-block-heading\">1\ufe0f\u20e3 Deus \u00e9 transcendente<\/h3>\n\n\n\n<p>Ele n\u00e3o faz parte do universo. N\u00e3o est\u00e1 dentro dele como mais um objeto.<\/p>\n\n\n\n<h3 class=\"wp-block-heading\">2\ufe0f\u20e3 A cria\u00e7\u00e3o est\u00e1 ordenada para Ele<\/h3>\n\n\n\n<p>Todo o cosmos aponta para o seu Criador.<\/p>\n\n\n\n<h3 class=\"wp-block-heading\">3\ufe0f\u20e3 Nosso destino \u00e9 sobrenatural<\/h3>\n\n\n\n<p>N\u00e3o fomos feitos apenas para este mundo.<\/p>\n\n\n\n<p>Como diz S\u00e3o Paulo:<\/p>\n\n\n\n<blockquote class=\"wp-block-quote is-layout-flow wp-block-quote-is-layout-flow\">\n<p>\u201cA nossa p\u00e1tria est\u00e1 nos c\u00e9us\u201d (Filipenses 3,20).<\/p>\n<\/blockquote>\n\n\n\n<hr class=\"wp-block-separator has-alpha-channel-opacity\"\/>\n\n\n\n<h2 class=\"wp-block-heading\">\ud83c\udf0d 7. O que o C\u00e9u Emp\u00edreo nos diz hoje?<\/h2>\n\n\n\n<p>Numa cultura materialista, onde apenas o que \u00e9 mensur\u00e1vel parece real, o conceito do C\u00e9u Emp\u00edreo nos recorda que:<\/p>\n\n\n\n<ul class=\"wp-block-list\">\n<li>A realidade n\u00e3o se esgota no vis\u00edvel.<\/li>\n\n\n\n<li>A pessoa humana tem um destino eterno.<\/li>\n\n\n\n<li>A hist\u00f3ria tem uma dire\u00e7\u00e3o.<\/li>\n<\/ul>\n\n\n\n<p>Hoje podemos enviar sondas aos confins do sistema solar, mas nenhum telesc\u00f3pio encontrar\u00e1 o c\u00e9u como estado de gra\u00e7a. Porque o c\u00e9u n\u00e3o \u00e9 uma gal\u00e1xia distante: \u00e9 <strong>a pr\u00f3pria vida de Deus compartilhada conosco<\/strong>.<\/p>\n\n\n\n<hr class=\"wp-block-separator has-alpha-channel-opacity\"\/>\n\n\n\n<h2 class=\"wp-block-heading\">\ud83d\udd4a 8. Aplica\u00e7\u00f5es pr\u00e1ticas para a vida di\u00e1ria<\/h2>\n\n\n\n<p>Aqui o C\u00e9u Emp\u00edreo deixa de ser teoria e se torna realidade pastoral.<\/p>\n\n\n\n<h3 class=\"wp-block-heading\">\u2728 1. Viver com perspectiva eterna<\/h3>\n\n\n\n<p>Se o c\u00e9u \u00e9 a nossa meta, nossas decis\u00f5es mudam.<\/p>\n\n\n\n<ul class=\"wp-block-list\">\n<li>Perdoo ou guardo ressentimento?<\/li>\n\n\n\n<li>Busco santidade ou conforto?<\/li>\n\n\n\n<li>Vivo apenas para hoje ou para a eternidade?<\/li>\n<\/ul>\n\n\n\n<h3 class=\"wp-block-heading\">\u2728 2. Ordenar o cora\u00e7\u00e3o<\/h3>\n\n\n\n<p>A cosmologia medieval ensinava um universo ordenado.<br>Nossa alma tamb\u00e9m precisa de ordem.<\/p>\n\n\n\n<p>Quando Deus ocupa o centro, tudo encontra o seu lugar.<\/p>\n\n\n\n<h3 class=\"wp-block-heading\">\u2728 3. Elevar o olhar<\/h3>\n\n\n\n<p>O crist\u00e3o \u00e9 aquele que olha al\u00e9m.<br>Em meio a crises, guerras e incertezas, lembramos que nossa esperan\u00e7a n\u00e3o repousa em estruturas humanas, mas na promessa eterna.<\/p>\n\n\n\n<hr class=\"wp-block-separator has-alpha-channel-opacity\"\/>\n\n\n\n<h2 class=\"wp-block-heading\">\ud83c\udf1f 9. Do \u201cacima f\u00edsico\u201d ao \u201cal\u00e9m espiritual\u201d<\/h2>\n\n\n\n<p>A grande li\u00e7\u00e3o \u00e9 esta:<\/p>\n\n\n\n<p>O C\u00e9u Emp\u00edreo n\u00e3o foi um erro ing\u00eanuo. Foi uma pedagogia.<br>Os medievais usaram a linguagem do cosmos para expressar uma verdade eterna:<br><strong>Deus est\u00e1 acima de tudo, e \u00e9 para Ele que caminhamos.<\/strong><\/p>\n\n\n\n<p>Hoje n\u00e3o imaginamos mais esferas cristalinas girando ao redor da Terra. Mas continuamos a professar:<\/p>\n\n\n\n<ul class=\"wp-block-list\">\n<li>Creio na vida eterna.<\/li>\n\n\n\n<li>Creio na ressurrei\u00e7\u00e3o da carne.<\/li>\n\n\n\n<li>Creio na comunh\u00e3o dos santos.<\/li>\n<\/ul>\n\n\n\n<p>O c\u00e9u n\u00e3o est\u00e1 \u201cacima\u201d no sentido astron\u00f4mico.<br>Est\u00e1 \u201cal\u00e9m\u201d no sentido ontol\u00f3gico.<\/p>\n\n\n\n<hr class=\"wp-block-separator has-alpha-channel-opacity\"\/>\n\n\n\n<h2 class=\"wp-block-heading\">\ud83d\udca1 Conclus\u00e3o: Recuperar o sentido da transcend\u00eancia<\/h2>\n\n\n\n<p>Talvez o maior perigo do nosso tempo n\u00e3o seja negar o c\u00e9u, mas esquec\u00ea-lo.<\/p>\n\n\n\n<p>O C\u00e9u Emp\u00edreo nos convida a recuperar:<\/p>\n\n\n\n<ul class=\"wp-block-list\">\n<li>O sentido do assombro.<\/li>\n\n\n\n<li>A consci\u00eancia da nossa dignidade eterna.<\/li>\n\n\n\n<li>A orienta\u00e7\u00e3o para o alto.<\/li>\n<\/ul>\n\n\n\n<p>Porque, no final, a pergunta n\u00e3o \u00e9 onde est\u00e1 o c\u00e9u.<br>A pergunta \u00e9: <strong>para onde est\u00e1 orientado o teu cora\u00e7\u00e3o?<\/strong><\/p>\n\n\n\n<p>Como diz o Salmo:<\/p>\n\n\n\n<blockquote class=\"wp-block-quote is-layout-flow wp-block-quote-is-layout-flow\">\n<p>\u201cElevo os meus olhos para os montes:<br>de onde me vir\u00e1 o aux\u00edlio?<br>O meu aux\u00edlio vem do Senhor\u201d (Salmo 121,1\u20132).<\/p>\n<\/blockquote>\n\n\n\n<p>Que toda a nossa vida seja uma ascens\u00e3o interior rumo a esse verdadeiro Emp\u00edreo, onde o Amor n\u00e3o se apaga e a luz n\u00e3o tem ocaso.<\/p>\n\n\n\n<p>E que cada decis\u00e3o di\u00e1ria seja mais um passo em dire\u00e7\u00e3o \u00e0quela p\u00e1tria que n\u00e3o se descobre com telesc\u00f3pios, mas com santidade.<\/p>\n","protected":false},"excerpt":{"rendered":"<p>Durante s\u00e9culos, os crist\u00e3os contemplaram o c\u00e9u noturno n\u00e3o apenas com admira\u00e7\u00e3o, mas com certeza: al\u00e9m das estrelas, al\u00e9m dos c\u00e9us vis\u00edveis, encontrava-se o C\u00e9u Emp\u00edreo, a morada de Deus e dos bem-aventurados. Hoje, numa \u00e9poca dominada por telesc\u00f3pios espaciais e teorias cosmol\u00f3gicas, essa ideia pode parecer po\u00e9tica ou at\u00e9 ing\u00eanua. No entanto, o C\u00e9u &hellip;<\/p>\n","protected":false},"author":3,"featured_media":4988,"comment_status":"closed","ping_status":"closed","sticky":false,"template":"","format":"standard","meta":{"_seopress_robots_primary_cat":"","_seopress_titles_title":"","_seopress_titles_desc":"","_seopress_robots_index":"","footnotes":""},"categories":[41,63],"tags":[1751],"class_list":["post-4987","post","type-post","status-publish","format-standard","has-post-thumbnail","","category-fe-e-cultura","category-filosofia-e-fe","tag-ceu-empireo"],"_links":{"self":[{"href":"https:\/\/catholicus.eu\/pt\/wp-json\/wp\/v2\/posts\/4987","targetHints":{"allow":["GET"]}}],"collection":[{"href":"https:\/\/catholicus.eu\/pt\/wp-json\/wp\/v2\/posts"}],"about":[{"href":"https:\/\/catholicus.eu\/pt\/wp-json\/wp\/v2\/types\/post"}],"author":[{"embeddable":true,"href":"https:\/\/catholicus.eu\/pt\/wp-json\/wp\/v2\/users\/3"}],"replies":[{"embeddable":true,"href":"https:\/\/catholicus.eu\/pt\/wp-json\/wp\/v2\/comments?post=4987"}],"version-history":[{"count":1,"href":"https:\/\/catholicus.eu\/pt\/wp-json\/wp\/v2\/posts\/4987\/revisions"}],"predecessor-version":[{"id":4989,"href":"https:\/\/catholicus.eu\/pt\/wp-json\/wp\/v2\/posts\/4987\/revisions\/4989"}],"wp:featuredmedia":[{"embeddable":true,"href":"https:\/\/catholicus.eu\/pt\/wp-json\/wp\/v2\/media\/4988"}],"wp:attachment":[{"href":"https:\/\/catholicus.eu\/pt\/wp-json\/wp\/v2\/media?parent=4987"}],"wp:term":[{"taxonomy":"category","embeddable":true,"href":"https:\/\/catholicus.eu\/pt\/wp-json\/wp\/v2\/categories?post=4987"},{"taxonomy":"post_tag","embeddable":true,"href":"https:\/\/catholicus.eu\/pt\/wp-json\/wp\/v2\/tags?post=4987"}],"curies":[{"name":"wp","href":"https:\/\/api.w.org\/{rel}","templated":true}]}}