{"id":4977,"date":"2026-02-15T16:52:02","date_gmt":"2026-02-15T15:52:02","guid":{"rendered":"https:\/\/catholicus.eu\/pt\/?p=4977"},"modified":"2026-02-15T16:52:02","modified_gmt":"2026-02-15T15:52:02","slug":"a-missa-dos-pre-santificados-o-unico-dia-do-ano-em-que-o-mundo-inteiro-se-cala-diante-do-altar","status":"publish","type":"post","link":"https:\/\/catholicus.eu\/pt\/a-missa-dos-pre-santificados-o-unico-dia-do-ano-em-que-o-mundo-inteiro-se-cala-diante-do-altar\/","title":{"rendered":"A Missa dos Pr\u00e9-Santificados: O \u00fanico dia do ano em que o mundo inteiro se cala diante do Altar"},"content":{"rendered":"\n<p>Existe um dia no ano em que acontece algo que, \u00e0 primeira vista, parece imposs\u00edvel: <strong>nenhum sacerdote, em parte alguma do mundo, pode consagrar a Eucaristia<\/strong>.<\/p>\n\n\n\n<p>Num planeta onde todos os dias s\u00e3o celebradas milhares de Missas \u2014 desde as grandes catedrais at\u00e9 \u00e0s capelas mais humildes \u2014 h\u00e1 um momento em que o Sacrif\u00edcio incruento do Calv\u00e1rio n\u00e3o \u00e9 tornado presente sacramentalmente. O altar permanece despojado. O sacr\u00e1rio est\u00e1 vazio. N\u00e3o soam sinos. N\u00e3o h\u00e1 palavras de consagra\u00e7\u00e3o.<\/p>\n\n\n\n<p>Esse dia \u00e9 a <strong>Sexta-Feira Santa<\/strong>.<\/p>\n\n\n\n<p>E o que nele acontece \u00e9 profundamente teol\u00f3gico, radicalmente contracultural e espiritualmente transformador.<\/p>\n\n\n\n<hr class=\"wp-block-separator has-alpha-channel-opacity\"\/>\n\n\n\n<h2 class=\"wp-block-heading\">O mist\u00e9rio da Sexta-Feira Santa<\/h2>\n\n\n\n<p>A <strong>Sexta-Feira Santa da Paix\u00e3o do Senhor<\/strong> \u00e9 o \u00fanico dia do ano em que, na Igreja latina, n\u00e3o se celebra a Santa Missa. Em seu lugar celebra-se a <strong>A\u00e7\u00e3o Lit\u00fargica da Paix\u00e3o do Senhor<\/strong>, uma celebra\u00e7\u00e3o solene, austera e profundamente comovente.<\/p>\n\n\n\n<p>Nela:<\/p>\n\n\n\n<ul class=\"wp-block-list\">\n<li>N\u00e3o h\u00e1 ofert\u00f3rio.<\/li>\n\n\n\n<li>N\u00e3o h\u00e1 Ora\u00e7\u00e3o Eucar\u00edstica.<\/li>\n\n\n\n<li>N\u00e3o h\u00e1 consagra\u00e7\u00e3o.<\/li>\n<\/ul>\n\n\n\n<p>A Comunh\u00e3o distribu\u00edda nesse dia prov\u00e9m das h\u00f3stias consagradas no dia anterior, na Quinta-Feira Santa, durante a Missa <em>In Coena Domini<\/em>.<\/p>\n\n\n\n<p>Por qu\u00ea?<\/p>\n\n\n\n<p>Porque na Sexta-Feira Santa a Igreja n\u00e3o celebra o Sacrif\u00edcio de modo sacramental: <strong>ela o contempla na sua realidade hist\u00f3rica<\/strong>. Nesse dia n\u00e3o \u201ctornamos presente\u201d o Calv\u00e1rio sacramentalmente; n\u00f3s o acompanhamos.<\/p>\n\n\n\n<hr class=\"wp-block-separator has-alpha-channel-opacity\"\/>\n\n\n\n<h2 class=\"wp-block-heading\">O que \u00e9 a \u201cMissa dos Pr\u00e9-Santificados\u201d?<\/h2>\n\n\n\n<p>Historicamente, esta celebra\u00e7\u00e3o era chamada <strong>\u201cMissa dos Pr\u00e9-Santificados\u201d<\/strong>, porque os fi\u00e9is recebiam dons previamente santificados (<em>prae-sanctificata<\/em>). Em sentido estrito, n\u00e3o era uma Missa, pois faltava a consagra\u00e7\u00e3o, mas conservava certos elementos externos semelhantes.<\/p>\n\n\n\n<p>Na tradi\u00e7\u00e3o bizantina ainda existe a <strong>Liturgia dos Dons Pr\u00e9-Santificados<\/strong>, especialmente durante a Quaresma, o que nos recorda que esta pr\u00e1tica remonta aos primeiros s\u00e9culos do cristianismo.<\/p>\n\n\n\n<p>Desde muito cedo, a Igreja compreendeu que a Sexta-Feira Santa n\u00e3o \u00e9 um dia qualquer: \u00e9 o dia em que o Esposo \u00e9 tirado (cf. Mt 9,15). \u00c9 um dia de jejum, de sil\u00eancio, de aus\u00eancia.<\/p>\n\n\n\n<p>E a liturgia expressa essa aus\u00eancia por meio de sinais vis\u00edveis.<\/p>\n\n\n\n<hr class=\"wp-block-separator has-alpha-channel-opacity\"\/>\n\n\n\n<h2 class=\"wp-block-heading\">Fundamento teol\u00f3gico: o sil\u00eancio do Sacrif\u00edcio<\/h2>\n\n\n\n<p>A Missa \u00e9 o Sacrif\u00edcio de Cristo tornado presente sacramentalmente. Mas na Sexta-Feira Santa n\u00e3o celebramos o Sacrif\u00edcio como sinal sacramental, porque nesse dia <strong>a Igreja se coloca espiritualmente aos p\u00e9s da Cruz<\/strong>.<\/p>\n\n\n\n<p>\u00abTudo est\u00e1 consumado.\u00bb (Jo 19,30)<\/p>\n\n\n\n<p>A Igreja n\u00e3o multiplica o sinal sacramental quando o pr\u00f3prio acontecimento \u00e9 contemplado na sua realidade hist\u00f3rica. \u00c9 um dia em que o tempo lit\u00fargico se dobra sobre o tempo real \u2014 o tempo da Paix\u00e3o.<\/p>\n\n\n\n<p>Teologicamente, isto \u00e9 de uma profundidade imensa:<\/p>\n\n\n\n<ul class=\"wp-block-list\">\n<li>A Igreja afirma que a Eucaristia \u00e9 o mesmo Sacrif\u00edcio do Calv\u00e1rio.<\/li>\n\n\n\n<li>Afirma tamb\u00e9m que o Calv\u00e1rio aconteceu uma vez por todas.<\/li>\n\n\n\n<li>A Sexta-Feira Santa nos coloca diante da unicidade irrepet\u00edvel desse ato redentor.<\/li>\n<\/ul>\n\n\n\n<p>N\u00e3o h\u00e1 consagra\u00e7\u00e3o porque, nesse dia, n\u00e3o \u201ctornamos presente\u201d sacramentalmente aquilo que vivemos liturgicamente como acontecimento.<\/p>\n\n\n\n<p>\u00c9 uma pedagogia divina.<\/p>\n\n\n\n<hr class=\"wp-block-separator has-alpha-channel-opacity\"\/>\n\n\n\n<h2 class=\"wp-block-heading\">O altar despojado: uma catequese visual<\/h2>\n\n\n\n<p>O altar est\u00e1 sem toalhas.<br>O sacr\u00e1rio est\u00e1 vazio.<br>As imagens est\u00e3o veladas.<br>Os sinos est\u00e3o em sil\u00eancio.<\/p>\n\n\n\n<p>A Igreja ensina pelos sentidos.<\/p>\n\n\n\n<p>Numa sociedade saturada de ru\u00eddo, consumo e est\u00edmulos constantes, a Sexta-Feira Santa \u00e9 uma provoca\u00e7\u00e3o espiritual. Ela nos obriga a confrontar o vazio.<\/p>\n\n\n\n<p>Mas n\u00e3o \u00e9 um vazio niilista.<br>\u00c9 o vazio do t\u00famulo.<br>\u00c9 o sil\u00eancio antes da Ressurrei\u00e7\u00e3o.<\/p>\n\n\n\n<hr class=\"wp-block-separator has-alpha-channel-opacity\"\/>\n\n\n\n<h2 class=\"wp-block-heading\">Dimens\u00e3o cristol\u00f3gica: o Esposo tirado<\/h2>\n\n\n\n<p>O pr\u00f3prio Jesus anunciou:<\/p>\n\n\n\n<blockquote class=\"wp-block-quote is-layout-flow wp-block-quote-is-layout-flow\">\n<p>\u00abPodem, porventura, os convidados do casamento estar de luto enquanto o esposo est\u00e1 com eles? Dias vir\u00e3o em que o esposo lhes ser\u00e1 tirado, e ent\u00e3o jejuar\u00e3o.\u00bb (Mt 9,15)<\/p>\n<\/blockquote>\n\n\n\n<p>A Sexta-Feira Santa \u00e9 o dia em que o Esposo \u00e9 tirado.<\/p>\n\n\n\n<p>A Igreja vive liturgicamente essa aus\u00eancia. N\u00e3o celebra o Banquete porque o Esposo est\u00e1 entregando a sua vida. O Cordeiro \u00e9 imolado.<\/p>\n\n\n\n<p>Aqui encontramos uma verdade teol\u00f3gica central: <strong>a liturgia n\u00e3o \u00e9 teatro religioso<\/strong>, \u00e9 participa\u00e7\u00e3o real no Mist\u00e9rio.<\/p>\n\n\n\n<hr class=\"wp-block-separator has-alpha-channel-opacity\"\/>\n\n\n\n<h2 class=\"wp-block-heading\">Dimens\u00e3o eclesiol\u00f3gica: a Igreja Esposa<\/h2>\n\n\n\n<p>O fato de que nenhum sacerdote possa consagrar nesse dia \u00e9 profundamente significativo.<\/p>\n\n\n\n<p>A Igreja inteira se submete \u00e0 l\u00f3gica do Mist\u00e9rio Pascal. O sacerdote, que age <em>in persona Christi<\/em>, n\u00e3o exerce nesse dia o poder sacramental de consagrar, porque a Igreja quer sublinhar que todo sacerd\u00f3cio deriva do \u00fanico Sacrif\u00edcio de Cristo.<\/p>\n\n\n\n<p>\u00c9 um ato de humildade lit\u00fargica.<\/p>\n\n\n\n<p>\u00c9 como se a Igreja dissesse:<br>\u00abHoje n\u00e3o falamos. Hoje escutamos. Hoje contemplamos.\u00bb<\/p>\n\n\n\n<hr class=\"wp-block-separator has-alpha-channel-opacity\"\/>\n\n\n\n<h2 class=\"wp-block-heading\">Aplica\u00e7\u00e3o pastoral: o que isso significa para n\u00f3s hoje?<\/h2>\n\n\n\n<p>Aqui est\u00e1 o ponto essencial.<\/p>\n\n\n\n<p>Num mundo que exige solu\u00e7\u00f5es imediatas, respostas r\u00e1pidas e consola\u00e7\u00f5es instant\u00e2neas, a Sexta-Feira Santa nos ensina o valor do sil\u00eancio, do sofrimento oferecido e da espera confiante.<\/p>\n\n\n\n<h3 class=\"wp-block-heading\">1. Aprender a permanecer<\/h3>\n\n\n\n<p>Os disc\u00edpulos fugiram. Maria permaneceu.<\/p>\n\n\n\n<p>A Sexta-Feira Santa nos ensina a n\u00e3o fugir do sofrimento. A permanecer junto \u00e0 cruz dos nossos filhos, do nosso matrim\u00f4nio, da nossa doen\u00e7a, da nossa incerteza profissional.<\/p>\n\n\n\n<p>Nem todo sofrimento deve ser resolvido imediatamente.<br>Alguns devem ser contemplados e oferecidos.<\/p>\n\n\n\n<h3 class=\"wp-block-heading\">2. Redescobrir o valor do jejum<\/h3>\n\n\n\n<p>A aus\u00eancia da Missa \u00e9 o maior jejum lit\u00fargico do ano.<\/p>\n\n\n\n<p>E se aprend\u00eassemos tamb\u00e9m a jejuar do ru\u00eddo digital?<br>Das reclama\u00e7\u00f5es constantes?<br>Do consumo impulsivo?<\/p>\n\n\n\n<p>O jejum cria espa\u00e7o para Deus.<\/p>\n\n\n\n<h3 class=\"wp-block-heading\">3. Compreender o pre\u00e7o da nossa reden\u00e7\u00e3o<\/h3>\n\n\n\n<p>Quando falta a consagra\u00e7\u00e3o, compreendemos o quanto precisamos dela.<\/p>\n\n\n\n<p>Muitos cat\u00f3licos vivem a Missa como algo autom\u00e1tico. A Sexta-Feira Santa nos recorda que a Eucaristia \u00e9 um dom imenso, nascido do lado aberto de Cristo.<\/p>\n\n\n\n<p>Nada nos \u00e9 devido.<br>Tudo nos foi dado.<\/p>\n\n\n\n<hr class=\"wp-block-separator has-alpha-channel-opacity\"\/>\n\n\n\n<h2 class=\"wp-block-heading\">Atualidade: uma Igreja que sabe calar<\/h2>\n\n\n\n<p>Vivemos tempos turbulentos: crise de f\u00e9, seculariza\u00e7\u00e3o, persegui\u00e7\u00e3o cultural, confus\u00e3o doutrinal.<\/p>\n\n\n\n<p>A Sexta-Feira Santa ensina que a Igreja n\u00e3o vence com ru\u00eddo ou estrat\u00e9gias de marketing, mas com fidelidade ao Mist\u00e9rio da Cruz.<\/p>\n\n\n\n<p>O mundo moderno teme o sofrimento.<br>A Igreja o redime.<\/p>\n\n\n\n<p>O mundo procura eliminar a cruz.<br>A Igreja a adora.<\/p>\n\n\n\n<p>Na A\u00e7\u00e3o Lit\u00fargica da Sexta-Feira Santa, a Igreja canta:<br>\u00abEis o lenho da Cruz, do qual pendeu a salva\u00e7\u00e3o do mundo.\u00bb<\/p>\n\n\n\n<p>E o povo responde:<br>\u00abVinde, adoremos.\u00bb<\/p>\n\n\n\n<hr class=\"wp-block-separator has-alpha-channel-opacity\"\/>\n\n\n\n<h2 class=\"wp-block-heading\">O grande sil\u00eancio que salva<\/h2>\n\n\n\n<p>A aus\u00eancia da consagra\u00e7\u00e3o n\u00e3o \u00e9 pobreza.<br>\u00c9 plenitude contemplativa.<\/p>\n\n\n\n<p>Nesse dia, a Igreja universal se cala diante do maior mist\u00e9rio da hist\u00f3ria: o Filho de Deus morto por amor.<\/p>\n\n\n\n<p>E nesse sil\u00eancio aprendemos:<\/p>\n\n\n\n<ul class=\"wp-block-list\">\n<li>Que Deus nem sempre age como esperamos.<\/li>\n\n\n\n<li>Que a aparente derrota pode ser vit\u00f3ria.<\/li>\n\n\n\n<li>Que o verdadeiro amor passa pela entrega de si.<\/li>\n<\/ul>\n\n\n\n<hr class=\"wp-block-separator has-alpha-channel-opacity\"\/>\n\n\n\n<h2 class=\"wp-block-heading\">Conclus\u00e3o: viver a Sexta-Feira Santa todos os dias<\/h2>\n\n\n\n<p>N\u00e3o podemos viver permanentemente na Sexta-Feira Santa.<br>Mas tamb\u00e9m n\u00e3o podemos viver apenas no Domingo da Ressurrei\u00e7\u00e3o.<\/p>\n\n\n\n<p>A vida crist\u00e3 \u00e9 pascal:<br>cruz e gl\u00f3ria,<br>morte e vida,<br>sil\u00eancio e canto.<\/p>\n\n\n\n<p>Cada vez que aceitamos uma dificuldade por amor,<br>cada vez que oferecemos um sofrimento,<br>cada vez que permanecemos fi\u00e9is sem consola\u00e7\u00f5es sens\u00edveis,<br>estamos vivendo algo do esp\u00edrito da Sexta-Feira Santa.<\/p>\n\n\n\n<p>E ent\u00e3o compreendemos que o dia em que nenhum sacerdote pode consagrar n\u00e3o \u00e9 um dia de aus\u00eancia de Deus.<\/p>\n\n\n\n<p>\u00c9 o dia em que Deus d\u00e1 tudo.<\/p>\n\n\n\n<p>Porque desse sil\u00eancio brota a maior esperan\u00e7a da hist\u00f3ria:<br>a Ressurrei\u00e7\u00e3o.<\/p>\n\n\n\n<p>E essa esperan\u00e7a muda tudo.<\/p>\n","protected":false},"excerpt":{"rendered":"<p>Existe um dia no ano em que acontece algo que, \u00e0 primeira vista, parece imposs\u00edvel: nenhum sacerdote, em parte alguma do mundo, pode consagrar a Eucaristia. Num planeta onde todos os dias s\u00e3o celebradas milhares de Missas \u2014 desde as grandes catedrais at\u00e9 \u00e0s capelas mais humildes \u2014 h\u00e1 um momento em que o Sacrif\u00edcio &hellip;<\/p>\n","protected":false},"author":3,"featured_media":4978,"comment_status":"closed","ping_status":"closed","sticky":false,"template":"","format":"standard","meta":{"_seopress_robots_primary_cat":"","_seopress_titles_title":"","_seopress_titles_desc":"","_seopress_robots_index":"","footnotes":""},"categories":[38,52],"tags":[1748],"class_list":["post-4977","post","type-post","status-publish","format-standard","has-post-thumbnail","","category-historia-e-tradicao","category-liturgia-e-ano-liturgico","tag-missa-dos-pre-santificados"],"_links":{"self":[{"href":"https:\/\/catholicus.eu\/pt\/wp-json\/wp\/v2\/posts\/4977","targetHints":{"allow":["GET"]}}],"collection":[{"href":"https:\/\/catholicus.eu\/pt\/wp-json\/wp\/v2\/posts"}],"about":[{"href":"https:\/\/catholicus.eu\/pt\/wp-json\/wp\/v2\/types\/post"}],"author":[{"embeddable":true,"href":"https:\/\/catholicus.eu\/pt\/wp-json\/wp\/v2\/users\/3"}],"replies":[{"embeddable":true,"href":"https:\/\/catholicus.eu\/pt\/wp-json\/wp\/v2\/comments?post=4977"}],"version-history":[{"count":1,"href":"https:\/\/catholicus.eu\/pt\/wp-json\/wp\/v2\/posts\/4977\/revisions"}],"predecessor-version":[{"id":4979,"href":"https:\/\/catholicus.eu\/pt\/wp-json\/wp\/v2\/posts\/4977\/revisions\/4979"}],"wp:featuredmedia":[{"embeddable":true,"href":"https:\/\/catholicus.eu\/pt\/wp-json\/wp\/v2\/media\/4978"}],"wp:attachment":[{"href":"https:\/\/catholicus.eu\/pt\/wp-json\/wp\/v2\/media?parent=4977"}],"wp:term":[{"taxonomy":"category","embeddable":true,"href":"https:\/\/catholicus.eu\/pt\/wp-json\/wp\/v2\/categories?post=4977"},{"taxonomy":"post_tag","embeddable":true,"href":"https:\/\/catholicus.eu\/pt\/wp-json\/wp\/v2\/tags?post=4977"}],"curies":[{"name":"wp","href":"https:\/\/api.w.org\/{rel}","templated":true}]}}