{"id":4971,"date":"2026-02-15T15:41:33","date_gmt":"2026-02-15T14:41:33","guid":{"rendered":"https:\/\/catholicus.eu\/pt\/?p=4971"},"modified":"2026-02-15T15:41:33","modified_gmt":"2026-02-15T14:41:33","slug":"a-proibicao-das-flores-no-altar-as-rigorosas-regras-esteticas-que-davam-sentido-a-quaresma","status":"publish","type":"post","link":"https:\/\/catholicus.eu\/pt\/a-proibicao-das-flores-no-altar-as-rigorosas-regras-esteticas-que-davam-sentido-a-quaresma\/","title":{"rendered":"A proibi\u00e7\u00e3o das flores no altar: as rigorosas regras est\u00e9ticas que davam sentido \u00e0 Quaresma"},"content":{"rendered":"\n<p>Numa cultura habituada \u00e0 cor, ao ru\u00eddo e \u00e0 constante estimula\u00e7\u00e3o visual, pode parecer estranho que a Igreja tenha estabelecido regras t\u00e3o rigorosas sobre algo aparentemente simples como as flores no altar. No entanto, durante s\u00e9culos, a proibi\u00e7\u00e3o \u2014 ou a severa limita\u00e7\u00e3o \u2014 das decora\u00e7\u00f5es florais no altar durante a Quaresma n\u00e3o foi apenas uma norma est\u00e9tica, mas uma profunda pedagogia espiritual.<\/p>\n\n\n\n<p>Esta disciplina lit\u00fargica, longe de ser um formalismo vazio, expressa uma teologia do sacrif\u00edcio, do despojamento e da esperan\u00e7a crist\u00e3. Compreend\u00ea-la permite-nos redescobrir o verdadeiro sentido da Quaresma e a sua imensa riqueza espiritual para o crente de hoje.<\/p>\n\n\n\n<hr class=\"wp-block-separator has-alpha-channel-opacity\"\/>\n\n\n\n<h1 class=\"wp-block-heading\">A linguagem espiritual da beleza na liturgia<\/h1>\n\n\n\n<p>A liturgia nunca considerou a beleza como algo secund\u00e1rio. Na tradi\u00e7\u00e3o da Igreja Cat\u00f3lica, a arte, a arquitetura, a m\u00fasica e a ornamenta\u00e7\u00e3o fazem parte da linguagem por meio da qual o mist\u00e9rio de Deus \u00e9 comunicado.<\/p>\n\n\n\n<p>O templo ensina.<br>As cores falam.<br>O sil\u00eancio prega.<\/p>\n\n\n\n<p>Por essa raz\u00e3o, at\u00e9 mesmo a aus\u00eancia de beleza vis\u00edvel pode ter um significado teol\u00f3gico.<\/p>\n\n\n\n<p>No calend\u00e1rio lit\u00fargico, a Igreja utiliza sinais sens\u00edveis \u2014 cores, m\u00fasica, imagens, flores \u2014 para guiar interiormente os fi\u00e9is ao longo do caminho espiritual do ano crist\u00e3o. A austeridade quaresmal n\u00e3o \u00e9 uma priva\u00e7\u00e3o arbitr\u00e1ria: \u00e9 uma catequese vis\u00edvel sobre a convers\u00e3o.<\/p>\n\n\n\n<hr class=\"wp-block-separator has-alpha-channel-opacity\"\/>\n\n\n\n<h1 class=\"wp-block-heading\">A Quaresma: tempo de despojamento e penit\u00eancia<\/h1>\n\n\n\n<p>A Quaresma surgiu nos primeiros s\u00e9culos do cristianismo como prepara\u00e7\u00e3o para a P\u00e1scoa. Inspirada nos quarenta dias de jejum de Cristo no deserto, tornou-se um tempo de purifica\u00e7\u00e3o interior.<\/p>\n\n\n\n<p>O Evangelho revela o sentido profundo deste per\u00edodo:<\/p>\n\n\n\n<blockquote class=\"wp-block-quote is-layout-flow wp-block-quote-is-layout-flow\">\n<p>\u201cJesus foi conduzido pelo Esp\u00edrito ao deserto para ser tentado pelo diabo. Depois de jejuar quarenta dias e quarenta noites, teve fome\u201d (Mt 4,1\u20132).<\/p>\n<\/blockquote>\n\n\n\n<p>O deserto b\u00edblico \u00e9 o lugar do encontro com Deus, mas tamb\u00e9m do vazio, do sil\u00eancio e do despojamento. A Igreja reproduz simbolicamente esta experi\u00eancia atrav\u00e9s de:<\/p>\n\n\n\n<ul class=\"wp-block-list\">\n<li>o jejum e a abstin\u00eancia<\/li>\n\n\n\n<li>a redu\u00e7\u00e3o da solenidade lit\u00fargica<\/li>\n\n\n\n<li>o sil\u00eancio musical (como a aus\u00eancia do Gl\u00f3ria)<\/li>\n\n\n\n<li>a austeridade visual na igreja<\/li>\n<\/ul>\n\n\n\n<p>\u00c9 neste contexto que surge a limita\u00e7\u00e3o do uso de flores.<\/p>\n\n\n\n<hr class=\"wp-block-separator has-alpha-channel-opacity\"\/>\n\n\n\n<h1 class=\"wp-block-heading\">Origem hist\u00f3rica da proibi\u00e7\u00e3o das flores no altar<\/h1>\n\n\n\n<h2 class=\"wp-block-heading\">A disciplina na tradi\u00e7\u00e3o lit\u00fargica<\/h2>\n\n\n\n<p>Desde os primeiros tempos do cristianismo, o culto quaresmal caracterizou-se por uma grande sobriedade. Embora as normas concretas tenham sido desenvolvidas gradualmente, o princ\u00edpio era claro: reduzir toda manifesta\u00e7\u00e3o de alegria festiva.<\/p>\n\n\n\n<p>Na Idade M\u00e9dia consolidou-se a pr\u00e1tica de eliminar as decora\u00e7\u00f5es sup\u00e9rfluas durante a Quaresma, entre elas:<\/p>\n\n\n\n<ul class=\"wp-block-list\">\n<li>flores no altar<\/li>\n\n\n\n<li>decora\u00e7\u00f5es abundantes<\/li>\n\n\n\n<li>uso exuberante de instrumentos musicais<\/li>\n\n\n\n<li>ornamenta\u00e7\u00e3o excessiva<\/li>\n<\/ul>\n\n\n\n<p>Esta tradi\u00e7\u00e3o foi posteriormente refletida e sistematizada na disciplina lit\u00fargica romana, especialmente ap\u00f3s as reformas promovidas pelo Conc\u00edlio de Trento, que enfatizou o car\u00e1ter pedag\u00f3gico e doutrinal dos sinais lit\u00fargicos.<\/p>\n\n\n\n<hr class=\"wp-block-separator has-alpha-channel-opacity\"\/>\n\n\n\n<h2 class=\"wp-block-heading\">A norma lit\u00fargica atual<\/h2>\n\n\n\n<p>Hoje esta disciplina permanece em vigor, ainda que expressa de forma mais matizada na Instru\u00e7\u00e3o Geral do Missal Romano, que estabelece:<\/p>\n\n\n\n<ul class=\"wp-block-list\">\n<li>Durante a Quaresma, a decora\u00e7\u00e3o do altar com flores \u00e9 permitida <strong>apenas com modera\u00e7\u00e3o<\/strong>.<\/li>\n\n\n\n<li>Deve-se evitar qualquer apar\u00eancia festiva.<\/li>\n\n\n\n<li>S\u00e3o permitidas exce\u00e7\u00f5es nas solenidades, nas festas e no IV Domingo da Quaresma (Laetare).<\/li>\n<\/ul>\n\n\n\n<p>A norma n\u00e3o pretende eliminar a beleza, mas adapt\u00e1-la ao esp\u00edrito penitencial.<\/p>\n\n\n\n<hr class=\"wp-block-separator has-alpha-channel-opacity\"\/>\n\n\n\n<h1 class=\"wp-block-heading\">Por que a Igreja limita as flores? Um profundo significado teol\u00f3gico<\/h1>\n\n\n\n<h2 class=\"wp-block-heading\">1. A pedagogia do vazio<\/h2>\n\n\n\n<p>O ser humano aprecia plenamente a luz somente depois de experimentar a escurid\u00e3o.<\/p>\n\n\n\n<p>A Igreja cria deliberadamente um contraste:<\/p>\n\n\n\n<ul class=\"wp-block-list\">\n<li>Natal \u2192 abund\u00e2ncia e alegria vis\u00edvel<\/li>\n\n\n\n<li>P\u00e1scoa \u2192 explos\u00e3o de vida<\/li>\n\n\n\n<li>Quaresma \u2192 despojamento e espera<\/li>\n<\/ul>\n\n\n\n<p>A aus\u00eancia de flores cria uma experi\u00eancia espiritual concreta:<\/p>\n\n\n\n<ul class=\"wp-block-list\">\n<li>o altar aparece mais austero<\/li>\n\n\n\n<li>a igreja parece mais s\u00f3bria<\/li>\n\n\n\n<li>a atmosfera convida \u00e0 interioridade<\/li>\n<\/ul>\n\n\n\n<p>Este \u201cvazio\u201d exterior conduz ao exame interior.<\/p>\n\n\n\n<hr class=\"wp-block-separator has-alpha-channel-opacity\"\/>\n\n\n\n<h2 class=\"wp-block-heading\">2. Penit\u00eancia vis\u00edvel<\/h2>\n\n\n\n<p>A Quaresma n\u00e3o \u00e9 apenas uma atitude interior invis\u00edvel; a tradi\u00e7\u00e3o crist\u00e3 sempre valorizou os sinais externos de penit\u00eancia:<\/p>\n\n\n\n<ul class=\"wp-block-list\">\n<li>o jejum corporal<\/li>\n\n\n\n<li>as cinzas<\/li>\n\n\n\n<li>a cor roxa<\/li>\n\n\n\n<li>a sobriedade lit\u00fargica<\/li>\n<\/ul>\n\n\n\n<p>A aus\u00eancia de flores recorda que o crist\u00e3o \u00e9 chamado a uma convers\u00e3o real, n\u00e3o apenas simb\u00f3lica.<\/p>\n\n\n\n<p>Como ensina o profeta:<\/p>\n\n\n\n<blockquote class=\"wp-block-quote is-layout-flow wp-block-quote-is-layout-flow\">\n<p>\u201cRasgai os vossos cora\u00e7\u00f5es e n\u00e3o as vossas vestes\u201d (Jl 2,13).<\/p>\n<\/blockquote>\n\n\n\n<p>O templo austero convida a rasgar o cora\u00e7\u00e3o.<\/p>\n\n\n\n<hr class=\"wp-block-separator has-alpha-channel-opacity\"\/>\n\n\n\n<h2 class=\"wp-block-heading\">3. A espera da P\u00e1scoa<\/h2>\n\n\n\n<p>A austeridade prepara a alegria.<\/p>\n\n\n\n<p>Sem uma Quaresma intensa, a P\u00e1scoa perde a sua for\u00e7a.<\/p>\n\n\n\n<p>Quando, na Vig\u00edlia Pascal, a igreja se enche de luz, flores e m\u00fasica, o contraste expressa visivelmente a vit\u00f3ria de Cristo sobre a morte. A priva\u00e7\u00e3o anterior torna plenamente significativa a experi\u00eancia da Ressurrei\u00e7\u00e3o.<\/p>\n\n\n\n<hr class=\"wp-block-separator has-alpha-channel-opacity\"\/>\n\n\n\n<h2 class=\"wp-block-heading\">4. Desapego do superficial<\/h2>\n\n\n\n<p>A proibi\u00e7\u00e3o da ornamenta\u00e7\u00e3o recorda que a f\u00e9 crist\u00e3 n\u00e3o se baseia na est\u00e9tica, mas na Cruz.<\/p>\n\n\n\n<p>O cristianismo n\u00e3o evita o sofrimento nem o disfar\u00e7a. Ele passa atrav\u00e9s dele.<\/p>\n\n\n\n<p>A liturgia quaresmal educa o crente para:<\/p>\n\n\n\n<ul class=\"wp-block-list\">\n<li>a sobriedade interior<\/li>\n\n\n\n<li>a liberdade em rela\u00e7\u00e3o ao consumismo<\/li>\n\n\n\n<li>o desapego do ornamental<\/li>\n\n\n\n<li>a busca do essencial<\/li>\n<\/ul>\n\n\n\n<p>Uma mensagem extraordinariamente atual numa cultura dominada pela apar\u00eancia.<\/p>\n\n\n\n<hr class=\"wp-block-separator has-alpha-channel-opacity\"\/>\n\n\n\n<h1 class=\"wp-block-heading\">A espiritualidade do deserto aplicada ao homem moderno<\/h1>\n\n\n\n<p>A tradi\u00e7\u00e3o quaresmal possui enorme relev\u00e2ncia hoje.<\/p>\n\n\n\n<p>Vivemos numa sociedade marcada por:<\/p>\n\n\n\n<ul class=\"wp-block-list\">\n<li>hiperconsumo<\/li>\n\n\n\n<li>sobre-estimula\u00e7\u00e3o digital<\/li>\n\n\n\n<li>excesso de ru\u00eddo<\/li>\n\n\n\n<li>medo do sil\u00eancio<\/li>\n\n\n\n<li>rejei\u00e7\u00e3o do sacrif\u00edcio<\/li>\n<\/ul>\n\n\n\n<p>A austeridade lit\u00fargica responde de modo prof\u00e9tico a esta realidade.<\/p>\n\n\n\n<p>A aus\u00eancia de flores recorda-nos que a alma necessita de sil\u00eancio, espa\u00e7o e purifica\u00e7\u00e3o para encontrar Deus.<\/p>\n\n\n\n<hr class=\"wp-block-separator has-alpha-channel-opacity\"\/>\n\n\n\n<h1 class=\"wp-block-heading\">O significado simb\u00f3lico das flores na tradi\u00e7\u00e3o crist\u00e3<\/h1>\n\n\n\n<p>Para compreender melhor a proibi\u00e7\u00e3o, devemos entender o significado positivo das flores na liturgia.<\/p>\n\n\n\n<p>As flores simbolizam:<\/p>\n\n\n\n<ul class=\"wp-block-list\">\n<li>vida nova<\/li>\n\n\n\n<li>alegria espiritual<\/li>\n\n\n\n<li>a gl\u00f3ria de Deus<\/li>\n\n\n\n<li>a beleza da cria\u00e7\u00e3o<\/li>\n\n\n\n<li>a Ressurrei\u00e7\u00e3o<\/li>\n<\/ul>\n\n\n\n<p>Por isso, a sua aus\u00eancia durante a Quaresma n\u00e3o \u00e9 desprezo, mas espera.<\/p>\n\n\n\n<p>As flores regressam com for\u00e7a na P\u00e1scoa como sinal vis\u00edvel da vit\u00f3ria de Cristo.<\/p>\n\n\n\n<hr class=\"wp-block-separator has-alpha-channel-opacity\"\/>\n\n\n\n<h1 class=\"wp-block-heading\">O Domingo Laetare: uma pausa na austeridade<\/h1>\n\n\n\n<p>No meio da Quaresma surge um momento particular: o quarto domingo, chamado \u201cLaetare\u201d (\u201cAlegra-te\u201d).<\/p>\n\n\n\n<p>Nesse dia:<\/p>\n\n\n\n<ul class=\"wp-block-list\">\n<li>as flores podem ser utilizadas com maior liberdade<\/li>\n\n\n\n<li>pode-se usar a cor rosa<\/li>\n\n\n\n<li>antecipa-se a alegria pascal<\/li>\n<\/ul>\n\n\n\n<p>Esta pausa na penit\u00eancia revela o equil\u00edbrio da espiritualidade crist\u00e3: a penit\u00eancia nunca \u00e9 desespero, mas esperan\u00e7a.<\/p>\n\n\n\n<hr class=\"wp-block-separator has-alpha-channel-opacity\"\/>\n\n\n\n<h1 class=\"wp-block-heading\">A est\u00e9tica quaresmal como escola espiritual<\/h1>\n\n\n\n<p>A tradi\u00e7\u00e3o cat\u00f3lica compreende que o corpo educa a alma. O vis\u00edvel transforma o invis\u00edvel.<\/p>\n\n\n\n<p>A austeridade da igreja ensina o crente a:<\/p>\n\n\n\n<h3 class=\"wp-block-heading\">1. Praticar o sacrif\u00edcio<\/h3>\n\n\n\n<p>Renunciar ao sup\u00e9rfluo.<\/p>\n\n\n\n<h3 class=\"wp-block-heading\">2. Redescobrir o sil\u00eancio<\/h3>\n\n\n\n<p>Escutar Deus.<\/p>\n\n\n\n<h3 class=\"wp-block-heading\">3. Valorizar a beleza aut\u00eantica<\/h3>\n\n\n\n<p>N\u00e3o a apar\u00eancia superficial.<\/p>\n\n\n\n<h3 class=\"wp-block-heading\">4. Preparar-se para a Ressurrei\u00e7\u00e3o<\/h3>\n\n\n\n<p>Passar pela Cruz.<\/p>\n\n\n\n<hr class=\"wp-block-separator has-alpha-channel-opacity\"\/>\n\n\n\n<h1 class=\"wp-block-heading\">Aplica\u00e7\u00f5es pr\u00e1ticas para o crente de hoje<\/h1>\n\n\n\n<p>Esta antiga norma lit\u00fargica oferece ensinamentos muito concretos para a vida quotidiana.<\/p>\n\n\n\n<h2 class=\"wp-block-heading\">Praticar a \u201cest\u00e9tica quaresmal\u201d em casa<\/h2>\n\n\n\n<ul class=\"wp-block-list\">\n<li>reduzir decora\u00e7\u00f5es sup\u00e9rfluas<\/li>\n\n\n\n<li>simplificar os espa\u00e7os de vida<\/li>\n\n\n\n<li>evitar o excesso visual<\/li>\n\n\n\n<li>criar lugares de ora\u00e7\u00e3o s\u00f3brios<\/li>\n<\/ul>\n\n\n\n<p>O ambiente influencia o esp\u00edrito.<\/p>\n\n\n\n<hr class=\"wp-block-separator has-alpha-channel-opacity\"\/>\n\n\n\n<h2 class=\"wp-block-heading\">Praticar um jejum de est\u00edmulos<\/h2>\n\n\n\n<p>Assim como a igreja reduz a ornamenta\u00e7\u00e3o, o crist\u00e3o pode:<\/p>\n\n\n\n<ul class=\"wp-block-list\">\n<li>limitar as redes sociais<\/li>\n\n\n\n<li>reduzir o entretenimento excessivo<\/li>\n\n\n\n<li>cultivar o sil\u00eancio<\/li>\n\n\n\n<li>praticar a sobriedade no consumo<\/li>\n<\/ul>\n\n\n\n<p>Isto reproduz o esp\u00edrito da Quaresma.<\/p>\n\n\n\n<hr class=\"wp-block-separator has-alpha-channel-opacity\"\/>\n\n\n\n<h2 class=\"wp-block-heading\">Redescobrir o sentido do sacrif\u00edcio<\/h2>\n\n\n\n<p>A austeridade do altar recorda que o verdadeiro amor implica ren\u00fancia. Numa cultura que foge do sacrif\u00edcio, esta pedagogia \u00e9 revolucion\u00e1ria.<\/p>\n\n\n\n<hr class=\"wp-block-separator has-alpha-channel-opacity\"\/>\n\n\n\n<h1 class=\"wp-block-heading\">Redescobrir a sabedoria da tradi\u00e7\u00e3o<\/h1>\n\n\n\n<p>Muitos cat\u00f3licos contempor\u00e2neos consideram estas normas como detalhes secund\u00e1rios ou meras formalidades est\u00e9ticas. Contudo, a tradi\u00e7\u00e3o lit\u00fargica cont\u00e9m uma profunda sabedoria antropol\u00f3gica e espiritual.<\/p>\n\n\n\n<p>A Igreja compreende que o ser humano necessita de:<\/p>\n\n\n\n<ul class=\"wp-block-list\">\n<li>sinais vis\u00edveis<\/li>\n\n\n\n<li>ritmos sagrados<\/li>\n\n\n\n<li>experi\u00eancias corporais<\/li>\n\n\n\n<li>pedagogia simb\u00f3lica<\/li>\n<\/ul>\n\n\n\n<p>A proibi\u00e7\u00e3o das flores n\u00e3o \u00e9 uma restri\u00e7\u00e3o, mas um guia para a convers\u00e3o.<\/p>\n\n\n\n<hr class=\"wp-block-separator has-alpha-channel-opacity\"\/>\n\n\n\n<h1 class=\"wp-block-heading\">O paradoxo crist\u00e3o: a beleza do despojamento<\/h1>\n\n\n\n<p>O cristianismo revela uma verdade surpreendente: existe beleza na pobreza, no sil\u00eancio e no sacrif\u00edcio.<\/p>\n\n\n\n<p>A Cruz \u2014 o maior sinal de sofrimento \u2014 torna-se o maior sinal de amor.<\/p>\n\n\n\n<p>A austeridade quaresmal, expressa at\u00e9 em algo t\u00e3o simples como a aus\u00eancia de flores, proclama este paradoxo: somente quem se esvazia pode ser preenchido por Deus.<\/p>\n\n\n\n<hr class=\"wp-block-separator has-alpha-channel-opacity\"\/>\n\n\n\n<h1 class=\"wp-block-heading\">Conclus\u00e3o: quando a liturgia educa o cora\u00e7\u00e3o<\/h1>\n\n\n\n<p>A proibi\u00e7\u00e3o ou modera\u00e7\u00e3o das flores no altar durante a Quaresma n\u00e3o \u00e9 uma regra est\u00e9tica insignificante, mas uma profunda escola espiritual que ensina:<\/p>\n\n\n\n<ul class=\"wp-block-list\">\n<li>convers\u00e3o<\/li>\n\n\n\n<li>penit\u00eancia<\/li>\n\n\n\n<li>esperan\u00e7a<\/li>\n\n\n\n<li>desapego<\/li>\n\n\n\n<li>prepara\u00e7\u00e3o para a P\u00e1scoa<\/li>\n<\/ul>\n\n\n\n<p>Num mundo saturado de est\u00edmulos, esta antiga disciplina oferece um urgente rem\u00e9dio espiritual: redescobrir o valor do sil\u00eancio, do sacrif\u00edcio e da espera.<\/p>\n\n\n\n<p>Quando compreendemos estes sinais, a liturgia deixa de ser um conjunto de regras e torna-se um caminho de transforma\u00e7\u00e3o interior.<\/p>\n\n\n\n<p>E ent\u00e3o descobrimos o verdadeiro sentido da Quaresma: esvaziar o cora\u00e7\u00e3o para que Cristo o encha de vida nova.<\/p>\n","protected":false},"excerpt":{"rendered":"<p>Numa cultura habituada \u00e0 cor, ao ru\u00eddo e \u00e0 constante estimula\u00e7\u00e3o visual, pode parecer estranho que a Igreja tenha estabelecido regras t\u00e3o rigorosas sobre algo aparentemente simples como as flores no altar. No entanto, durante s\u00e9culos, a proibi\u00e7\u00e3o \u2014 ou a severa limita\u00e7\u00e3o \u2014 das decora\u00e7\u00f5es florais no altar durante a Quaresma n\u00e3o foi apenas &hellip;<\/p>\n","protected":false},"author":3,"featured_media":4972,"comment_status":"closed","ping_status":"closed","sticky":false,"template":"","format":"standard","meta":{"_seopress_robots_primary_cat":"","_seopress_titles_title":"","_seopress_titles_desc":"","_seopress_robots_index":"","footnotes":""},"categories":[38,52],"tags":[612],"class_list":["post-4971","post","type-post","status-publish","format-standard","has-post-thumbnail","","category-historia-e-tradicao","category-liturgia-e-ano-liturgico","tag-quaresma"],"_links":{"self":[{"href":"https:\/\/catholicus.eu\/pt\/wp-json\/wp\/v2\/posts\/4971","targetHints":{"allow":["GET"]}}],"collection":[{"href":"https:\/\/catholicus.eu\/pt\/wp-json\/wp\/v2\/posts"}],"about":[{"href":"https:\/\/catholicus.eu\/pt\/wp-json\/wp\/v2\/types\/post"}],"author":[{"embeddable":true,"href":"https:\/\/catholicus.eu\/pt\/wp-json\/wp\/v2\/users\/3"}],"replies":[{"embeddable":true,"href":"https:\/\/catholicus.eu\/pt\/wp-json\/wp\/v2\/comments?post=4971"}],"version-history":[{"count":1,"href":"https:\/\/catholicus.eu\/pt\/wp-json\/wp\/v2\/posts\/4971\/revisions"}],"predecessor-version":[{"id":4973,"href":"https:\/\/catholicus.eu\/pt\/wp-json\/wp\/v2\/posts\/4971\/revisions\/4973"}],"wp:featuredmedia":[{"embeddable":true,"href":"https:\/\/catholicus.eu\/pt\/wp-json\/wp\/v2\/media\/4972"}],"wp:attachment":[{"href":"https:\/\/catholicus.eu\/pt\/wp-json\/wp\/v2\/media?parent=4971"}],"wp:term":[{"taxonomy":"category","embeddable":true,"href":"https:\/\/catholicus.eu\/pt\/wp-json\/wp\/v2\/categories?post=4971"},{"taxonomy":"post_tag","embeddable":true,"href":"https:\/\/catholicus.eu\/pt\/wp-json\/wp\/v2\/tags?post=4971"}],"curies":[{"name":"wp","href":"https:\/\/api.w.org\/{rel}","templated":true}]}}