{"id":4915,"date":"2026-02-08T08:51:37","date_gmt":"2026-02-08T07:51:37","guid":{"rendered":"https:\/\/catholicus.eu\/pt\/?p=4915"},"modified":"2026-02-08T08:51:37","modified_gmt":"2026-02-08T07:51:37","slug":"tenho-outras-ovelhas-que-nao-sao-deste-redil-jesus-nao-foi-enviado-apenas-aos-filhos-de-israel","status":"publish","type":"post","link":"https:\/\/catholicus.eu\/pt\/tenho-outras-ovelhas-que-nao-sao-deste-redil-jesus-nao-foi-enviado-apenas-aos-filhos-de-israel\/","title":{"rendered":"\u00abTenho outras ovelhas que n\u00e3o s\u00e3o deste redil\u00bb: Jesus n\u00e3o foi enviado apenas aos filhos de Israel"},"content":{"rendered":"\n<p><strong>Uma verdade que rompe fronteiras, derruba muros religiosos e continua a interpelar a Igreja hoje<\/strong><\/p>\n\n\n\n<hr class=\"wp-block-separator has-alpha-channel-opacity\"\/>\n\n\n\n<h2 class=\"wp-block-heading\">Introdu\u00e7\u00e3o: Jesus era apenas para Israel?<\/h2>\n\n\n\n<p>Uma das ideias mais repetidas \u2014 e ao mesmo tempo mais mal compreendidas \u2014 na leitura do Evangelho \u00e9 esta: <em>Jesus teria vindo apenas para os judeus<\/em>. \u00c9 verdade que Ele nasceu no seio do povo de Israel, que pregou principalmente na Galileia e na Judeia, e que a sua miss\u00e3o hist\u00f3rica come\u00e7ou \u201cem casa\u201d. Mas reduzir a obra de Cristo a um projeto \u00e9tnico, cultural ou meramente temporal \u00e9 n\u00e3o ter compreendido o cora\u00e7\u00e3o do Evangelho.<\/p>\n\n\n\n<p>Jesus <strong>n\u00e3o foi enviado apenas aos filhos de Israel do seu tempo<\/strong>. Desde o in\u00edcio, a sua miss\u00e3o teve uma <strong>dimens\u00e3o universal<\/strong>, embora se tenha desenvolvido de modo pedag\u00f3gico e progressivo. Esta verdade encontra uma das suas express\u00f5es mais claras e luminosas em <strong>Jo\u00e3o 10,16<\/strong>, quando o pr\u00f3prio Senhor declara:<\/p>\n\n\n\n<blockquote class=\"wp-block-quote is-layout-flow wp-block-quote-is-layout-flow\">\n<p><strong>\u00abTenho outras ovelhas que n\u00e3o s\u00e3o deste redil; tamb\u00e9m a essas devo conduzir; elas ouvir\u00e3o a minha voz e haver\u00e1 um s\u00f3 rebanho e um s\u00f3 pastor\u00bb.<\/strong> (Jo 10,16)<\/p>\n<\/blockquote>\n\n\n\n<p>Estas palavras n\u00e3o s\u00e3o uma met\u00e1fora secund\u00e1ria. S\u00e3o uma <strong>chave teol\u00f3gica<\/strong>, uma profecia e um roteiro para a Igreja de todos os tempos.<\/p>\n\n\n\n<hr class=\"wp-block-separator has-alpha-channel-opacity\"\/>\n\n\n\n<h2 class=\"wp-block-heading\">1. O contexto hist\u00f3rico: Israel como ponto de partida, n\u00e3o como limite<\/h2>\n\n\n\n<h3 class=\"wp-block-heading\">A elei\u00e7\u00e3o de Israel: um meio, n\u00e3o um fim<\/h3>\n\n\n\n<p>Deus escolheu Israel n\u00e3o por exclusivismo, mas para a <strong>miss\u00e3o<\/strong>. J\u00e1 no Antigo Testamento, a elei\u00e7\u00e3o de Abra\u00e3o possui um horizonte universal:<\/p>\n\n\n\n<blockquote class=\"wp-block-quote is-layout-flow wp-block-quote-is-layout-flow\">\n<p><strong>\u00abEm ti ser\u00e3o aben\u00e7oadas todas as na\u00e7\u00f5es da terra\u00bb.<\/strong> (Gn 12,3)<\/p>\n<\/blockquote>\n\n\n\n<p>Israel \u00e9 o <strong>instrumento<\/strong>, n\u00e3o o destino final. \u00c9 o povo sacerdotal chamado a preparar a vinda do Messias que <strong>salvaria a todos<\/strong>, judeus e gentios.<\/p>\n\n\n\n<p>Quando Jesus afirma em Mateus 15,24:<\/p>\n\n\n\n<blockquote class=\"wp-block-quote is-layout-flow wp-block-quote-is-layout-flow\">\n<p><strong>\u00abN\u00e3o fui enviado sen\u00e3o \u00e0s ovelhas perdidas da casa de Israel\u00bb<\/strong>,<br>Ele n\u00e3o nega a universalidade da sua miss\u00e3o, mas <strong>assinala a ordem do plano salv\u00edfico<\/strong>: primeiro a promessa, depois a sua expans\u00e3o para o mundo inteiro.<\/p>\n<\/blockquote>\n\n\n\n<hr class=\"wp-block-separator has-alpha-channel-opacity\"\/>\n\n\n\n<h2 class=\"wp-block-heading\">2. Jo\u00e3o 10: o Bom Pastor e o horizonte universal<\/h2>\n\n\n\n<h3 class=\"wp-block-heading\">\u00abEste redil\u00bb e \u00aboutras ovelhas\u00bb<\/h3>\n\n\n\n<p>Em Jo\u00e3o 10, Jesus apresenta-Se como o <strong>Bom Pastor<\/strong>, imagem profundamente enraizada no Antigo Testamento (Ezequiel 34; Salmo 23). O \u00abredil\u00bb imediato \u00e9 Israel. Mas Jesus introduz uma afirma\u00e7\u00e3o revolucion\u00e1ria:<\/p>\n\n\n\n<blockquote class=\"wp-block-quote is-layout-flow wp-block-quote-is-layout-flow\">\n<p><strong>\u00abTenho outras ovelhas que n\u00e3o s\u00e3o deste redil\u00bb.<\/strong><\/p>\n<\/blockquote>\n\n\n\n<p>Estas \u00aboutras ovelhas\u00bb s\u00e3o <strong>os gentios<\/strong>, as na\u00e7\u00f5es que n\u00e3o pertenciam \u00e0 Alian\u00e7a mosaica. Cristo afirma algo decisivo:<\/p>\n\n\n\n<ul class=\"wp-block-list\">\n<li><strong>Tamb\u00e9m Lhe pertencem<\/strong><\/li>\n\n\n\n<li><strong>Tamb\u00e9m ser\u00e3o chamadas<\/strong><\/li>\n\n\n\n<li><strong>Tamb\u00e9m ouvir\u00e3o a sua voz<\/strong><\/li>\n\n\n\n<li><strong>Tamb\u00e9m far\u00e3o parte do \u00fanico rebanho<\/strong><\/li>\n<\/ul>\n\n\n\n<p>N\u00e3o haver\u00e1 duas Igrejas, nem dois caminhos de salva\u00e7\u00e3o.<br>Haver\u00e1 <strong>um s\u00f3 Pastor e um s\u00f3 rebanho<\/strong>.<\/p>\n\n\n\n<hr class=\"wp-block-separator has-alpha-channel-opacity\"\/>\n\n\n\n<h2 class=\"wp-block-heading\">3. Jesus j\u00e1 agia com mentalidade universal<\/h2>\n\n\n\n<p>Embora a sua prega\u00e7\u00e3o se tenha centrado em Israel, os Evangelhos est\u00e3o repletos de <strong>sinais claros de abertura universal<\/strong>:<\/p>\n\n\n\n<ul class=\"wp-block-list\">\n<li>A cura do servo do centuri\u00e3o romano (Mt 8,5\u201313)<\/li>\n\n\n\n<li>O di\u00e1logo com a samaritana (Jo 4), mulher, estrangeira e considerada herege<\/li>\n\n\n\n<li>A f\u00e9 da cananeia (Mt 15,21\u201328), que Jesus apresenta como exemplo<\/li>\n\n\n\n<li>A par\u00e1bola do Bom Samaritano<\/li>\n\n\n\n<li>A adora\u00e7\u00e3o dos Magos \u2014 gentios \u2014 logo no in\u00edcio do Evangelho<\/li>\n<\/ul>\n\n\n\n<p>Jesus <strong>rompe esquemas religiosos<\/strong>, n\u00e3o para relativizar a verdade, mas para <strong>mostrar que a salva\u00e7\u00e3o n\u00e3o \u00e9 propriedade de um grupo<\/strong>, mas dom para todos.<\/p>\n\n\n\n<hr class=\"wp-block-separator has-alpha-channel-opacity\"\/>\n\n\n\n<h2 class=\"wp-block-heading\">4. A Cruz e a Ressurrei\u00e7\u00e3o: o ponto de viragem universal<\/h2>\n\n\n\n<p>\u00c9 ap\u00f3s o Mist\u00e9rio Pascal que esta verdade se manifesta plenamente. O mandato final \u00e9 inequ\u00edvoco:<\/p>\n\n\n\n<blockquote class=\"wp-block-quote is-layout-flow wp-block-quote-is-layout-flow\">\n<p><strong>\u00abIde, portanto, e fazei disc\u00edpulos de todas as na\u00e7\u00f5es\u00bb.<\/strong> (Mt 28,19)<\/p>\n<\/blockquote>\n\n\n\n<p>A Cruz derruba o muro que separava judeus e gentios (cf. Ef 2,14).<br>A Igreja nasce <strong>cat\u00f3lica<\/strong>, isto \u00e9, <strong>universal<\/strong>.<\/p>\n\n\n\n<p>S\u00e3o Paulo exprime-o com clareza absoluta:<\/p>\n\n\n\n<blockquote class=\"wp-block-quote is-layout-flow wp-block-quote-is-layout-flow\">\n<p><strong>\u00abJ\u00e1 n\u00e3o h\u00e1 judeu nem grego, escravo nem livre\u2026 todos sois um em Cristo Jesus\u00bb.<\/strong> (Gl 3,28)<\/p>\n<\/blockquote>\n\n\n\n<hr class=\"wp-block-separator has-alpha-channel-opacity\"\/>\n\n\n\n<h2 class=\"wp-block-heading\">5. Relev\u00e2ncia teol\u00f3gica hoje: Cristo n\u00e3o pertence a nenhum grupo<\/h2>\n\n\n\n<h3 class=\"wp-block-heading\">Contra o exclusivismo religioso<\/h3>\n\n\n\n<p>Jo\u00e3o 10,16 protege-nos de uma tenta\u00e7\u00e3o sempre presente:<br>pensar que <strong>Cristo pertence apenas \u201caos nossos\u201d<\/strong>.<\/p>\n\n\n\n<ul class=\"wp-block-list\">\n<li>A um grupo<\/li>\n\n\n\n<li>A uma sensibilidade<\/li>\n\n\n\n<li>A uma tradi\u00e7\u00e3o mal compreendida<\/li>\n\n\n\n<li>A uma identidade fechada<\/li>\n<\/ul>\n\n\n\n<p>Cristo <strong>n\u00e3o se dilui<\/strong>, mas tamb\u00e9m n\u00e3o se encerra.<br>A verdade n\u00e3o se negocia, mas <strong>oferece-se a todos<\/strong>.<\/p>\n\n\n\n<p>A Igreja guarda fielmente o dep\u00f3sito da f\u00e9, mas f\u00e1-lo <strong>para o mundo<\/strong>, n\u00e3o contra ele.<\/p>\n\n\n\n<hr class=\"wp-block-separator has-alpha-channel-opacity\"\/>\n\n\n\n<h2 class=\"wp-block-heading\">6. Guia pr\u00e1tica teol\u00f3gica e pastoral<\/h2>\n\n\n\n<p><strong>Como viver Jo\u00e3o 10,16 hoje<\/strong><\/p>\n\n\n\n<h3 class=\"wp-block-heading\">1. Escutar a voz do \u00fanico Pastor<\/h3>\n\n\n\n<p>Antes de nos preocuparmos com as \u00aboutras ovelhas\u00bb, devemos perguntar-nos:<\/p>\n\n\n\n<ul class=\"wp-block-list\">\n<li>Reconhe\u00e7o verdadeiramente a voz de Cristo?<\/li>\n\n\n\n<li>Ou sigo vozes ideol\u00f3gicas, emocionais ou culturais?<\/li>\n<\/ul>\n\n\n\n<p>\ud83d\udc49 <strong>Pr\u00e1tica<\/strong>: leitura di\u00e1ria do Evangelho e exame de consci\u00eancia \u00e0 luz da Palavra.<\/p>\n\n\n\n<hr class=\"wp-block-separator has-alpha-channel-opacity\"\/>\n\n\n\n<h3 class=\"wp-block-heading\">2. Evitar o orgulho espiritual<\/h3>\n\n\n\n<p>Pertencer ao \u00abredil\u00bb vis\u00edvel n\u00e3o garante fidelidade interior.<\/p>\n\n\n\n<p>\ud83d\udc49 <strong>Pr\u00e1tica<\/strong>: cultivar a humildade sacramental \u2014 confiss\u00e3o frequente, consci\u00eancia de que a f\u00e9 \u00e9 gra\u00e7a e n\u00e3o m\u00e9rito.<\/p>\n\n\n\n<hr class=\"wp-block-separator has-alpha-channel-opacity\"\/>\n\n\n\n<h3 class=\"wp-block-heading\">3. Acolher sem relativizar<\/h3>\n\n\n\n<p>Cristo chama todos, mas <strong>n\u00e3o elimina a verdade para o fazer<\/strong>.<\/p>\n\n\n\n<p>\ud83d\udc49 <strong>Pr\u00e1tica pastoral<\/strong>:<\/p>\n\n\n\n<ul class=\"wp-block-list\">\n<li>Acolher as pessoas, n\u00e3o justificar os erros<\/li>\n\n\n\n<li>Amar o pecador, n\u00e3o aben\u00e7oar o pecado<\/li>\n\n\n\n<li>Testemunhar com caridade e clareza<\/li>\n<\/ul>\n\n\n\n<hr class=\"wp-block-separator has-alpha-channel-opacity\"\/>\n\n\n\n<h3 class=\"wp-block-heading\">4. Viver uma f\u00e9 mission\u00e1ria no quotidiano<\/h3>\n\n\n\n<p>Nem todos s\u00e3o chamados a ir longe, mas <strong>todos s\u00e3o chamados a irradiar Cristo<\/strong>.<\/p>\n\n\n\n<p>\ud83d\udc49 <strong>Pr\u00e1tica concreta<\/strong>:<\/p>\n\n\n\n<ul class=\"wp-block-list\">\n<li>Coer\u00eancia de vida<\/li>\n\n\n\n<li>Linguagem pura e verdadeira<\/li>\n\n\n\n<li>Miseric\u00f3rdia real<\/li>\n\n\n\n<li>Coragem de dar raz\u00e3o da esperan\u00e7a que h\u00e1 em n\u00f3s<\/li>\n<\/ul>\n\n\n\n<hr class=\"wp-block-separator has-alpha-channel-opacity\"\/>\n\n\n\n<h3 class=\"wp-block-heading\">5. Confiar na obra do Pastor<\/h3>\n\n\n\n<p>Jesus n\u00e3o diz: <em>\u00abTalvez venham\u00bb<\/em>, mas:<\/p>\n\n\n\n<blockquote class=\"wp-block-quote is-layout-flow wp-block-quote-is-layout-flow\">\n<p><strong>\u00abTamb\u00e9m a essas devo conduzir\u00bb.<\/strong><\/p>\n<\/blockquote>\n\n\n\n<p>A miss\u00e3o pertence a Cristo. N\u00f3s colaboramos.<\/p>\n\n\n\n<p>\ud83d\udc49 <strong>Pr\u00e1tica espiritual<\/strong>: ora\u00e7\u00e3o pela convers\u00e3o do mundo, sem ansiedade nem triunfalismo.<\/p>\n\n\n\n<hr class=\"wp-block-separator has-alpha-channel-opacity\"\/>\n\n\n\n<h2 class=\"wp-block-heading\">Conclus\u00e3o: um s\u00f3 Pastor para um mundo ferido<\/h2>\n\n\n\n<p>Jo\u00e3o 10,16 n\u00e3o \u00e9 apenas uma bela frase. \u00c9 uma <strong>promessa<\/strong>, um <strong>programa<\/strong> e uma <strong>responsabilidade<\/strong>.<\/p>\n\n\n\n<p>Num mundo fragmentado, polarizado e cansado de discursos vazios, Cristo continua a dizer:<\/p>\n\n\n\n<blockquote class=\"wp-block-quote is-layout-flow wp-block-quote-is-layout-flow\">\n<p><em>\u00abTenho outras ovelhas\u2026 e ouvir\u00e3o a minha voz\u00bb.<\/em><\/p>\n<\/blockquote>\n\n\n\n<p>A quest\u00e3o n\u00e3o \u00e9 se Jesus foi enviado apenas a Israel.<br>A verdadeira quest\u00e3o \u00e9 esta:<\/p>\n\n\n\n<p><strong>Estamos hoje dispostos a deixar-nos usar pelo Bom Pastor para que essas ovelhas possam ouvir a sua voz?<\/strong><\/p>\n\n\n\n<p>Porque, no fim, n\u00e3o se trata de aumentar um grupo,<br>mas de <strong>reunir toda a humanidade sob o \u00fanico Pastor que d\u00e1 a vida pelas suas ovelhas<\/strong>.<\/p>\n","protected":false},"excerpt":{"rendered":"<p>Uma verdade que rompe fronteiras, derruba muros religiosos e continua a interpelar a Igreja hoje Introdu\u00e7\u00e3o: Jesus era apenas para Israel? Uma das ideias mais repetidas \u2014 e ao mesmo tempo mais mal compreendidas \u2014 na leitura do Evangelho \u00e9 esta: Jesus teria vindo apenas para os judeus. \u00c9 verdade que Ele nasceu no seio &hellip;<\/p>\n","protected":false},"author":3,"featured_media":4916,"comment_status":"closed","ping_status":"closed","sticky":false,"template":"","format":"standard","meta":{"_seopress_robots_primary_cat":"","_seopress_titles_title":"","_seopress_titles_desc":"","_seopress_robots_index":"","footnotes":""},"categories":[37,45],"tags":[1737,84],"class_list":["post-4915","post","type-post","status-publish","format-standard","has-post-thumbnail","","category-doutrina-e-fe","category-sagradas-escrituras","tag-filhos-de-israel","tag-jesus"],"_links":{"self":[{"href":"https:\/\/catholicus.eu\/pt\/wp-json\/wp\/v2\/posts\/4915","targetHints":{"allow":["GET"]}}],"collection":[{"href":"https:\/\/catholicus.eu\/pt\/wp-json\/wp\/v2\/posts"}],"about":[{"href":"https:\/\/catholicus.eu\/pt\/wp-json\/wp\/v2\/types\/post"}],"author":[{"embeddable":true,"href":"https:\/\/catholicus.eu\/pt\/wp-json\/wp\/v2\/users\/3"}],"replies":[{"embeddable":true,"href":"https:\/\/catholicus.eu\/pt\/wp-json\/wp\/v2\/comments?post=4915"}],"version-history":[{"count":1,"href":"https:\/\/catholicus.eu\/pt\/wp-json\/wp\/v2\/posts\/4915\/revisions"}],"predecessor-version":[{"id":4917,"href":"https:\/\/catholicus.eu\/pt\/wp-json\/wp\/v2\/posts\/4915\/revisions\/4917"}],"wp:featuredmedia":[{"embeddable":true,"href":"https:\/\/catholicus.eu\/pt\/wp-json\/wp\/v2\/media\/4916"}],"wp:attachment":[{"href":"https:\/\/catholicus.eu\/pt\/wp-json\/wp\/v2\/media?parent=4915"}],"wp:term":[{"taxonomy":"category","embeddable":true,"href":"https:\/\/catholicus.eu\/pt\/wp-json\/wp\/v2\/categories?post=4915"},{"taxonomy":"post_tag","embeddable":true,"href":"https:\/\/catholicus.eu\/pt\/wp-json\/wp\/v2\/tags?post=4915"}],"curies":[{"name":"wp","href":"https:\/\/api.w.org\/{rel}","templated":true}]}}