{"id":4897,"date":"2026-02-05T22:56:31","date_gmt":"2026-02-05T21:56:31","guid":{"rendered":"https:\/\/catholicus.eu\/pt\/?p=4897"},"modified":"2026-02-05T22:56:32","modified_gmt":"2026-02-05T21:56:32","slug":"a-inquisicao-que-nao-te-contaram-por-que-prisioneiros-comuns-cometiam-blasfemia-para-serem-transferidos-para-prisoes-eclesiasticas","status":"publish","type":"post","link":"https:\/\/catholicus.eu\/pt\/a-inquisicao-que-nao-te-contaram-por-que-prisioneiros-comuns-cometiam-blasfemia-para-serem-transferidos-para-prisoes-eclesiasticas\/","title":{"rendered":"A Inquisi\u00e7\u00e3o que n\u00e3o te contaram: Por que prisioneiros comuns cometiam blasf\u00eamia para serem transferidos para pris\u00f5es eclesi\u00e1sticas"},"content":{"rendered":"\n<p>Quando hoje ouvimos a palavra <em>Inquisi\u00e7\u00e3o<\/em>, o imagin\u00e1rio coletivo dispara: masmorras h\u00famidas, torturas intermin\u00e1veis, fanatismo religioso e uma Igreja sedenta de sangue. \u00c9 uma imagem repetida tantas vezes que quase ningu\u00e9m para para perguntar se \u00e9 <strong>historicamente honesta<\/strong>.<\/p>\n\n\n\n<p>Mas a hist\u00f3ria \u2014 como quase sempre \u2014 \u00e9 mais complexa, mais humana\u2026 e tamb\u00e9m mais desconfort\u00e1vel para os nossos preconceitos.<\/p>\n\n\n\n<p>Um dos factos mais surpreendentes e, ao mesmo tempo, menos conhecidos \u00e9 este: <strong>muitos prisioneiros comuns blasfemavam deliberadamente para serem transferidos para as pris\u00f5es da Inquisi\u00e7\u00e3o<\/strong>.<br>Sim, leste bem.<\/p>\n\n\n\n<p>Porque \u00e9 que algu\u00e9m desejaria acabar nas m\u00e3os do Santo Of\u00edcio?<br>A resposta obriga-nos a repensar n\u00e3o s\u00f3 a hist\u00f3ria, mas tamb\u00e9m a nossa forma moderna de compreender a justi\u00e7a, a miseric\u00f3rdia e a dignidade humana.<\/p>\n\n\n\n<hr class=\"wp-block-separator has-alpha-channel-opacity\"\/>\n\n\n\n<h2 class=\"wp-block-heading\">1. Um mito moderno diante de uma realidade medieval<\/h2>\n\n\n\n<p>A chamada <em>lenda negra<\/em> da Inquisi\u00e7\u00e3o foi constru\u00edda, em grande parte, s\u00e9culos depois do seu funcionamento real. Foi alimentada por interesses pol\u00edticos, conflitos religiosos e propaganda anticat\u00f3lica, especialmente entre os s\u00e9culos XVIII e XIX.<\/p>\n\n\n\n<p>Isto n\u00e3o significa negar os abusos \u2014 houve-os, como em qualquer institui\u00e7\u00e3o humana \u2014, mas significa <strong>rejeitar a caricatura<\/strong>.<\/p>\n\n\n\n<p>A Inquisi\u00e7\u00e3o n\u00e3o nasceu como um instrumento de terror, mas como um <strong>tribunal jur\u00eddico-religioso<\/strong> num contexto em que:<\/p>\n\n\n\n<ul class=\"wp-block-list\">\n<li>n\u00e3o existia a separa\u00e7\u00e3o moderna entre crime civil e falta moral<\/li>\n\n\n\n<li>a f\u00e9 era considerada um bem comum, e n\u00e3o apenas privado<\/li>\n\n\n\n<li>a ordem social estava profundamente ligada \u00e0 verdade religiosa<\/li>\n<\/ul>\n\n\n\n<p>Nesse quadro, a Inquisi\u00e7\u00e3o atuava \u2014 pelo menos em teoria \u2014 com procedimentos <strong>mais garantistas para o acusado<\/strong> do que muitos tribunais civis da sua \u00e9poca.<\/p>\n\n\n\n<hr class=\"wp-block-separator has-alpha-channel-opacity\"\/>\n\n\n\n<h2 class=\"wp-block-heading\">2. As pris\u00f5es civis: o verdadeiro inferno quotidiano<\/h2>\n\n\n\n<p>Para compreender por que um prisioneiro blasfemava para ser julgado pela Inquisi\u00e7\u00e3o, \u00e9 preciso primeiro olhar para <strong>como eram as pris\u00f5es civis medievais<\/strong>.<\/p>\n\n\n\n<h3 class=\"wp-block-heading\">Caracter\u00edsticas habituais:<\/h3>\n\n\n\n<ul class=\"wp-block-list\">\n<li>superlota\u00e7\u00e3o extrema<\/li>\n\n\n\n<li>falta de higiene e de cuidados m\u00e9dicos<\/li>\n\n\n\n<li>abusos constantes por parte dos carcereiros<\/li>\n\n\n\n<li>alimenta\u00e7\u00e3o escassa (se n\u00e3o tivesses fam\u00edlia que te levasse comida, passavas fome)<\/li>\n\n\n\n<li>deten\u00e7\u00f5es preventivas indefinidas, muitas vezes sem um julgamento claro<\/li>\n<\/ul>\n\n\n\n<p>A pris\u00e3o n\u00e3o era uma pena em si, mas um lugar de espera\u2026 muitas vezes pior do que a condena\u00e7\u00e3o.<\/p>\n\n\n\n<p>Nesse contexto, as <strong>pris\u00f5es eclesi\u00e1sticas<\/strong> revelavam-se surpreendentemente diferentes.<\/p>\n\n\n\n<hr class=\"wp-block-separator has-alpha-channel-opacity\"\/>\n\n\n\n<h2 class=\"wp-block-heading\">3. Como eram as pris\u00f5es da Inquisi\u00e7\u00e3o?<\/h2>\n\n\n\n<p>Aqui surge o grande paradoxo hist\u00f3rico.<\/p>\n\n\n\n<p>As pris\u00f5es inquisitoriais ofereciam geralmente:<\/p>\n\n\n\n<ul class=\"wp-block-list\">\n<li><strong>celas individuais ou uma superlota\u00e7\u00e3o muito menor<\/strong><\/li>\n\n\n\n<li><strong>alimenta\u00e7\u00e3o regular<\/strong><\/li>\n\n\n\n<li><strong>cuidados m\u00e9dicos b\u00e1sicos<\/strong><\/li>\n\n\n\n<li><strong>proibi\u00e7\u00e3o de abusos f\u00edsicos n\u00e3o autorizados<\/strong><\/li>\n\n\n\n<li><strong>acesso \u00e0 confiss\u00e3o e \u00e0 assist\u00eancia espiritual<\/strong><\/li>\n\n\n\n<li><strong>registos escritos dos processos e das senten\u00e7as<\/strong><\/li>\n<\/ul>\n\n\n\n<p>Al\u00e9m disso, o objetivo principal n\u00e3o era <strong>punir<\/strong>, mas <strong>corrigir e reconciliar<\/strong>.<\/p>\n\n\n\n<p>O herege arrependido n\u00e3o era um inimigo a destruir, mas um filho a recuperar.<\/p>\n\n\n\n<blockquote class=\"wp-block-quote is-layout-flow wp-block-quote-is-layout-flow\">\n<p><em>\u00abN\u00e3o me comprazo na morte do \u00edmpio, mas em que ele se converta do seu caminho e viva.\u00bb<\/em><br>(Ezequiel 33,11)<\/p>\n<\/blockquote>\n\n\n\n<hr class=\"wp-block-separator has-alpha-channel-opacity\"\/>\n\n\n\n<h2 class=\"wp-block-heading\">4. A blasf\u00eamia como \u201cestrat\u00e9gia\u201d de sobreviv\u00eancia<\/h2>\n\n\n\n<p>Aqui encontramos um dos factos mais reveladores.<\/p>\n\n\n\n<p>Alguns prisioneiros comuns, condenados por roubo, viol\u00eancia ou crimes civis, <strong>blasfemavam publicamente<\/strong> ou declaravam-se suspeitos de heresia para que o seu caso fosse transferido para o tribunal inquisitorial.<\/p>\n\n\n\n<p>Porqu\u00ea?<\/p>\n\n\n\n<p>Porque sabiam que:<\/p>\n\n\n\n<ul class=\"wp-block-list\">\n<li>teriam um <strong>processo mais ordenado<\/strong><\/li>\n\n\n\n<li>seriam tratados com <strong>maior dignidade humana<\/strong><\/li>\n\n\n\n<li>poderiam at\u00e9 <strong>salvar a vida<\/strong>, pois as penas inquisitoriais eram frequentemente espirituais ou penitenciais<\/li>\n<\/ul>\n\n\n\n<p>Este facto desmonta completamente a imagem da Inquisi\u00e7\u00e3o como o pior destino poss\u00edvel.<\/p>\n\n\n\n<p>Ningu\u00e9m blasfema para fugir do inferno\u2026 a menos que o inferno esteja noutro lugar.<\/p>\n\n\n\n<hr class=\"wp-block-separator has-alpha-channel-opacity\"\/>\n\n\n\n<h2 class=\"wp-block-heading\">5. A l\u00f3gica teol\u00f3gica do Santo Of\u00edcio<\/h2>\n\n\n\n<p>Do ponto de vista da teologia cat\u00f3lica tradicional, a Inquisi\u00e7\u00e3o movia-se dentro de uma l\u00f3gica hoje quase incompreens\u00edvel:<br><strong>a alma \u00e9 mais importante do que o corpo<\/strong>.<\/p>\n\n\n\n<p>Isso n\u00e3o justificava tudo, mas estabelecia prioridades.<\/p>\n\n\n\n<p>O pecado da heresia n\u00e3o era visto apenas como um erro intelectual, mas como:<\/p>\n\n\n\n<ul class=\"wp-block-list\">\n<li>uma ferida no Corpo de Cristo<\/li>\n\n\n\n<li>um esc\u00e2ndalo para os fi\u00e9is<\/li>\n\n\n\n<li>um perigo espiritual para a comunidade<\/li>\n<\/ul>\n\n\n\n<p>Por isso, o objetivo era <strong>a convers\u00e3o<\/strong>, n\u00e3o a elimina\u00e7\u00e3o.<\/p>\n\n\n\n<p>S\u00e3o Paulo expressa-o com clareza:<\/p>\n\n\n\n<blockquote class=\"wp-block-quote is-layout-flow wp-block-quote-is-layout-flow\">\n<p><em>\u00abIrm\u00e3os, se algu\u00e9m for surpreendido em alguma falta, v\u00f3s, que sois espirituais, corrigi-o com esp\u00edrito de mansid\u00e3o. E tem cuidado contigo mesmo, para n\u00e3o ca\u00edres tamb\u00e9m em tenta\u00e7\u00e3o.\u00bb<\/em><br>(G\u00e1latas 6,1)<\/p>\n<\/blockquote>\n\n\n\n<hr class=\"wp-block-separator has-alpha-channel-opacity\"\/>\n\n\n\n<h2 class=\"wp-block-heading\">6. Miseric\u00f3rdia, penit\u00eancia e justi\u00e7a: um equil\u00edbrio esquecido<\/h2>\n\n\n\n<p>As penas inquisitoriais consistiam frequentemente em:<\/p>\n\n\n\n<ul class=\"wp-block-list\">\n<li>jejuns<\/li>\n\n\n\n<li>peregrina\u00e7\u00f5es<\/li>\n\n\n\n<li>ora\u00e7\u00f5es<\/li>\n\n\n\n<li>penit\u00eancias p\u00fablicas<\/li>\n\n\n\n<li>uso tempor\u00e1rio de h\u00e1bitos penitenciais<\/li>\n\n\n\n<li>reclus\u00e3o acompanhada de orienta\u00e7\u00e3o espiritual<\/li>\n<\/ul>\n\n\n\n<p>\u00c0 luz da nossa mentalidade moderna, isto pode parecer duro, mas em compara\u00e7\u00e3o com:<\/p>\n\n\n\n<ul class=\"wp-block-list\">\n<li>mutila\u00e7\u00f5es<\/li>\n\n\n\n<li>execu\u00e7\u00f5es sum\u00e1rias<\/li>\n\n\n\n<li>castigos coletivos<\/li>\n<\/ul>\n\n\n\n<p>\u2026tratava-se de um sistema <strong>surpreendentemente moderado para o seu tempo<\/strong>.<\/p>\n\n\n\n<p>N\u00e3o era perfeito.<br>Mas tamb\u00e9m n\u00e3o era o monstro que nos contaram.<\/p>\n\n\n\n<hr class=\"wp-block-separator has-alpha-channel-opacity\"\/>\n\n\n\n<h2 class=\"wp-block-heading\">7. O que tudo isto nos diz hoje?<\/h2>\n\n\n\n<p>\u00c9 aqui que o tema deixa de ser apenas hist\u00f3rico e se torna <strong>profundamente atual<\/strong>.<\/p>\n\n\n\n<h3 class=\"wp-block-heading\">1. Sobre a justi\u00e7a<\/h3>\n\n\n\n<p>Hoje punimos muito\u2026 mas curamos pouco.<br>Encarceramos corpos, mas n\u00e3o acompanhamos almas.<\/p>\n\n\n\n<h3 class=\"wp-block-heading\">2. Sobre a dignidade humana<\/h3>\n\n\n\n<p>A Igreja, mesmo em contextos dif\u00edceis, manteve a ideia de que <strong>ningu\u00e9m deixa de ser pessoa<\/strong>, nem sequer o culpado.<\/p>\n\n\n\n<h3 class=\"wp-block-heading\">3. Sobre a verdade<\/h3>\n\n\n\n<p>Vivemos tempos em que discordar pode custar-te o \u201cex\u00edlio social\u201d. Cancelamento, linchamento medi\u00e1tico, r\u00f3tulos r\u00e1pidos.<br>Somos assim t\u00e3o diferentes, no fundo?<\/p>\n\n\n\n<hr class=\"wp-block-separator has-alpha-channel-opacity\"\/>\n\n\n\n<h2 class=\"wp-block-heading\">8. Guia espiritual: aprender com esta hist\u00f3ria inc\u00f3moda<\/h2>\n\n\n\n<p>Esta hist\u00f3ria convida-nos a v\u00e1rias atitudes espirituais muito concretas:<\/p>\n\n\n\n<h3 class=\"wp-block-heading\">\ud83d\udd39 Humildade hist\u00f3rica<\/h3>\n\n\n\n<p>Antes de julgar o passado, perguntemo-nos se o nosso presente \u00e9 realmente t\u00e3o luminoso como acreditamos.<\/p>\n\n\n\n<h3 class=\"wp-block-heading\">\ud83d\udd39 Miseric\u00f3rdia verdadeira<\/h3>\n\n\n\n<p>N\u00e3o a que desculpa tudo, mas a que procura <strong>redimir o pecador sem negar a verdade<\/strong>.<\/p>\n\n\n\n<h3 class=\"wp-block-heading\">\ud83d\udd39 Convers\u00e3o pessoal<\/h3>\n\n\n\n<p>A blasf\u00eamia fingida daqueles prisioneiros recorda-nos que mesmo a partir da mis\u00e9ria humana\u2026 <strong>Deus pode abrir caminhos de gra\u00e7a<\/strong>.<\/p>\n\n\n\n<blockquote class=\"wp-block-quote is-layout-flow wp-block-quote-is-layout-flow\">\n<p><em>\u00abOnde abundou o pecado, superabundou a gra\u00e7a.\u00bb<\/em><br>(Romanos 5,20)<\/p>\n<\/blockquote>\n\n\n\n<hr class=\"wp-block-separator has-alpha-channel-opacity\"\/>\n\n\n\n<h2 class=\"wp-block-heading\">9. Uma \u00faltima reflex\u00e3o<\/h2>\n\n\n\n<p>A verdadeira pergunta n\u00e3o \u00e9 se a Inquisi\u00e7\u00e3o foi perfeita (n\u00e3o foi).<br>A pergunta \u00e9: <strong>somos hoje mais justos, mais misericordiosos e mais humanos?<\/strong><\/p>\n\n\n\n<p>Talvez seja por isso que esta hist\u00f3ria incomoda tanto.<br>Porque quebra a narrativa f\u00e1cil e obriga-nos a olhar para o espelho.<\/p>\n\n\n\n<p>E porque, no fim, a Igreja \u2014 com todas as suas sombras \u2014 continua a recordar-nos algo profundamente crist\u00e3o:<\/p>\n\n\n\n<p>\ud83d\udc49 <strong>nenhum ser humano \u00e9 irrecuper\u00e1vel<\/strong><br>\ud83d\udc49 <strong>nenhuma verdade se defende com \u00f3dio<\/strong><br>\ud83d\udc49 <strong>e nenhuma justi\u00e7a \u00e9 aut\u00eantica sem caridade<\/strong><\/p>\n","protected":false},"excerpt":{"rendered":"<p>Quando hoje ouvimos a palavra Inquisi\u00e7\u00e3o, o imagin\u00e1rio coletivo dispara: masmorras h\u00famidas, torturas intermin\u00e1veis, fanatismo religioso e uma Igreja sedenta de sangue. \u00c9 uma imagem repetida tantas vezes que quase ningu\u00e9m para para perguntar se \u00e9 historicamente honesta. Mas a hist\u00f3ria \u2014 como quase sempre \u2014 \u00e9 mais complexa, mais humana\u2026 e tamb\u00e9m mais desconfort\u00e1vel &hellip;<\/p>\n","protected":false},"author":3,"featured_media":4898,"comment_status":"closed","ping_status":"closed","sticky":false,"template":"","format":"standard","meta":{"_seopress_robots_primary_cat":"","_seopress_titles_title":"","_seopress_titles_desc":"","_seopress_robots_index":"","footnotes":""},"categories":[48,38],"tags":[549],"class_list":["post-4897","post","type-post","status-publish","format-standard","has-post-thumbnail","","category-historia-da-igreja","category-historia-e-tradicao","tag-inquisicao"],"_links":{"self":[{"href":"https:\/\/catholicus.eu\/pt\/wp-json\/wp\/v2\/posts\/4897","targetHints":{"allow":["GET"]}}],"collection":[{"href":"https:\/\/catholicus.eu\/pt\/wp-json\/wp\/v2\/posts"}],"about":[{"href":"https:\/\/catholicus.eu\/pt\/wp-json\/wp\/v2\/types\/post"}],"author":[{"embeddable":true,"href":"https:\/\/catholicus.eu\/pt\/wp-json\/wp\/v2\/users\/3"}],"replies":[{"embeddable":true,"href":"https:\/\/catholicus.eu\/pt\/wp-json\/wp\/v2\/comments?post=4897"}],"version-history":[{"count":1,"href":"https:\/\/catholicus.eu\/pt\/wp-json\/wp\/v2\/posts\/4897\/revisions"}],"predecessor-version":[{"id":4899,"href":"https:\/\/catholicus.eu\/pt\/wp-json\/wp\/v2\/posts\/4897\/revisions\/4899"}],"wp:featuredmedia":[{"embeddable":true,"href":"https:\/\/catholicus.eu\/pt\/wp-json\/wp\/v2\/media\/4898"}],"wp:attachment":[{"href":"https:\/\/catholicus.eu\/pt\/wp-json\/wp\/v2\/media?parent=4897"}],"wp:term":[{"taxonomy":"category","embeddable":true,"href":"https:\/\/catholicus.eu\/pt\/wp-json\/wp\/v2\/categories?post=4897"},{"taxonomy":"post_tag","embeddable":true,"href":"https:\/\/catholicus.eu\/pt\/wp-json\/wp\/v2\/tags?post=4897"}],"curies":[{"name":"wp","href":"https:\/\/api.w.org\/{rel}","templated":true}]}}