{"id":4873,"date":"2026-02-02T20:45:45","date_gmt":"2026-02-02T19:45:45","guid":{"rendered":"https:\/\/catholicus.eu\/pt\/?p=4873"},"modified":"2026-02-02T20:45:46","modified_gmt":"2026-02-02T19:45:46","slug":"os-cavaleiros-teutonicos-alem-dos-templarios-a-ordem-que-evangelizou-o-gelo-do-baltico","status":"publish","type":"post","link":"https:\/\/catholicus.eu\/pt\/os-cavaleiros-teutonicos-alem-dos-templarios-a-ordem-que-evangelizou-o-gelo-do-baltico\/","title":{"rendered":"Os Cavaleiros Teut\u00f4nicos: al\u00e9m dos Templ\u00e1rios, a Ordem que evangelizou o gelo do B\u00e1ltico"},"content":{"rendered":"\n<p>Quando se fala das ordens militares medievais, quase sempre surgem os mesmos nomes: os <strong>Templ\u00e1rios<\/strong>, os <strong>Hospital\u00e1rios<\/strong>, talvez os <strong>Cavaleiros de Santiago<\/strong>. No entanto, existe uma ordem muito menos presente no imagin\u00e1rio popular, mas <strong>decisiva para a hist\u00f3ria da Europa, para a evangeliza\u00e7\u00e3o e para a configura\u00e7\u00e3o espiritual do continente<\/strong>: a <strong>Ordem dos Cavaleiros Teut\u00f4nicos<\/strong>.<\/p>\n\n\n\n<p>Eles n\u00e3o nasceram na Terra Santa envolvidos pela aura lend\u00e1ria do Templo, nem desapareceram envoltos em mist\u00e9rio. A sua hist\u00f3ria \u00e9 diferente, mais s\u00f3bria, mais dura\u2026 e profundamente crist\u00e3. N\u00e3o evangelizaram desertos, mas <strong>p\u00e2ntanos gelados, florestas impenetr\u00e1veis e povos pag\u00e3os do B\u00e1ltico<\/strong>, levando a Cruz para onde o inverno parecia eterno.<\/p>\n\n\n\n<p>Este artigo \u00e9 um convite a olhar <strong>para al\u00e9m do mito<\/strong>, a descobrir uma ordem que soube unir <strong>espada, cruz e hospital<\/strong>, e a nos perguntarmos o que uma espiritualidade forjada no frio, na disciplina e na miss\u00e3o pode nos ensinar hoje, no s\u00e9culo XXI.<\/p>\n\n\n\n<hr class=\"wp-block-separator has-alpha-channel-opacity\"\/>\n\n\n\n<h2 class=\"wp-block-heading\">1. Origens humildes: uma ordem nascida para servir, n\u00e3o para brilhar<\/h2>\n\n\n\n<p>Os Cavaleiros Teut\u00f4nicos n\u00e3o nasceram como uma for\u00e7a militar gloriosa, mas como <strong>uma fraternidade hospitalar<\/strong>.<\/p>\n\n\n\n<p>Era o ano de <strong>1190<\/strong>, durante a <strong>Terceira Cruzada<\/strong>, na cidade de <strong>Acre<\/strong>. Um grupo de cruzados alem\u00e3es fundou um <strong>hospital para cuidar de peregrinos e soldados doentes<\/strong>, especialmente daqueles que n\u00e3o falavam latim nem franc\u00eas. Desde o in\u00edcio, a sua identidade foi marcada por dois tra\u00e7os fundamentais:<\/p>\n\n\n\n<ul class=\"wp-block-list\">\n<li><strong>Caridade concreta<\/strong><\/li>\n\n\n\n<li><strong>Espiritualidade ordenada e disciplinada<\/strong><\/li>\n<\/ul>\n\n\n\n<p>Em <strong>1198<\/strong>, o hospital transformou-se em uma <strong>ordem religioso-militar<\/strong>, aprovada pelo papa Inoc\u00eancio III. Os seus membros professavam os <strong>tr\u00eas votos cl\u00e1ssicos<\/strong>:<\/p>\n\n\n\n<ul class=\"wp-block-list\">\n<li>pobreza<\/li>\n\n\n\n<li>castidade<\/li>\n\n\n\n<li>obedi\u00eancia<\/li>\n<\/ul>\n\n\n\n<p>Adotaram a <strong>Regra de Santo Agostinho<\/strong>, com influ\u00eancias templ\u00e1rias na organiza\u00e7\u00e3o militar.<\/p>\n\n\n\n<p>\ud83d\udc49 Aqui j\u00e1 surge uma li\u00e7\u00e3o fundamental:<br><strong>a verdadeira miss\u00e3o crist\u00e3 n\u00e3o nasce do poder, mas do servi\u00e7o<\/strong>.<\/p>\n\n\n\n<hr class=\"wp-block-separator has-alpha-channel-opacity\"\/>\n\n\n\n<h2 class=\"wp-block-heading\">2. Do deserto ao gelo: a grande miss\u00e3o b\u00e1ltica<\/h2>\n\n\n\n<p>Enquanto outras ordens concentravam a sua a\u00e7\u00e3o na Terra Santa, os Cavaleiros Teut\u00f4nicos foram chamados para uma frente esquecida: <strong>o nordeste da Europa<\/strong>, onde ainda persistiam povos pag\u00e3os.<\/p>\n\n\n\n<h3 class=\"wp-block-heading\">Quem eram esses povos?<\/h3>\n\n\n\n<p>Prussianos, Liv\u00f4nios, Lituanos\u2026 tribos b\u00e1lticas que:<\/p>\n\n\n\n<ul class=\"wp-block-list\">\n<li>praticavam religi\u00f5es animistas<\/li>\n\n\n\n<li>veneravam as for\u00e7as da natureza<\/li>\n\n\n\n<li>rejeitavam a f\u00e9 crist\u00e3<\/li>\n<\/ul>\n\n\n\n<p>A Europa, no s\u00e9culo XIII, <strong>ainda n\u00e3o estava completamente evangelizada<\/strong>.<\/p>\n\n\n\n<p>Os Cavaleiros Teut\u00f4nicos aceitaram uma miss\u00e3o dur\u00edssima:<br>\ud83d\udc49 <strong>anunciar o Evangelho onde ningu\u00e9m queria ir<\/strong>.<\/p>\n\n\n\n<p>Florestas sombrias, invernos intermin\u00e1veis, doen\u00e7as, isolamento. N\u00e3o era uma empresa rom\u00e2ntica. Era <strong>uma cruz em sentido literal<\/strong>.<\/p>\n\n\n\n<hr class=\"wp-block-separator has-alpha-channel-opacity\"\/>\n\n\n\n<h2 class=\"wp-block-heading\">3. Evangeliza\u00e7\u00e3o ou conquista? Uma quest\u00e3o que exige discernimento<\/h2>\n\n\n\n<p>Aqui \u00e9 necess\u00e1rio ser honesto e maduro na f\u00e9.<\/p>\n\n\n\n<p>A evangeliza\u00e7\u00e3o medieval, especialmente em contextos de resist\u00eancia violenta, <strong>n\u00e3o ocorreu sempre de forma ideal<\/strong>. Houve:<\/p>\n\n\n\n<ul class=\"wp-block-list\">\n<li>abusos<\/li>\n\n\n\n<li>imposi\u00e7\u00f5es<\/li>\n\n\n\n<li>alian\u00e7as pol\u00edticas question\u00e1veis<\/li>\n<\/ul>\n\n\n\n<p>A Igreja n\u00e3o \u00e9 ing\u00eanua em rela\u00e7\u00e3o \u00e0 sua hist\u00f3ria, e o catolicismo tradicional <strong>n\u00e3o precisa maqui\u00e1-la<\/strong>.<\/p>\n\n\n\n<p>Reduzir, por\u00e9m, a Ordem Teut\u00f4nica a uma \u201ccristianiza\u00e7\u00e3o for\u00e7ada\u201d \u00e9 uma <strong>simplifica\u00e7\u00e3o injusta<\/strong>.<\/p>\n\n\n\n<p>Os Cavaleiros Teut\u00f4nicos:<\/p>\n\n\n\n<ul class=\"wp-block-list\">\n<li>fundaram <strong>cidades<\/strong>, <strong>hospitais<\/strong>, <strong>escolas<\/strong><\/li>\n\n\n\n<li>traduziram as pr\u00e1ticas crist\u00e3s para o contexto local<\/li>\n\n\n\n<li>estabeleceram uma <strong>vida sacramental est\u00e1vel<\/strong><\/li>\n\n\n\n<li>levaram estruturas sociais para onde antes havia apenas tribalismo<\/li>\n<\/ul>\n\n\n\n<p>Do ponto de vista teol\u00f3gico, isso nos recorda uma verdade essencial:<br>\ud83d\udc49 <strong>Deus escreve certo por linhas tortas<\/strong>, e a Provid\u00eancia atua mesmo em contextos imperfeitos.<\/p>\n\n\n\n<hr class=\"wp-block-separator has-alpha-channel-opacity\"\/>\n\n\n\n<h2 class=\"wp-block-heading\">4. Espiritualidade teut\u00f4nica: ordem, sacrif\u00edcio e fidelidade<\/h2>\n\n\n\n<p>Para al\u00e9m das batalhas, o que realmente fascina nos Cavaleiros Teut\u00f4nicos \u00e9 a sua <strong>espiritualidade<\/strong>.<\/p>\n\n\n\n<h3 class=\"wp-block-heading\">Uma espiritualidade marcada por tr\u00eas pilares:<\/h3>\n\n\n\n<h4 class=\"wp-block-heading\">1. <strong>Ordem<\/strong><\/h4>\n\n\n\n<p>O mundo deveria refletir a ordem de Deus. A disciplina n\u00e3o era opress\u00e3o, mas um <strong>caminho para a liberdade interior<\/strong>.<\/p>\n\n\n\n<h4 class=\"wp-block-heading\">2. <strong>Sacrif\u00edcio<\/strong><\/h4>\n\n\n\n<p>A vida do cavaleiro n\u00e3o era confort\u00e1vel. Jejum, ora\u00e7\u00e3o lit\u00fargica, obedi\u00eancia rigorosa, combate. Tudo era oferecido como <strong>obla\u00e7\u00e3o<\/strong>.<\/p>\n\n\n\n<h4 class=\"wp-block-heading\">3. <strong>Fidelidade<\/strong><\/h4>\n\n\n\n<p>Fidelidade \u00e0 Igreja, ao Papa, \u00e0 miss\u00e3o recebida. Em um tempo de fragmenta\u00e7\u00e3o, eles compreendiam que <strong>sem obedi\u00eancia n\u00e3o h\u00e1 miss\u00e3o<\/strong>.<\/p>\n\n\n\n<p>Aqui ressoa com for\u00e7a um chamado muito atual:<br>\ud83d\udc49 Em um mundo ca\u00f3tico, a f\u00e9 precisa de <strong>estrutura, ra\u00edzes e coer\u00eancia<\/strong>.<\/p>\n\n\n\n<hr class=\"wp-block-separator has-alpha-channel-opacity\"\/>\n\n\n\n<h2 class=\"wp-block-heading\">5. A cruz negra sobre fundo branco: um s\u00edmbolo profundamente teol\u00f3gico<\/h2>\n\n\n\n<p>O h\u00e1bito teut\u00f4nico \u2014 branco com cruz negra \u2014 n\u00e3o \u00e9 um simples detalhe est\u00e9tico.<\/p>\n\n\n\n<ul class=\"wp-block-list\">\n<li><strong>O branco<\/strong> simboliza a pureza batismal<\/li>\n\n\n\n<li><strong>A cruz negra<\/strong> recorda a morte para o pecado e a seriedade do combate espiritual<\/li>\n<\/ul>\n\n\n\n<p>N\u00e3o se tratava apenas de lutar contra inimigos externos, mas de travar uma batalha interior.<\/p>\n\n\n\n<p>S\u00e3o Paulo o afirma com clareza:<\/p>\n\n\n\n<blockquote class=\"wp-block-quote is-layout-flow wp-block-quote-is-layout-flow\">\n<p>\u201cA nossa luta n\u00e3o \u00e9 contra a carne e o sangue\u2026\u201d (Ef 6,12)<\/p>\n<\/blockquote>\n\n\n\n<p>Os Cavaleiros Teut\u00f4nicos compreenderam que <strong>sem convers\u00e3o pessoal n\u00e3o existe evangeliza\u00e7\u00e3o aut\u00eantica<\/strong>.<\/p>\n\n\n\n<hr class=\"wp-block-separator has-alpha-channel-opacity\"\/>\n\n\n\n<h2 class=\"wp-block-heading\">6. Decl\u00ednio, seculariza\u00e7\u00e3o e sobreviv\u00eancia silenciosa<\/h2>\n\n\n\n<p>Com o passar dos s\u00e9culos, a Ordem perdeu o poder territorial. A Reforma protestante atingiu duramente os seus dom\u00ednios. Muitos territ\u00f3rios foram secularizados.<\/p>\n\n\n\n<p>Mas \u2014 e isso \u00e9 fundamental \u2014 <strong>a Ordem n\u00e3o desapareceu<\/strong>.<\/p>\n\n\n\n<p>Ainda hoje a <strong>Ordem Teut\u00f4nica existe<\/strong>, n\u00e3o mais como ordem militar, mas como <strong>institui\u00e7\u00e3o religiosa dedicada \u00e0 caridade, \u00e0 pastoral e \u00e0 vida espiritual<\/strong>.<\/p>\n\n\n\n<p>Isso encerra uma li\u00e7\u00e3o bel\u00edssima:<br>\ud83d\udc49 <strong>a Igreja n\u00e3o vive do poder, mas da fidelidade<\/strong>.<\/p>\n\n\n\n<hr class=\"wp-block-separator has-alpha-channel-opacity\"\/>\n\n\n\n<h2 class=\"wp-block-heading\">7. O que a Ordem Teut\u00f4nica pode nos ensinar hoje?<\/h2>\n\n\n\n<p>Muito. Muit\u00edssimo.<\/p>\n\n\n\n<h3 class=\"wp-block-heading\">Em um mundo:<\/h3>\n\n\n\n<ul class=\"wp-block-list\">\n<li>relativista<\/li>\n\n\n\n<li>confort\u00e1vel<\/li>\n\n\n\n<li>al\u00e9rgico ao sacrif\u00edcio<\/li>\n<\/ul>\n\n\n\n<p>os Cavaleiros Teut\u00f4nicos nos recordam que:<\/p>\n\n\n\n<ul class=\"wp-block-list\">\n<li>a f\u00e9 se vive <strong>com o corpo e com a alma<\/strong><\/li>\n\n\n\n<li>evangelizar implica <strong>sair da zona de conforto<\/strong><\/li>\n\n\n\n<li>caridade e verdade <strong>n\u00e3o se op\u00f5em<\/strong><\/li>\n\n\n\n<li>a miss\u00e3o exige <strong>estrutura, forma\u00e7\u00e3o e disciplina<\/strong><\/li>\n<\/ul>\n\n\n\n<p>Nem todos somos chamados a empunhar uma espada, mas todos somos chamados a:<\/p>\n\n\n\n<ul class=\"wp-block-list\">\n<li>defender a f\u00e9 na fam\u00edlia<\/li>\n\n\n\n<li>transmiti-la aos filhos<\/li>\n\n\n\n<li>viv\u00ea-la com coer\u00eancia p\u00fablica<\/li>\n\n\n\n<li>resistir ao frio espiritual do nosso tempo<\/li>\n<\/ul>\n\n\n\n<hr class=\"wp-block-separator has-alpha-channel-opacity\"\/>\n\n\n\n<h2 class=\"wp-block-heading\">8. Evangelizar o \u201cB\u00e1ltico\u201d de hoje<\/h2>\n\n\n\n<p>Hoje o paganismo j\u00e1 n\u00e3o vive em florestas geladas, mas em:<\/p>\n\n\n\n<ul class=\"wp-block-list\">\n<li>cora\u00e7\u00f5es indiferentes<\/li>\n\n\n\n<li>culturas sem transcend\u00eancia<\/li>\n\n\n\n<li>crist\u00e3os cansados<\/li>\n<\/ul>\n\n\n\n<p>O nosso \u201cB\u00e1ltico\u201d \u00e9 interior e social.<\/p>\n\n\n\n<p>A pergunta final \u00e9 inevit\u00e1vel:<br>\ud83d\udc49 <strong>estamos dispostos a ser crist\u00e3os de inverno, e n\u00e3o apenas de primavera?<\/strong><\/p>\n\n\n\n<p>Os Cavaleiros Teut\u00f4nicos n\u00e3o foram perfeitos, mas foram <strong>corajosos, fi\u00e9is e profundamente conscientes de que a f\u00e9 vale uma vida<\/strong>.<\/p>\n\n\n\n<p>E isso, hoje, continua sendo uma li\u00e7\u00e3o urgente.<\/p>\n","protected":false},"excerpt":{"rendered":"<p>Quando se fala das ordens militares medievais, quase sempre surgem os mesmos nomes: os Templ\u00e1rios, os Hospital\u00e1rios, talvez os Cavaleiros de Santiago. No entanto, existe uma ordem muito menos presente no imagin\u00e1rio popular, mas decisiva para a hist\u00f3ria da Europa, para a evangeliza\u00e7\u00e3o e para a configura\u00e7\u00e3o espiritual do continente: a Ordem dos Cavaleiros Teut\u00f4nicos. &hellip;<\/p>\n","protected":false},"author":3,"featured_media":4874,"comment_status":"closed","ping_status":"closed","sticky":false,"template":"","format":"standard","meta":{"_seopress_robots_primary_cat":"","_seopress_titles_title":"","_seopress_titles_desc":"","_seopress_robots_index":"","footnotes":""},"categories":[48,38],"tags":[1725],"class_list":["post-4873","post","type-post","status-publish","format-standard","has-post-thumbnail","","category-historia-da-igreja","category-historia-e-tradicao","tag-cavaleiros-teutonicos"],"_links":{"self":[{"href":"https:\/\/catholicus.eu\/pt\/wp-json\/wp\/v2\/posts\/4873","targetHints":{"allow":["GET"]}}],"collection":[{"href":"https:\/\/catholicus.eu\/pt\/wp-json\/wp\/v2\/posts"}],"about":[{"href":"https:\/\/catholicus.eu\/pt\/wp-json\/wp\/v2\/types\/post"}],"author":[{"embeddable":true,"href":"https:\/\/catholicus.eu\/pt\/wp-json\/wp\/v2\/users\/3"}],"replies":[{"embeddable":true,"href":"https:\/\/catholicus.eu\/pt\/wp-json\/wp\/v2\/comments?post=4873"}],"version-history":[{"count":1,"href":"https:\/\/catholicus.eu\/pt\/wp-json\/wp\/v2\/posts\/4873\/revisions"}],"predecessor-version":[{"id":4875,"href":"https:\/\/catholicus.eu\/pt\/wp-json\/wp\/v2\/posts\/4873\/revisions\/4875"}],"wp:featuredmedia":[{"embeddable":true,"href":"https:\/\/catholicus.eu\/pt\/wp-json\/wp\/v2\/media\/4874"}],"wp:attachment":[{"href":"https:\/\/catholicus.eu\/pt\/wp-json\/wp\/v2\/media?parent=4873"}],"wp:term":[{"taxonomy":"category","embeddable":true,"href":"https:\/\/catholicus.eu\/pt\/wp-json\/wp\/v2\/categories?post=4873"},{"taxonomy":"post_tag","embeddable":true,"href":"https:\/\/catholicus.eu\/pt\/wp-json\/wp\/v2\/tags?post=4873"}],"curies":[{"name":"wp","href":"https:\/\/api.w.org\/{rel}","templated":true}]}}