{"id":4870,"date":"2026-02-02T20:17:30","date_gmt":"2026-02-02T19:17:30","guid":{"rendered":"https:\/\/catholicus.eu\/pt\/?p=4870"},"modified":"2026-02-02T20:17:30","modified_gmt":"2026-02-02T19:17:30","slug":"o-rito-do-tenebrae-quando-a-igreja-entra-na-escuridao-total-para-aprender-a-esperar-a-luz","status":"publish","type":"post","link":"https:\/\/catholicus.eu\/pt\/o-rito-do-tenebrae-quando-a-igreja-entra-na-escuridao-total-para-aprender-a-esperar-a-luz\/","title":{"rendered":"O rito do Tenebrae: quando a Igreja entra na escurid\u00e3o total para aprender a esperar a Luz"},"content":{"rendered":"\n<p>As Quinze Velas das Trevas<\/p>\n\n\n\n<p>Existem ritos na liturgia cat\u00f3lica que n\u00e3o precisam de muitas palavras para pregar. Basta viv\u00ea-los. O <strong>Of\u00edcio das Trevas (Tenebrae)<\/strong> \u00e9 um deles. Antigo, s\u00f3brio, profundamente b\u00edblico e profundamente comovente, este rito nos conduz \u2014 vela a vela \u2014 ao cora\u00e7\u00e3o mesmo do mist\u00e9rio da Paix\u00e3o de Cristo. N\u00e3o \u00e9 uma simples lembran\u00e7a hist\u00f3rica nem uma representa\u00e7\u00e3o devocional: \u00e9 uma <strong>experi\u00eancia espiritual<\/strong> que educa a alma, sacode a consci\u00eancia e prepara o fiel para a grande explos\u00e3o de luz da P\u00e1scoa.<\/p>\n\n\n\n<p>Em uma \u00e9poca saturada de barulho, telas e pressa, o Tenebrae se apresenta como um <strong>jejum de luz e som<\/strong>, uma catequese silenciosa que fala diretamente ao cora\u00e7\u00e3o.<\/p>\n\n\n\n<hr class=\"wp-block-separator has-alpha-channel-opacity\"\/>\n\n\n\n<h2 class=\"wp-block-heading\">1. O que \u00e9 o rito do Tenebrae?<\/h2>\n\n\n\n<p><strong>Tenebrae<\/strong> \u00e9 o nome tradicional do <strong>Of\u00edcio Divino de Matinas e Laudes<\/strong> correspondente \u00e0 <strong>Quinta-feira Santa, Sexta-feira Santa e S\u00e1bado Santo<\/strong>, celebrado antigamente no final da tarde ou \u00e0 noite do dia anterior. O seu nome vem da primeira ant\u00edfona:<\/p>\n\n\n\n<blockquote class=\"wp-block-quote is-layout-flow wp-block-quote-is-layout-flow\">\n<p><em>\u201cTenebrae factae sunt, dum crucifixissent Jesum\u201d<\/em><br>\u201cHouve trevas quando crucificaram Jesus\u201d (cf. Mt 27,45)<\/p>\n<\/blockquote>\n\n\n\n<p>O sinal mais impressionante do rito \u00e9 o uso de um <strong>candelabro triangular com quinze velas<\/strong>, tradicionalmente chamadas de <em>as velas das Trevas<\/em>. Ao longo do of\u00edcio, <strong>quatorze velas s\u00e3o apagadas uma a uma<\/strong>, enquanto a \u00faltima \u2014 que representa Cristo \u2014 n\u00e3o \u00e9 apagada, mas <strong>escondida<\/strong>, deixando a igreja em <strong>escurid\u00e3o quase total<\/strong>.<\/p>\n\n\n\n<p>N\u00e3o \u00e9 teatro. \u00c9 teologia em gesto.<\/p>\n\n\n\n<hr class=\"wp-block-separator has-alpha-channel-opacity\"\/>\n\n\n\n<h2 class=\"wp-block-heading\">2. As quinze velas: simbolismo e profundidade espiritual<\/h2>\n\n\n\n<h3 class=\"wp-block-heading\">\ud83d\udd25 O n\u00famero quinze n\u00e3o \u00e9 casual<\/h3>\n\n\n\n<p>As <strong>15 velas<\/strong> representam, segundo uma interpreta\u00e7\u00e3o tradicional e amplamente aceita:<\/p>\n\n\n\n<ul class=\"wp-block-list\">\n<li><strong>11 Ap\u00f3stolos fi\u00e9is<\/strong> (todos exceto Judas)<\/li>\n\n\n\n<li><strong>3 Marias<\/strong> (a Virgem Maria, Maria Madalena e Maria de Cleofas)<\/li>\n\n\n\n<li><strong>Cristo<\/strong>, a Verdadeira Luz<\/li>\n<\/ul>\n\n\n\n<p>Cada vela apagada \u00e9 uma <strong>perda<\/strong>, uma <strong>fuga<\/strong>, uma <strong>trai\u00e7\u00e3o<\/strong>, um <strong>sil\u00eancio<\/strong>.<\/p>\n\n\n\n<blockquote class=\"wp-block-quote is-layout-flow wp-block-quote-is-layout-flow\">\n<p><em>\u201cFerirei o pastor, e as ovelhas se dispersar\u00e3o\u201d<\/em> (Zac 13,7)<\/p>\n<\/blockquote>\n\n\n\n<h3 class=\"wp-block-heading\">\ud83d\udd6f\ufe0f A vela central: Cristo n\u00e3o se apaga<\/h3>\n\n\n\n<p>A \u00faltima vela, que n\u00e3o \u00e9 apagada mas escondida, proclama uma verdade fundamental da f\u00e9 crist\u00e3:<\/p>\n\n\n\n<blockquote class=\"wp-block-quote is-layout-flow wp-block-quote-is-layout-flow\">\n<p><strong>Cristo n\u00e3o \u00e9 vencido pela morte.<\/strong><br>A Luz n\u00e3o desaparece: <strong>permanece, mesmo que oculta<\/strong>.<\/p>\n<\/blockquote>\n\n\n\n<p>Mesmo quando tudo parece perdido, mesmo quando a Igreja est\u00e1 mergulhada na escurid\u00e3o, <strong>Deus continua a agir no sil\u00eancio do sepulcro<\/strong>.<\/p>\n\n\n\n<hr class=\"wp-block-separator has-alpha-channel-opacity\"\/>\n\n\n\n<h2 class=\"wp-block-heading\">3. Hist\u00f3ria do Tenebrae: uma liturgia forjada ao longo dos s\u00e9culos<\/h2>\n\n\n\n<p>O Of\u00edcio das Trevas desenvolveu-se plenamente na <strong>Idade M\u00e9dia<\/strong>, embora suas ra\u00edzes estejam na estrutura mais antiga do Of\u00edcio Divino. Durante s\u00e9culos foi um dos momentos lit\u00fargicos mais frequentados do ano, mesmo por fi\u00e9is simples que normalmente n\u00e3o participavam do Of\u00edcio.<\/p>\n\n\n\n<p>Em catedrais e mosteiros, o Tenebrae era celebrado com uma solenidade impressionante:<\/p>\n\n\n\n<ul class=\"wp-block-list\">\n<li>Salmos penitenciais<\/li>\n\n\n\n<li>As <strong>Lamenta\u00e7\u00f5es do profeta Jeremias<\/strong><\/li>\n\n\n\n<li>Respons\u00f3rios de extraordin\u00e1ria beleza teol\u00f3gica e musical<\/li>\n<\/ul>\n\n\n\n<p>O rito terminava com um gesto impactante: o <strong>strepitus<\/strong>, um ru\u00eddo forte (golpe seco) que simboliza o terremoto ap\u00f3s a morte de Cristo, o caos de um mundo sem Deus\u2026 e tamb\u00e9m o estremecimento da consci\u00eancia humana.<\/p>\n\n\n\n<hr class=\"wp-block-separator has-alpha-channel-opacity\"\/>\n\n\n\n<h2 class=\"wp-block-heading\">4. Relev\u00e2ncia teol\u00f3gica: a pedagogia divina da escurid\u00e3o<\/h2>\n\n\n\n<p>Vivemos tempos em que se busca uma f\u00e9 confort\u00e1vel, sempre luminosa, sem a cruz. O Tenebrae nos lembra uma verdade inc\u00f4moda, mas essencial:<\/p>\n\n\n\n<blockquote class=\"wp-block-quote is-layout-flow wp-block-quote-is-layout-flow\">\n<p><strong>N\u00e3o h\u00e1 P\u00e1scoa sem Sexta-feira Santa.<\/strong><br><strong>N\u00e3o h\u00e1 Ressurrei\u00e7\u00e3o sem noite.<\/strong><\/p>\n<\/blockquote>\n\n\n\n<p>Teologicamente, o rito nos ensina que:<\/p>\n\n\n\n<ul class=\"wp-block-list\">\n<li>A <strong>aus\u00eancia sens\u00edvel de Deus<\/strong> n\u00e3o significa sua aus\u00eancia real<\/li>\n\n\n\n<li>O sil\u00eancio de Deus tamb\u00e9m \u00e9 revela\u00e7\u00e3o<\/li>\n\n\n\n<li>A Igreja participa verdadeiramente do abandono de Cristo<\/li>\n<\/ul>\n\n\n\n<blockquote class=\"wp-block-quote is-layout-flow wp-block-quote-is-layout-flow\">\n<p><em>\u201cMeu Deus, meu Deus, por que me abandonaste?\u201d<\/em> (Sl 22,1; Mt 27,46)<\/p>\n<\/blockquote>\n\n\n\n<p>Esse grito n\u00e3o \u00e9 desespero, mas ora\u00e7\u00e3o. E o Tenebrae nos ensina a <strong>rezar mesmo quando n\u00e3o sentimos nada<\/strong>.<\/p>\n\n\n\n<hr class=\"wp-block-separator has-alpha-channel-opacity\"\/>\n\n\n\n<h2 class=\"wp-block-heading\">5. O Tenebrae hoje: por que continua atual?<\/h2>\n\n\n\n<p>Em um mundo marcado por:<\/p>\n\n\n\n<ul class=\"wp-block-list\">\n<li>Crises de f\u00e9<\/li>\n\n\n\n<li>Esc\u00e2ndalos<\/li>\n\n\n\n<li>Confus\u00e3o doutrinal<\/li>\n\n\n\n<li>Igrejas vazias<\/li>\n\n\n\n<li>Crist\u00e3os cansados ou feridos<\/li>\n<\/ul>\n\n\n\n<p>o Of\u00edcio das Trevas torna-se <strong>dramaticamente atual<\/strong>. Muitas vezes sentimos:<\/p>\n\n\n\n<ul class=\"wp-block-list\">\n<li>A luz se apagando<\/li>\n\n\n\n<li>A f\u00e9 esfriando<\/li>\n\n\n\n<li>Deus permanecendo em sil\u00eancio<\/li>\n<\/ul>\n\n\n\n<p>O Tenebrae nos responde: <strong>isso j\u00e1 estava previsto<\/strong>. A noite n\u00e3o \u00e9 o fim da hist\u00f3ria.<\/p>\n\n\n\n<hr class=\"wp-block-separator has-alpha-channel-opacity\"\/>\n\n\n\n<h2 class=\"wp-block-heading\">6. Guia pr\u00e1tico teol\u00f3gico e pastoral para viver o Tenebrae<\/h2>\n\n\n\n<h3 class=\"wp-block-heading\">\ud83d\udcff 1. Como se preparar interiormente<\/h3>\n\n\n\n<ul class=\"wp-block-list\">\n<li><strong>Sil\u00eancio pr\u00e9vio<\/strong>: evite distra\u00e7\u00f5es antes do of\u00edcio<\/li>\n\n\n\n<li><strong>Exame de consci\u00eancia<\/strong>: cada vela apagada pode representar uma infidelidade pessoal<\/li>\n\n\n\n<li><strong>Atitude de humildade<\/strong>: n\u00e3o se vem para \u201csentir algo\u201d, mas para acompanhar Cristo<\/li>\n<\/ul>\n\n\n\n<h3 class=\"wp-block-heading\">\ud83d\udd6f\ufe0f 2. Durante o rito: chaves espirituais<\/h3>\n\n\n\n<ul class=\"wp-block-list\">\n<li>N\u00e3o lute contra a escurid\u00e3o: <strong>aceite-a<\/strong><\/li>\n\n\n\n<li>Ou\u00e7a as Lamenta\u00e7\u00f5es como se fossem o lamento de sua pr\u00f3pria alma<\/li>\n\n\n\n<li>Identifique-se com os disc\u00edpulos que fogem\u2026 e volte com Pedro<\/li>\n<\/ul>\n\n\n\n<blockquote class=\"wp-block-quote is-layout-flow wp-block-quote-is-layout-flow\">\n<p><em>\u201cAntes que o galo cante, tu me negar\u00e1s tr\u00eas vezes\u201d<\/em> (Mt 26,75)<\/p>\n<\/blockquote>\n\n\n\n<h3 class=\"wp-block-heading\">\u271d\ufe0f 3. Aplica\u00e7\u00e3o pastoral na vida di\u00e1ria<\/h3>\n\n\n\n<p>O Tenebrae nos ensina a:<\/p>\n\n\n\n<ul class=\"wp-block-list\">\n<li>Permanecer fiel quando a f\u00e9 n\u00e3o traz consola\u00e7\u00e3o emocional<\/li>\n\n\n\n<li>Acompanhar os outros em sua noite espiritual<\/li>\n\n\n\n<li>N\u00e3o fugir do sofrimento, mas oferec\u00ea-lo<\/li>\n<\/ul>\n\n\n\n<p>Pr\u00e1tica concreta:<\/p>\n\n\n\n<ul class=\"wp-block-list\">\n<li>Dedique um momento semanal de ora\u00e7\u00e3o <strong>em total sil\u00eancio<\/strong><\/li>\n\n\n\n<li>Aprenda a rezar os salmos de lamenta\u00e7\u00e3o<\/li>\n\n\n\n<li>Aceite suas pr\u00f3prias \u201ctrevas\u201d sem desespero<\/li>\n<\/ul>\n\n\n\n<hr class=\"wp-block-separator has-alpha-channel-opacity\"\/>\n\n\n\n<h2 class=\"wp-block-heading\">7. Do Tenebrae \u00e0 P\u00e1scoa: aprender a esperar<\/h2>\n\n\n\n<p>O rito n\u00e3o termina na escurid\u00e3o. Termina na <strong>espera<\/strong>. A vela escondida voltar\u00e1. A luz retornar\u00e1. Cristo ressuscitar\u00e1.<\/p>\n\n\n\n<p>Mas somente quem aceitou a noite pode realmente reconhecer a aurora.<\/p>\n\n\n\n<blockquote class=\"wp-block-quote is-layout-flow wp-block-quote-is-layout-flow\">\n<p><em>\u201cA luz brilha nas trevas, e as trevas n\u00e3o a venceram\u201d<\/em> (Jo 1,5)<\/p>\n<\/blockquote>\n\n\n\n<hr class=\"wp-block-separator has-alpha-channel-opacity\"\/>\n\n\n\n<h2 class=\"wp-block-heading\">Conclus\u00e3o: uma liturgia que forma crist\u00e3os maduros<\/h2>\n\n\n\n<p>O Tenebrae n\u00e3o \u00e9 nostalgia lit\u00fargica. \u00c9 <strong>medicina espiritual<\/strong>. Forma crist\u00e3os que n\u00e3o abandonam a f\u00e9 quando chega a noite, que n\u00e3o confundem sil\u00eancio com aus\u00eancia, e que sabem esperar por Deus mesmo quando tudo parece perdido.<\/p>\n\n\n\n<p>Em um mundo que foge do sofrimento, o Of\u00edcio das Trevas nos ensina a <strong>permanecer<\/strong>, a <strong>vigiar<\/strong>, a <strong>acreditar contra toda esperan\u00e7a<\/strong>.<\/p>\n\n\n\n<p>Porque somente aqueles que caminharam na escurid\u00e3o podem reconhecer, com l\u00e1grimas nos olhos, que <strong>a Luz voltou<\/strong>. \ud83d\udd6f\ufe0f\u271d\ufe0f<\/p>\n","protected":false},"excerpt":{"rendered":"<p>As Quinze Velas das Trevas Existem ritos na liturgia cat\u00f3lica que n\u00e3o precisam de muitas palavras para pregar. Basta viv\u00ea-los. O Of\u00edcio das Trevas (Tenebrae) \u00e9 um deles. Antigo, s\u00f3brio, profundamente b\u00edblico e profundamente comovente, este rito nos conduz \u2014 vela a vela \u2014 ao cora\u00e7\u00e3o mesmo do mist\u00e9rio da Paix\u00e3o de Cristo. N\u00e3o \u00e9 &hellip;<\/p>\n","protected":false},"author":3,"featured_media":4871,"comment_status":"closed","ping_status":"closed","sticky":false,"template":"","format":"standard","meta":{"_seopress_robots_primary_cat":"","_seopress_titles_title":"","_seopress_titles_desc":"","_seopress_robots_index":"","footnotes":""},"categories":[38,52],"tags":[1723],"class_list":["post-4870","post","type-post","status-publish","format-standard","has-post-thumbnail","","category-historia-e-tradicao","category-liturgia-e-ano-liturgico","tag-tenebrae"],"_links":{"self":[{"href":"https:\/\/catholicus.eu\/pt\/wp-json\/wp\/v2\/posts\/4870","targetHints":{"allow":["GET"]}}],"collection":[{"href":"https:\/\/catholicus.eu\/pt\/wp-json\/wp\/v2\/posts"}],"about":[{"href":"https:\/\/catholicus.eu\/pt\/wp-json\/wp\/v2\/types\/post"}],"author":[{"embeddable":true,"href":"https:\/\/catholicus.eu\/pt\/wp-json\/wp\/v2\/users\/3"}],"replies":[{"embeddable":true,"href":"https:\/\/catholicus.eu\/pt\/wp-json\/wp\/v2\/comments?post=4870"}],"version-history":[{"count":1,"href":"https:\/\/catholicus.eu\/pt\/wp-json\/wp\/v2\/posts\/4870\/revisions"}],"predecessor-version":[{"id":4872,"href":"https:\/\/catholicus.eu\/pt\/wp-json\/wp\/v2\/posts\/4870\/revisions\/4872"}],"wp:featuredmedia":[{"embeddable":true,"href":"https:\/\/catholicus.eu\/pt\/wp-json\/wp\/v2\/media\/4871"}],"wp:attachment":[{"href":"https:\/\/catholicus.eu\/pt\/wp-json\/wp\/v2\/media?parent=4870"}],"wp:term":[{"taxonomy":"category","embeddable":true,"href":"https:\/\/catholicus.eu\/pt\/wp-json\/wp\/v2\/categories?post=4870"},{"taxonomy":"post_tag","embeddable":true,"href":"https:\/\/catholicus.eu\/pt\/wp-json\/wp\/v2\/tags?post=4870"}],"curies":[{"name":"wp","href":"https:\/\/api.w.org\/{rel}","templated":true}]}}