{"id":4867,"date":"2026-02-02T18:00:40","date_gmt":"2026-02-02T17:00:40","guid":{"rendered":"https:\/\/catholicus.eu\/pt\/?p=4867"},"modified":"2026-02-02T18:00:40","modified_gmt":"2026-02-02T17:00:40","slug":"a-excomunhao-automatica-5-acoes-que-te-excluem-da-igreja-sem-necessidade-de-julgamento","status":"publish","type":"post","link":"https:\/\/catholicus.eu\/pt\/a-excomunhao-automatica-5-acoes-que-te-excluem-da-igreja-sem-necessidade-de-julgamento\/","title":{"rendered":"A \u201cexcomunh\u00e3o autom\u00e1tica\u201d: 5 a\u00e7\u00f5es que te excluem da Igreja sem necessidade de julgamento"},"content":{"rendered":"\n<p>Falar de <strong>excomunh\u00e3o<\/strong> quase sempre provoca um arrepio. Para muitos, soa como uma puni\u00e7\u00e3o medieval, uma expuls\u00e3o sem retorno, uma condena\u00e7\u00e3o p\u00fablica. Outros, pelo contr\u00e1rio, vivem convencidos de que <em>\u201choje em dia a Igreja j\u00e1 n\u00e3o excomunga ningu\u00e9m\u201d<\/em>.<br>A realidade \u2014 como tantas vezes acontece \u2014 \u00e9 mais profunda, mais s\u00e9ria\u2026 e tamb\u00e9m mais misericordiosa.<\/p>\n\n\n\n<p>Existe no Direito Can\u00f4nico uma realidade pouco conhecida, mas muito real: a <strong>excomunh\u00e3o autom\u00e1tica<\/strong>, tecnicamente chamada <em>excomunh\u00e3o latae sententiae<\/em>. Ela n\u00e3o exige julgamento, nem decreto, nem an\u00fancio p\u00fablico. Acontece <strong>no exato momento<\/strong> em que o ato gravemente proibido \u00e9 cometido.<\/p>\n\n\n\n<p>Este artigo n\u00e3o pretende assustar, mas <strong>despertar consci\u00eancias<\/strong>, <strong>esclarecer equ\u00edvocos<\/strong> e, sobretudo, <strong>servir de guia espiritual<\/strong> para viver a f\u00e9 com responsabilidade, amor \u00e0 verdade e plena comunh\u00e3o com a Igreja.<\/p>\n\n\n\n<hr class=\"wp-block-separator has-alpha-channel-opacity\"\/>\n\n\n\n<h2 class=\"wp-block-heading\">1. O que \u00e9 realmente a excomunh\u00e3o autom\u00e1tica?<\/h2>\n\n\n\n<p>A excomunh\u00e3o <strong>n\u00e3o \u00e9 uma expuls\u00e3o social<\/strong>, nem uma condena\u00e7\u00e3o eterna, nem um \u201cv\u00e1 embora e nunca mais volte\u201d.<\/p>\n\n\n\n<p>\u00c9 uma <strong>pena medicinal<\/strong>, n\u00e3o vingativa. A Igreja a aplica como \u00faltimo recurso para provocar uma <strong>profunda convers\u00e3o interior<\/strong>.<\/p>\n\n\n\n<p>O C\u00f3digo de Direito Can\u00f4nico afirma isso com clareza:<\/p>\n\n\n\n<blockquote class=\"wp-block-quote is-layout-flow wp-block-quote-is-layout-flow\">\n<p><em>\u00abA Igreja tem o direito inato e pr\u00f3prio de constranger com san\u00e7\u00f5es penais os fi\u00e9is delinquentes.\u00bb<\/em><br>(cf. CIC, c\u00e2n. 1311)<\/p>\n<\/blockquote>\n\n\n\n<p>A excomunh\u00e3o <strong>rompe a comunh\u00e3o vis\u00edvel<\/strong>, mas n\u00e3o elimina o amor de Deus nem fecha a porta ao perd\u00e3o. Pelo contr\u00e1rio, pressup\u00f5e que o pecado cometido \u00e9 t\u00e3o grave que p\u00f5e em perigo n\u00e3o apenas a alma do fiel, mas tamb\u00e9m toda a comunidade eclesial.<\/p>\n\n\n\n<hr class=\"wp-block-separator has-alpha-channel-opacity\"\/>\n\n\n\n<h2 class=\"wp-block-heading\">2. Fundamento b\u00edblico: quando a ruptura \u00e9 real<\/h2>\n\n\n\n<p>Embora o termo \u201cexcomunh\u00e3o\u201d seja posterior, a <strong>realidade espiritual<\/strong> j\u00e1 est\u00e1 presente na Sagrada Escritura.<\/p>\n\n\n\n<p>S\u00e3o Paulo escreve com severidade, mas com inten\u00e7\u00e3o pastoral:<\/p>\n\n\n\n<blockquote class=\"wp-block-quote is-layout-flow wp-block-quote-is-layout-flow\">\n<p><em>\u00abN\u00e3o sabeis que um pouco de fermento leveda toda a massa? Tirai o mau do meio de v\u00f3s.\u00bb<\/em><br>(1 Cor\u00edntios 5,6.13)<\/p>\n<\/blockquote>\n\n\n\n<p>E tamb\u00e9m:<\/p>\n\n\n\n<blockquote class=\"wp-block-quote is-layout-flow wp-block-quote-is-layout-flow\">\n<p><em>\u00abEntregai esse homem a Satan\u00e1s para a destrui\u00e7\u00e3o da carne, a fim de que o esp\u00edrito seja salvo no dia do Senhor.\u00bb<\/em><br>(1 Cor\u00edntios 5,5)<\/p>\n<\/blockquote>\n\n\n\n<p>N\u00e3o se trata de vingan\u00e7a, mas de <strong>medicina espiritual<\/strong>: um choque forte para evitar um mal maior.<\/p>\n\n\n\n<hr class=\"wp-block-separator has-alpha-channel-opacity\"\/>\n\n\n\n<h2 class=\"wp-block-heading\">3. Por que algumas excomunh\u00f5es s\u00e3o autom\u00e1ticas?<\/h2>\n\n\n\n<p>A Igreja reserva a excomunh\u00e3o <em>latae sententiae<\/em> aos <strong>delitos mais graves<\/strong>, nos quais o dano \u00e9 imediato e objetivo.<br>N\u00e3o porque Deus seja mais duro, mas porque <strong>a gravidade do ato rompe de fato a comunh\u00e3o<\/strong>.<\/p>\n\n\n\n<p>Essas penas existem para:<\/p>\n\n\n\n<ul class=\"wp-block-list\">\n<li>Proteger a <strong>Eucaristia<\/strong><\/li>\n\n\n\n<li>Defender a <strong>vida humana<\/strong><\/li>\n\n\n\n<li>Salvaguardar a <strong>unidade da Igreja<\/strong><\/li>\n\n\n\n<li>Preservar a <strong>autoridade espiritual leg\u00edtima<\/strong><\/li>\n\n\n\n<li>Custodiar o <strong>Sacramento da Reconcilia\u00e7\u00e3o<\/strong><\/li>\n<\/ul>\n\n\n\n<hr class=\"wp-block-separator has-alpha-channel-opacity\"\/>\n\n\n\n<h2 class=\"wp-block-heading\">4. As 5 a\u00e7\u00f5es que acarretam excomunh\u00e3o autom\u00e1tica<\/h2>\n\n\n\n<h3 class=\"wp-block-heading\">1. <strong>O aborto provocado (e a coopera\u00e7\u00e3o direta)<\/strong><\/h3>\n\n\n\n<p>O C\u00f3digo de Direito Can\u00f4nico \u00e9 inequ\u00edvoco:<\/p>\n\n\n\n<blockquote class=\"wp-block-quote is-layout-flow wp-block-quote-is-layout-flow\">\n<p><em>\u00abQuem provoca o aborto, se este se efetuar, incorre em excomunh\u00e3o latae sententiae.\u00bb<\/em><br>(CIC, c\u00e2n. 1397 \u00a72)<\/p>\n<\/blockquote>\n\n\n\n<p>N\u00e3o apenas quem aborta, mas tamb\u00e9m <strong>quem coopera diretamente<\/strong> (m\u00e9dicos, profissionais de sa\u00fade, quem paga ou pressiona conscientemente) incorre nesta pena.<\/p>\n\n\n\n<p>Por que tamanha gravidade?<br>Porque o aborto ataca diretamente o <strong>direito fundamental \u00e0 vida<\/strong>, inocente e indefesa.<\/p>\n\n\n\n<p>A Escritura ilumina isso com for\u00e7a:<\/p>\n\n\n\n<blockquote class=\"wp-block-quote is-layout-flow wp-block-quote-is-layout-flow\">\n<p><em>\u00abAntes de te formar no ventre, eu te conhecia.\u00bb<\/em><br>(Jeremias 1,5)<\/p>\n<\/blockquote>\n\n\n\n<p>\u26a0\ufe0f <strong>Nota pastoral essencial:<\/strong><br>A excomunh\u00e3o <strong>n\u00e3o \u00e9 irrevers\u00edvel<\/strong>. Hoje, qualquer sacerdote com as faculdades necess\u00e1rias pode absolver este pecado se houver arrependimento sincero. A Igreja pune\u2026 mas corre ainda mais depressa para perdoar.<\/p>\n\n\n\n<hr class=\"wp-block-separator has-alpha-channel-opacity\"\/>\n\n\n\n<h3 class=\"wp-block-heading\">2. <strong>A profana\u00e7\u00e3o da Eucaristia<\/strong><\/h3>\n\n\n\n<p>Inclui <strong>o roubo, o descarte, a consagra\u00e7\u00e3o para fins sacr\u00edlegos ou o uso da Eucaristia em ritos profanos<\/strong>.<\/p>\n\n\n\n<p>A Eucaristia n\u00e3o \u00e9 um simples s\u00edmbolo. Ela \u00e9 <strong>o pr\u00f3prio Cristo<\/strong>:<\/p>\n\n\n\n<blockquote class=\"wp-block-quote is-layout-flow wp-block-quote-is-layout-flow\">\n<p><em>\u00abIsto \u00e9 o meu Corpo\u2026 isto \u00e9 o meu Sangue.\u00bb<\/em><br>(Lucas 22,19\u201320)<\/p>\n<\/blockquote>\n\n\n\n<p>Atacar a Eucaristia \u00e9 atacar o <strong>cora\u00e7\u00e3o da pr\u00f3pria Igreja<\/strong>. Por isso, a pena \u00e9 imediata.<\/p>\n\n\n\n<p>Num mundo em que aumentam os sacril\u00e9gios \u201cart\u00edsticos\u201d, ideol\u00f3gicos ou sat\u00e2nicos, esta norma n\u00e3o \u00e9 medieval: \u00e9 <strong>urgentemente atual<\/strong>.<\/p>\n\n\n\n<hr class=\"wp-block-separator has-alpha-channel-opacity\"\/>\n\n\n\n<h3 class=\"wp-block-heading\">3. <strong>Absolver o pr\u00f3prio c\u00famplice num pecado contra o sexto mandamento<\/strong><\/h3>\n\n\n\n<p>Um sacerdote que mant\u00e9m rela\u00e7\u00f5es sexuais com algu\u00e9m <strong>e depois o absolve<\/strong> comete um dos delitos mais graves que existem.<\/p>\n\n\n\n<p>Por qu\u00ea?<\/p>\n\n\n\n<p>Porque <strong>corrompe o sacramento da miseric\u00f3rdia<\/strong>, usando o perd\u00e3o de Deus para encobrir o pr\u00f3prio pecado.<\/p>\n\n\n\n<p>Jesus foi dur\u00edssimo com os que escandalizam:<\/p>\n\n\n\n<blockquote class=\"wp-block-quote is-layout-flow wp-block-quote-is-layout-flow\">\n<p><em>\u00abAquele que escandalizar um destes pequeninos que creem em mim, melhor lhe seria que lhe pendurassem ao pesco\u00e7o uma grande pedra de moinho.\u00bb<\/em><br>(Mateus 18,6)<\/p>\n<\/blockquote>\n\n\n\n<p>A pena \u00e9 autom\u00e1tica, precisamente para proteger os fi\u00e9is e a santidade do sacramento.<\/p>\n\n\n\n<hr class=\"wp-block-separator has-alpha-channel-opacity\"\/>\n\n\n\n<h3 class=\"wp-block-heading\">4. <strong>Consagrar um bispo sem mandato do Papa<\/strong><\/h3>\n\n\n\n<p>Pode parecer distante, mas \u00e9 essencial para a <strong>unidade da Igreja<\/strong>.<\/p>\n\n\n\n<p>Um bispo ordenado sem mandato pontif\u00edcio rompe a comunh\u00e3o apost\u00f3lica e gera <strong>cismas<\/strong>.<\/p>\n\n\n\n<p>Cristo quis uma Igreja <strong>una<\/strong>, n\u00e3o fragmentada:<\/p>\n\n\n\n<blockquote class=\"wp-block-quote is-layout-flow wp-block-quote-is-layout-flow\">\n<p><em>\u00abPara que todos sejam um.\u00bb<\/em><br>(Jo\u00e3o 17,21)<\/p>\n<\/blockquote>\n\n\n\n<p>Por isso, tanto quem consagra quanto quem recebe a consagra\u00e7\u00e3o il\u00edcita incorrem automaticamente na excomunh\u00e3o.<\/p>\n\n\n\n<hr class=\"wp-block-separator has-alpha-channel-opacity\"\/>\n\n\n\n<h3 class=\"wp-block-heading\">5. <strong>Quebrar o sigilo sacramental<\/strong><\/h3>\n\n\n\n<p>O sigilo da confiss\u00e3o \u00e9 <strong>absoluto<\/strong>.<br>Um sacerdote <strong>jamais pode revelar<\/strong>, sob nenhuma circunst\u00e2ncia, o que ouviu em confiss\u00e3o.<\/p>\n\n\n\n<p>Nem para ajudar, nem para denunciar, nem para se proteger.<\/p>\n\n\n\n<p>Por qu\u00ea?<\/p>\n\n\n\n<p>Porque o penitente n\u00e3o fala com o sacerdote: <strong>fala com Deus<\/strong>.<\/p>\n\n\n\n<p>Quebrar o sigilo destr\u00f3i a confian\u00e7a no sacramento e coloca em risco a salva\u00e7\u00e3o de muitas almas.<\/p>\n\n\n\n<hr class=\"wp-block-separator has-alpha-channel-opacity\"\/>\n\n\n\n<h2 class=\"wp-block-heading\">5. Guia pr\u00e1tico teol\u00f3gico e pastoral<\/h2>\n\n\n\n<h3 class=\"wp-block-heading\">\ud83d\udd39 Para os fi\u00e9is leigos<\/h3>\n\n\n\n<ul class=\"wp-block-list\">\n<li><strong>N\u00e3o banalize o pecado grave<\/strong>: a miseric\u00f3rdia n\u00e3o elimina a verdade.<\/li>\n\n\n\n<li><strong>Forme-se<\/strong>: muitos caem por ignor\u00e2ncia culp\u00e1vel.<\/li>\n\n\n\n<li><strong>Viva em estado de gra\u00e7a<\/strong>: a comunh\u00e3o n\u00e3o \u00e9 autom\u00e1tica, \u00e9 um dom que deve ser cuidado.<\/li>\n\n\n\n<li><strong>Confesse-se<\/strong> com frequ\u00eancia e sinceridade.<\/li>\n<\/ul>\n\n\n\n<hr class=\"wp-block-separator has-alpha-channel-opacity\"\/>\n\n\n\n<h3 class=\"wp-block-heading\">\ud83d\udd39 Para quem caiu em algum destes pecados<\/h3>\n\n\n\n<ul class=\"wp-block-list\">\n<li><strong>N\u00e3o desespere<\/strong>: a excomunh\u00e3o n\u00e3o \u00e9 o fim.<\/li>\n\n\n\n<li><strong>Procure um sacerdote<\/strong> com humildade e arrependimento.<\/li>\n\n\n\n<li><strong>Confie na miseric\u00f3rdia de Cristo<\/strong>, que morreu precisamente pelos pecados mais graves.<\/li>\n<\/ul>\n\n\n\n<blockquote class=\"wp-block-quote is-layout-flow wp-block-quote-is-layout-flow\">\n<p><em>\u00abOnde abundou o pecado, superabundou a gra\u00e7a.\u00bb<\/em><br>(Romanos 5,20)<\/p>\n<\/blockquote>\n\n\n\n<hr class=\"wp-block-separator has-alpha-channel-opacity\"\/>\n\n\n\n<h3 class=\"wp-block-heading\">\ud83d\udd39 Para a Igreja hoje<\/h3>\n\n\n\n<p>Numa cultura que banaliza o mal, a excomunh\u00e3o autom\u00e1tica \u00e9 um <strong>grito silencioso<\/strong> que diz:<br><em>\u00abA tua alma importa. A verdade importa. A comunh\u00e3o importa.\u00bb<\/em><\/p>\n\n\n\n<p>N\u00e3o \u00e9 uma arma de exclus\u00e3o, mas um <strong>alarme espiritual<\/strong>.<\/p>\n\n\n\n<hr class=\"wp-block-separator has-alpha-channel-opacity\"\/>\n\n\n\n<h2 class=\"wp-block-heading\">6. Conclus\u00e3o: n\u00e3o o medo, mas o amor \u00e0 comunh\u00e3o<\/h2>\n\n\n\n<p>A excomunh\u00e3o autom\u00e1tica n\u00e3o existe para assustar, mas para <strong>despertar cora\u00e7\u00f5es adormecidos<\/strong>.<br>\u00c9 um limite claro que protege o sagrado num mundo que j\u00e1 n\u00e3o acredita no sagrado.<\/p>\n\n\n\n<p>Quem ama de verdade, imp\u00f5e limites.<br>E a Igreja, como M\u00e3e, <strong>fere apenas para curar<\/strong>.<\/p>\n\n\n\n<p>Se este artigo te deixou desconfort\u00e1vel, talvez fosse necess\u00e1rio.<br>Se te iluminou, partilha-o.<br>E se te levou a examinar a tua consci\u00eancia\u2026 ent\u00e3o j\u00e1 cumpriu a sua miss\u00e3o.<\/p>\n","protected":false},"excerpt":{"rendered":"<p>Falar de excomunh\u00e3o quase sempre provoca um arrepio. Para muitos, soa como uma puni\u00e7\u00e3o medieval, uma expuls\u00e3o sem retorno, uma condena\u00e7\u00e3o p\u00fablica. Outros, pelo contr\u00e1rio, vivem convencidos de que \u201choje em dia a Igreja j\u00e1 n\u00e3o excomunga ningu\u00e9m\u201d.A realidade \u2014 como tantas vezes acontece \u2014 \u00e9 mais profunda, mais s\u00e9ria\u2026 e tamb\u00e9m mais misericordiosa. Existe &hellip;<\/p>\n","protected":false},"author":3,"featured_media":4868,"comment_status":"closed","ping_status":"closed","sticky":false,"template":"","format":"standard","meta":{"_seopress_robots_primary_cat":"","_seopress_titles_title":"","_seopress_titles_desc":"","_seopress_robots_index":"","footnotes":""},"categories":[66,41],"tags":[418],"class_list":["post-4867","post","type-post","status-publish","format-standard","has-post-thumbnail","","category-cultura-popular-e-catolicismo","category-fe-e-cultura","tag-excomunhao"],"_links":{"self":[{"href":"https:\/\/catholicus.eu\/pt\/wp-json\/wp\/v2\/posts\/4867","targetHints":{"allow":["GET"]}}],"collection":[{"href":"https:\/\/catholicus.eu\/pt\/wp-json\/wp\/v2\/posts"}],"about":[{"href":"https:\/\/catholicus.eu\/pt\/wp-json\/wp\/v2\/types\/post"}],"author":[{"embeddable":true,"href":"https:\/\/catholicus.eu\/pt\/wp-json\/wp\/v2\/users\/3"}],"replies":[{"embeddable":true,"href":"https:\/\/catholicus.eu\/pt\/wp-json\/wp\/v2\/comments?post=4867"}],"version-history":[{"count":1,"href":"https:\/\/catholicus.eu\/pt\/wp-json\/wp\/v2\/posts\/4867\/revisions"}],"predecessor-version":[{"id":4869,"href":"https:\/\/catholicus.eu\/pt\/wp-json\/wp\/v2\/posts\/4867\/revisions\/4869"}],"wp:featuredmedia":[{"embeddable":true,"href":"https:\/\/catholicus.eu\/pt\/wp-json\/wp\/v2\/media\/4868"}],"wp:attachment":[{"href":"https:\/\/catholicus.eu\/pt\/wp-json\/wp\/v2\/media?parent=4867"}],"wp:term":[{"taxonomy":"category","embeddable":true,"href":"https:\/\/catholicus.eu\/pt\/wp-json\/wp\/v2\/categories?post=4867"},{"taxonomy":"post_tag","embeddable":true,"href":"https:\/\/catholicus.eu\/pt\/wp-json\/wp\/v2\/tags?post=4867"}],"curies":[{"name":"wp","href":"https:\/\/api.w.org\/{rel}","templated":true}]}}