{"id":4852,"date":"2026-01-31T23:16:28","date_gmt":"2026-01-31T22:16:28","guid":{"rendered":"https:\/\/catholicus.eu\/pt\/?p=4852"},"modified":"2026-01-31T23:16:28","modified_gmt":"2026-01-31T22:16:28","slug":"quando-roma-foi-ferida-por-filhos-batizados-o-saque-de-roma-e-a-licao-espiritual-que-ainda-nos-julga","status":"publish","type":"post","link":"https:\/\/catholicus.eu\/pt\/quando-roma-foi-ferida-por-filhos-batizados-o-saque-de-roma-e-a-licao-espiritual-que-ainda-nos-julga\/","title":{"rendered":"Quando Roma foi ferida por filhos batizados: o Saque de Roma e a li\u00e7\u00e3o espiritual que ainda nos julga"},"content":{"rendered":"\n<h3 class=\"wp-block-heading\">Introdu\u00e7\u00e3o: uma ferida que nunca cicatriza completamente<\/h3>\n\n\n\n<p>Existem datas que n\u00e3o s\u00e3o apenas hist\u00f3ria, mas um verdadeiro <strong>exame de consci\u00eancia<\/strong>. O <strong>Saque de Roma de 1527<\/strong> n\u00e3o foi apenas mais um epis\u00f3dio violento na longa cronologia das guerras europeias. Foi algo muito mais grave e inquietante: <strong>Roma, a Cidade Santa, foi devastada por um ex\u00e9rcito em grande parte crist\u00e3o, a servi\u00e7o de um imperador cat\u00f3lico<\/strong>, Carlos V. N\u00e3o chegaram sarracenos, nem pag\u00e3os. Chegaram soldados batizados, muitos deles at\u00e9 com o ros\u00e1rio no pesco\u00e7o\u2026 e com a espada ensanguentada na m\u00e3o.<\/p>\n\n\n\n<p>Este evento abalou a cristandade como um <strong>terremoto espiritual<\/strong>. Para muitos contempor\u00e2neos, n\u00e3o foi apenas um desastre pol\u00edtico, mas <strong>um castigo de Deus<\/strong>, um chamado ao arrependimento, um sinal de que algo muito profundo havia se corrompido no cora\u00e7\u00e3o da Europa.<\/p>\n\n\n\n<p>Hoje, quase cinco s\u00e9culos depois, o Saque de Roma ainda nos fala. E talvez mais do que gostar\u00edamos.<\/p>\n\n\n\n<hr class=\"wp-block-separator has-alpha-channel-opacity\"\/>\n\n\n\n<h2 class=\"wp-block-heading\">1. O que foi realmente o Saque de Roma?<\/h2>\n\n\n\n<p>Em <strong>6 de maio de 1527<\/strong>, as tropas imperiais entraram em Roma e subjugaram a cidade durante semanas a uma viol\u00eancia brutal: assassinatos, estupros, profana\u00e7\u00f5es de igrejas, saques a conventos e pal\u00e1cios, humilha\u00e7\u00e3o do clero e destrui\u00e7\u00e3o do patrim\u00f4nio art\u00edstico e espiritual acumulado ao longo dos s\u00e9culos.<\/p>\n\n\n\n<p>O Papa <strong>Clemente VII<\/strong>, membro da fam\u00edlia Medici, teve que se refugiar no <strong>Castelo Sant\u2019Angelo<\/strong>, ligado ao Vaticano pelo famoso <em>passetto<\/em>. Roma ficou praticamente sem lei. Muitos cronistas descreveram a cidade como <strong>um inferno desencadeado<\/strong>.<\/p>\n\n\n\n<p>E os fatos mais escandalosos:<\/p>\n\n\n\n<ul class=\"wp-block-list\">\n<li>O ex\u00e9rcito era composto por <strong>espanh\u00f3is, italianos e um grande n\u00famero de mercen\u00e1rios luteranos alem\u00e3es<\/strong>.<\/li>\n\n\n\n<li>O comandante militar, <strong>Carlos de Bourbon<\/strong>, morreu durante o ataque inicial, deixando as tropas sem controle.<\/li>\n\n\n\n<li>N\u00e3o havia pagamento. O saque tornou-se o \u201csal\u00e1rio\u201d dos soldados.<\/li>\n<\/ul>\n\n\n\n<p>O resultado foi uma Roma humilhada, empobrecida e espiritualmente traumatizada.<\/p>\n\n\n\n<hr class=\"wp-block-separator has-alpha-channel-opacity\"\/>\n\n\n\n<h2 class=\"wp-block-heading\">2. O imperador cat\u00f3lico e o Papa: uma rela\u00e7\u00e3o rompida<\/h2>\n\n\n\n<p>Aqui surge a pergunta desconfort\u00e1vel: <strong>como um imperador cat\u00f3lico p\u00f4de permitir algo assim?<\/strong><\/p>\n\n\n\n<p>Carlos V n\u00e3o era herege nem inimigo da Igreja. Pelo contr\u00e1rio:<\/p>\n\n\n\n<ul class=\"wp-block-list\">\n<li>Considerava-se <strong>defensor da f\u00e9<\/strong> contra o protestantismo.<\/li>\n\n\n\n<li>Governava um imp\u00e9rio sobre o qual \u201co sol nunca se punha\u201d.<\/li>\n\n\n\n<li>Viu-se como um novo Constantino, chamado a preservar a unidade crist\u00e3.<\/li>\n<\/ul>\n\n\n\n<p>Mas sua rela\u00e7\u00e3o com o Papa Clemente VII estava profundamente deteriorada. O Papa:<\/p>\n\n\n\n<ul class=\"wp-block-list\">\n<li>Aliou-se \u00e0 Fran\u00e7a e a outros estados italianos contra o imperador (Liga de Cognac).<\/li>\n\n\n\n<li>Temia o poder excessivo do imperador sobre a It\u00e1lia e sobre a pr\u00f3pria Igreja.<\/li>\n<\/ul>\n\n\n\n<p>Carlos V, por sua vez, sentiu-se <strong>tra\u00eddo pelo Papa<\/strong>, que fazia pol\u00edtica como qualquer outro pr\u00edncipe, esquecendo \u2014 segundo muitos \u2014 sua miss\u00e3o espiritual.<\/p>\n\n\n\n<p>O choque era inevit\u00e1vel. E quando a pol\u00edtica prevalece sobre a caridade, <strong>a f\u00e9 torna-se arma e a Igreja, campo de batalha<\/strong>.<\/p>\n\n\n\n<hr class=\"wp-block-separator has-alpha-channel-opacity\"\/>\n\n\n\n<h2 class=\"wp-block-heading\">3. Castigo de Deus? A leitura espiritual do s\u00e9culo XVI<\/h2>\n\n\n\n<p>Muitos santos, te\u00f3logos e fi\u00e9is interpretaram o Saque de Roma como um <strong>julgamento divino<\/strong>. N\u00e3o contra a Igreja como Corpo de Cristo \u2014 que \u00e9 santa \u2014 mas contra os pecados de seus membros.<\/p>\n\n\n\n<p>Roma, diziam, estava cheia de:<\/p>\n\n\n\n<ul class=\"wp-block-list\">\n<li>Corrup\u00e7\u00e3o moral<\/li>\n\n\n\n<li>Mundanidade do clero<\/li>\n\n\n\n<li>Ambi\u00e7\u00e3o pol\u00edtica<\/li>\n\n\n\n<li>Esquecimento da cruz<\/li>\n<\/ul>\n\n\n\n<p>N\u00e3o \u00e9 coincid\u00eancia que poucos anos depois surgisse com for\u00e7a a <strong>Reforma Cat\u00f3lica<\/strong> (erroneamente chamada de \u201cContrarreforma\u201d):<\/p>\n\n\n\n<ul class=\"wp-block-list\">\n<li>O Conc\u00edlio de Trento<\/li>\n\n\n\n<li>Reforma do clero<\/li>\n\n\n\n<li>Novas ordens como os jesu\u00edtas<\/li>\n\n\n\n<li>Um retorno s\u00e9rio \u00e0 vida espiritual<\/li>\n<\/ul>\n\n\n\n<p>Como recorda a Escritura:<\/p>\n\n\n\n<blockquote class=\"wp-block-quote is-layout-flow wp-block-quote-is-layout-flow\">\n<p><strong>\u201cPorque \u00e9 tempo de que o julgamento comece pela casa de Deus.\u201d<\/strong><br>(1 Pedro 4,17)<\/p>\n<\/blockquote>\n\n\n\n<p>Roma foi ferida\u2026 para ser purificada.<\/p>\n\n\n\n<hr class=\"wp-block-separator has-alpha-channel-opacity\"\/>\n\n\n\n<h2 class=\"wp-block-heading\">4. O esc\u00e2ndalo supremo: crist\u00e3os contra crist\u00e3os<\/h2>\n\n\n\n<p>O maior drama do Saque de Roma n\u00e3o foi apenas a viol\u00eancia, mas o <strong>esc\u00e2ndalo espiritual<\/strong>. O que pensaram os fi\u00e9is ao ver igrejas profanadas por soldados crist\u00e3os? O que pensaram os protestantes ao verem suas acusa\u00e7\u00f5es contra Roma aparentemente confirmadas? O que pensou o povo simples?<\/p>\n\n\n\n<p>Aqui se cumpre com dolorosa exatid\u00e3o outra palavra b\u00edblica:<\/p>\n\n\n\n<blockquote class=\"wp-block-quote is-layout-flow wp-block-quote-is-layout-flow\">\n<p><strong>\u201cAi do mundo por causa dos esc\u00e2ndalos! \u00c9 inevit\u00e1vel que venham esc\u00e2ndalos, mas ai daquele por quem o esc\u00e2ndalo vem!\u201d<\/strong><br>(Mateus 18,7)<\/p>\n<\/blockquote>\n\n\n\n<p>O saque enfraqueceu a autoridade moral da Igreja em um momento cr\u00edtico e mostrou o que acontece quando <strong>a f\u00e9 se separa da coer\u00eancia de vida<\/strong>.<\/p>\n\n\n\n<hr class=\"wp-block-separator has-alpha-channel-opacity\"\/>\n\n\n\n<h2 class=\"wp-block-heading\">5. Carlos V: arrependimento e consci\u00eancia crist\u00e3<\/h2>\n\n\n\n<p>\u00c9 importante dizer com justi\u00e7a: <strong>Carlos V n\u00e3o celebrou o Saque de Roma<\/strong>. Ao tomar conhecimento do ocorrido, ficou profundamente abalado. Anos depois, reconciliou-se com o Papa e foi coroado imperador por ele em Bolonha.<\/p>\n\n\n\n<p>Mais ainda:<\/p>\n\n\n\n<ul class=\"wp-block-list\">\n<li>Carlos V passou seus \u00faltimos dias retirando-se para <strong>Yuste<\/strong>, em uma vida austera e penitencial.<\/li>\n\n\n\n<li>Renunciou ao poder, algo inaudito para um imperador.<\/li>\n\n\n\n<li>Morreu como crist\u00e3o consciente da vaidade do mundo.<\/li>\n<\/ul>\n\n\n\n<p>Sua vida lembra esta senten\u00e7a eterna:<\/p>\n\n\n\n<blockquote class=\"wp-block-quote is-layout-flow wp-block-quote-is-layout-flow\">\n<p><strong>\u201cDe que adianta ao homem ganhar o mundo inteiro e perder a sua alma?\u201d<\/strong><br>(Marcos 8,36)<\/p>\n<\/blockquote>\n\n\n\n<hr class=\"wp-block-separator has-alpha-channel-opacity\"\/>\n\n\n\n<h2 class=\"wp-block-heading\">6. O que o Saque de Roma nos diz hoje?<\/h2>\n\n\n\n<p>Este epis\u00f3dio n\u00e3o \u00e9 uma rel\u00edquia do passado. \u00c9 um espelho desconfort\u00e1vel para o nosso tempo.<\/p>\n\n\n\n<p>Hoje tamb\u00e9m vemos:<\/p>\n\n\n\n<ul class=\"wp-block-list\">\n<li>Conflitos dentro da Igreja<\/li>\n\n\n\n<li>Esc\u00e2ndalos que ferem os fi\u00e9is<\/li>\n\n\n\n<li>Mundanidade espiritual<\/li>\n\n\n\n<li>A tenta\u00e7\u00e3o de usar a f\u00e9 como ideologia<\/li>\n<\/ul>\n\n\n\n<p>O Saque de Roma nos ensina que <strong>o maior dano \u00e0 Igreja nem sempre vem de fora<\/strong>, mas de dentro, quando esquecemos que <strong>a cruz precede a gl\u00f3ria<\/strong>.<\/p>\n\n\n\n<hr class=\"wp-block-separator has-alpha-channel-opacity\"\/>\n\n\n\n<h2 class=\"wp-block-heading\">7. Aplica\u00e7\u00f5es pr\u00e1ticas: um guia espiritual para hoje<\/h2>\n\n\n\n<p>Este evento hist\u00f3rico nos convida a tr\u00eas atitudes concretas:<\/p>\n\n\n\n<h3 class=\"wp-block-heading\">1. Humildade<\/h3>\n\n\n\n<p>A Igreja \u00e9 santa, mas n\u00f3s somos pecadores. A reforma sempre come\u00e7a por n\u00f3s mesmos.<\/p>\n\n\n\n<h3 class=\"wp-block-heading\">2. Ora\u00e7\u00e3o e penit\u00eancia<\/h3>\n\n\n\n<p>O que \u00e9 sagrado n\u00e3o se reconstr\u00f3i apenas com estrat\u00e9gias, mas com joelhos dobrados e cora\u00e7\u00f5es convertidos.<\/p>\n\n\n\n<h3 class=\"wp-block-heading\">3. Fidelidade sem fanatismo<\/h3>\n\n\n\n<p>Amar a Igreja n\u00e3o \u00e9 justificar tudo, mas <strong>buscar a verdade com caridade<\/strong>, mesmo quando d\u00f3i.<\/p>\n\n\n\n<hr class=\"wp-block-separator has-alpha-channel-opacity\"\/>\n\n\n\n<h2 class=\"wp-block-heading\">Conclus\u00e3o: Roma caiu, mas a Igreja n\u00e3o<\/h2>\n\n\n\n<p>Roma foi saqueada. O Papa humilhado. O imperador confuso. A Europa escandalizada.<br>E, no entanto\u2026 <strong>a Igreja sobreviveu<\/strong>. Mais ainda: renovou-se.<\/p>\n\n\n\n<p>Porque a Igreja n\u00e3o \u00e9 sustentada por ex\u00e9rcitos ou imperadores, mas por Aquele que disse:<\/p>\n\n\n\n<blockquote class=\"wp-block-quote is-layout-flow wp-block-quote-is-layout-flow\">\n<p><strong>\u201cAs portas do inferno n\u00e3o prevalecer\u00e3o contra ela.\u201d<\/strong><br>(Mateus 16,18)<\/p>\n<\/blockquote>\n\n\n\n<p>O Saque de Roma nos lembra que a hist\u00f3ria da Igreja \u00e9 tamb\u00e9m a nossa hist\u00f3ria: uma luta constante entre gra\u00e7a e pecado. E que, mesmo quando tudo parece perdido, <strong>Deus continua a escrever direito com linhas tortas<\/strong>.<\/p>\n\n\n\n<p>Que saibamos aprender a li\u00e7\u00e3o.<\/p>\n","protected":false},"excerpt":{"rendered":"<p>Introdu\u00e7\u00e3o: uma ferida que nunca cicatriza completamente Existem datas que n\u00e3o s\u00e3o apenas hist\u00f3ria, mas um verdadeiro exame de consci\u00eancia. O Saque de Roma de 1527 n\u00e3o foi apenas mais um epis\u00f3dio violento na longa cronologia das guerras europeias. Foi algo muito mais grave e inquietante: Roma, a Cidade Santa, foi devastada por um ex\u00e9rcito &hellip;<\/p>\n","protected":false},"author":3,"featured_media":4853,"comment_status":"closed","ping_status":"closed","sticky":false,"template":"","format":"standard","meta":{"_seopress_robots_primary_cat":"","_seopress_titles_title":"","_seopress_titles_desc":"","_seopress_robots_index":"","footnotes":""},"categories":[48,38],"tags":[1718],"class_list":["post-4852","post","type-post","status-publish","format-standard","has-post-thumbnail","","category-historia-da-igreja","category-historia-e-tradicao","tag-saque-de-roma"],"_links":{"self":[{"href":"https:\/\/catholicus.eu\/pt\/wp-json\/wp\/v2\/posts\/4852","targetHints":{"allow":["GET"]}}],"collection":[{"href":"https:\/\/catholicus.eu\/pt\/wp-json\/wp\/v2\/posts"}],"about":[{"href":"https:\/\/catholicus.eu\/pt\/wp-json\/wp\/v2\/types\/post"}],"author":[{"embeddable":true,"href":"https:\/\/catholicus.eu\/pt\/wp-json\/wp\/v2\/users\/3"}],"replies":[{"embeddable":true,"href":"https:\/\/catholicus.eu\/pt\/wp-json\/wp\/v2\/comments?post=4852"}],"version-history":[{"count":1,"href":"https:\/\/catholicus.eu\/pt\/wp-json\/wp\/v2\/posts\/4852\/revisions"}],"predecessor-version":[{"id":4854,"href":"https:\/\/catholicus.eu\/pt\/wp-json\/wp\/v2\/posts\/4852\/revisions\/4854"}],"wp:featuredmedia":[{"embeddable":true,"href":"https:\/\/catholicus.eu\/pt\/wp-json\/wp\/v2\/media\/4853"}],"wp:attachment":[{"href":"https:\/\/catholicus.eu\/pt\/wp-json\/wp\/v2\/media?parent=4852"}],"wp:term":[{"taxonomy":"category","embeddable":true,"href":"https:\/\/catholicus.eu\/pt\/wp-json\/wp\/v2\/categories?post=4852"},{"taxonomy":"post_tag","embeddable":true,"href":"https:\/\/catholicus.eu\/pt\/wp-json\/wp\/v2\/tags?post=4852"}],"curies":[{"name":"wp","href":"https:\/\/api.w.org\/{rel}","templated":true}]}}