{"id":4849,"date":"2026-01-31T22:23:55","date_gmt":"2026-01-31T21:23:55","guid":{"rendered":"https:\/\/catholicus.eu\/pt\/?p=4849"},"modified":"2026-01-31T22:23:55","modified_gmt":"2026-01-31T21:23:55","slug":"a-peregrinacao-da-graca-quando-um-povo-se-levantou-por-deus-pela-fe-e-pela-verdade","status":"publish","type":"post","link":"https:\/\/catholicus.eu\/pt\/a-peregrinacao-da-graca-quando-um-povo-se-levantou-por-deus-pela-fe-e-pela-verdade\/","title":{"rendered":"A Peregrina\u00e7\u00e3o da Gra\u00e7a: quando um povo se levantou por Deus, pela f\u00e9 e pela verdade"},"content":{"rendered":"\n<p><strong>Uma revolta, uma cruz, uma li\u00e7\u00e3o eterna para os cat\u00f3licos de hoje<\/strong><\/p>\n\n\n\n<p>Falar da <strong>Peregrina\u00e7\u00e3o da Gra\u00e7a<\/strong> n\u00e3o \u00e9 apenas recordar um epis\u00f3dio hist\u00f3rico do s\u00e9culo XVI. \u00c9 falar de <strong>consci\u00eancias despertas<\/strong>, de um povo simples que, diante de um ataque direto \u00e0 sua f\u00e9, decidiu caminhar \u2014 literal e espiritualmente \u2014 para defender aquilo que considerava sagrado. No fundo, trata-se de uma <strong>catequese viva<\/strong> sobre fidelidade, obedi\u00eancia, os limites do poder e o pre\u00e7o de confessar a f\u00e9 em tempos de confus\u00e3o.<\/p>\n\n\n\n<p>Hoje, quando muitos cat\u00f3licos vivem uma f\u00e9 dilu\u00edda, privatizada ou reduzida ao mero sentimentalismo, a Peregrina\u00e7\u00e3o da Gra\u00e7a ressoa com uma for\u00e7a surpreendentemente atual.<\/p>\n\n\n\n<hr class=\"wp-block-separator has-alpha-channel-opacity\"\/>\n\n\n\n<h2 class=\"wp-block-heading\">1. O que foi a Peregrina\u00e7\u00e3o da Gra\u00e7a?<\/h2>\n\n\n\n<p>A <strong>Peregrina\u00e7\u00e3o da Gra\u00e7a<\/strong> foi uma grande insurrei\u00e7\u00e3o popular ocorrida na <strong>Inglaterra em 1536<\/strong>, durante o reinado de <strong>Henrique VIII<\/strong>, como rea\u00e7\u00e3o \u00e0 ruptura com Roma e ao processo de dissolu\u00e7\u00e3o dos mosteiros.<\/p>\n\n\n\n<p>N\u00e3o foi uma revolu\u00e7\u00e3o pol\u00edtica no sentido habitual. <strong>Foi uma revolta religiosa<\/strong>, profundamente cat\u00f3lica, que reuniu:<\/p>\n\n\n\n<ul class=\"wp-block-list\">\n<li>camponeses<\/li>\n\n\n\n<li>artes\u00e3os<\/li>\n\n\n\n<li>membros do clero<\/li>\n\n\n\n<li>nobres fi\u00e9is a Roma<\/li>\n<\/ul>\n\n\n\n<p>Todos unidos sob uma \u00fanica bandeira: <strong>a defesa da f\u00e9 cat\u00f3lica, da Eucaristia, da Igreja e do Papa<\/strong>.<\/p>\n\n\n\n<p>E fizeram isso sob um nome carregado de significado: <em>Peregrina\u00e7\u00e3o<\/em>. N\u00e3o se chamaram \u201cex\u00e9rcito\u201d, nem \u201cpartido\u201d, nem \u201crebeli\u00e3o\u201d. Chamaram-se <strong>peregrinos<\/strong>, porque compreendiam a sua a\u00e7\u00e3o como um ato espiritual, penitencial e religioso.<\/p>\n\n\n\n<hr class=\"wp-block-separator has-alpha-channel-opacity\"\/>\n\n\n\n<h2 class=\"wp-block-heading\">2. O contexto: quando o poder quis redefinir a f\u00e9<\/h2>\n\n\n\n<p>Para compreender a Peregrina\u00e7\u00e3o da Gra\u00e7a \u00e9 necess\u00e1rio compreender o momento hist\u00f3rico:<\/p>\n\n\n\n<ul class=\"wp-block-list\">\n<li>Henrique VIII rompe com Roma para poder divorciar-se.<\/li>\n\n\n\n<li>Proclama-se <strong>Chefe Supremo da Igreja na Inglaterra<\/strong>.<\/li>\n\n\n\n<li>A autoridade do Papa \u00e9 suprimida.<\/li>\n\n\n\n<li>Os mosteiros s\u00e3o dissolvidos e os bens sagrados confiscados.<\/li>\n\n\n\n<li>Aqueles que permanecem fi\u00e9is \u00e0 f\u00e9 cat\u00f3lica tradicional s\u00e3o perseguidos.<\/li>\n<\/ul>\n\n\n\n<p>Para o povo ingl\u00eas, especialmente no norte do pa\u00eds, isso n\u00e3o era uma \u201creforma administrativa\u201d. Era um <strong>ataque direto \u00e0 ordem querida por Deus<\/strong>.<\/p>\n\n\n\n<p>Os mosteiros n\u00e3o eram apenas edif\u00edcios:<\/p>\n\n\n\n<ul class=\"wp-block-list\">\n<li>eram centros de ora\u00e7\u00e3o;<\/li>\n\n\n\n<li>eram hospitais;<\/li>\n\n\n\n<li>eram escolas;<\/li>\n\n\n\n<li>eram ref\u00fagios para os pobres.<\/li>\n<\/ul>\n\n\n\n<p>Fechar os mosteiros significava <strong>arrancar o cora\u00e7\u00e3o espiritual e social do povo<\/strong>.<\/p>\n\n\n\n<hr class=\"wp-block-separator has-alpha-channel-opacity\"\/>\n\n\n\n<h2 class=\"wp-block-heading\">3. Uma revolta com ros\u00e1rios, n\u00e3o com ideologias<\/h2>\n\n\n\n<p>Os peregrinos marchavam sob estandartes com a inscri\u00e7\u00e3o:<\/p>\n\n\n\n<blockquote class=\"wp-block-quote is-layout-flow wp-block-quote-is-layout-flow\">\n<p><strong>\u201cPor Deus, pelo Rei e pela Igreja\u201d<\/strong><\/p>\n<\/blockquote>\n\n\n\n<p>Levavam consigo:<\/p>\n\n\n\n<ul class=\"wp-block-list\">\n<li>cruzes<\/li>\n\n\n\n<li>imagens sagradas<\/li>\n\n\n\n<li>s\u00edmbolos eucar\u00edsticos<\/li>\n<\/ul>\n\n\n\n<p>Rezavam, jejuavam e se confessavam antes de marchar. Muitos fizeram voto de n\u00e3o empunhar armas injustamente. N\u00e3o buscavam derrubar o rei, mas <strong>que o rei retornasse \u00e0 obedi\u00eancia a Deus<\/strong>.<\/p>\n\n\n\n<p>Aqui est\u00e1 uma li\u00e7\u00e3o fundamental:<br>\ud83d\udc49 <strong>Nem toda resist\u00eancia \u00e9 revolucion\u00e1ria; algumas formas s\u00e3o profundamente obedientes a Deus.<\/strong><\/p>\n\n\n\n<hr class=\"wp-block-separator has-alpha-channel-opacity\"\/>\n\n\n\n<h2 class=\"wp-block-heading\">4. A dimens\u00e3o teol\u00f3gica: obedecer a Deus antes que aos homens<\/h2>\n\n\n\n<p>A Sagrada Escritura \u00e9 clara:<\/p>\n\n\n\n<blockquote class=\"wp-block-quote is-layout-flow wp-block-quote-is-layout-flow\">\n<p><em>\u201c\u00c9 preciso obedecer a Deus antes que aos homens.\u201d<\/em><br>(At 5,29)<\/p>\n<\/blockquote>\n\n\n\n<p>Os peregrinos compreenderam algo essencial da teologia moral cat\u00f3lica:<br><strong>a obedi\u00eancia civil tem limites<\/strong>, e esses limites s\u00e3o estabelecidos pela lei divina.<\/p>\n\n\n\n<p>Quando uma autoridade:<\/p>\n\n\n\n<ul class=\"wp-block-list\">\n<li>ataca os sacramentos;<\/li>\n\n\n\n<li>usurpa fun\u00e7\u00f5es espirituais;<\/li>\n\n\n\n<li>nega verdades da f\u00e9;<\/li>\n<\/ul>\n\n\n\n<p>\ud83d\udc49 <strong>a consci\u00eancia cat\u00f3lica n\u00e3o pode permanecer em sil\u00eancio<\/strong>.<\/p>\n\n\n\n<p>A Peregrina\u00e7\u00e3o da Gra\u00e7a foi, nesse sentido, um enorme ato de <strong>consci\u00eancia moral coletiva<\/strong>.<\/p>\n\n\n\n<hr class=\"wp-block-separator has-alpha-channel-opacity\"\/>\n\n\n\n<h2 class=\"wp-block-heading\">5. A Peregrina\u00e7\u00e3o da Gra\u00e7a fracassou?<\/h2>\n\n\n\n<p>Do ponto de vista humano, sim.<\/p>\n\n\n\n<p>O rei enganou os l\u00edderes prometendo di\u00e1logo.<br>Uma vez desmobilizado o movimento, <strong>ele os perseguiu e mandou execut\u00e1-los<\/strong>.<br>Muitos foram enforcados, esquartejados ou presos.<\/p>\n\n\n\n<p>Mas <strong>espiritualmente, n\u00e3o fracassou<\/strong>.<\/p>\n\n\n\n<p>Porque:<\/p>\n\n\n\n<ul class=\"wp-block-list\">\n<li>deu m\u00e1rtires \u00e0 Igreja;<\/li>\n\n\n\n<li>deixou um testemunho de fidelidade;<\/li>\n\n\n\n<li>mostrou que a f\u00e9 n\u00e3o \u00e9 negoci\u00e1vel;<\/li>\n\n\n\n<li>semeou uma mem\u00f3ria que ainda hoje nos interpela.<\/li>\n<\/ul>\n\n\n\n<p>A hist\u00f3ria da Igreja est\u00e1 cheia de \u201cderrotas\u201d que s\u00e3o <strong>vit\u00f3rias eternas<\/strong>.<\/p>\n\n\n\n<hr class=\"wp-block-separator has-alpha-channel-opacity\"\/>\n\n\n\n<h2 class=\"wp-block-heading\">6. O que a Peregrina\u00e7\u00e3o da Gra\u00e7a nos diz hoje?<\/h2>\n\n\n\n<p>Vivemos tempos diferentes, mas com <strong>paralelos inquietantes<\/strong>:<\/p>\n\n\n\n<ul class=\"wp-block-list\">\n<li>confus\u00e3o doutrinal;<\/li>\n\n\n\n<li>sil\u00eancio diante de abusos lit\u00fargicos;<\/li>\n\n\n\n<li>redu\u00e7\u00e3o da f\u00e9 \u00e0 esfera privada;<\/li>\n\n\n\n<li>press\u00e3o cultural contra a moral crist\u00e3;<\/li>\n\n\n\n<li>cat\u00f3licos que preferem a paz ao testemunho.<\/li>\n<\/ul>\n\n\n\n<p>A Peregrina\u00e7\u00e3o da Gra\u00e7a nos recorda que:<\/p>\n\n\n\n<ul class=\"wp-block-list\">\n<li>a f\u00e9 \u00e9 <strong>p\u00fablica<\/strong>, n\u00e3o apenas privada;<\/li>\n\n\n\n<li>a Igreja n\u00e3o pertence ao Estado nem \u00e0s modas passageiras;<\/li>\n\n\n\n<li>os leigos t\u00eam uma responsabilidade ativa na defesa da f\u00e9;<\/li>\n\n\n\n<li>a Tradi\u00e7\u00e3o n\u00e3o \u00e9 nostalgia, \u00e9 fidelidade.<\/li>\n<\/ul>\n\n\n\n<hr class=\"wp-block-separator has-alpha-channel-opacity\"\/>\n\n\n\n<h2 class=\"wp-block-heading\">7. Guia pr\u00e1tico: viver hoje uma \u201cperegrina\u00e7\u00e3o da gra\u00e7a\u201d<\/h2>\n\n\n\n<h3 class=\"wp-block-heading\">A. Do ponto de vista teol\u00f3gico<\/h3>\n\n\n\n<ol class=\"wp-block-list\">\n<li><strong>Formar a consci\u00eancia<\/strong>\n<ul class=\"wp-block-list\">\n<li>Ler o Catecismo.<\/li>\n\n\n\n<li>Conhecer a doutrina de sempre.<\/li>\n\n\n\n<li>N\u00e3o se contentar com vers\u00f5es dilu\u00eddas da f\u00e9.<\/li>\n<\/ul>\n<\/li>\n\n\n\n<li><strong>Amar a verdade, mesmo quando incomoda<\/strong>\n<ul class=\"wp-block-list\">\n<li>Caridade sem verdade \u00e9 sentimentalismo.<\/li>\n\n\n\n<li>Verdade sem caridade \u00e9 dureza.<\/li>\n\n\n\n<li>Ambas devem caminhar juntas.<\/li>\n<\/ul>\n<\/li>\n\n\n\n<li><strong>Defender a Eucaristia<\/strong>\n<ul class=\"wp-block-list\">\n<li>Rever\u00eancia.<\/li>\n\n\n\n<li>Adora\u00e7\u00e3o.<\/li>\n\n\n\n<li>Consci\u00eancia clara da Presen\u00e7a Real.<\/li>\n<\/ul>\n<\/li>\n<\/ol>\n\n\n\n<blockquote class=\"wp-block-quote is-layout-flow wp-block-quote-is-layout-flow\">\n<p><em>\u201cQuem come deste p\u00e3o viver\u00e1 para sempre.\u201d<\/em> (Jo 6,58)<\/p>\n<\/blockquote>\n\n\n\n<hr class=\"wp-block-separator has-alpha-channel-opacity\"\/>\n\n\n\n<h3 class=\"wp-block-heading\">B. Do ponto de vista pastoral<\/h3>\n\n\n\n<ol class=\"wp-block-list\">\n<li><strong>N\u00e3o viver a f\u00e9 no isolamento<\/strong>\n<ul class=\"wp-block-list\">\n<li>Procurar comunidades saud\u00e1veis.<\/li>\n\n\n\n<li>Grupos de ora\u00e7\u00e3o.<\/li>\n\n\n\n<li>Forma\u00e7\u00e3o paroquial s\u00f3lida.<\/li>\n<\/ul>\n<\/li>\n\n\n\n<li><strong>Dar testemunho sem agressividade<\/strong>\n<ul class=\"wp-block-list\">\n<li>Firmeza sem viol\u00eancia.<\/li>\n\n\n\n<li>Clareza sem desprezo.<\/li>\n\n\n\n<li>Coragem sem arrog\u00e2ncia.<\/li>\n<\/ul>\n<\/li>\n\n\n\n<li><strong>Aceitar o sacrif\u00edcio<\/strong>\n<ul class=\"wp-block-list\">\n<li>Ser fiel hoje tem um custo.<\/li>\n\n\n\n<li>A Cruz n\u00e3o \u00e9 um acidente: \u00e9 o caminho.<\/li>\n<\/ul>\n<\/li>\n<\/ol>\n\n\n\n<blockquote class=\"wp-block-quote is-layout-flow wp-block-quote-is-layout-flow\">\n<p><em>\u201cSe algu\u00e9m quer vir ap\u00f3s mim, tome a sua cruz cada dia.\u201d<\/em> (Lc 9,23)<\/p>\n<\/blockquote>\n\n\n\n<hr class=\"wp-block-separator has-alpha-channel-opacity\"\/>\n\n\n\n<h3 class=\"wp-block-heading\">C. Pr\u00e1tica concreta para a vida cotidiana<\/h3>\n\n\n\n<ul class=\"wp-block-list\">\n<li>Fazer peregrina\u00e7\u00f5es f\u00edsicas (santu\u00e1rios, caminhos de f\u00e9).<\/li>\n\n\n\n<li>Empreender uma peregrina\u00e7\u00e3o interior:\n<ul class=\"wp-block-list\">\n<li>confiss\u00e3o frequente;<\/li>\n\n\n\n<li>ora\u00e7\u00e3o di\u00e1ria;<\/li>\n\n\n\n<li>jejum moderado.<\/li>\n<\/ul>\n<\/li>\n\n\n\n<li>Defender a f\u00e9 nas conversas reais.<\/li>\n\n\n\n<li>Educar os filhos na Tradi\u00e7\u00e3o viva.<\/li>\n<\/ul>\n\n\n\n<hr class=\"wp-block-separator has-alpha-channel-opacity\"\/>\n\n\n\n<h2 class=\"wp-block-heading\">8. Conclus\u00e3o: continuamos sendo peregrinos<\/h2>\n\n\n\n<p>A Peregrina\u00e7\u00e3o da Gra\u00e7a n\u00e3o terminou em 1536.<br>Ela continua cada vez que um cat\u00f3lico:<\/p>\n\n\n\n<ul class=\"wp-block-list\">\n<li>escolhe a fidelidade em vez do conforto;<\/li>\n\n\n\n<li>prefere a verdade aos aplausos;<\/li>\n\n\n\n<li>caminha contra a corrente por amor a Cristo.<\/li>\n<\/ul>\n\n\n\n<p>Hoje n\u00e3o marchamos com estandartes medievais, mas <strong>continuamos caminhando com a Cruz<\/strong>.<\/p>\n\n\n\n<p>E, como ent\u00e3o, a pergunta permanece a mesma:<\/p>\n\n\n\n<p>\ud83d\udc49 <strong>Estamos dispostos a fazer uma peregrina\u00e7\u00e3o pela gra\u00e7a\u2026 ou preferimos nos acomodar na tibieza?<\/strong><\/p>\n\n\n\n<p>Porque a f\u00e9 aut\u00eantica <strong>est\u00e1 sempre em caminho<\/strong>.<br>E quem caminha com Deus nunca caminha sozinho.<\/p>\n","protected":false},"excerpt":{"rendered":"<p>Uma revolta, uma cruz, uma li\u00e7\u00e3o eterna para os cat\u00f3licos de hoje Falar da Peregrina\u00e7\u00e3o da Gra\u00e7a n\u00e3o \u00e9 apenas recordar um epis\u00f3dio hist\u00f3rico do s\u00e9culo XVI. \u00c9 falar de consci\u00eancias despertas, de um povo simples que, diante de um ataque direto \u00e0 sua f\u00e9, decidiu caminhar \u2014 literal e espiritualmente \u2014 para defender aquilo &hellip;<\/p>\n","protected":false},"author":3,"featured_media":4850,"comment_status":"closed","ping_status":"closed","sticky":false,"template":"","format":"standard","meta":{"_seopress_robots_primary_cat":"","_seopress_titles_title":"","_seopress_titles_desc":"","_seopress_robots_index":"","footnotes":""},"categories":[48,38],"tags":[1717],"class_list":["post-4849","post","type-post","status-publish","format-standard","has-post-thumbnail","","category-historia-da-igreja","category-historia-e-tradicao","tag-peregrinacao-da-graca"],"_links":{"self":[{"href":"https:\/\/catholicus.eu\/pt\/wp-json\/wp\/v2\/posts\/4849","targetHints":{"allow":["GET"]}}],"collection":[{"href":"https:\/\/catholicus.eu\/pt\/wp-json\/wp\/v2\/posts"}],"about":[{"href":"https:\/\/catholicus.eu\/pt\/wp-json\/wp\/v2\/types\/post"}],"author":[{"embeddable":true,"href":"https:\/\/catholicus.eu\/pt\/wp-json\/wp\/v2\/users\/3"}],"replies":[{"embeddable":true,"href":"https:\/\/catholicus.eu\/pt\/wp-json\/wp\/v2\/comments?post=4849"}],"version-history":[{"count":1,"href":"https:\/\/catholicus.eu\/pt\/wp-json\/wp\/v2\/posts\/4849\/revisions"}],"predecessor-version":[{"id":4851,"href":"https:\/\/catholicus.eu\/pt\/wp-json\/wp\/v2\/posts\/4849\/revisions\/4851"}],"wp:featuredmedia":[{"embeddable":true,"href":"https:\/\/catholicus.eu\/pt\/wp-json\/wp\/v2\/media\/4850"}],"wp:attachment":[{"href":"https:\/\/catholicus.eu\/pt\/wp-json\/wp\/v2\/media?parent=4849"}],"wp:term":[{"taxonomy":"category","embeddable":true,"href":"https:\/\/catholicus.eu\/pt\/wp-json\/wp\/v2\/categories?post=4849"},{"taxonomy":"post_tag","embeddable":true,"href":"https:\/\/catholicus.eu\/pt\/wp-json\/wp\/v2\/tags?post=4849"}],"curies":[{"name":"wp","href":"https:\/\/api.w.org\/{rel}","templated":true}]}}