{"id":4840,"date":"2026-01-31T15:46:31","date_gmt":"2026-01-31T14:46:31","guid":{"rendered":"https:\/\/catholicus.eu\/pt\/?p=4840"},"modified":"2026-01-31T15:46:31","modified_gmt":"2026-01-31T14:46:31","slug":"quando-trocamos-a-palavra-pelo-ruido-estamos-substituindo-a-vida-espiritual-por-podcasts","status":"publish","type":"post","link":"https:\/\/catholicus.eu\/pt\/quando-trocamos-a-palavra-pelo-ruido-estamos-substituindo-a-vida-espiritual-por-podcasts\/","title":{"rendered":"Quando trocamos a Palavra pelo ru\u00eddo: estamos substituindo a vida espiritual por podcasts?"},"content":{"rendered":"\n<h3 class=\"wp-block-heading\">Introdu\u00e7\u00e3o: uma f\u00e9 em modo \u201creprodu\u00e7\u00e3o autom\u00e1tica\u201d<\/h3>\n\n\n\n<p>Vivemos na era do <em>play<\/em>. Tudo est\u00e1 a um clique de dist\u00e2ncia: forma\u00e7\u00e3o, entretenimento, not\u00edcias, espiritualidade. Nunca houve tantos <strong>podcasts cat\u00f3licos<\/strong>, <strong>canais religiosos no YouTube<\/strong>, <strong>palestras edificantes<\/strong>, <strong>homilias gravadas<\/strong> e <strong>reflex\u00f5es espirituais em \u00e1udio e v\u00eddeo<\/strong>. E, no entanto \u2014 paradoxo inquietante \u2014 nunca foram t\u00e3o raras a <strong>leitura lenta da B\u00edblia<\/strong>, a <strong>medita\u00e7\u00e3o silenciosa<\/strong>, a <strong>leitura espiritual profunda<\/strong> e a <strong>reflex\u00e3o pessoal diante de Deus<\/strong>.<\/p>\n\n\n\n<p>N\u00e3o se trata de demonizar podcasts ou v\u00eddeos. Muitos s\u00e3o excelentes, ortodoxos e bem-intencionados. O problema surge quando eles <strong>substituem<\/strong>, em vez de <strong>acompanhar<\/strong>, a leitura e a reflex\u00e3o pessoal da Palavra de Deus e da pr\u00f3pria vida \u00e0 luz dessa Palavra.<\/p>\n\n\n\n<p>Este artigo quer ajudar a <strong>discernir<\/strong>, n\u00e3o a condenar. A <strong>ordenar<\/strong>, n\u00e3o a proibir. A <strong>voltar ao centro<\/strong>, sem rejeitar os meios modernos. Porque uma f\u00e9 alimentada apenas por fones de ouvido corre o risco de se tornar uma f\u00e9 <strong>ouvida<\/strong>, mas n\u00e3o <strong>assimilada<\/strong>.<\/p>\n\n\n\n<hr class=\"wp-block-separator has-alpha-channel-opacity\"\/>\n\n\n\n<h2 class=\"wp-block-heading\">1. Um olhar hist\u00f3rico: a f\u00e9 sempre foi lida, \u201cruminada\u201d e vivida<\/h2>\n\n\n\n<p>Desde as suas origens, a f\u00e9 b\u00edblica nunca foi concebida como consumo r\u00e1pido de ideias.<\/p>\n\n\n\n<ul class=\"wp-block-list\">\n<li>Em Israel, a Lei era <strong>lida<\/strong>, <strong>memorizada<\/strong>, <strong>meditada<\/strong> e <strong>transmitida<\/strong> de gera\u00e7\u00e3o em gera\u00e7\u00e3o.<\/li>\n\n\n\n<li>Os Padres do deserto falavam da <em>ruminatio<\/em>: \u201cruminar\u201d a Palavra como um animal que mastiga lentamente o alimento para assimil\u00e1-lo.<\/li>\n\n\n\n<li>A Igreja desenvolveu a <strong>Lectio Divina<\/strong> justamente para evitar uma rela\u00e7\u00e3o superficial com a Escritura.<\/li>\n<\/ul>\n\n\n\n<p>S\u00e3o Jer\u00f4nimo expressou isso com clareza contundente:<\/p>\n\n\n\n<blockquote class=\"wp-block-quote is-layout-flow wp-block-quote-is-layout-flow\">\n<p><em>\u201cIgnorar as Escrituras \u00e9 ignorar Cristo.\u201d<\/em><\/p>\n<\/blockquote>\n\n\n\n<p>Ele n\u00e3o disse \u201cn\u00e3o ouvir ensinamentos sobre a Escritura\u201d, mas <strong>ignorar as pr\u00f3prias Escrituras<\/strong>.<\/p>\n\n\n\n<p>A f\u00e9 sempre cresceu no <strong>sil\u00eancio<\/strong>, na <strong>leitura<\/strong>, na <strong>releitura<\/strong>, na <strong>interioriza\u00e7\u00e3o<\/strong>. A prega\u00e7\u00e3o ajuda, sim, mas nunca substituiu a rela\u00e7\u00e3o direta da alma com a Palavra de Deus.<\/p>\n\n\n\n<hr class=\"wp-block-separator has-alpha-channel-opacity\"\/>\n\n\n\n<h2 class=\"wp-block-heading\">2. Fundamento teol\u00f3gico: Deus fala\u2026 mas quer ser ouvido com o cora\u00e7\u00e3o<\/h2>\n\n\n\n<p>A Sagrada Escritura n\u00e3o \u00e9 mera informa\u00e7\u00e3o religiosa. Ela \u00e9 a <strong>Palavra viva<\/strong>, em certo sentido sacramental, que interpela, fere, consola e transforma.<\/p>\n\n\n\n<blockquote class=\"wp-block-quote is-layout-flow wp-block-quote-is-layout-flow\">\n<p>\ud83d\udcd6 <em>\u201cA palavra de Deus \u00e9 viva e eficaz, mais cortante do que qualquer espada de dois gumes; penetra at\u00e9 dividir alma e esp\u00edrito\u201d<\/em><br>(Hebreus 4,12)<\/p>\n<\/blockquote>\n\n\n\n<p>Mas, para que essa Palavra <strong>penetre<\/strong>, s\u00e3o necess\u00e1rios:<\/p>\n\n\n\n<ul class=\"wp-block-list\">\n<li><strong>tempo<\/strong><\/li>\n\n\n\n<li><strong>sil\u00eancio<\/strong><\/li>\n\n\n\n<li><strong>disponibilidade interior<\/strong><\/li>\n<\/ul>\n\n\n\n<p>O problema de substituir a leitura por podcasts n\u00e3o est\u00e1 no conte\u00fado, mas no <strong>modo<\/strong>. A escuta passiva n\u00e3o exige o mesmo grau de envolvimento pessoal que a leitura e a medita\u00e7\u00e3o.<\/p>\n\n\n\n<p>Do ponto de vista teol\u00f3gico, poder\u00edamos dizer:<\/p>\n\n\n\n<ul class=\"wp-block-list\">\n<li>A leitura favorece a <strong>interioriza\u00e7\u00e3o<\/strong><\/li>\n\n\n\n<li>O \u00e1udio favorece a <strong>recep\u00e7\u00e3o externa<\/strong><\/li>\n\n\n\n<li>O v\u00eddeo favorece a <strong>estimula\u00e7\u00e3o emocional<\/strong><\/li>\n<\/ul>\n\n\n\n<p>E a f\u00e9 n\u00e3o pode ser sustentada apenas por est\u00edmulos.<\/p>\n\n\n\n<hr class=\"wp-block-separator has-alpha-channel-opacity\"\/>\n\n\n\n<h2 class=\"wp-block-heading\">3. O risco espiritual: de disc\u00edpulos a consumidores de conte\u00fado cat\u00f3lico<\/h2>\n\n\n\n<p>Aqui est\u00e1 o ponto cr\u00edtico.<\/p>\n\n\n\n<p>Quando substitu\u00edmos a leitura e a reflex\u00e3o pessoais por um consumo constante de conte\u00fados religiosos, surgem v\u00e1rios perigos:<\/p>\n\n\n\n<h3 class=\"wp-block-heading\">\ud83d\udd39 1. Espiritualidade delegada<\/h3>\n\n\n\n<p>Outros pensam, rezam e refletem <strong>por mim<\/strong>. Eu apenas escuto.<\/p>\n\n\n\n<h3 class=\"wp-block-heading\">\ud83d\udd39 2. Superficialidade piedosa<\/h3>\n\n\n\n<p>Muito conte\u00fado, pouca assimila\u00e7\u00e3o. Muita emo\u00e7\u00e3o, pouca convers\u00e3o.<\/p>\n\n\n\n<h3 class=\"wp-block-heading\">\ud83d\udd39 3. Falta de sil\u00eancio interior<\/h3>\n\n\n\n<p>Deus j\u00e1 n\u00e3o fala no cora\u00e7\u00e3o, porque h\u00e1 sempre um \u201cru\u00eddo religioso\u201d de fundo.<\/p>\n\n\n\n<h3 class=\"wp-block-heading\">\ud83d\udd39 4. Confus\u00e3o entre forma\u00e7\u00e3o e vida espiritual<\/h3>\n\n\n\n<p>Saber muito <em>sobre<\/em> Deus n\u00e3o \u00e9 o mesmo que <strong>viver com Deus<\/strong>.<\/p>\n\n\n\n<p>Jesus n\u00e3o disse: \u201cOu\u00e7am muitos coment\u00e1rios sobre mim\u201d, mas:<\/p>\n\n\n\n<blockquote class=\"wp-block-quote is-layout-flow wp-block-quote-is-layout-flow\">\n<p>\ud83d\udcd6 <em>\u201cSe permanecerdes na minha palavra\u2026\u201d<\/em><br>(Jo\u00e3o 8,31)<\/p>\n<\/blockquote>\n\n\n\n<p>Permanecer significa ficar, habitar \u2014 n\u00e3o passar rapidamente como quem muda de epis\u00f3dio.<\/p>\n\n\n\n<hr class=\"wp-block-separator has-alpha-channel-opacity\"\/>\n\n\n\n<h2 class=\"wp-block-heading\">4. Os podcasts cat\u00f3licos e o YouTube s\u00e3o maus? N\u00e3o. Podem ser perigosos? Sim.<\/h2>\n\n\n\n<p>Sejamos justos:<br>Os podcasts e os v\u00eddeos <strong>podem ser instrumentos valiosos<\/strong>, especialmente para:<\/p>\n\n\n\n<ul class=\"wp-block-list\">\n<li>pessoas com pouco tempo<\/li>\n\n\n\n<li>momentos de deslocamento<\/li>\n\n\n\n<li>introdu\u00e7\u00e3o a temas complexos<\/li>\n\n\n\n<li>forma\u00e7\u00e3o doutrinal b\u00e1sica<\/li>\n<\/ul>\n\n\n\n<p>O problema aparece quando eles:<\/p>\n\n\n\n<ul class=\"wp-block-list\">\n<li>substituem a <strong>B\u00edblia<\/strong><\/li>\n\n\n\n<li>substituem o <strong>sil\u00eancio<\/strong><\/li>\n\n\n\n<li>substituem a <strong>ora\u00e7\u00e3o pessoal<\/strong><\/li>\n\n\n\n<li>substituem a <strong>leitura espiritual s\u00e9ria<\/strong><\/li>\n<\/ul>\n\n\n\n<p>\u00c9 como alimentar-se apenas de vitaminas l\u00edquidas: podem ajudar, mas n\u00e3o substituem um alimento s\u00f3lido.<\/p>\n\n\n\n<hr class=\"wp-block-separator has-alpha-channel-opacity\"\/>\n\n\n\n<h2 class=\"wp-block-heading\">5. An\u00e1lise pastoral: o que vemos hoje nas par\u00f3quias e entre os fi\u00e9is<\/h2>\n\n\n\n<p>Do ponto de vista pastoral, observam-se sintomas claros:<\/p>\n\n\n\n<ul class=\"wp-block-list\">\n<li>Fi\u00e9is muito informados, mas pouco orantes<\/li>\n\n\n\n<li>Opini\u00f5es religiosas firmes, mas uma vida sacramental fraca<\/li>\n\n\n\n<li>Muito discurso, pouca convers\u00e3o<\/li>\n\n\n\n<li>Muita cr\u00edtica eclesial, pouca humildade espiritual<\/li>\n<\/ul>\n\n\n\n<p>N\u00e3o porque escutem podcasts, mas porque <strong>j\u00e1 n\u00e3o leem a Palavra nem leem a pr\u00f3pria vida \u00e0 sua luz<\/strong>.<\/p>\n\n\n\n<p>Santo Agostinho advertia:<\/p>\n\n\n\n<blockquote class=\"wp-block-quote is-layout-flow wp-block-quote-is-layout-flow\">\n<p><em>\u201cTemo o crist\u00e3o que reza sem pensar e aquele que pensa sem rezar.\u201d<\/em><\/p>\n<\/blockquote>\n\n\n\n<p>Hoje poder\u00edamos acrescentar: <em>\u201ce aquele que escuta sem interiorizar.\u201d<\/em><\/p>\n\n\n\n<hr class=\"wp-block-separator has-alpha-channel-opacity\"\/>\n\n\n\n<h2 class=\"wp-block-heading\">6. Guia pr\u00e1tica rigorosa: ordenar, n\u00e3o eliminar (vis\u00e3o teol\u00f3gica e pastoral)<\/h2>\n\n\n\n<h3 class=\"wp-block-heading\">\ud83e\udded Princ\u00edpio fundamental<\/h3>\n\n\n\n<p><strong>A Palavra de Deus, lida e meditada, \u00e9 insubstitu\u00edvel.<\/strong><br>Todo o resto \u00e9 complementar.<\/p>\n\n\n\n<hr class=\"wp-block-separator has-alpha-channel-opacity\"\/>\n\n\n\n<h3 class=\"wp-block-heading\">\ud83d\udcd6 1. Prioridade absoluta: a Escritura<\/h3>\n\n\n\n<ul class=\"wp-block-list\">\n<li>Dedique <strong>ao menos 15 minutos por dia<\/strong> \u00e0 leitura da B\u00edblia.<\/li>\n\n\n\n<li>Melhor pouco e constante do que muito e espor\u00e1dico.<\/li>\n\n\n\n<li>Comece pelos Evangelhos.<\/li>\n<\/ul>\n\n\n\n<hr class=\"wp-block-separator has-alpha-channel-opacity\"\/>\n\n\n\n<h3 class=\"wp-block-heading\">\ud83d\udd6f 2. Recuperar o sil\u00eancio<\/h3>\n\n\n\n<ul class=\"wp-block-list\">\n<li>Nem todo momento precisa ser acompanhado por \u00e1udio.<\/li>\n\n\n\n<li>Deixe espa\u00e7os sem est\u00edmulos religiosos.<\/li>\n\n\n\n<li>Deus tamb\u00e9m fala quando as vozes se calam.<\/li>\n<\/ul>\n\n\n\n<hr class=\"wp-block-separator has-alpha-channel-opacity\"\/>\n\n\n\n<h3 class=\"wp-block-heading\">\ud83d\udcdd 3. Ler com l\u00e1pis, n\u00e3o apenas com fones de ouvido<\/h3>\n\n\n\n<ul class=\"wp-block-list\">\n<li>Sublinhe<\/li>\n\n\n\n<li>Fa\u00e7a anota\u00e7\u00f5es<\/li>\n\n\n\n<li>Questione o texto<\/li>\n<\/ul>\n\n\n\n<p>A leitura ativa forma a alma.<\/p>\n\n\n\n<hr class=\"wp-block-separator has-alpha-channel-opacity\"\/>\n\n\n\n<h3 class=\"wp-block-heading\">\ud83c\udfa7 4. Usar os podcasts como apoio, n\u00e3o como substitutos<\/h3>\n\n\n\n<ul class=\"wp-block-list\">\n<li>Escute-os <strong>depois<\/strong> da leitura, n\u00e3o em seu lugar.<\/li>\n\n\n\n<li>Que iluminem o que j\u00e1 foi meditado, sem substitu\u00ed-lo.<\/li>\n<\/ul>\n\n\n\n<hr class=\"wp-block-separator has-alpha-channel-opacity\"\/>\n\n\n\n<h3 class=\"wp-block-heading\">\u271d 5. Unir Palavra e vida<\/h3>\n\n\n\n<p>Pergunte-se sempre:<\/p>\n\n\n\n<ul class=\"wp-block-list\">\n<li>O que Deus me pede hoje?<\/li>\n\n\n\n<li>O que devo mudar?<\/li>\n\n\n\n<li>Onde Ele est\u00e1 me corrigindo?<\/li>\n<\/ul>\n\n\n\n<hr class=\"wp-block-separator has-alpha-channel-opacity\"\/>\n\n\n\n<h3 class=\"wp-block-heading\">\ud83e\uddd1\u200d\ud83e\uddb3 6. Acompanhamento espiritual<\/h3>\n\n\n\n<p>Conversar com um sacerdote ou diretor espiritual ajuda a evitar uma f\u00e9 meramente intelectual ou emocional.<\/p>\n\n\n\n<hr class=\"wp-block-separator has-alpha-channel-opacity\"\/>\n\n\n\n<h2 class=\"wp-block-heading\">7. Ler a B\u00edblia \u00e9 ler a pr\u00f3pria vida diante de Deus<\/h2>\n\n\n\n<p>Substituir a leitura e a reflex\u00e3o por podcasts pode parecer pr\u00e1tico, moderno e eficiente. Mas a vida espiritual n\u00e3o cresce pela velocidade, e sim pela <strong>profundidade<\/strong>.<\/p>\n\n\n\n<p>A B\u00edblia n\u00e3o se \u201cconsome\u201d. Ela se <strong>habita<\/strong>.<br>N\u00e3o \u00e9 um ru\u00eddo de fundo. \u00c9 <strong>uma confronta\u00e7\u00e3o<\/strong>.<br>N\u00e3o se reproduz. Ela se <strong>vive<\/strong>.<\/p>\n\n\n\n<blockquote class=\"wp-block-quote is-layout-flow wp-block-quote-is-layout-flow\">\n<p>\ud83d\udcd6 <em>\u201cMaria guardava todas estas coisas, meditando-as no seu cora\u00e7\u00e3o\u201d<\/em><br>(Lucas 2,19)<\/p>\n<\/blockquote>\n\n\n\n<p>Maria n\u00e3o tinha podcasts. Tinha <strong>sil\u00eancio<\/strong>, <strong>mem\u00f3ria<\/strong> e <strong>cora\u00e7\u00e3o<\/strong>. E com isso Deus realizou maravilhas.<\/p>\n\n\n\n<hr class=\"wp-block-separator has-alpha-channel-opacity\"\/>\n\n\n\n<h3 class=\"wp-block-heading\">Conclus\u00e3o: voltar ao centro sem fugir do presente<\/h3>\n\n\n\n<p>N\u00e3o se trata de desligar o telefone, mas de <strong>ordenar a alma<\/strong>.<br>N\u00e3o de rejeitar o moderno, mas de <strong>n\u00e3o perder o essencial<\/strong>.<\/p>\n\n\n\n<p>Se hoje voc\u00ea substitui a reflex\u00e3o e a leitura da vida por podcasts, talvez n\u00e3o esteja totalmente fora do caminho\u2026 mas est\u00e1 <strong>incompleto<\/strong>.<\/p>\n\n\n\n<p>Deus continua falando.<br>A pergunta \u00e9: <strong>permitimos que Ele nos fale diretamente, ou apenas aqueles que falam sobre Ele?<\/strong><\/p>\n","protected":false},"excerpt":{"rendered":"<p>Introdu\u00e7\u00e3o: uma f\u00e9 em modo \u201creprodu\u00e7\u00e3o autom\u00e1tica\u201d Vivemos na era do play. Tudo est\u00e1 a um clique de dist\u00e2ncia: forma\u00e7\u00e3o, entretenimento, not\u00edcias, espiritualidade. Nunca houve tantos podcasts cat\u00f3licos, canais religiosos no YouTube, palestras edificantes, homilias gravadas e reflex\u00f5es espirituais em \u00e1udio e v\u00eddeo. E, no entanto \u2014 paradoxo inquietante \u2014 nunca foram t\u00e3o raras a &hellip;<\/p>\n","protected":false},"author":3,"featured_media":4841,"comment_status":"closed","ping_status":"closed","sticky":false,"template":"","format":"standard","meta":{"_seopress_robots_primary_cat":"","_seopress_titles_title":"","_seopress_titles_desc":"","_seopress_robots_index":"","footnotes":""},"categories":[65,41],"tags":[1715],"class_list":["post-4840","post","type-post","status-publish","format-standard","has-post-thumbnail","","category-evangelizacao-e-novas-tecnologias","category-fe-e-cultura","tag-podcasts"],"_links":{"self":[{"href":"https:\/\/catholicus.eu\/pt\/wp-json\/wp\/v2\/posts\/4840","targetHints":{"allow":["GET"]}}],"collection":[{"href":"https:\/\/catholicus.eu\/pt\/wp-json\/wp\/v2\/posts"}],"about":[{"href":"https:\/\/catholicus.eu\/pt\/wp-json\/wp\/v2\/types\/post"}],"author":[{"embeddable":true,"href":"https:\/\/catholicus.eu\/pt\/wp-json\/wp\/v2\/users\/3"}],"replies":[{"embeddable":true,"href":"https:\/\/catholicus.eu\/pt\/wp-json\/wp\/v2\/comments?post=4840"}],"version-history":[{"count":1,"href":"https:\/\/catholicus.eu\/pt\/wp-json\/wp\/v2\/posts\/4840\/revisions"}],"predecessor-version":[{"id":4842,"href":"https:\/\/catholicus.eu\/pt\/wp-json\/wp\/v2\/posts\/4840\/revisions\/4842"}],"wp:featuredmedia":[{"embeddable":true,"href":"https:\/\/catholicus.eu\/pt\/wp-json\/wp\/v2\/media\/4841"}],"wp:attachment":[{"href":"https:\/\/catholicus.eu\/pt\/wp-json\/wp\/v2\/media?parent=4840"}],"wp:term":[{"taxonomy":"category","embeddable":true,"href":"https:\/\/catholicus.eu\/pt\/wp-json\/wp\/v2\/categories?post=4840"},{"taxonomy":"post_tag","embeddable":true,"href":"https:\/\/catholicus.eu\/pt\/wp-json\/wp\/v2\/tags?post=4840"}],"curies":[{"name":"wp","href":"https:\/\/api.w.org\/{rel}","templated":true}]}}