{"id":4834,"date":"2026-01-30T11:16:12","date_gmt":"2026-01-30T10:16:12","guid":{"rendered":"https:\/\/catholicus.eu\/pt\/?p=4834"},"modified":"2026-01-30T11:16:12","modified_gmt":"2026-01-30T10:16:12","slug":"oito-dias-para-se-deixar-incendiar-por-deus-a-oitava-de-adoracao-ao-espirito-santo","status":"publish","type":"post","link":"https:\/\/catholicus.eu\/pt\/oito-dias-para-se-deixar-incendiar-por-deus-a-oitava-de-adoracao-ao-espirito-santo\/","title":{"rendered":"Oito dias para se deixar incendiar por Deus: a oitava de adora\u00e7\u00e3o ao Esp\u00edrito Santo"},"content":{"rendered":"\n<h2 class=\"wp-block-heading\">Uma pr\u00e1tica antiga\u2026 e surpreendentemente atual<\/h2>\n\n\n\n<p>Numa Igreja que vive tempos de confus\u00e3o, de pressa e de ru\u00eddo interior, falar de <strong>oito dias consecutivos de adora\u00e7\u00e3o ao Esp\u00edrito Santo<\/strong> pode soar, para alguns, como algo meramente \u201cpiedoso\u201d, mas pouco pr\u00e1tico. E, no entanto, acontece exatamente o contr\u00e1rio: a <strong>oitava de adora\u00e7\u00e3o ao Esp\u00edrito Santo<\/strong> \u00e9 uma das pr\u00e1ticas espirituais mais <strong>profundas, transformadoras e necess\u00e1rias<\/strong> para o crist\u00e3o de hoje.<\/p>\n\n\n\n<p>N\u00e3o se trata de uma devo\u00e7\u00e3o sentimental nem de uma moda carism\u00e1tica recente. Estamos diante de uma verdadeira <strong>escola de vida interior<\/strong>, de uma pedagogia espiritual profundamente enraizada na <strong>Tradi\u00e7\u00e3o da Igreja<\/strong>, na liturgia, na teologia patr\u00edstica e na experi\u00eancia vivida dos santos.<\/p>\n\n\n\n<p>Este artigo quer ajudar-te a <strong>compreender<\/strong>, <strong>viver<\/strong> e <strong>amar<\/strong> a oitava de adora\u00e7\u00e3o ao Esp\u00edrito Santo: o que \u00e9, de onde vem, porque \u00e9 t\u00e3o importante hoje e como pode renovar a tua f\u00e9, a tua fam\u00edlia e a tua maneira de estar no mundo.<\/p>\n\n\n\n<hr class=\"wp-block-separator has-alpha-channel-opacity\"\/>\n\n\n\n<h2 class=\"wp-block-heading\">1. O que \u00e9 uma \u201coitava\u201d na vida da Igreja?<\/h2>\n\n\n\n<p>Antes de entrar diretamente no mist\u00e9rio do Esp\u00edrito Santo, conv\u00e9m esclarecer um conceito fundamental.<\/p>\n\n\n\n<p>Na tradi\u00e7\u00e3o lit\u00fargica cat\u00f3lica, uma <strong>oitava<\/strong> \u00e9 o <strong>prolongamento de uma grande festa por oito dias<\/strong>, como se a Igreja dissesse: <em>este mist\u00e9rio \u00e9 t\u00e3o importante que n\u00e3o cabe num s\u00f3 dia<\/em>. Historicamente, a P\u00e1scoa, o Natal e o Pentecostes tiveram oitava, porque o mist\u00e9rio celebrado <strong>transborda o calend\u00e1rio<\/strong>.<\/p>\n\n\n\n<p>A oitava n\u00e3o \u00e9 repeti\u00e7\u00e3o: \u00e9 <strong>rumina\u00e7\u00e3o<\/strong>, contempla\u00e7\u00e3o prolongada, assimila\u00e7\u00e3o interior.<\/p>\n\n\n\n<p>\ud83d\udc49 Aplicada ao Esp\u00edrito Santo, a oitava exprime uma verdade teol\u00f3gica profunda:<br><strong>n\u00e3o basta invoc\u00e1-Lo uma s\u00f3 vez; \u00e9 preciso dar-Lhe tempo para agir.<\/strong><\/p>\n\n\n\n<hr class=\"wp-block-separator has-alpha-channel-opacity\"\/>\n\n\n\n<h2 class=\"wp-block-heading\">2. Pentecostes: a origem da oitava ao Esp\u00edrito Santo<\/h2>\n\n\n\n<p>A oitava de adora\u00e7\u00e3o ao Esp\u00edrito Santo tem a sua origem no <strong>Pentecostes<\/strong>, quando a Igreja celebra a efus\u00e3o do Esp\u00edrito prometida por Cristo:<\/p>\n\n\n\n<blockquote class=\"wp-block-quote is-layout-flow wp-block-quote-is-layout-flow\">\n<p>\u00abRecebereis a for\u00e7a do Esp\u00edrito Santo, que vir\u00e1 sobre v\u00f3s\u00bb (At 1,8).<\/p>\n<\/blockquote>\n\n\n\n<p>Durante s\u00e9culos, a Igreja viveu <strong>os oito dias que se seguem ao Pentecostes<\/strong> como um tempo privilegiado de ora\u00e7\u00e3o, de catequese mistag\u00f3gica e de adora\u00e7\u00e3o, intimamente ligado a:<\/p>\n\n\n\n<ul class=\"wp-block-list\">\n<li>A a\u00e7\u00e3o santificadora do Esp\u00edrito<\/li>\n\n\n\n<li>A vida sacramental (Batismo, Confirma\u00e7\u00e3o, Eucaristia)<\/li>\n\n\n\n<li>O discernimento espiritual<\/li>\n\n\n\n<li>A miss\u00e3o da Igreja no mundo<\/li>\n<\/ul>\n\n\n\n<p>Embora as reformas lit\u00fargicas tenham reduzido algumas oitavas, <strong>a espiritualidade da oitava permanece viva<\/strong>, especialmente nas comunidades contemplativas, nos movimentos tradicionais e entre os fi\u00e9is que procuram uma f\u00e9 mais enraizada.<\/p>\n\n\n\n<hr class=\"wp-block-separator has-alpha-channel-opacity\"\/>\n\n\n\n<h2 class=\"wp-block-heading\">3. Por que adorar o Esp\u00edrito Santo?<\/h2>\n\n\n\n<p>Aqui tocamos num ponto essencial:<br><strong>o Esp\u00edrito Santo \u00e9 verdadeiro Deus<\/strong>, a terceira Pessoa da Sant\u00edssima Trindade \u2014 n\u00e3o uma \u201cfor\u00e7a\u201d, nem uma emo\u00e7\u00e3o, nem uma energia impessoal.<\/p>\n\n\n\n<p>Adorar o Esp\u00edrito Santo \u00e9:<\/p>\n\n\n\n<ul class=\"wp-block-list\">\n<li>Reconhec\u00ea-Lo como <strong>Senhor e doador da vida<\/strong><\/li>\n\n\n\n<li>Confessar que sem Ele <strong>n\u00e3o podemos rezar<\/strong>, nem crer, nem amar<\/li>\n\n\n\n<li>Aceitar que \u00e9 Ele quem <strong>converte o cora\u00e7\u00e3o<\/strong>, e n\u00e3o as nossas estrat\u00e9gias<\/li>\n<\/ul>\n\n\n\n<p>S\u00e3o Bas\u00edlio Magno exprime isto com clareza:<\/p>\n\n\n\n<blockquote class=\"wp-block-quote is-layout-flow wp-block-quote-is-layout-flow\">\n<p>\u00abPelo Esp\u00edrito Santo tornamo-nos semelhantes a Deus; por Ele somos conduzidos \u00e0 verdade.\u00bb<\/p>\n<\/blockquote>\n\n\n\n<p>A adora\u00e7\u00e3o ao Esp\u00edrito Santo \u00e9 profundamente <strong>trinit\u00e1ria<\/strong>: introduz-nos na vida \u00edntima de Deus e liberta-nos de uma f\u00e9 meramente moralista ou ativista.<\/p>\n\n\n\n<hr class=\"wp-block-separator has-alpha-channel-opacity\"\/>\n\n\n\n<h2 class=\"wp-block-heading\">4. Oito dias para ser transformado: o sentido espiritual da oitava<\/h2>\n\n\n\n<p>Cada dia da oitava pode ser vivido como uma <strong>etapa do caminho interior<\/strong>, mesmo que n\u00e3o exista um esquema \u00fanico e r\u00edgido. Tradicionalmente, a Igreja associou estes dias a:<\/p>\n\n\n\n<ul class=\"wp-block-list\">\n<li>Os <strong>dons do Esp\u00edrito Santo<\/strong><\/li>\n\n\n\n<li>Os <strong>frutos do Esp\u00edrito<\/strong><\/li>\n\n\n\n<li>A a\u00e7\u00e3o do Esp\u00edrito na Igreja e na alma<\/li>\n<\/ul>\n\n\n\n<h3 class=\"wp-block-heading\">Uma poss\u00edvel chave espiritual para a oitava<\/h3>\n\n\n\n<p>Sem rigidez, muitos fi\u00e9is vivem a oitava da seguinte forma:<\/p>\n\n\n\n<ol class=\"wp-block-list\">\n<li><strong>Esp\u00edrito de temor do Senhor<\/strong> \u2013 aprender a adorar<\/li>\n\n\n\n<li><strong>Esp\u00edrito de piedade<\/strong> \u2013 viver como filhos de Deus<\/li>\n\n\n\n<li><strong>Esp\u00edrito de fortaleza<\/strong> \u2013 perseverar na f\u00e9<\/li>\n\n\n\n<li><strong>Esp\u00edrito de ci\u00eancia<\/strong> \u2013 olhar o mundo com os olhos de Deus<\/li>\n\n\n\n<li><strong>Esp\u00edrito de conselho<\/strong> \u2013 discernir as decis\u00f5es<\/li>\n\n\n\n<li><strong>Esp\u00edrito de entendimento<\/strong> \u2013 aprofundar a verdade<\/li>\n\n\n\n<li><strong>Esp\u00edrito de sabedoria<\/strong> \u2013 saborear Deus<\/li>\n\n\n\n<li><strong>Envio mission\u00e1rio<\/strong> \u2013 dar fruto na vida quotidiana<\/li>\n<\/ol>\n\n\n\n<p>A oitava n\u00e3o \u00e9 uma introspe\u00e7\u00e3o narcisista; termina sempre na <strong>miss\u00e3o<\/strong>, mesmo quando esta \u00e9 silenciosa e escondida.<\/p>\n\n\n\n<hr class=\"wp-block-separator has-alpha-channel-opacity\"\/>\n\n\n\n<h2 class=\"wp-block-heading\">5. Uma devo\u00e7\u00e3o urgente para o nosso tempo<\/h2>\n\n\n\n<p>Por que raz\u00e3o a oitava de adora\u00e7\u00e3o ao Esp\u00edrito Santo \u00e9 t\u00e3o atual?<\/p>\n\n\n\n<p>Porque vivemos:<\/p>\n\n\n\n<ul class=\"wp-block-list\">\n<li>Uma <strong>crise de discernimento<\/strong><\/li>\n\n\n\n<li>Um cristianismo tentado por um <strong>ativismo vazio<\/strong><\/li>\n\n\n\n<li>Uma f\u00e9 emocional sem ra\u00edzes doutrinais<\/li>\n\n\n\n<li>Fam\u00edlias espiritualmente exaustas<\/li>\n\n\n\n<li>Jovens sedentos de verdade, mas sem guias interiores<\/li>\n<\/ul>\n\n\n\n<p>O Esp\u00edrito Santo \u00e9 <strong>o grande esquecido<\/strong>\u2026 e, paradoxalmente, <strong>o \u00fanico capaz de renovar a Igreja sem a quebrar<\/strong>.<\/p>\n\n\n\n<p>N\u00e3o \u00e9 por acaso que os grandes reformadores santos \u2014 Francisco de Assis, Teresa de Jesus, In\u00e1cio de Loyola \u2014 foram homens e mulheres <strong>profundamente d\u00f3ceis ao Esp\u00edrito<\/strong>, e n\u00e3o ide\u00f3logos.<\/p>\n\n\n\n<hr class=\"wp-block-separator has-alpha-channel-opacity\"\/>\n\n\n\n<h2 class=\"wp-block-heading\">6. Como viver hoje uma oitava de adora\u00e7\u00e3o ao Esp\u00edrito Santo?<\/h2>\n\n\n\n<p>N\u00e3o \u00e9 preciso complicar. A chave \u00e9 a <strong>fidelidade di\u00e1ria<\/strong>, mesmo com pouco tempo dispon\u00edvel.<\/p>\n\n\n\n<h3 class=\"wp-block-heading\">Sugest\u00f5es pr\u00e1ticas e acess\u00edveis<\/h3>\n\n\n\n<ul class=\"wp-block-list\">\n<li><strong>Um momento di\u00e1rio de sil\u00eancio<\/strong> (10\u201315 minutos)<\/li>\n\n\n\n<li>Invocar o Esp\u00edrito com uma ora\u00e7\u00e3o cl\u00e1ssica:\n<ul class=\"wp-block-list\">\n<li><em>Veni Creator Spiritus<\/em><\/li>\n\n\n\n<li><em>Veni Sancte Spiritus<\/em><\/li>\n<\/ul>\n<\/li>\n\n\n\n<li>Ler lentamente um trecho b\u00edblico (Atos, Jo\u00e3o 14\u201316, Romanos 8)<\/li>\n\n\n\n<li>Adora\u00e7\u00e3o eucar\u00edstica, se poss\u00edvel<\/li>\n\n\n\n<li>Pedir explicitamente: <em>\u00abEsp\u00edrito Santo, ensina-me a rezar\u00bb<\/em><\/li>\n<\/ul>\n\n\n\n<p>\ud83d\udc49 N\u00e3o se trata de \u201csentir coisas\u201d, mas de <strong>permanecer<\/strong>.<\/p>\n\n\n\n<hr class=\"wp-block-separator has-alpha-channel-opacity\"\/>\n\n\n\n<h2 class=\"wp-block-heading\">7. Frutos reais na vida quotidiana<\/h2>\n\n\n\n<p>Quem vive uma oitava ao Esp\u00edrito Santo com sinceridade experimenta frequentemente, com o tempo:<\/p>\n\n\n\n<ul class=\"wp-block-list\">\n<li>Maior <strong>clareza interior<\/strong><\/li>\n\n\n\n<li>Paz no meio de decis\u00f5es dif\u00edceis<\/li>\n\n\n\n<li>Um desejo renovado pelos sacramentos<\/li>\n\n\n\n<li>Menos medo e mais confian\u00e7a<\/li>\n\n\n\n<li>Amor pela verdade sem dureza<\/li>\n\n\n\n<li>Humildade aut\u00eantica (n\u00e3o falsa)<\/li>\n<\/ul>\n\n\n\n<p>Nem sempre h\u00e1 fogos de artif\u00edcio. Por vezes, o maior fruto \u00e9 <strong>uma nova paci\u00eancia<\/strong> ou uma palavra sabiamente contida. Isso tamb\u00e9m \u00e9 obra do Esp\u00edrito.<\/p>\n\n\n\n<hr class=\"wp-block-separator has-alpha-channel-opacity\"\/>\n\n\n\n<h2 class=\"wp-block-heading\">8. Maria, esposa do Esp\u00edrito, mestra da oitava<\/h2>\n\n\n\n<p>Nenhuma reflex\u00e3o estaria completa sem Maria.<\/p>\n\n\n\n<p>Ela viveu a primeira e mais perfeita \u201coitava\u201d da hist\u00f3ria:<br>da Ascens\u00e3o ao Pentecostes, <strong>perseverando na ora\u00e7\u00e3o<\/strong> com os ap\u00f3stolos.<\/p>\n\n\n\n<p>Quem se aproxima do Esp\u00edrito Santo <strong>de m\u00e3os dadas com Maria<\/strong> n\u00e3o cai em ilus\u00f5es nem em exageros. Aprende a escutar, a guardar e a obedecer.<\/p>\n\n\n\n<hr class=\"wp-block-separator has-alpha-channel-opacity\"\/>\n\n\n\n<h2 class=\"wp-block-heading\">Conclus\u00e3o: oito dias que podem mudar tudo<\/h2>\n\n\n\n<p>A oitava de adora\u00e7\u00e3o ao Esp\u00edrito Santo n\u00e3o \u00e9 apenas mais uma devo\u00e7\u00e3o a acrescentar a uma lista. \u00c9 uma <strong>escola de docilidade<\/strong>, um rem\u00e9dio contra a pressa espiritual e uma resposta profundamente cat\u00f3lica aos desafios do nosso tempo.<\/p>\n\n\n\n<p>Num mundo que grita, o Esp\u00edrito sussurra.<br>Numa Igreja tentada pela divis\u00e3o, Ele \u00e9 comunh\u00e3o.<br>Num cora\u00e7\u00e3o cansado, Ele \u00e9 descanso.<\/p>\n\n\n\n<p>Talvez n\u00e3o possas mudar o mundo em oito dias.<br>Mas <strong>a tua maneira de estar nele pode mudar<\/strong>.<\/p>\n\n\n\n<p>E aos olhos de Deus, isso muda tudo.<\/p>\n","protected":false},"excerpt":{"rendered":"<p>Uma pr\u00e1tica antiga\u2026 e surpreendentemente atual Numa Igreja que vive tempos de confus\u00e3o, de pressa e de ru\u00eddo interior, falar de oito dias consecutivos de adora\u00e7\u00e3o ao Esp\u00edrito Santo pode soar, para alguns, como algo meramente \u201cpiedoso\u201d, mas pouco pr\u00e1tico. E, no entanto, acontece exatamente o contr\u00e1rio: a oitava de adora\u00e7\u00e3o ao Esp\u00edrito Santo \u00e9 &hellip;<\/p>\n","protected":false},"author":3,"featured_media":4835,"comment_status":"closed","ping_status":"closed","sticky":false,"template":"","format":"standard","meta":{"_seopress_robots_primary_cat":"","_seopress_titles_title":"","_seopress_titles_desc":"","_seopress_robots_index":"","footnotes":""},"categories":[40,58],"tags":[440,1714],"class_list":["post-4834","post","type-post","status-publish","format-standard","has-post-thumbnail","","category-oracao-e-espiritualidade","category-oracao-e-vida-espiritual","tag-espirito-santo","tag-oitava"],"_links":{"self":[{"href":"https:\/\/catholicus.eu\/pt\/wp-json\/wp\/v2\/posts\/4834","targetHints":{"allow":["GET"]}}],"collection":[{"href":"https:\/\/catholicus.eu\/pt\/wp-json\/wp\/v2\/posts"}],"about":[{"href":"https:\/\/catholicus.eu\/pt\/wp-json\/wp\/v2\/types\/post"}],"author":[{"embeddable":true,"href":"https:\/\/catholicus.eu\/pt\/wp-json\/wp\/v2\/users\/3"}],"replies":[{"embeddable":true,"href":"https:\/\/catholicus.eu\/pt\/wp-json\/wp\/v2\/comments?post=4834"}],"version-history":[{"count":1,"href":"https:\/\/catholicus.eu\/pt\/wp-json\/wp\/v2\/posts\/4834\/revisions"}],"predecessor-version":[{"id":4836,"href":"https:\/\/catholicus.eu\/pt\/wp-json\/wp\/v2\/posts\/4834\/revisions\/4836"}],"wp:featuredmedia":[{"embeddable":true,"href":"https:\/\/catholicus.eu\/pt\/wp-json\/wp\/v2\/media\/4835"}],"wp:attachment":[{"href":"https:\/\/catholicus.eu\/pt\/wp-json\/wp\/v2\/media?parent=4834"}],"wp:term":[{"taxonomy":"category","embeddable":true,"href":"https:\/\/catholicus.eu\/pt\/wp-json\/wp\/v2\/categories?post=4834"},{"taxonomy":"post_tag","embeddable":true,"href":"https:\/\/catholicus.eu\/pt\/wp-json\/wp\/v2\/tags?post=4834"}],"curies":[{"name":"wp","href":"https:\/\/api.w.org\/{rel}","templated":true}]}}