{"id":4831,"date":"2026-01-30T10:38:45","date_gmt":"2026-01-30T09:38:45","guid":{"rendered":"https:\/\/catholicus.eu\/pt\/?p=4831"},"modified":"2026-01-30T10:38:45","modified_gmt":"2026-01-30T09:38:45","slug":"a-palavra-de-deus-nao-cabe-em-um-so-livro","status":"publish","type":"post","link":"https:\/\/catholicus.eu\/pt\/a-palavra-de-deus-nao-cabe-em-um-so-livro\/","title":{"rendered":"A Palavra de Deus n\u00e3o cabe em um s\u00f3 livro"},"content":{"rendered":"\n<h3 class=\"wp-block-heading\"><em>Por que reduzi-la \u00e0 B\u00edblia empobrece a f\u00e9 e como a Igreja a manteve viva por s\u00e9culos<\/em><\/h3>\n\n\n\n<p>Existem frases que soam muito piedosas, mas escondem uma profunda confus\u00e3o. Uma das mais repetidas hoje \u00e9 esta: <em>\u201cA Palavra de Deus \u00e9 a B\u00edblia.\u201d<\/em> Para muitos crist\u00e3os isso parece \u00f3bvio, quase incontest\u00e1vel. No entanto, <strong>para um cat\u00f3lico, essa afirma\u00e7\u00e3o \u00e9 incompleta e teologicamente incorreta<\/strong>.<\/p>\n\n\n\n<p><strong>A Palavra de Deus n\u00e3o se reduz \u00e0 B\u00edblia.<\/strong><br>A B\u00edblia \u00e9 <strong>a Palavra de Deus escrita<\/strong>, sim. Mas <strong>n\u00e3o \u00e9 a totalidade da Palavra de Deus<\/strong>.<\/p>\n\n\n\n<p>E essa distin\u00e7\u00e3o n\u00e3o \u00e9 um detalhe acad\u00eamico nem uma disputa entre te\u00f3logos: <strong>ela afeta diretamente como vivemos a f\u00e9, como entendemos a Igreja, a autoridade, a liturgia e nosso relacionamento com Deus hoje<\/strong>.<\/p>\n\n\n\n<p>Este artigo quer ajud\u00e1-lo a <strong>entender, amar e viver a Palavra de Deus em toda a sua riqueza<\/strong>, assim como a Igreja a recebeu, preservou e transmitiu por dois mil anos.<\/p>\n\n\n\n<hr class=\"wp-block-separator has-alpha-channel-opacity\"\/>\n\n\n\n<h2 class=\"wp-block-heading\">1. Antes da B\u00edblia, a Palavra j\u00e1 existia<\/h2>\n\n\n\n<p>Comecemos pelo essencial.<\/p>\n\n\n\n<p>\ud83d\udc49 <strong>Deus n\u00e3o come\u00e7ou a falar quando a B\u00edblia foi escrita.<\/strong><br>\ud83d\udc49 <strong>Deus falou primeiro por a\u00e7\u00f5es, por pessoas, por uma hist\u00f3ria viva.<\/strong><\/p>\n\n\n\n<p>A f\u00e9 b\u00edblica n\u00e3o nasce de um livro, mas de um <strong>encontro<\/strong>.<\/p>\n\n\n\n<blockquote class=\"wp-block-quote is-layout-flow wp-block-quote-is-layout-flow\">\n<p><em>\u201cMuitas vezes e de muitas maneiras Deus falou outrora aos pais pelos profetas; nestes \u00faltimos dias nos falou pelo Filho\u201d<\/em><br>(Hebreus 1,1-2)<\/p>\n<\/blockquote>\n\n\n\n<p>A <strong>Palavra de Deus \u00e9, antes de tudo, uma Pessoa: Jesus Cristo<\/strong>.<\/p>\n\n\n\n<p>Jesus <strong>n\u00e3o escreveu nenhum livro<\/strong>.<br>Jesus <strong>n\u00e3o ordenou que se escrevessem livros<\/strong>.<br>Jesus <strong>fundou uma Igreja<\/strong> e confiou seu ensinamento a homens concretos: os Ap\u00f3stolos.<\/p>\n\n\n\n<hr class=\"wp-block-separator has-alpha-channel-opacity\"\/>\n\n\n\n<h2 class=\"wp-block-heading\">2. A Palavra de Deus \u00e9 Cristo vivo, n\u00e3o apenas um texto<\/h2>\n\n\n\n<p>S\u00e3o Jo\u00e3o expressa isso com clareza impressionante:<\/p>\n\n\n\n<blockquote class=\"wp-block-quote is-layout-flow wp-block-quote-is-layout-flow\">\n<p><em>\u201cE o Verbo se fez carne e habitou entre n\u00f3s\u201d<\/em><br>(Jo\u00e3o 1,14)<\/p>\n<\/blockquote>\n\n\n\n<p>A Palavra n\u00e3o \u00e9 primeiro tinta no papel.<br>A Palavra \u00e9 <strong>o Verbo eterno do Pai<\/strong>, feito carne, com voz, gestos, sil\u00eancios, milagres, morte e ressurrei\u00e7\u00e3o.<\/p>\n\n\n\n<p>\ud83d\udccc <strong>A B\u00edblia testemunha a Palavra<\/strong>, mas <strong>n\u00e3o a esgota<\/strong>.<br>\ud83d\udccc Confundir o testemunho com a plenitude do Mist\u00e9rio \u00e9 reduzi-la.<\/p>\n\n\n\n<hr class=\"wp-block-separator has-alpha-channel-opacity\"\/>\n\n\n\n<h2 class=\"wp-block-heading\">3. Escritura e Tradi\u00e7\u00e3o: duas formas insepar\u00e1veis da mesma Palavra<\/h2>\n\n\n\n<p>A Igreja ensina com absoluta clareza \u2014 e aqui n\u00e3o h\u00e1 ambiguidade \u2014 que:<\/p>\n\n\n\n<blockquote class=\"wp-block-quote is-layout-flow wp-block-quote-is-layout-flow\">\n<p><strong>A Palavra de Deus est\u00e1 contida na Sagrada Escritura e na Sagrada Tradi\u00e7\u00e3o.<\/strong><\/p>\n<\/blockquote>\n\n\n\n<p>Isso n\u00e3o \u00e9 uma \u201copini\u00e3o cat\u00f3lica\u201d.<br>\u00c9 doutrina solene do Conc\u00edlio Vaticano II:<\/p>\n\n\n\n<blockquote class=\"wp-block-quote is-layout-flow wp-block-quote-is-layout-flow\">\n<p><em>\u201cA Sagrada Tradi\u00e7\u00e3o e a Sagrada Escritura constituem um \u00fanico dep\u00f3sito sagrado da Palavra de Deus confiado \u00e0 Igreja\u201d<\/em><br>(<em>Dei Verbum<\/em>, 10)<\/p>\n<\/blockquote>\n\n\n\n<h3 class=\"wp-block-heading\">O que \u00e9 a Sagrada Tradi\u00e7\u00e3o?<\/h3>\n\n\n\n<p>N\u00e3o s\u00e3o \u201ccostumes antigos\u201d nem \u201cadi\u00e7\u00f5es humanas\u201d.<\/p>\n\n\n\n<p>A Tradi\u00e7\u00e3o \u00e9:<\/p>\n\n\n\n<ul class=\"wp-block-list\">\n<li>O <strong>ensinamento vivo dos Ap\u00f3stolos<\/strong><\/li>\n\n\n\n<li>Transmitido <strong>oralmente<\/strong>, <strong>liturgicamente<\/strong>, <strong>doutrinariamente<\/strong><\/li>\n\n\n\n<li>Antes, durante e ap\u00f3s a reda\u00e7\u00e3o dos textos b\u00edblicos<\/li>\n<\/ul>\n\n\n\n<p>\ud83d\udcd6 <strong>A B\u00edblia nasceu dentro da Tradi\u00e7\u00e3o<\/strong>, n\u00e3o o contr\u00e1rio.<\/p>\n\n\n\n<hr class=\"wp-block-separator has-alpha-channel-opacity\"\/>\n\n\n\n<h2 class=\"wp-block-heading\">4. Um fato desconfort\u00e1vel: a Igreja existiu s\u00e9culos sem a \u201cB\u00edblia\u201d como a conhecemos<\/h2>\n\n\n\n<p>Durante os <strong>primeiros 300 anos<\/strong>, a maioria dos crist\u00e3os:<\/p>\n\n\n\n<ul class=\"wp-block-list\">\n<li>N\u00e3o sabia ler<\/li>\n\n\n\n<li>N\u00e3o tinha acesso a textos<\/li>\n\n\n\n<li>N\u00e3o possu\u00eda um \u201cNovo Testamento\u201d definido<\/li>\n<\/ul>\n\n\n\n<p>Ent\u00e3o, como viviam a f\u00e9?<\/p>\n\n\n\n<p>\u2714 Ouvindo a prega\u00e7\u00e3o apost\u00f3lica<br>\u2714 Participando da liturgia<br>\u2714 Recebendo os sacramentos<br>\u2714 Vivendo segundo a Tradi\u00e7\u00e3o recebida<\/p>\n\n\n\n<p>\ud83d\udc49 <strong>A f\u00e9 n\u00e3o dependia de um livro pessoal<\/strong>, mas de uma <strong>Igreja viva<\/strong>.<\/p>\n\n\n\n<hr class=\"wp-block-separator has-alpha-channel-opacity\"\/>\n\n\n\n<h2 class=\"wp-block-heading\">5. Quem decidiu quais livros fazem parte da B\u00edblia?<\/h2>\n\n\n\n<p>Pergunta chave.<\/p>\n\n\n\n<p>\ud83d\udccc <strong>A B\u00edblia n\u00e3o caiu do c\u00e9u j\u00e1 encadernada.<\/strong><br>\ud83d\udccc Foi a Igreja, guiada pelo Esp\u00edrito Santo, quem <strong>discerniu o c\u00e2non<\/strong>.<\/p>\n\n\n\n<p>Os conc\u00edlios de Hipona (393) e Cartago (397) fixaram o c\u00e2non b\u00edblico usado hoje pelos cat\u00f3licos.<\/p>\n\n\n\n<p>\ud83d\udc49 Sem a Tradi\u00e7\u00e3o e o Magist\u00e9rio, <strong>n\u00e3o saber\u00edamos o que \u00e9 Escritura e o que n\u00e3o \u00e9<\/strong>.<\/p>\n\n\n\n<hr class=\"wp-block-separator has-alpha-channel-opacity\"\/>\n\n\n\n<h2 class=\"wp-block-heading\">6. Reduzir a Palavra de Deus \u00e0 B\u00edblia: um conceito protestante<\/h2>\n\n\n\n<p>A ideia de que:<\/p>\n\n\n\n<blockquote class=\"wp-block-quote is-layout-flow wp-block-quote-is-layout-flow\">\n<p>\u201cA B\u00edblia \u00e9 a \u00fanica Palavra de Deus e a \u00fanica autoridade\u201d<\/p>\n<\/blockquote>\n\n\n\n<p>\u00e9 o princ\u00edpio da <strong>\u201cSola Scriptura\u201d<\/strong>, formulado na Reforma protestante do s\u00e9culo XVI.<\/p>\n\n\n\n<h3 class=\"wp-block-heading\">Qual \u00e9 o problema?<\/h3>\n\n\n\n<ol class=\"wp-block-list\">\n<li><strong>A B\u00edblia nunca ensina \u201cSola Scriptura\u201d<\/strong><\/li>\n\n\n\n<li>A interpreta\u00e7\u00e3o fica <strong>ao crit\u00e9rio individual<\/strong><\/li>\n\n\n\n<li>A f\u00e9 se fragmenta em milhares de leituras contradit\u00f3rias<\/li>\n<\/ol>\n\n\n\n<p>\ud83d\udcc9 Resultado: divis\u00f5es, confus\u00e3o doutrin\u00e1ria, f\u00e9 subjetiva.<\/p>\n\n\n\n<p>A f\u00e9 cat\u00f3lica, por outro lado, apoia-se em um <strong>trip\u00e9 insepar\u00e1vel<\/strong>:<\/p>\n\n\n\n<ul class=\"wp-block-list\">\n<li><strong>Sagrada Escritura<\/strong><\/li>\n\n\n\n<li><strong>Sagrada Tradi\u00e7\u00e3o<\/strong><\/li>\n\n\n\n<li><strong>Magist\u00e9rio da Igreja<\/strong><\/li>\n<\/ul>\n\n\n\n<hr class=\"wp-block-separator has-alpha-channel-opacity\"\/>\n\n\n\n<h2 class=\"wp-block-heading\">7. A Palavra de Deus continua falando hoje<\/h2>\n\n\n\n<p>Deus n\u00e3o \u00e9 um autor aposentado.<\/p>\n\n\n\n<p>\ud83d\udc49 <strong>A Palavra de Deus \u00e9 viva e eficaz<\/strong> (cf. Hebreus 4,12).<\/p>\n\n\n\n<p>Ela fala hoje:<\/p>\n\n\n\n<ul class=\"wp-block-list\">\n<li>Na <strong>liturgia<\/strong>, especialmente na Eucaristia<\/li>\n\n\n\n<li>No <strong>Magist\u00e9rio aut\u00eantico<\/strong><\/li>\n\n\n\n<li>Na <strong>vida dos santos<\/strong><\/li>\n\n\n\n<li>No discernimento da Igreja<\/li>\n<\/ul>\n\n\n\n<p>\ud83d\udccc <strong>Quando a Igreja ensina fielmente, Cristo continua a falar.<\/strong><\/p>\n\n\n\n<hr class=\"wp-block-separator has-alpha-channel-opacity\"\/>\n\n\n\n<h2 class=\"wp-block-heading\">8. Guia pr\u00e1tico teol\u00f3gico e pastoral<\/h2>\n\n\n\n<h3 class=\"wp-block-heading\">Como viver a Palavra de Deus em plenitude (n\u00e3o apenas lendo a B\u00edblia)<\/h3>\n\n\n\n<h3 class=\"wp-block-heading\">1. Ler a B\u00edblia <em>dentro da Igreja<\/em><\/h3>\n\n\n\n<p>N\u00e3o como um livro isolado, mas:<\/p>\n\n\n\n<ul class=\"wp-block-list\">\n<li>Com os Padres da Igreja<\/li>\n\n\n\n<li>Com o Catecismo<\/li>\n\n\n\n<li>Com a liturgia<\/li>\n<\/ul>\n\n\n\n<h3 class=\"wp-block-heading\">2. Ouvir a Palavra na Missa<\/h3>\n\n\n\n<p>A Palavra proclamada <strong>n\u00e3o \u00e9 leitura privada<\/strong>, mas um <strong>ato sacramental<\/strong>.<\/p>\n\n\n\n<p>\ud83d\udc49 Cristo fala <strong>\u00e0 sua Igreja reunida<\/strong>.<\/p>\n\n\n\n<h3 class=\"wp-block-heading\">3. Formar-se na Tradi\u00e7\u00e3o<\/h3>\n\n\n\n<ul class=\"wp-block-list\">\n<li>Conhecer os conc\u00edlios<\/li>\n\n\n\n<li>Ler os santos<\/li>\n\n\n\n<li>Estudar o Magist\u00e9rio<\/li>\n<\/ul>\n\n\n\n<p>Isso <strong>n\u00e3o reduz a liberdade<\/strong>, d\u00e1 ra\u00edzes.<\/p>\n\n\n\n<h3 class=\"wp-block-heading\">4. Evitar o biblicismo<\/h3>\n\n\n\n<p>Nem todo vers\u00edculo se interpreta literalmente ou isoladamente.<\/p>\n\n\n\n<p>\ud83d\udccc A B\u00edblia <strong>se entende com a B\u00edblia<\/strong>, mas <strong>a partir da f\u00e9 da Igreja<\/strong>.<\/p>\n\n\n\n<h3 class=\"wp-block-heading\">5. Viver a Palavra<\/h3>\n\n\n\n<p>A Palavra n\u00e3o se limita a ser memorizada:<\/p>\n\n\n\n<ul class=\"wp-block-list\">\n<li>\u00c9 <strong>obedecida<\/strong><\/li>\n\n\n\n<li>\u00c9 <strong>celebrada<\/strong><\/li>\n\n\n\n<li>\u00c9 <strong>encarnada<\/strong><\/li>\n<\/ul>\n\n\n\n<hr class=\"wp-block-separator has-alpha-channel-opacity\"\/>\n\n\n\n<h2 class=\"wp-block-heading\">9. Uma f\u00e9 maior que um livro<\/h2>\n\n\n\n<p>Amar a B\u00edblia \u00e9 essencial.<br>Reduzir a f\u00e9 apenas \u00e0 B\u00edblia \u00e9 empobrec\u00ea-la.<\/p>\n\n\n\n<p>A Palavra de Deus:<\/p>\n\n\n\n<ul class=\"wp-block-list\">\n<li>\u00c9 <strong>Cristo vivo<\/strong><\/li>\n\n\n\n<li>Transmitida pela <strong>Tradi\u00e7\u00e3o<\/strong><\/li>\n\n\n\n<li>Custodiada pela <strong>Igreja<\/strong><\/li>\n\n\n\n<li>Iluminada pela <strong>Escritura<\/strong><\/li>\n<\/ul>\n\n\n\n<p>Ou, como disse Santo Agostinho com clareza impressionante:<\/p>\n\n\n\n<blockquote class=\"wp-block-quote is-layout-flow wp-block-quote-is-layout-flow\">\n<p><em>\u201cEu n\u00e3o acreditaria no Evangelho se n\u00e3o fosse movido pela autoridade da Igreja Cat\u00f3lica.\u201d<\/em><\/p>\n<\/blockquote>\n\n\n\n<hr class=\"wp-block-separator has-alpha-channel-opacity\"\/>\n\n\n\n<h2 class=\"wp-block-heading\">Conclus\u00e3o: volte para casa<\/h2>\n\n\n\n<p>Em um mundo fragmentado, a f\u00e9 cat\u00f3lica oferece algo revolucion\u00e1rio:<br><strong>uma Palavra viva, completa, coerente, encarnada em uma Igreja concreta<\/strong>.<\/p>\n\n\n\n<p>N\u00e3o se contente com um cristianismo reduzido.<br>N\u00e3o aprisione a voz de Deus em poucas p\u00e1ginas.<\/p>\n\n\n\n<p>\ud83d\udcd6 <strong>Leia a B\u00edblia.<\/strong><br>\ud83d\udd4a <strong>Ou\u00e7a a Tradi\u00e7\u00e3o.<\/strong><br>\u26ea <strong>Permane\u00e7a na Igreja.<\/strong><\/p>\n\n\n\n<p>L\u00e1 \u2014 e somente l\u00e1 \u2014 <strong>a Palavra de Deus se revela em toda a sua plenitude<\/strong>.<\/p>\n","protected":false},"excerpt":{"rendered":"<p>Por que reduzi-la \u00e0 B\u00edblia empobrece a f\u00e9 e como a Igreja a manteve viva por s\u00e9culos Existem frases que soam muito piedosas, mas escondem uma profunda confus\u00e3o. Uma das mais repetidas hoje \u00e9 esta: \u201cA Palavra de Deus \u00e9 a B\u00edblia.\u201d Para muitos crist\u00e3os isso parece \u00f3bvio, quase incontest\u00e1vel. No entanto, para um cat\u00f3lico, &hellip;<\/p>\n","protected":false},"author":3,"featured_media":4832,"comment_status":"closed","ping_status":"closed","sticky":false,"template":"","format":"standard","meta":{"_seopress_robots_primary_cat":"","_seopress_titles_title":"","_seopress_titles_desc":"","_seopress_robots_index":"","footnotes":""},"categories":[37,45],"tags":[1713],"class_list":["post-4831","post","type-post","status-publish","format-standard","has-post-thumbnail","","category-doutrina-e-fe","category-sagradas-escrituras","tag-palavra-de-deus"],"_links":{"self":[{"href":"https:\/\/catholicus.eu\/pt\/wp-json\/wp\/v2\/posts\/4831","targetHints":{"allow":["GET"]}}],"collection":[{"href":"https:\/\/catholicus.eu\/pt\/wp-json\/wp\/v2\/posts"}],"about":[{"href":"https:\/\/catholicus.eu\/pt\/wp-json\/wp\/v2\/types\/post"}],"author":[{"embeddable":true,"href":"https:\/\/catholicus.eu\/pt\/wp-json\/wp\/v2\/users\/3"}],"replies":[{"embeddable":true,"href":"https:\/\/catholicus.eu\/pt\/wp-json\/wp\/v2\/comments?post=4831"}],"version-history":[{"count":1,"href":"https:\/\/catholicus.eu\/pt\/wp-json\/wp\/v2\/posts\/4831\/revisions"}],"predecessor-version":[{"id":4833,"href":"https:\/\/catholicus.eu\/pt\/wp-json\/wp\/v2\/posts\/4831\/revisions\/4833"}],"wp:featuredmedia":[{"embeddable":true,"href":"https:\/\/catholicus.eu\/pt\/wp-json\/wp\/v2\/media\/4832"}],"wp:attachment":[{"href":"https:\/\/catholicus.eu\/pt\/wp-json\/wp\/v2\/media?parent=4831"}],"wp:term":[{"taxonomy":"category","embeddable":true,"href":"https:\/\/catholicus.eu\/pt\/wp-json\/wp\/v2\/categories?post=4831"},{"taxonomy":"post_tag","embeddable":true,"href":"https:\/\/catholicus.eu\/pt\/wp-json\/wp\/v2\/tags?post=4831"}],"curies":[{"name":"wp","href":"https:\/\/api.w.org\/{rel}","templated":true}]}}