{"id":4828,"date":"2026-01-30T10:05:25","date_gmt":"2026-01-30T09:05:25","guid":{"rendered":"https:\/\/catholicus.eu\/pt\/?p=4828"},"modified":"2026-01-30T10:05:26","modified_gmt":"2026-01-30T09:05:26","slug":"quando-deus-poe-ordem-no-caos-voluntas-ordinata-a-vontade-que-da-sentido-a-tua-vida","status":"publish","type":"post","link":"https:\/\/catholicus.eu\/pt\/quando-deus-poe-ordem-no-caos-voluntas-ordinata-a-vontade-que-da-sentido-a-tua-vida\/","title":{"rendered":"Quando Deus p\u00f5e ordem no caos: Voluntas Ordinata, a vontade que d\u00e1 sentido \u00e0 tua vida"},"content":{"rendered":"\n<p>Vivemos numa \u00e9poca marcada pela pressa, pela improvisa\u00e7\u00e3o e por uma constante sensa\u00e7\u00e3o de desordem interior. Muitas pessoas t\u00eam a impress\u00e3o de que a sua vida \u00e9 uma sucess\u00e3o de acontecimentos sem um fio condutor: decis\u00f5es tomadas pela metade, sofrimentos incompreendidos, sucessos que n\u00e3o preenchem e fracassos que desorientam. Neste contexto, a teologia cat\u00f3lica tradicional oferece-nos um conceito t\u00e3o antigo quanto atual, t\u00e3o profundo quanto libertador: <strong>a <em>Voluntas Ordinata<\/em><\/strong>.<\/p>\n\n\n\n<p>Falar de <em>Voluntas Ordinata<\/em> n\u00e3o \u00e9 falar de uma ideia abstrata reservada aos te\u00f3logos medievais. \u00c9 falar de <strong>como Deus quer, como Ele age e como nos convida a viver<\/strong>. \u00c9 falar do modo como a vontade divina n\u00e3o \u00e9 caprichosa, mas s\u00e1bia; n\u00e3o \u00e9 arbitr\u00e1ria, mas amorosamente ordenada para o bem.<\/p>\n\n\n\n<p>Este artigo pretende <strong>educar, inspirar e servir de guia espiritual<\/strong>, ajudando-te a descobrir como a <em>Voluntas Ordinata<\/em> pode transformar a tua maneira de compreender Deus, o sofrimento, a liberdade e a vida quotidiana.<\/p>\n\n\n\n<hr class=\"wp-block-separator has-alpha-channel-opacity\"\/>\n\n\n\n<h2 class=\"wp-block-heading\">1. O que \u00e9 a <em>Voluntas Ordinata<\/em>? Uma defini\u00e7\u00e3o clara e acess\u00edvel<\/h2>\n\n\n\n<p>Na teologia cat\u00f3lica, especialmente na tradi\u00e7\u00e3o escol\u00e1stica, distingue-se entre:<\/p>\n\n\n\n<ul class=\"wp-block-list\">\n<li><strong>Voluntas Dei absoluta<\/strong>: aquilo que Deus poderia fazer em virtude da sua omnipot\u00eancia.<\/li>\n\n\n\n<li><strong>Voluntas Dei ordinata<\/strong> (<em>Voluntas Ordinata<\/em>): aquilo que Deus <strong>quer fazer e de facto faz<\/strong>, segundo uma ordem s\u00e1bia e justa, coerente com a sua natureza.<\/li>\n<\/ul>\n\n\n\n<p>\ud83d\udc49 <strong>A <em>Voluntas Ordinata<\/em> \u00e9 a vontade de Deus tal como Ele a disp\u00f4s livremente, ordenando todas as coisas para o seu fim \u00faltimo: o bem e a salva\u00e7\u00e3o.<\/strong><\/p>\n\n\n\n<p>Deus n\u00e3o age ao acaso. N\u00e3o improvisa. N\u00e3o contradiz a sua justi\u00e7a com a sua miseric\u00f3rdia, nem o seu poder com o seu amor. Tudo o que Ele permite ou quer est\u00e1 integrado numa <strong>ordem divina<\/strong>, ainda que essa ordem muitas vezes nos permane\u00e7a misteriosa.<\/p>\n\n\n\n<p>Como diz a Escritura:<\/p>\n\n\n\n<blockquote class=\"wp-block-quote is-layout-flow wp-block-quote-is-layout-flow\">\n<p><em>\u00abMas Tu dispuseste tudo com medida, n\u00famero e peso\u00bb<\/em><br>(Sabedoria 11, 20)<\/p>\n<\/blockquote>\n\n\n\n<hr class=\"wp-block-separator has-alpha-channel-opacity\"\/>\n\n\n\n<h2 class=\"wp-block-heading\">2. Origens hist\u00f3ricas do conceito: a sabedoria da Tradi\u00e7\u00e3o<\/h2>\n\n\n\n<p>A no\u00e7\u00e3o de <em>Voluntas Ordinata<\/em> desenvolve-se com particular clareza na <strong>teologia medieval<\/strong>, sobretudo em autores como:<\/p>\n\n\n\n<ul class=\"wp-block-list\">\n<li><strong>Santo Agostinho<\/strong>, que afirma que Deus permite o mal apenas para dele tirar um bem maior.<\/li>\n\n\n\n<li><strong>S\u00e3o Tom\u00e1s de Aquino<\/strong>, que explica que Deus age sempre segundo a raz\u00e3o e a ordem que Ele pr\u00f3prio quis.<\/li>\n\n\n\n<li><strong>A escol\u00e1stica cl\u00e1ssica<\/strong>, que distingue cuidadosamente entre aquilo que Deus pode fazer e aquilo que escolheu estabelecer como norma do mundo.<\/li>\n<\/ul>\n\n\n\n<p>Para S\u00e3o Tom\u00e1s, Deus n\u00e3o est\u00e1 sujeito a uma ordem externa, mas <strong>escolhe livremente uma ordem<\/strong>, e uma vez escolhida, age fielmente dentro dela. Isto permite-nos confiar: <strong>Deus n\u00e3o Se contradiz<\/strong>, n\u00e3o muda de humor, n\u00e3o brinca com a nossa vida.<\/p>\n\n\n\n<hr class=\"wp-block-separator has-alpha-channel-opacity\"\/>\n\n\n\n<h2 class=\"wp-block-heading\">3. <em>Voluntas Ordinata<\/em> e Provid\u00eancia: Deus n\u00e3o abandona a sua obra<\/h2>\n\n\n\n<p>Um dos grandes frutos espirituais deste conceito \u00e9 uma compreens\u00e3o profunda da <strong>Provid\u00eancia divina<\/strong>.<\/p>\n\n\n\n<p>Crer na <em>Voluntas Ordinata<\/em> significa crer que:<\/p>\n\n\n\n<ul class=\"wp-block-list\">\n<li>Nada acontece fora do conhecimento de Deus.<\/li>\n\n\n\n<li>Nada escapa ao seu governo amoroso.<\/li>\n\n\n\n<li>Mesmo aquilo que Ele n\u00e3o quer diretamente (o pecado, o mal), Ele <strong>permite<\/strong> dentro de um plano maior.<\/li>\n<\/ul>\n\n\n\n<p>S\u00e3o Paulo exprime-o com uma frase que sustentou gera\u00e7\u00f5es de crist\u00e3os:<\/p>\n\n\n\n<blockquote class=\"wp-block-quote is-layout-flow wp-block-quote-is-layout-flow\">\n<p><em>\u00abSabemos que tudo concorre para o bem daqueles que amam a Deus\u00bb<\/em><br>(Romanos 8, 28)<\/p>\n<\/blockquote>\n\n\n\n<p>Isto n\u00e3o \u00e9 ingenuidade nem nega\u00e7\u00e3o do sofrimento. \u00c9 <strong>f\u00e9 madura<\/strong>, capaz de olhar para a hist\u00f3ria \u2014 pessoal e coletiva \u2014 com esperan\u00e7a sobrenatural.<\/p>\n\n\n\n<hr class=\"wp-block-separator has-alpha-channel-opacity\"\/>\n\n\n\n<h2 class=\"wp-block-heading\">4. Liberdade humana e <em>Voluntas Ordinata<\/em>: somos marionetas?<\/h2>\n\n\n\n<p>Uma obje\u00e7\u00e3o frequente \u00e9 esta: <em>\u00abSe tudo est\u00e1 ordenado por Deus, onde fica a minha liberdade?\u00bb<\/em><\/p>\n\n\n\n<p>A resposta da teologia cat\u00f3lica \u00e9 clara e profundamente humana:<\/p>\n\n\n\n<p>\ud83d\udc49 <strong>A <em>Voluntas Ordinata<\/em> n\u00e3o anula a liberdade; torna-a poss\u00edvel e fecunda.<\/strong><\/p>\n\n\n\n<p>Deus, na sua ordem, quis que o ser humano fosse <strong>verdadeiramente livre<\/strong>. A nossa liberdade n\u00e3o \u00e9 uma amea\u00e7a para Deus, mas parte do seu des\u00edgnio. Ele sabe integrar as nossas decis\u00f5es \u2014 mesmo as erradas \u2014 no seu plano de salva\u00e7\u00e3o.<\/p>\n\n\n\n<p>Isto liberta-nos de dois erros muito atuais:<\/p>\n\n\n\n<ul class=\"wp-block-list\">\n<li>O <strong>fatalismo<\/strong> (\u00abtudo \u00e9 igual, j\u00e1 est\u00e1 tudo decidido\u00bb).<\/li>\n\n\n\n<li>O <strong>voluntarismo absoluto<\/strong> (\u00abeu decido tudo, Deus n\u00e3o conta\u00bb).<\/li>\n<\/ul>\n\n\n\n<p>A f\u00e9 cat\u00f3lica prop\u00f5e um caminho mais elevado: <strong>uma liberdade humana real dentro de uma ordem divina cheia de sentido<\/strong>.<\/p>\n\n\n\n<hr class=\"wp-block-separator has-alpha-channel-opacity\"\/>\n\n\n\n<h2 class=\"wp-block-heading\">5. Atualidade do tema: a <em>Voluntas Ordinata<\/em> num mundo desordenado<\/h2>\n\n\n\n<p>Hoje vivemos uma profunda crise da ordem:<\/p>\n\n\n\n<ul class=\"wp-block-list\">\n<li>Confus\u00e3o moral.<\/li>\n\n\n\n<li>Relativismo.<\/li>\n\n\n\n<li>Rejei\u00e7\u00e3o de toda a autoridade.<\/li>\n\n\n\n<li>Medo do sofrimento e da cruz.<\/li>\n<\/ul>\n\n\n\n<p>Neste contexto, a <em>Voluntas Ordinata<\/em> \u00e9 um <strong>ant\u00eddoto espiritual<\/strong>. Recorda-nos que:<\/p>\n\n\n\n<ul class=\"wp-block-list\">\n<li>A ordem n\u00e3o oprime, <strong>liberta<\/strong>.<\/li>\n\n\n\n<li>A obedi\u00eancia a Deus n\u00e3o humilha, <strong>enobrece<\/strong>.<\/li>\n\n\n\n<li>Aceitar a vontade divina n\u00e3o \u00e9 resigna\u00e7\u00e3o, mas <strong>confian\u00e7a ativa<\/strong>.<\/li>\n<\/ul>\n\n\n\n<p>O pr\u00f3prio Cristo \u00e9 o modelo supremo da <em>Voluntas Ordinata<\/em> vivida:<\/p>\n\n\n\n<blockquote class=\"wp-block-quote is-layout-flow wp-block-quote-is-layout-flow\">\n<p><em>\u00abN\u00e3o se fa\u00e7a a minha vontade, mas a tua\u00bb<\/em><br>(Lucas 22, 42)<\/p>\n<\/blockquote>\n\n\n\n<p>Na cruz, o caos aparente torna-se a obra mais perfeita da ordem salv\u00edfica de Deus.<\/p>\n\n\n\n<hr class=\"wp-block-separator has-alpha-channel-opacity\"\/>\n\n\n\n<h2 class=\"wp-block-heading\">6. Guia pr\u00e1tica: viver hoje segundo a <em>Voluntas Ordinata<\/em><\/h2>\n\n\n\n<h3 class=\"wp-block-heading\">1. <strong>Formar a consci\u00eancia<\/strong><\/h3>\n\n\n\n<p>Do ponto de vista teol\u00f3gico e pastoral, n\u00e3o se pode viver a vontade de Deus sem a conhecer.<\/p>\n\n\n\n<ul class=\"wp-block-list\">\n<li>Estudar o Evangelho.<\/li>\n\n\n\n<li>Conhecer a doutrina da Igreja.<\/li>\n\n\n\n<li>Fugir de um \u201cDeus \u00e0 minha medida\u201d.<\/li>\n<\/ul>\n\n\n\n<p>\ud83d\udc49 A <em>Voluntas Ordinata<\/em> nunca contradiz a lei moral.<\/p>\n\n\n\n<hr class=\"wp-block-separator has-alpha-channel-opacity\"\/>\n\n\n\n<h3 class=\"wp-block-heading\">2. <strong>Aceitar o que n\u00e3o se pode controlar<\/strong><\/h3>\n\n\n\n<p>Nem tudo o que acontece \u00e9 diretamente querido por Deus, mas <strong>tudo pode ser oferecido e redimido<\/strong>.<\/p>\n\n\n\n<ul class=\"wp-block-list\">\n<li>A doen\u00e7a.<\/li>\n\n\n\n<li>Os fracassos.<\/li>\n\n\n\n<li>As injusti\u00e7as sofridas.<\/li>\n<\/ul>\n\n\n\n<p>Do ponto de vista pastoral, isto n\u00e3o significa dizer a algu\u00e9m que \u00abDeus quis a sua dor\u00bb, mas ajud\u00e1-lo a descobrir que <strong>Deus n\u00e3o o abandona nela<\/strong>.<\/p>\n\n\n\n<hr class=\"wp-block-separator has-alpha-channel-opacity\"\/>\n\n\n\n<h3 class=\"wp-block-heading\">3. <strong>Discernir antes de decidir<\/strong><\/h3>\n\n\n\n<p>A vontade de Deus n\u00e3o se adivinha; discerne-se:<\/p>\n\n\n\n<ul class=\"wp-block-list\">\n<li>Ora\u00e7\u00e3o sincera.<\/li>\n\n\n\n<li>Conselho espiritual.<\/li>\n\n\n\n<li>Paz interior compat\u00edvel com a verdade.<\/li>\n<\/ul>\n\n\n\n<p>A <em>Voluntas Ordinata<\/em> normalmente n\u00e3o grita; <strong>ordena suavemente o cora\u00e7\u00e3o<\/strong>.<\/p>\n\n\n\n<hr class=\"wp-block-separator has-alpha-channel-opacity\"\/>\n\n\n\n<h3 class=\"wp-block-heading\">4. <strong>Unir vontade e cruz<\/strong><\/h3>\n\n\n\n<p>N\u00e3o existe vida crist\u00e3 sem a cruz. A diferen\u00e7a est\u00e1 em <strong>como ela \u00e9 vivida<\/strong>.<\/p>\n\n\n\n<ul class=\"wp-block-list\">\n<li>Resistir gera amargura.<\/li>\n\n\n\n<li>Oferecer gera fecundidade espiritual.<\/li>\n<\/ul>\n\n\n\n<p>Aqui, a <em>Voluntas Ordinata<\/em> torna-se um caminho de santifica\u00e7\u00e3o real, n\u00e3o idealizada.<\/p>\n\n\n\n<hr class=\"wp-block-separator has-alpha-channel-opacity\"\/>\n\n\n\n<h3 class=\"wp-block-heading\">5. <strong>Confiar mesmo quando n\u00e3o se entende<\/strong><\/h3>\n\n\n\n<p>A f\u00e9 madura n\u00e3o exige explica\u00e7\u00f5es imediatas.<\/p>\n\n\n\n<ul class=\"wp-block-list\">\n<li>Confiar hoje.<\/li>\n\n\n\n<li>Compreender amanh\u00e3.<\/li>\n\n\n\n<li>Ou talvez na eternidade.<\/li>\n<\/ul>\n\n\n\n<p>Como ensina a Tradi\u00e7\u00e3o: <em>Deus v\u00ea a tape\u00e7aria completa; n\u00f3s vemos apenas o avesso.<\/em><\/p>\n\n\n\n<hr class=\"wp-block-separator has-alpha-channel-opacity\"\/>\n\n\n\n<h2 class=\"wp-block-heading\">7. Conclus\u00e3o: o descanso da alma na ordem de Deus<\/h2>\n\n\n\n<p>A <em>Voluntas Ordinata<\/em> n\u00e3o \u00e9 uma pris\u00e3o espiritual, mas <strong>um ref\u00fagio<\/strong>. Num mundo que glorifica a improvisa\u00e7\u00e3o e o ego, redescobrir a ordem amorosa de Deus \u00e9 uma verdadeira revolu\u00e7\u00e3o interior.<\/p>\n\n\n\n<p>Aceitar a <em>Voluntas Ordinata<\/em> \u00e9 dizer:<\/p>\n\n\n\n<ul class=\"wp-block-list\">\n<li>\u00abNem tudo depende de mim\u00bb.<\/li>\n\n\n\n<li>\u00abA minha vida tem um significado maior\u00bb.<\/li>\n\n\n\n<li>\u00abDeus sabe o que faz, mesmo quando eu n\u00e3o o compreendo\u00bb.<\/li>\n<\/ul>\n\n\n\n<p>E \u00e9 exatamente a\u00ed, exatamente a\u00ed, que o cora\u00e7\u00e3o encontra descanso.<\/p>\n\n\n\n<p>Porque quando a vontade humana se alinha com a vontade ordenada de Deus, <strong>o caos interior transforma-se em paz<\/strong>, e a vida \u2014 com todas as suas luzes e sombras \u2014 come\u00e7a a ter sabor de eternidade.<\/p>\n","protected":false},"excerpt":{"rendered":"<p>Vivemos numa \u00e9poca marcada pela pressa, pela improvisa\u00e7\u00e3o e por uma constante sensa\u00e7\u00e3o de desordem interior. Muitas pessoas t\u00eam a impress\u00e3o de que a sua vida \u00e9 uma sucess\u00e3o de acontecimentos sem um fio condutor: decis\u00f5es tomadas pela metade, sofrimentos incompreendidos, sucessos que n\u00e3o preenchem e fracassos que desorientam. Neste contexto, a teologia cat\u00f3lica tradicional &hellip;<\/p>\n","protected":false},"author":3,"featured_media":4829,"comment_status":"closed","ping_status":"closed","sticky":false,"template":"","format":"standard","meta":{"_seopress_robots_primary_cat":"","_seopress_titles_title":"","_seopress_titles_desc":"","_seopress_robots_index":"","footnotes":""},"categories":[40,58],"tags":[1712],"class_list":["post-4828","post","type-post","status-publish","format-standard","has-post-thumbnail","","category-oracao-e-espiritualidade","category-oracao-e-vida-espiritual","tag-voluntas-ordinata"],"_links":{"self":[{"href":"https:\/\/catholicus.eu\/pt\/wp-json\/wp\/v2\/posts\/4828","targetHints":{"allow":["GET"]}}],"collection":[{"href":"https:\/\/catholicus.eu\/pt\/wp-json\/wp\/v2\/posts"}],"about":[{"href":"https:\/\/catholicus.eu\/pt\/wp-json\/wp\/v2\/types\/post"}],"author":[{"embeddable":true,"href":"https:\/\/catholicus.eu\/pt\/wp-json\/wp\/v2\/users\/3"}],"replies":[{"embeddable":true,"href":"https:\/\/catholicus.eu\/pt\/wp-json\/wp\/v2\/comments?post=4828"}],"version-history":[{"count":1,"href":"https:\/\/catholicus.eu\/pt\/wp-json\/wp\/v2\/posts\/4828\/revisions"}],"predecessor-version":[{"id":4830,"href":"https:\/\/catholicus.eu\/pt\/wp-json\/wp\/v2\/posts\/4828\/revisions\/4830"}],"wp:featuredmedia":[{"embeddable":true,"href":"https:\/\/catholicus.eu\/pt\/wp-json\/wp\/v2\/media\/4829"}],"wp:attachment":[{"href":"https:\/\/catholicus.eu\/pt\/wp-json\/wp\/v2\/media?parent=4828"}],"wp:term":[{"taxonomy":"category","embeddable":true,"href":"https:\/\/catholicus.eu\/pt\/wp-json\/wp\/v2\/categories?post=4828"},{"taxonomy":"post_tag","embeddable":true,"href":"https:\/\/catholicus.eu\/pt\/wp-json\/wp\/v2\/tags?post=4828"}],"curies":[{"name":"wp","href":"https:\/\/api.w.org\/{rel}","templated":true}]}}