{"id":4825,"date":"2026-01-29T23:37:04","date_gmt":"2026-01-29T22:37:04","guid":{"rendered":"https:\/\/catholicus.eu\/pt\/?p=4825"},"modified":"2026-01-29T23:37:04","modified_gmt":"2026-01-29T22:37:04","slug":"quando-o-extraordinario-se-torna-comum-ministras-da-comunhao-fe-abuso-e-discernimento-na-igreja-de-hoje","status":"publish","type":"post","link":"https:\/\/catholicus.eu\/pt\/quando-o-extraordinario-se-torna-comum-ministras-da-comunhao-fe-abuso-e-discernimento-na-igreja-de-hoje\/","title":{"rendered":"Quando o extraordin\u00e1rio se torna comum: ministras da Comunh\u00e3o, f\u00e9, abuso e discernimento na Igreja de hoje"},"content":{"rendered":"\n<p>Existem temas na vida da Igreja que, sem fazer barulho, transformaram progressivamente a experi\u00eancia lit\u00fargica de milh\u00f5es de fi\u00e9is. Um deles \u00e9 o das <strong>ministras extraordin\u00e1rias da Sagrada Comunh\u00e3o, mulheres (e homens)<\/strong>. Para muitos, sua presen\u00e7a \u00e9 algo normal; para outros, fonte de confus\u00e3o; para alguns, uma ferida lit\u00fargica aberta que exige cura, clareza e fidelidade \u00e0 Tradi\u00e7\u00e3o.<\/p>\n\n\n\n<p>Este artigo n\u00e3o pretende provocar pol\u00eamicas est\u00e9reis, mas sim <strong>educar, iluminar consci\u00eancias e oferecer um guia teol\u00f3gico e pastoral s\u00e9rio<\/strong>, acess\u00edvel e profundamente cat\u00f3lico, para compreender o que s\u00e3o realmente as ministras da Comunh\u00e3o, quando fazem sentido, quando n\u00e3o\u2026 e quais abusos foram cometidos em nome de uma \u201cnecessidade\u201d mal compreendida.<\/p>\n\n\n\n<hr class=\"wp-block-separator has-alpha-channel-opacity\"\/>\n\n\n\n<h2 class=\"wp-block-heading\">1. O que \u00e9 \u2014 e o que n\u00e3o \u00e9 \u2014 uma ministra da Comunh\u00e3o<\/h2>\n\n\n\n<p>A Igreja fala com precis\u00e3o: n\u00e3o s\u00e3o simplesmente \u201cministras da Comunh\u00e3o\u201d, mas <strong>ministras extraordin\u00e1rias da Sagrada Comunh\u00e3o<\/strong>. O adjetivo n\u00e3o \u00e9 decorativo. \u00c9 teologicamente decisivo.<\/p>\n\n\n\n<h3 class=\"wp-block-heading\">Ministros ordin\u00e1rios da Comunh\u00e3o<\/h3>\n\n\n\n<p>S\u00e3o:<\/p>\n\n\n\n<ul class=\"wp-block-list\">\n<li>O <strong>bispo<\/strong><\/li>\n\n\n\n<li>O <strong>sacerdote<\/strong><\/li>\n\n\n\n<li>O <strong>di\u00e1cono<\/strong><\/li>\n<\/ul>\n\n\n\n<p>Atrav\u00e9s do sacramento da Ordem, eles recebem uma configura\u00e7\u00e3o ontol\u00f3gica em Cristo Cabe\u00e7a. Eles n\u00e3o \u201cajudam\u201d a Eucaristia: <strong>agem em nome de Cristo<\/strong>.<\/p>\n\n\n\n<h3 class=\"wp-block-heading\">Ministros extraordin\u00e1rios<\/h3>\n\n\n\n<p>S\u00e3o fi\u00e9is leigos \u2014 homens ou mulheres \u2014 <strong>designados para um servi\u00e7o espec\u00edfico<\/strong>, quando h\u00e1 uma <strong>verdadeira necessidade<\/strong>:<\/p>\n\n\n\n<ul class=\"wp-block-list\">\n<li>Falta de ministros ordenados<\/li>\n\n\n\n<li>N\u00famero muito grande de fi\u00e9is que tornaria a celebra\u00e7\u00e3o excessivamente longa<\/li>\n\n\n\n<li>Atendimento aos doentes quando n\u00e3o h\u00e1 sacerdote ou di\u00e1cono dispon\u00edvel<\/li>\n<\/ul>\n\n\n\n<p>A Igreja \u00e9 clara: <strong>o extraordin\u00e1rio n\u00e3o deve se tornar habitual<\/strong>.<\/p>\n\n\n\n<hr class=\"wp-block-separator has-alpha-channel-opacity\"\/>\n\n\n\n<h2 class=\"wp-block-heading\">2. Breve panorama hist\u00f3rico: sempre existiram?<\/h2>\n\n\n\n<p>N\u00e3o. Durante s\u00e9culos, <strong>a distribui\u00e7\u00e3o da Eucaristia era exclusivamente compet\u00eancia do clero<\/strong>. N\u00e3o por clericalismo, mas por <strong>consci\u00eancia sacramental<\/strong>: quem toca, distribui e guarda o Corpo de Cristo deve estar sacramentalmente configurado para isso.<\/p>\n\n\n\n<p>O recurso a ministros extraordin\u00e1rios se generalizou <strong>ap\u00f3s o Conc\u00edlio Vaticano II<\/strong>, especialmente a partir de:<\/p>\n\n\n\n<ul class=\"wp-block-list\">\n<li><em>Immensae Caritatis<\/em> (1973)<\/li>\n\n\n\n<li>A expans\u00e3o da comunh\u00e3o frequente<\/li>\n\n\n\n<li>A diminui\u00e7\u00e3o das voca\u00e7\u00f5es sacerdotais em algumas regi\u00f5es<\/li>\n<\/ul>\n\n\n\n<p>A inten\u00e7\u00e3o inicial era pastoral e prudente. O problema surgiu depois.<\/p>\n\n\n\n<hr class=\"wp-block-separator has-alpha-channel-opacity\"\/>\n\n\n\n<h2 class=\"wp-block-heading\">3. Relev\u00e2ncia teol\u00f3gica: a Eucaristia n\u00e3o \u00e9 \u201calgo\u201d, \u00e9 Algu\u00e9m<\/h2>\n\n\n\n<p>Aqui est\u00e1 o cora\u00e7\u00e3o da quest\u00e3o.<\/p>\n\n\n\n<p>A Igreja acredita \u2014 e proclama \u2014 que na Eucaristia <strong>Cristo est\u00e1 realmente, verdadeiramente e substancialmente presente<\/strong>. N\u00e3o \u00e9 um s\u00edmbolo. N\u00e3o \u00e9 uma lembran\u00e7a. N\u00e3o \u00e9 p\u00e3o aben\u00e7oado.<\/p>\n\n\n\n<blockquote class=\"wp-block-quote is-layout-flow wp-block-quote-is-layout-flow\">\n<p>\u201cQuem come a minha carne e bebe o meu sangue tem a vida eterna\u201d (Jo 6,54)<\/p>\n<\/blockquote>\n\n\n\n<p>Portanto:<\/p>\n\n\n\n<ul class=\"wp-block-list\">\n<li>A forma de distribu\u00ed-la <strong>importa<\/strong><\/li>\n\n\n\n<li>Quem a distribui <strong>importa<\/strong><\/li>\n\n\n\n<li>A atitude interior e exterior <strong>importa<\/strong><\/li>\n<\/ul>\n\n\n\n<p>Quando o minist\u00e9rio extraordin\u00e1rio \u00e9 banalizado, a f\u00e9 eucar\u00edstica tamb\u00e9m \u00e9 banalizada \u2014 mesmo que inconscientemente.<\/p>\n\n\n\n<hr class=\"wp-block-separator has-alpha-channel-opacity\"\/>\n\n\n\n<h2 class=\"wp-block-heading\">4. Mulheres e Eucaristia: esclarecer sem confundir<\/h2>\n\n\n\n<p>\u00c9 essencial dizer isso com clareza e caridade.<\/p>\n\n\n\n<p>O fato de uma mulher poder ser ministra extraordin\u00e1ria da Sagrada Comunh\u00e3o <strong>n\u00e3o tem nada a ver com o sacerd\u00f3cio feminino<\/strong>, que a Igreja declarou definitivamente imposs\u00edvel (<em>Ordinatio Sacerdotalis<\/em>, S\u00e3o Jo\u00e3o Paulo II).<\/p>\n\n\n\n<p>As mulheres na Igreja:<\/p>\n\n\n\n<ul class=\"wp-block-list\">\n<li>T\u00eam dignidade igual<\/li>\n\n\n\n<li>T\u00eam uma miss\u00e3o insubstitu\u00edvel<\/li>\n\n\n\n<li>T\u00eam um papel espiritual imenso<\/li>\n<\/ul>\n\n\n\n<p>Mas <strong>igualdade n\u00e3o significa identidade de fun\u00e7\u00f5es<\/strong>. Confundir servi\u00e7o leigo com minist\u00e9rio ordenado \u00e9 uma grave deforma\u00e7\u00e3o teol\u00f3gica.<\/p>\n\n\n\n<hr class=\"wp-block-separator has-alpha-channel-opacity\"\/>\n\n\n\n<h2 class=\"wp-block-heading\">5. Quando o abuso come\u00e7a: o extraordin\u00e1rio se torna norma<\/h2>\n\n\n\n<p>Entramos agora em terreno delicado, mas necess\u00e1rio.<\/p>\n\n\n\n<h3 class=\"wp-block-heading\">Abusos frequentes hoje<\/h3>\n\n\n\n<ul class=\"wp-block-list\">\n<li>Ministras da Comunh\u00e3o <strong>em missas com v\u00e1rios sacerdotes presentes<\/strong><\/li>\n\n\n\n<li>Uso sistem\u00e1tico sem verdadeira necessidade<\/li>\n\n\n\n<li>Substitui\u00e7\u00e3o do sacerdote por \u201ccomodidade\u201d ou rapidez<\/li>\n\n\n\n<li>Distribui\u00e7\u00e3o da comunh\u00e3o como um \u201cservi\u00e7o funcional\u201d<\/li>\n\n\n\n<li>Falta de forma\u00e7\u00e3o doutrinal e espiritual<\/li>\n\n\n\n<li>Vestimenta inadequada ou atitude pouco reverente<\/li>\n\n\n\n<li>Autopercep\u00e7\u00e3o como \u201cministra lit\u00fargica est\u00e1vel\u201d como se fosse um direito<\/li>\n<\/ul>\n\n\n\n<p>Tudo isso <strong>n\u00e3o \u00e9 um detalhe<\/strong>, \u00e9 um <strong>abuso lit\u00fargico<\/strong>.<\/p>\n\n\n\n<p><em>Redemptionis Sacramentum<\/em> \u00e9 contundente:<\/p>\n\n\n\n<blockquote class=\"wp-block-quote is-layout-flow wp-block-quote-is-layout-flow\">\n<p>\u201cEste minist\u00e9rio \u00e9 verdadeiramente extraordin\u00e1rio e suplementar\u201d (n. 151)<\/p>\n<\/blockquote>\n\n\n\n<hr class=\"wp-block-separator has-alpha-channel-opacity\"\/>\n\n\n\n<h2 class=\"wp-block-heading\">6. Consequ\u00eancias espirituais do abuso<\/h2>\n\n\n\n<p>Quando o extraordin\u00e1rio se normaliza:<\/p>\n\n\n\n<ul class=\"wp-block-list\">\n<li>A diferen\u00e7a entre o sacerd\u00f3cio ministerial e o comum se obscurece<\/li>\n\n\n\n<li>A f\u00e9 na Presen\u00e7a Real enfraquece<\/li>\n\n\n\n<li>O sentido do sagrado se perde<\/li>\n\n\n\n<li>Uma liturgia \u201cfuncional\u201d, e n\u00e3o adorante, \u00e9 transmitida aos jovens<\/li>\n\n\n\n<li>Favorece-se, involuntariamente, uma mentalidade protestante<\/li>\n<\/ul>\n\n\n\n<p>A liturgia educa sempre. Sempre. Para o bem ou para o mal.<\/p>\n\n\n\n<hr class=\"wp-block-separator has-alpha-channel-opacity\"\/>\n\n\n\n<h2 class=\"wp-block-heading\">7. Guia pr\u00e1tico teol\u00f3gico e pastoral (rigoroso e claro)<\/h2>\n\n\n\n<h3 class=\"wp-block-heading\">Para os fi\u00e9is leigos<\/h3>\n\n\n\n<p>\u2714 Aceitar o encargo <strong>somente se houver verdadeira necessidade<\/strong><br>\u2714 Exigir e receber <strong>forma\u00e7\u00e3o doutrinal e lit\u00fargica s\u00f3lida<\/strong><br>\u2714 Viver o servi\u00e7o com <strong>temor de Deus e profunda humildade<\/strong><br>\u2714 Vestir-se e agir com <strong>m\u00e1xima rever\u00eancia<\/strong><br>\u2714 Renunciar ao servi\u00e7o se este deixar de ser necess\u00e1rio<\/p>\n\n\n\n<blockquote class=\"wp-block-quote is-layout-flow wp-block-quote-is-layout-flow\">\n<p><em>\u201cConv\u00e9m que ele cres\u00e7a e que eu diminua\u201d<\/em> (Jo 3,30)<\/p>\n<\/blockquote>\n\n\n\n<hr class=\"wp-block-separator has-alpha-channel-opacity\"\/>\n\n\n\n<h3 class=\"wp-block-heading\">Para sacerdotes e p\u00e1rocos<\/h3>\n\n\n\n<p>\u2714 N\u00e3o delegar por comodidade<br>\u2714 Promover uma <strong>liturgia mais lenta e reverente<\/strong>, n\u00e3o mais eficiente<br>\u2714 Catequizar sobre o sentido do minist\u00e9rio<br>\u2714 Evitar a \u201cclericaliza\u00e7\u00e3o dos leigos\u201d<br>\u2714 Guardar a Eucaristia como o maior tesouro da par\u00f3quia<\/p>\n\n\n\n<hr class=\"wp-block-separator has-alpha-channel-opacity\"\/>\n\n\n\n<h3 class=\"wp-block-heading\">Para comunidades paroquiais<\/h3>\n\n\n\n<p>\u2714 N\u00e3o exigir ministros extraordin\u00e1rios \u201cporque sempre se fez assim\u201d<br>\u2714 Recuperar o sil\u00eancio, a adora\u00e7\u00e3o e o assombro<br>\u2714 Educar na espera reverente, n\u00e3o na pressa<br>\u2714 Promover voca\u00e7\u00f5es sacerdotais, n\u00e3o solu\u00e7\u00f5es tempor\u00e1rias permanentes<\/p>\n\n\n\n<hr class=\"wp-block-separator has-alpha-channel-opacity\"\/>\n\n\n\n<h2 class=\"wp-block-heading\">8. Recuperar o assombro: um chamado urgente<\/h2>\n\n\n\n<p>O problema de fundo n\u00e3o s\u00e3o as ministras da Comunh\u00e3o.<br>O problema de fundo \u00e9 <strong>a perda do sentido do Mist\u00e9rio<\/strong>.<\/p>\n\n\n\n<p>Quando a Eucaristia deixa de ser o centro ardente da vida crist\u00e3, tudo se relativiza. Quando retoma seu lugar, <strong>cada gesto, cada minist\u00e9rio e cada sil\u00eancio se ordena corretamente<\/strong>.<\/p>\n\n\n\n<blockquote class=\"wp-block-quote is-layout-flow wp-block-quote-is-layout-flow\">\n<p>\u201cTratemos as coisas santas de maneira santa\u201d (cf. Lv 10,3)<\/p>\n<\/blockquote>\n\n\n\n<hr class=\"wp-block-separator has-alpha-channel-opacity\"\/>\n\n\n\n<h2 class=\"wp-block-heading\">Conclus\u00e3o: servir sim, substituir n\u00e3o<\/h2>\n\n\n\n<p>O servi\u00e7o extraordin\u00e1rio pode ser leg\u00edtimo, \u00fatil e santo.<br>Mas <strong>somente quando \u00e9 realmente extraordin\u00e1rio<\/strong>.<\/p>\n\n\n\n<p>A Igreja n\u00e3o precisa de mais \u201cfun\u00e7\u00f5es\u201d, mas de <strong>cora\u00e7\u00f5es adoradores<\/strong>.<br>N\u00e3o precisa multiplicar ministros, mas <strong>aprofundar o Mist\u00e9rio<\/strong>.<br>N\u00e3o precisa de rapidez, mas de <strong>rever\u00eancia<\/strong>.<\/p>\n\n\n\n<p>Que Maria, Mulher Eucar\u00edstica por excel\u00eancia, nos ensine a <strong>tocar Cristo com a alma antes de tocar com as m\u00e3os<\/strong>, e a nunca nos apropriar do que pertence somente a Deus.<\/p>\n\n\n\n<p>Porque diante da Eucaristia, <strong>n\u00e3o somos protagonistas<\/strong>.<br>Somos adoradores.<\/p>\n","protected":false},"excerpt":{"rendered":"<p>Existem temas na vida da Igreja que, sem fazer barulho, transformaram progressivamente a experi\u00eancia lit\u00fargica de milh\u00f5es de fi\u00e9is. Um deles \u00e9 o das ministras extraordin\u00e1rias da Sagrada Comunh\u00e3o, mulheres (e homens). Para muitos, sua presen\u00e7a \u00e9 algo normal; para outros, fonte de confus\u00e3o; para alguns, uma ferida lit\u00fargica aberta que exige cura, clareza e &hellip;<\/p>\n","protected":false},"author":3,"featured_media":4826,"comment_status":"closed","ping_status":"closed","sticky":false,"template":"","format":"standard","meta":{"_seopress_robots_primary_cat":"","_seopress_titles_title":"","_seopress_titles_desc":"","_seopress_robots_index":"","footnotes":""},"categories":[38,52],"tags":[1711],"class_list":["post-4825","post","type-post","status-publish","format-standard","has-post-thumbnail","","category-historia-e-tradicao","category-liturgia-e-ano-liturgico","tag-ministras-da-comunhao"],"_links":{"self":[{"href":"https:\/\/catholicus.eu\/pt\/wp-json\/wp\/v2\/posts\/4825","targetHints":{"allow":["GET"]}}],"collection":[{"href":"https:\/\/catholicus.eu\/pt\/wp-json\/wp\/v2\/posts"}],"about":[{"href":"https:\/\/catholicus.eu\/pt\/wp-json\/wp\/v2\/types\/post"}],"author":[{"embeddable":true,"href":"https:\/\/catholicus.eu\/pt\/wp-json\/wp\/v2\/users\/3"}],"replies":[{"embeddable":true,"href":"https:\/\/catholicus.eu\/pt\/wp-json\/wp\/v2\/comments?post=4825"}],"version-history":[{"count":1,"href":"https:\/\/catholicus.eu\/pt\/wp-json\/wp\/v2\/posts\/4825\/revisions"}],"predecessor-version":[{"id":4827,"href":"https:\/\/catholicus.eu\/pt\/wp-json\/wp\/v2\/posts\/4825\/revisions\/4827"}],"wp:featuredmedia":[{"embeddable":true,"href":"https:\/\/catholicus.eu\/pt\/wp-json\/wp\/v2\/media\/4826"}],"wp:attachment":[{"href":"https:\/\/catholicus.eu\/pt\/wp-json\/wp\/v2\/media?parent=4825"}],"wp:term":[{"taxonomy":"category","embeddable":true,"href":"https:\/\/catholicus.eu\/pt\/wp-json\/wp\/v2\/categories?post=4825"},{"taxonomy":"post_tag","embeddable":true,"href":"https:\/\/catholicus.eu\/pt\/wp-json\/wp\/v2\/tags?post=4825"}],"curies":[{"name":"wp","href":"https:\/\/api.w.org\/{rel}","templated":true}]}}