{"id":4822,"date":"2026-01-29T22:26:12","date_gmt":"2026-01-29T21:26:12","guid":{"rendered":"https:\/\/catholicus.eu\/pt\/?p=4822"},"modified":"2026-01-29T22:26:12","modified_gmt":"2026-01-29T21:26:12","slug":"tenho-sede-o-grito-silencioso-da-alma-moderna-e-a-redescoberta-da-sede-contemplativa","status":"publish","type":"post","link":"https:\/\/catholicus.eu\/pt\/tenho-sede-o-grito-silencioso-da-alma-moderna-e-a-redescoberta-da-sede-contemplativa\/","title":{"rendered":"\u00abTenho sede\u00bb: o grito silencioso da alma moderna e a redescoberta da sede contemplativa"},"content":{"rendered":"\n<h3 class=\"wp-block-heading\">Introdu\u00e7\u00e3o: uma sede que o ru\u00eddo n\u00e3o consegue saciar<\/h3>\n\n\n\n<p>Vivemos rodeados de ecr\u00e3s, notifica\u00e7\u00f5es, opini\u00f5es, urg\u00eancias e est\u00edmulos constantes. Nunca tivemos tanto acesso \u00e0 informa\u00e7\u00e3o\u2026 e, paradoxalmente, nunca estivemos t\u00e3o distra\u00eddos, t\u00e3o cansados interiormente, t\u00e3o vazios. Muitos crist\u00e3os \u2014 e tamb\u00e9m muitos que ainda n\u00e3o o sabem \u2014 vivem com uma sede profunda que n\u00e3o consegue ser saciada pelo entretenimento, pelo ativismo, pelo sucesso ou mesmo por uma vida religiosa meramente exterior.<\/p>\n\n\n\n<p>Essa sede tem um nome: <strong>sede contemplativa<\/strong>.<\/p>\n\n\n\n<p>N\u00e3o se trata de uma moda espiritual nem de um luxo reservado a monges ou a almas excecionais. A sede contemplativa \u00e9 uma <strong>necessidade constitutiva do cora\u00e7\u00e3o humano<\/strong>, criado para Deus, e hoje manifesta-se com uma for\u00e7a particular num mundo ruidoso, acelerado e fragmentado. Este artigo quer ajudar-te a <strong>reconhecer essa sede, compreend\u00ea-la teologicamente e aprender a responder-lhe de forma concreta, realista e profundamente crist\u00e3<\/strong>.<\/p>\n\n\n\n<hr class=\"wp-block-separator has-alpha-channel-opacity\"\/>\n\n\n\n<h2 class=\"wp-block-heading\">1. O que \u00e9 a sede contemplativa?<\/h2>\n\n\n\n<p>A sede contemplativa \u00e9 o <strong>desejo profundo e, por vezes, inexprim\u00edvel de Deus em Si mesmo<\/strong>, n\u00e3o apenas dos seus dons, da sua ajuda ou da sua consola\u00e7\u00e3o, mas <strong>da sua Presen\u00e7a<\/strong>. \u00c9 o anseio do cora\u00e7\u00e3o por parar, olhar, escutar, permanecer\u2026 e deixar-se olhar por Deus.<\/p>\n\n\n\n<p>N\u00e3o \u00e9 curiosidade intelectual.<br>N\u00e3o \u00e9 uma emo\u00e7\u00e3o religiosa passageira.<br>N\u00e3o \u00e9 uma fuga do mundo.<\/p>\n\n\n\n<p>\u00c9 um <strong>chamamento interior<\/strong> que surge quando a alma intui que \u201co homem n\u00e3o vive s\u00f3 de p\u00e3o\u201d (cf. Mt 4,4), nem sequer de p\u00e3o espiritual entendido apenas como atividade, compromisso ou boas obras.<\/p>\n\n\n\n<p>Santo Agostinho exprimiu-o em palavras eternas:<\/p>\n\n\n\n<blockquote class=\"wp-block-quote is-layout-flow wp-block-quote-is-layout-flow\">\n<p>\u00abFizeste-nos para Ti, Senhor, e o nosso cora\u00e7\u00e3o est\u00e1 inquieto enquanto n\u00e3o repousar em Ti.\u00bb<\/p>\n<\/blockquote>\n\n\n\n<p>Essa inquieta\u00e7\u00e3o \u00e9, no fundo, sede contemplativa.<\/p>\n\n\n\n<hr class=\"wp-block-separator has-alpha-channel-opacity\"\/>\n\n\n\n<h2 class=\"wp-block-heading\">2. Fundamento b\u00edblico: \u00abTenho sede\u00bb<\/h2>\n\n\n\n<p>A Sagrada Escritura est\u00e1 atravessada de princ\u00edpio a fim pela linguagem da sede. N\u00e3o \u00e9 por acaso.<\/p>\n\n\n\n<h3 class=\"wp-block-heading\">a) A sede do homem por Deus<\/h3>\n\n\n\n<p>O salmista clama:<\/p>\n\n\n\n<blockquote class=\"wp-block-quote is-layout-flow wp-block-quote-is-layout-flow\">\n<p>\u00ab\u00d3 Deus, Tu \u00e9s o meu Deus, desde a aurora Te procuro;<br>a minha alma tem sede de Ti,<br>a minha carne Te deseja<br>como terra \u00e1rida, exausta, sem \u00e1gua\u00bb (Sl 63,2).<\/p>\n<\/blockquote>\n\n\n\n<p>Aqui n\u00e3o h\u00e1 ativismo nem discurso: h\u00e1 <strong>desejo<\/strong>, <strong>busca<\/strong>, <strong>espera<\/strong>. A contempla\u00e7\u00e3o come\u00e7a sempre por reconhecer a pr\u00f3pria aridez.<\/p>\n\n\n\n<h3 class=\"wp-block-heading\">b) A sede de Deus pelo homem<\/h3>\n\n\n\n<p>Mas h\u00e1 algo ainda mais impressionante: <strong>Deus tamb\u00e9m tem sede do homem<\/strong>.<\/p>\n\n\n\n<p>Na Cruz, Cristo pronuncia uma das palavras mais impressionantes do Evangelho:<\/p>\n\n\n\n<blockquote class=\"wp-block-quote is-layout-flow wp-block-quote-is-layout-flow\">\n<p>\u00abDepois disso, sabendo Jesus que tudo estava consumado, disse, para se cumprir a Escritura:<br>\u201cTenho sede\u201d\u00bb (Jo 19,28).<\/p>\n<\/blockquote>\n\n\n\n<p>A Tradi\u00e7\u00e3o da Igreja viu nesta frase muito mais do que uma necessidade f\u00edsica. \u00c9 o <strong>grito do Cora\u00e7\u00e3o de Cristo<\/strong>, sedento de almas, sedento de amor, sedento da nossa resposta.<\/p>\n\n\n\n<p>A sede contemplativa nasce precisamente do encontro destas duas sedes:<br><strong>a sede do homem que procura Deus e a sede de Deus que procura o homem<\/strong>.<\/p>\n\n\n\n<hr class=\"wp-block-separator has-alpha-channel-opacity\"\/>\n\n\n\n<h2 class=\"wp-block-heading\">3. A hist\u00f3ria espiritual da sede contemplativa<\/h2>\n\n\n\n<h3 class=\"wp-block-heading\">a) Os Padres do Deserto<\/h3>\n\n\n\n<p>Os primeiros grandes mestres da sede contemplativa foram os <strong>Padres e as M\u00e3es do Deserto<\/strong> (s\u00e9culos III\u2013V). Fugiram do ru\u00eddo do mundo n\u00e3o por desprezo, mas para <strong>aprender a escutar Deus<\/strong>.<\/p>\n\n\n\n<p>Para eles, a contempla\u00e7\u00e3o n\u00e3o era evas\u00e3o, mas <strong>combate interior<\/strong>, purifica\u00e7\u00e3o do cora\u00e7\u00e3o e vigil\u00e2ncia da alma.<\/p>\n\n\n\n<p>Abba Ars\u00e9nio repetia:<\/p>\n\n\n\n<blockquote class=\"wp-block-quote is-layout-flow wp-block-quote-is-layout-flow\">\n<p>\u00abFoge, cala-te, permanece na quietude.\u00bb<\/p>\n<\/blockquote>\n\n\n\n<p>N\u00e3o como uma receita psicol\u00f3gica, mas como uma pedagogia espiritual para que o cora\u00e7\u00e3o voltasse a ter sede do essencial.<\/p>\n\n\n\n<h3 class=\"wp-block-heading\">b) A grande tradi\u00e7\u00e3o mon\u00e1stica<\/h3>\n\n\n\n<p>S\u00e3o Bento estruturou toda uma vida em torno da <strong>busca de Deus (quaerere Deum)<\/strong>. A liturgia, o trabalho e o sil\u00eancio n\u00e3o eram fins em si mesmos, mas caminhos para <strong>manter viva a sede contemplativa<\/strong>.<\/p>\n\n\n\n<p>Mais tarde, santos como:<\/p>\n\n\n\n<ul class=\"wp-block-list\">\n<li>S\u00e3o Bernardo de Claraval<\/li>\n\n\n\n<li>Santa Teresa de Jesus<\/li>\n\n\n\n<li>S\u00e3o Jo\u00e3o da Cruz<\/li>\n<\/ul>\n\n\n\n<p>aprofundaram a experi\u00eancia de um Deus que Se deixa encontrar <strong>no sil\u00eancio, na noite, no despojamento e no amor puro<\/strong>.<\/p>\n\n\n\n<p>Em particular, S\u00e3o Jo\u00e3o da Cruz ensinou que a sede contemplativa se intensifica quando Deus parece ausente. A aridez n\u00e3o \u00e9 um fracasso, mas <strong>a purifica\u00e7\u00e3o do desejo<\/strong>.<\/p>\n\n\n\n<hr class=\"wp-block-separator has-alpha-channel-opacity\"\/>\n\n\n\n<h2 class=\"wp-block-heading\">4. Relev\u00e2ncia teol\u00f3gica hoje: uma urg\u00eancia silenciosa<\/h2>\n\n\n\n<p>No contexto atual, a sede contemplativa \u00e9 mais necess\u00e1ria do que nunca por tr\u00eas raz\u00f5es fundamentais:<\/p>\n\n\n\n<h3 class=\"wp-block-heading\">1. Contra a superficialidade espiritual<\/h3>\n\n\n\n<p>Muitos crist\u00e3os vivem uma f\u00e9 ativista, moralista ou meramente cultural. A contempla\u00e7\u00e3o devolve \u00e0 f\u00e9 o seu <strong>centro: o pr\u00f3prio Deus<\/strong>.<\/p>\n\n\n\n<h3 class=\"wp-block-heading\">2. Contra o esgotamento interior<\/h3>\n\n\n\n<p>O excesso de est\u00edmulos produz cansa\u00e7o espiritual. A contempla\u00e7\u00e3o n\u00e3o acrescenta mais um peso, mas <strong>reordena a alma<\/strong>.<\/p>\n\n\n\n<h3 class=\"wp-block-heading\">3. Contra a perda de sentido<\/h3>\n\n\n\n<p>Quando se perde o sil\u00eancio interior, perde-se tamb\u00e9m a capacidade de discernir, amar e esperar. A sede contemplativa \u00e9 um <strong>ant\u00eddoto contra o niilismo moderno<\/strong>.<\/p>\n\n\n\n<hr class=\"wp-block-separator has-alpha-channel-opacity\"\/>\n\n\n\n<h2 class=\"wp-block-heading\">5. A sede contemplativa n\u00e3o \u00e9 s\u00f3 para monges<\/h2>\n\n\n\n<p>Este \u00e9 um ponto crucial.<\/p>\n\n\n\n<p>A contempla\u00e7\u00e3o <strong>n\u00e3o exige mudar de estado de vida<\/strong>, mas <strong>mudar o centro do cora\u00e7\u00e3o<\/strong>.<\/p>\n\n\n\n<p>Um pai ou uma m\u00e3e de fam\u00edlia, um trabalhador, um jovem, um idoso \u2014 todos s\u00e3o chamados a <strong>cultivar espa\u00e7os de olhar amoroso para Deus<\/strong>.<\/p>\n\n\n\n<p>O Conc\u00edlio Vaticano II recordou-o com clareza:<br>a voca\u00e7\u00e3o \u00e0 santidade \u2014 e, portanto, \u00e0 uni\u00e3o com Deus \u2014 \u00e9 <strong>universal<\/strong>.<\/p>\n\n\n\n<hr class=\"wp-block-separator has-alpha-channel-opacity\"\/>\n\n\n\n<h2 class=\"wp-block-heading\">6. Guia pr\u00e1tico rigoroso: viver hoje a sede contemplativa<\/h2>\n\n\n\n<p><em>(a partir de um ponto de vista teol\u00f3gico e pastoral)<\/em><\/p>\n\n\n\n<h3 class=\"wp-block-heading\">Passo 1: Reconhecer a sede (humildade)<\/h3>\n\n\n\n<ul class=\"wp-block-list\">\n<li>Aceita a tua dispers\u00e3o, a tua aridez, o teu cansa\u00e7o.<\/li>\n\n\n\n<li>N\u00e3o a escondas com ru\u00eddo espiritual.<\/li>\n\n\n\n<li>Diz com sinceridade: <em>\u00abSenhor, tenho sede de Ti, mas n\u00e3o sei como beber.\u00bb<\/em><\/li>\n<\/ul>\n\n\n\n<p>\ud83d\udc49 Teologicamente: a gra\u00e7a atua onde h\u00e1 verdade.<\/p>\n\n\n\n<hr class=\"wp-block-separator has-alpha-channel-opacity\"\/>\n\n\n\n<h3 class=\"wp-block-heading\">Passo 2: Recuperar o verdadeiro sil\u00eancio<\/h3>\n\n\n\n<ul class=\"wp-block-list\">\n<li>Desliga conscientemente os est\u00edmulos desnecess\u00e1rios.<\/li>\n\n\n\n<li>Dedica <strong>pelo menos 10\u201315 minutos por dia<\/strong> a um sil\u00eancio sem palavras.<\/li>\n\n\n\n<li>N\u00e3o \u201cfa\u00e7as\u201d nada: <strong>permanece<\/strong>.<\/li>\n<\/ul>\n\n\n\n<p>\ud83d\udc49 Pastoralmente: o sil\u00eancio educa o desejo e purifica a inten\u00e7\u00e3o.<\/p>\n\n\n\n<hr class=\"wp-block-separator has-alpha-channel-opacity\"\/>\n\n\n\n<h3 class=\"wp-block-heading\">Passo 3: Contempla\u00e7\u00e3o a partir da Palavra<\/h3>\n\n\n\n<ul class=\"wp-block-list\">\n<li>L\u00ea um breve texto b\u00edblico (especialmente os Evangelhos ou os Salmos).<\/li>\n\n\n\n<li>N\u00e3o procures ideias: <strong>olha para Cristo<\/strong>.<\/li>\n\n\n\n<li>Permanece com uma frase que toque o cora\u00e7\u00e3o.<\/li>\n<\/ul>\n\n\n\n<p>Exemplo:<\/p>\n\n\n\n<blockquote class=\"wp-block-quote is-layout-flow wp-block-quote-is-layout-flow\">\n<p>\u00abMaria guardava todas estas coisas, meditando-as no seu cora\u00e7\u00e3o\u00bb (Lc 2,19).<\/p>\n<\/blockquote>\n\n\n\n<p>\ud83d\udc49 Teologicamente: a Palavra \u00e9 um sacramento da Presen\u00e7a.<\/p>\n\n\n\n<hr class=\"wp-block-separator has-alpha-channel-opacity\"\/>\n\n\n\n<h3 class=\"wp-block-heading\">Passo 4: Adora\u00e7\u00e3o eucar\u00edstica (se poss\u00edvel)<\/h3>\n\n\n\n<ul class=\"wp-block-list\">\n<li>A Eucaristia \u00e9 a <strong>fonte objetiva de toda a contempla\u00e7\u00e3o<\/strong>.<\/li>\n\n\n\n<li>N\u00e3o \u00e9 necess\u00e1rio \u201csentir\u201d: basta <strong>estar<\/strong>.<\/li>\n\n\n\n<li>A sede educa-se permanecendo diante d\u2019Aquele que a pode saciar.<\/li>\n<\/ul>\n\n\n\n<p>\ud83d\udc49 \u00abSe algu\u00e9m tem sede, venha a Mim e beba\u00bb (Jo 7,37).<\/p>\n\n\n\n<hr class=\"wp-block-separator has-alpha-channel-opacity\"\/>\n\n\n\n<h3 class=\"wp-block-heading\">Passo 5: Acolher a aridez sem fugir<\/h3>\n\n\n\n<ul class=\"wp-block-list\">\n<li>A contempla\u00e7\u00e3o aut\u00eantica passa por fases \u00e1ridas.<\/li>\n\n\n\n<li>N\u00e3o recues quando n\u00e3o sentires nada.<\/li>\n\n\n\n<li>A fidelidade vale mais do que a emo\u00e7\u00e3o.<\/li>\n<\/ul>\n\n\n\n<p>\ud83d\udc49 Teologicamente: Deus purifica o amor para o tornar gratuito.<\/p>\n\n\n\n<hr class=\"wp-block-separator has-alpha-channel-opacity\"\/>\n\n\n\n<h3 class=\"wp-block-heading\">Passo 6: Deixar que a contempla\u00e7\u00e3o transforme a vida<\/h3>\n\n\n\n<p>A sede contemplativa aut\u00eantica:<\/p>\n\n\n\n<ul class=\"wp-block-list\">\n<li>torna-nos mais pacientes<\/li>\n\n\n\n<li>mais misericordiosos<\/li>\n\n\n\n<li>mais humildes<\/li>\n\n\n\n<li>mais livres<\/li>\n<\/ul>\n\n\n\n<p>N\u00e3o nos afasta do mundo: <strong>devolve-nos a ele com o Cora\u00e7\u00e3o de Cristo<\/strong>.<\/p>\n\n\n\n<hr class=\"wp-block-separator has-alpha-channel-opacity\"\/>\n\n\n\n<h2 class=\"wp-block-heading\">7. Conclus\u00e3o: uma sede que conduz \u00e0 fonte<\/h2>\n\n\n\n<p>A sede contemplativa n\u00e3o \u00e9 um problema a resolver, mas uma <strong>gra\u00e7a a guardar<\/strong>. \u00c9 o sinal de que a alma est\u00e1 viva, de que Deus continua a chamar, mesmo no meio do ru\u00eddo.<\/p>\n\n\n\n<p>Num mundo que grita, a contempla\u00e7\u00e3o sussurra.<br>Numa cultura que corre, a contempla\u00e7\u00e3o espera.<br>Numa sociedade que consome, a contempla\u00e7\u00e3o adora.<\/p>\n\n\n\n<p>N\u00e3o tenhamos medo dessa sede.<br>Porque, no fim, <strong>s\u00f3 Deus pode saci\u00e1-la<\/strong>.<\/p>\n","protected":false},"excerpt":{"rendered":"<p>Introdu\u00e7\u00e3o: uma sede que o ru\u00eddo n\u00e3o consegue saciar Vivemos rodeados de ecr\u00e3s, notifica\u00e7\u00f5es, opini\u00f5es, urg\u00eancias e est\u00edmulos constantes. Nunca tivemos tanto acesso \u00e0 informa\u00e7\u00e3o\u2026 e, paradoxalmente, nunca estivemos t\u00e3o distra\u00eddos, t\u00e3o cansados interiormente, t\u00e3o vazios. Muitos crist\u00e3os \u2014 e tamb\u00e9m muitos que ainda n\u00e3o o sabem \u2014 vivem com uma sede profunda que n\u00e3o &hellip;<\/p>\n","protected":false},"author":3,"featured_media":4823,"comment_status":"closed","ping_status":"closed","sticky":false,"template":"","format":"standard","meta":{"_seopress_robots_primary_cat":"","_seopress_titles_title":"","_seopress_titles_desc":"","_seopress_robots_index":"","footnotes":""},"categories":[40,58],"tags":[1710],"class_list":["post-4822","post","type-post","status-publish","format-standard","has-post-thumbnail","","category-oracao-e-espiritualidade","category-oracao-e-vida-espiritual","tag-sede-contemplativa"],"_links":{"self":[{"href":"https:\/\/catholicus.eu\/pt\/wp-json\/wp\/v2\/posts\/4822","targetHints":{"allow":["GET"]}}],"collection":[{"href":"https:\/\/catholicus.eu\/pt\/wp-json\/wp\/v2\/posts"}],"about":[{"href":"https:\/\/catholicus.eu\/pt\/wp-json\/wp\/v2\/types\/post"}],"author":[{"embeddable":true,"href":"https:\/\/catholicus.eu\/pt\/wp-json\/wp\/v2\/users\/3"}],"replies":[{"embeddable":true,"href":"https:\/\/catholicus.eu\/pt\/wp-json\/wp\/v2\/comments?post=4822"}],"version-history":[{"count":1,"href":"https:\/\/catholicus.eu\/pt\/wp-json\/wp\/v2\/posts\/4822\/revisions"}],"predecessor-version":[{"id":4824,"href":"https:\/\/catholicus.eu\/pt\/wp-json\/wp\/v2\/posts\/4822\/revisions\/4824"}],"wp:featuredmedia":[{"embeddable":true,"href":"https:\/\/catholicus.eu\/pt\/wp-json\/wp\/v2\/media\/4823"}],"wp:attachment":[{"href":"https:\/\/catholicus.eu\/pt\/wp-json\/wp\/v2\/media?parent=4822"}],"wp:term":[{"taxonomy":"category","embeddable":true,"href":"https:\/\/catholicus.eu\/pt\/wp-json\/wp\/v2\/categories?post=4822"},{"taxonomy":"post_tag","embeddable":true,"href":"https:\/\/catholicus.eu\/pt\/wp-json\/wp\/v2\/tags?post=4822"}],"curies":[{"name":"wp","href":"https:\/\/api.w.org\/{rel}","templated":true}]}}