{"id":4786,"date":"2026-01-23T10:26:28","date_gmt":"2026-01-23T09:26:28","guid":{"rendered":"https:\/\/catholicus.eu\/pt\/?p=4786"},"modified":"2026-01-23T10:26:28","modified_gmt":"2026-01-23T09:26:28","slug":"quando-a-fe-se-ve-transmitir-o-evangelho-com-a-vida-e-nao-com-palavras-vazias","status":"publish","type":"post","link":"https:\/\/catholicus.eu\/pt\/quando-a-fe-se-ve-transmitir-o-evangelho-com-a-vida-e-nao-com-palavras-vazias\/","title":{"rendered":"Quando a f\u00e9 se v\u00ea: transmitir o Evangelho com a vida e n\u00e3o com palavras vazias"},"content":{"rendered":"\n<p>Vivemos numa \u00e9poca saturada de discursos. Opini\u00f5es, slogans, frases feitas, mensagens religiosas bem-intencionadas, mas, demasiadas vezes, vazias. Nunca se falou tanto\u2026 e nunca foi t\u00e3o dif\u00edcil ser verdadeiramente ouvido. Neste contexto, a f\u00e9 crist\u00e3 enfrenta um desafio decisivo: <strong>como anunciar Cristo sem cair em palavras gastas, num moralismo est\u00e9ril ou em discursos que n\u00e3o transformam ningu\u00e9m?<\/strong><\/p>\n\n\n\n<p>A resposta, t\u00e3o antiga quanto o pr\u00f3prio Evangelho, \u00e9 surpreendentemente simples e exigente ao mesmo tempo: <strong>a f\u00e9 transmite-se \u043f\u0440\u0435\u0436\u0434\u0435 de tudo pelo exemplo<\/strong>. N\u00e3o porque as palavras n\u00e3o tenham import\u00e2ncia, mas porque <strong>quando as palavras n\u00e3o s\u00e3o sustentadas por uma vida coerente, tornam-se puro ru\u00eddo<\/strong>. O cristianismo n\u00e3o \u00e9 uma ideologia a defender com argumentos, mas uma Vida que se contagia.<\/p>\n\n\n\n<p>Este artigo quer ser um guia claro, profundo e pr\u00e1tico para redescobrir uma verdade esquecida: <strong>o testemunho \u00e9 a forma mais cred\u00edvel de evangeliza\u00e7\u00e3o<\/strong>, ontem, hoje e sempre.<\/p>\n\n\n\n<hr class=\"wp-block-separator has-alpha-channel-opacity\"\/>\n\n\n\n<h2 class=\"wp-block-heading\">1. Uma verdade evang\u00e9lica: antes de falar, viver<\/h2>\n\n\n\n<p>Jesus Cristo n\u00e3o come\u00e7ou a sua miss\u00e3o escrevendo tratados nem organizando confer\u00eancias. <strong>Come\u00e7ou vivendo<\/strong>. Caminhou, comeu, chorou, cansou-se, serviu, perdoou, curou. As suas palavras tinham autoridade porque <strong>a sua vida era verdade<\/strong>.<\/p>\n\n\n\n<p>N\u00e3o \u00e9 por acaso que o Evangelho nos diz:<\/p>\n\n\n\n<blockquote class=\"wp-block-quote is-layout-flow wp-block-quote-is-layout-flow\">\n<p><em>\u00abPelos seus frutos os conhecereis\u00bb<\/em> (Mt 7,16).<\/p>\n<\/blockquote>\n\n\n\n<p>Jesus n\u00e3o diz: \u201cpelos seus discursos\u201d, nem \u201cpela sua eloqu\u00eancia\u201d, nem \u201cpela sua ortodoxia bem formulada\u201d. Diz <strong>pelos seus frutos<\/strong>, isto \u00e9, por aquilo que a sua vida produz nos outros.<\/p>\n\n\n\n<p>Ainda mais claro \u00e9 o Senhor quando denuncia a incoer\u00eancia religiosa:<\/p>\n\n\n\n<blockquote class=\"wp-block-quote is-layout-flow wp-block-quote-is-layout-flow\">\n<p><em>\u00abEste povo honra-me com os l\u00e1bios, mas o seu cora\u00e7\u00e3o est\u00e1 longe de mim\u00bb<\/em> (Mt 15,8).<\/p>\n<\/blockquote>\n\n\n\n<p>Aqui encontra-se um aviso muito atual: <strong>uma f\u00e9 feita de palavras, sem vida interior e sem obras, n\u00e3o s\u00f3 n\u00e3o evangeliza, como escandaliza<\/strong>.<\/p>\n\n\n\n<hr class=\"wp-block-separator has-alpha-channel-opacity\"\/>\n\n\n\n<h2 class=\"wp-block-heading\">2. A hist\u00f3ria da Igreja: uma f\u00e9 que se difundiu pelo testemunho<\/h2>\n\n\n\n<p>Se olharmos para a hist\u00f3ria da Igreja primitiva, encontramos um dado fascinante: <strong>os crist\u00e3os n\u00e3o conquistaram o Imp\u00e9rio Romano com discursos brilhantes<\/strong>, mas com um modo de viver que desconcertava o mundo.<\/p>\n\n\n\n<p>Os pag\u00e3os diziam deles: <em>\u00abVede como se amam\u00bb<\/em>.<br>N\u00e3o diziam: \u201cVede como falam bem\u201d.<\/p>\n\n\n\n<ul class=\"wp-block-list\">\n<li>Cuidavam uns dos outros.<\/li>\n\n\n\n<li>Acolhiam os pobres.<\/li>\n\n\n\n<li>Salvavam crian\u00e7as abandonadas.<\/li>\n\n\n\n<li>Permaneciam fi\u00e9is na persegui\u00e7\u00e3o.<\/li>\n\n\n\n<li>Morriam perdoando.<\/li>\n<\/ul>\n\n\n\n<p>Os m\u00e1rtires n\u00e3o fizeram grandes discursos no pat\u00edbulo; <strong>deram a sua vida<\/strong>. E esse testemunho silencioso foi mais convincente do que mil serm\u00f5es.<\/p>\n\n\n\n<p>S\u00e3o Paulo compreendeu isso perfeitamente quando escreveu:<\/p>\n\n\n\n<blockquote class=\"wp-block-quote is-layout-flow wp-block-quote-is-layout-flow\">\n<p><em>\u00abCristo n\u00e3o me enviou a batizar, mas a anunciar o Evangelho, e n\u00e3o com sabedoria de palavras, para que n\u00e3o fique vazia a cruz de Cristo\u00bb<\/em> (1 Cor 1,17).<\/p>\n<\/blockquote>\n\n\n\n<p>A f\u00e9 perde a sua for\u00e7a quando se transforma em mera ret\u00f3rica.<\/p>\n\n\n\n<hr class=\"wp-block-separator has-alpha-channel-opacity\"\/>\n\n\n\n<h2 class=\"wp-block-heading\">3. Relev\u00e2ncia teol\u00f3gica: uma f\u00e9 que atua pela caridade<\/h2>\n\n\n\n<p>Do ponto de vista teol\u00f3gico, isto n\u00e3o \u00e9 um simples conselho pr\u00e1tico: <strong>\u00e9 uma verdade central da f\u00e9 cat\u00f3lica<\/strong>.<\/p>\n\n\n\n<p>A Sagrada Escritura \u00e9 clara:<\/p>\n\n\n\n<blockquote class=\"wp-block-quote is-layout-flow wp-block-quote-is-layout-flow\">\n<p><em>\u00abAssim tamb\u00e9m a f\u00e9, se n\u00e3o tiver obras, est\u00e1 morta em si mesma\u00bb<\/em> (Tg 2,17).<\/p>\n<\/blockquote>\n\n\n\n<p>N\u00e3o diz que \u00e9 imperfeita. Diz que est\u00e1 morta.<\/p>\n\n\n\n<p>A Tradi\u00e7\u00e3o da Igreja sempre ensinou que:<\/p>\n\n\n\n<ul class=\"wp-block-list\">\n<li>A f\u00e9 \u00e9 recebida pela gra\u00e7a.<\/li>\n\n\n\n<li>\u00c9 alimentada pelos sacramentos.<\/li>\n\n\n\n<li><strong>Manifesta-se nas obras<\/strong>.<\/li>\n<\/ul>\n\n\n\n<p>O Catecismo exprime isso com precis\u00e3o: a f\u00e9 aut\u00eantica transforma a vida. Se n\u00e3o h\u00e1 convers\u00e3o concreta, se n\u00e3o h\u00e1 caridade, se n\u00e3o h\u00e1 luta contra o pecado, <strong>n\u00e3o estamos diante de uma f\u00e9 viva, mas de uma ideia religiosa<\/strong>.<\/p>\n\n\n\n<p>Aqui surge uma chave pastoral fundamental: <strong>n\u00e3o se trata de \u201cfazer coisas boas\u201d para parecer justo, mas de deixar que Cristo viva em n\u00f3s<\/strong>. Como diz S\u00e3o Paulo:<\/p>\n\n\n\n<blockquote class=\"wp-block-quote is-layout-flow wp-block-quote-is-layout-flow\">\n<p><em>\u00abJ\u00e1 n\u00e3o sou eu que vivo, mas \u00e9 Cristo que vive em mim\u00bb<\/em> (Gl 2,20).<\/p>\n<\/blockquote>\n\n\n\n<p>Quando Cristo vive no crist\u00e3o, o testemunho nasce naturalmente.<\/p>\n\n\n\n<hr class=\"wp-block-separator has-alpha-channel-opacity\"\/>\n\n\n\n<h2 class=\"wp-block-heading\">4. O problema atual: crist\u00e3os que falam muito e vivem pouco<\/h2>\n\n\n\n<p>Sejamos honestos. Um dos maiores obst\u00e1culos \u00e0 f\u00e9 hoje n\u00e3o \u00e9 o ate\u00edsmo militante, mas <strong>a incoer\u00eancia dos crentes<\/strong>.<\/p>\n\n\n\n<ul class=\"wp-block-list\">\n<li>Pais que falam de Deus, mas n\u00e3o rezam.<\/li>\n\n\n\n<li>Crist\u00e3os que defendem valores, mas vivem como se n\u00e3o existissem.<\/li>\n\n\n\n<li>Cat\u00f3licos que exigem moralidade aos outros e justificam os pr\u00f3prios pecados.<\/li>\n\n\n\n<li>Comunidades cheias de palavras piedosas e vazias de caridade.<\/li>\n<\/ul>\n\n\n\n<p>Isto produz um efeito devastador: <strong>a f\u00e9 perde credibilidade<\/strong>.<\/p>\n\n\n\n<p>O mundo n\u00e3o precisa de mais frases religiosas. Precisa de ver:<\/p>\n\n\n\n<ul class=\"wp-block-list\">\n<li>Casamentos fi\u00e9is.<\/li>\n\n\n\n<li>Jovens castos e alegres.<\/li>\n\n\n\n<li>Pessoas que perdoam de verdade.<\/li>\n\n\n\n<li>Crist\u00e3os que vivem com esperan\u00e7a no meio do sofrimento.<\/li>\n<\/ul>\n\n\n\n<p>\u00c9 a\u00ed que o Evangelho se torna cred\u00edvel.<\/p>\n\n\n\n<hr class=\"wp-block-separator has-alpha-channel-opacity\"\/>\n\n\n\n<h2 class=\"wp-block-heading\">5. Guia pr\u00e1tica rigorosa: como transmitir a f\u00e9 pelo exemplo<\/h2>\n\n\n\n<p><em>(do ponto de vista teol\u00f3gico e pastoral)<\/em><\/p>\n\n\n\n<h3 class=\"wp-block-heading\">1. Vida interior antes do ativismo<\/h3>\n\n\n\n<p>N\u00e3o h\u00e1 testemunho sem ora\u00e7\u00e3o. <strong>Ningu\u00e9m pode transmitir aquilo que n\u00e3o vive<\/strong>.<br>A ora\u00e7\u00e3o di\u00e1ria, a rece\u00e7\u00e3o frequente dos sacramentos e o exame de consci\u00eancia s\u00e3o o fundamento.<\/p>\n\n\n\n<p>\ud83d\udc49 <em>Aplica\u00e7\u00e3o pastoral:<\/em><br>Antes de \u201cfalar de Deus\u201d, pergunta-te: <em>eu falo com Deus?<\/em><\/p>\n\n\n\n<hr class=\"wp-block-separator has-alpha-channel-opacity\"\/>\n\n\n\n<h3 class=\"wp-block-heading\">2. Coer\u00eancia nas pequenas coisas<\/h3>\n\n\n\n<p>O testemunho n\u00e3o come\u00e7a com grandes gestos, mas com:<\/p>\n\n\n\n<ul class=\"wp-block-list\">\n<li>A forma de trabalhar.<\/li>\n\n\n\n<li>O trato com a fam\u00edlia.<\/li>\n\n\n\n<li>A honestidade quotidiana.<\/li>\n\n\n\n<li>A paci\u00eancia nas dificuldades.<\/li>\n<\/ul>\n\n\n\n<p>\ud83d\udc49 <em>Aplica\u00e7\u00e3o pastoral:<\/em><br>A f\u00e9 transmite-se mais na cozinha e no trabalho do que nas redes sociais.<\/p>\n\n\n\n<hr class=\"wp-block-separator has-alpha-channel-opacity\"\/>\n\n\n\n<h3 class=\"wp-block-heading\">3. Caridade concreta, n\u00e3o abstrata<\/h3>\n\n\n\n<p>Falar de amor \u00e9 f\u00e1cil. <strong>Amar custa<\/strong>.<br>A caridade vivida \u00e9 a linguagem mais universal do crist\u00e3o.<\/p>\n\n\n\n<p>\ud83d\udc49 <em>Aplica\u00e7\u00e3o pastoral:<\/em><br>Ajuda sem esperar reconhecimento. Serve sem o anunciar. Perdoa sem o publicar.<\/p>\n\n\n\n<hr class=\"wp-block-separator has-alpha-channel-opacity\"\/>\n\n\n\n<h3 class=\"wp-block-heading\">4. Humildade e convers\u00e3o permanente<\/h3>\n\n\n\n<p>O testemunho n\u00e3o exige perfei\u00e7\u00e3o, mas <strong>humildade<\/strong>.<br>Reconhecer os erros, pedir perd\u00e3o, mudar: isso evangeliza mais do que aparentar santidade.<\/p>\n\n\n\n<p>\ud83d\udc49 <em>Aplica\u00e7\u00e3o pastoral:<\/em><br>Um crist\u00e3o que se converte todos os dias \u00e9 mais cred\u00edvel do que aquele que se julga impec\u00e1vel.<\/p>\n\n\n\n<hr class=\"wp-block-separator has-alpha-channel-opacity\"\/>\n\n\n\n<h3 class=\"wp-block-heading\">5. Palavras s\u00f3brias, quando necess\u00e1rias<\/h3>\n\n\n\n<p>As palavras n\u00e3o s\u00e3o excessivas quando <strong>nascem da vida<\/strong>.<br>O problema n\u00e3o \u00e9 falar da f\u00e9, mas falar sem a viver.<\/p>\n\n\n\n<p>\ud83d\udc49 <em>Aplica\u00e7\u00e3o pastoral:<\/em><br>Fala de Deus quando te perguntarem\u2026 e vive de tal modo que te perguntem.<\/p>\n\n\n\n<hr class=\"wp-block-separator has-alpha-channel-opacity\"\/>\n\n\n\n<h2 class=\"wp-block-heading\">6. Um cristianismo que se v\u00ea, n\u00e3o que se imp\u00f5e<\/h2>\n\n\n\n<p>Transmitir a f\u00e9 pelo exemplo n\u00e3o \u00e9 calar por medo, nem diluir a verdade. \u00c9 <strong>permitir que a verdade se torne vis\u00edvel na vida<\/strong>.<\/p>\n\n\n\n<p>Como se costuma dizer de S\u00e3o Francisco de Assis (frase atribu\u00edda, mas profundamente verdadeira):<br><em>\u00abPregai o Evangelho em todo o tempo; se for necess\u00e1rio, usai palavras.\u00bb<\/em><\/p>\n\n\n\n<p>Num mundo cansado de discursos, <strong>o testemunho silencioso, fiel e coerente \u00e9 revolucion\u00e1rio<\/strong>. \u00c9 a\u00ed que a f\u00e9 deixa de ser uma ideia e se torna um encontro.<\/p>\n\n\n\n<hr class=\"wp-block-separator has-alpha-channel-opacity\"\/>\n\n\n\n<h3 class=\"wp-block-heading\"><strong>Conclus\u00e3o<\/strong><\/h3>\n\n\n\n<p>A f\u00e9 n\u00e3o se herda por osmose nem se imp\u00f5e por argumentos. <strong>Transmite-se por cont\u00e1gio<\/strong>. E s\u00f3 aquilo que est\u00e1 vivo pode contagiar. Hoje, mais do que nunca, a Igreja precisa de menos palavras vazias e de mais crist\u00e3os aut\u00eanticos: pessoas que, sem dizer muito, tornam Cristo vis\u00edvel com a sua vida.<\/p>\n\n\n\n<p>Porque quando a f\u00e9 se v\u00ea, j\u00e1 n\u00e3o precisa de se defender: <strong>torna-se irresist\u00edvel<\/strong>.<\/p>\n","protected":false},"excerpt":{"rendered":"<p>Vivemos numa \u00e9poca saturada de discursos. Opini\u00f5es, slogans, frases feitas, mensagens religiosas bem-intencionadas, mas, demasiadas vezes, vazias. Nunca se falou tanto\u2026 e nunca foi t\u00e3o dif\u00edcil ser verdadeiramente ouvido. Neste contexto, a f\u00e9 crist\u00e3 enfrenta um desafio decisivo: como anunciar Cristo sem cair em palavras gastas, num moralismo est\u00e9ril ou em discursos que n\u00e3o transformam &hellip;<\/p>\n","protected":false},"author":3,"featured_media":4787,"comment_status":"closed","ping_status":"closed","sticky":false,"template":"","format":"standard","meta":{"_seopress_robots_primary_cat":"","_seopress_titles_title":"","_seopress_titles_desc":"","_seopress_robots_index":"","footnotes":""},"categories":[65,41],"tags":[1699],"class_list":["post-4786","post","type-post","status-publish","format-standard","has-post-thumbnail","","category-evangelizacao-e-novas-tecnologias","category-fe-e-cultura","tag-transmitir-o-evangelho"],"_links":{"self":[{"href":"https:\/\/catholicus.eu\/pt\/wp-json\/wp\/v2\/posts\/4786","targetHints":{"allow":["GET"]}}],"collection":[{"href":"https:\/\/catholicus.eu\/pt\/wp-json\/wp\/v2\/posts"}],"about":[{"href":"https:\/\/catholicus.eu\/pt\/wp-json\/wp\/v2\/types\/post"}],"author":[{"embeddable":true,"href":"https:\/\/catholicus.eu\/pt\/wp-json\/wp\/v2\/users\/3"}],"replies":[{"embeddable":true,"href":"https:\/\/catholicus.eu\/pt\/wp-json\/wp\/v2\/comments?post=4786"}],"version-history":[{"count":1,"href":"https:\/\/catholicus.eu\/pt\/wp-json\/wp\/v2\/posts\/4786\/revisions"}],"predecessor-version":[{"id":4788,"href":"https:\/\/catholicus.eu\/pt\/wp-json\/wp\/v2\/posts\/4786\/revisions\/4788"}],"wp:featuredmedia":[{"embeddable":true,"href":"https:\/\/catholicus.eu\/pt\/wp-json\/wp\/v2\/media\/4787"}],"wp:attachment":[{"href":"https:\/\/catholicus.eu\/pt\/wp-json\/wp\/v2\/media?parent=4786"}],"wp:term":[{"taxonomy":"category","embeddable":true,"href":"https:\/\/catholicus.eu\/pt\/wp-json\/wp\/v2\/categories?post=4786"},{"taxonomy":"post_tag","embeddable":true,"href":"https:\/\/catholicus.eu\/pt\/wp-json\/wp\/v2\/tags?post=4786"}],"curies":[{"name":"wp","href":"https:\/\/api.w.org\/{rel}","templated":true}]}}