{"id":4783,"date":"2026-01-22T20:54:05","date_gmt":"2026-01-22T19:54:05","guid":{"rendered":"https:\/\/catholicus.eu\/pt\/?p=4783"},"modified":"2026-01-22T20:54:06","modified_gmt":"2026-01-22T19:54:06","slug":"homens-firmes-de-pe-a-espiritualidade-do-homem-cristao-lutar-rezar-e-perseverar","status":"publish","type":"post","link":"https:\/\/catholicus.eu\/pt\/homens-firmes-de-pe-a-espiritualidade-do-homem-cristao-lutar-rezar-e-perseverar\/","title":{"rendered":"Homens firmes de p\u00e9: a espiritualidade do homem crist\u00e3o \u2014 lutar, rezar e perseverar"},"content":{"rendered":"\n<p><strong>Porque o mundo n\u00e3o precisa de homens confort\u00e1veis, mas de homens fi\u00e9is. N\u00e3o de homens perfeitos, mas de homens em combate.<\/strong><\/p>\n\n\n\n<hr class=\"wp-block-separator has-alpha-channel-opacity\"\/>\n\n\n\n<h2 class=\"wp-block-heading\">1. Uma crise silenciosa\u2026 e profundamente espiritual<\/h2>\n\n\n\n<p>Vivemos uma \u00e9poca paradoxal. Nunca o homem teve tantos confortos, e nunca esteve t\u00e3o desorientado. Exige-se dele que seja sens\u00edvel, mas n\u00e3o forte; presente, mas n\u00e3o firme; provedor, mas sem autoridade; crente, mas sem convic\u00e7\u00f5es. O resultado \u00e9 uma <strong>crise da identidade masculina<\/strong> que n\u00e3o \u00e9 apenas sociol\u00f3gica ou psicol\u00f3gica, mas <strong>radicalmente espiritual<\/strong>.<\/p>\n\n\n\n<p>A f\u00e9 crist\u00e3 nunca entendeu o homem como um simples espectador da vida espiritual. Pelo contr\u00e1rio: <strong>o homem crist\u00e3o \u00e9 chamado a lutar, a rezar e a perseverar<\/strong>. Tr\u00eas verbos que resumem uma espiritualidade exigente, viril, profundamente evang\u00e9lica, hoje mais necess\u00e1ria do que nunca.<\/p>\n\n\n\n<blockquote class=\"wp-block-quote is-layout-flow wp-block-quote-is-layout-flow\">\n<p><em>\u00abVigiai, permanecei firmes na f\u00e9, portai-vos como homens, sede fortes.\u00bb<\/em> (1 Cor 16,13)<\/p>\n<\/blockquote>\n\n\n\n<p>S\u00e3o Paulo n\u00e3o fala aqui de machismo nem de dureza emocional, mas de <strong>firmeza interior<\/strong>, de estabilidade da alma, de um cora\u00e7\u00e3o ancorado em Deus.<\/p>\n\n\n\n<hr class=\"wp-block-separator has-alpha-channel-opacity\"\/>\n\n\n\n<h2 class=\"wp-block-heading\">2. Hist\u00f3ria: o homem crist\u00e3o como homem de combate espiritual<\/h2>\n\n\n\n<p>Desde as primeiras p\u00e1ginas da Escritura, o homem aparece ligado a uma <strong>responsabilidade espiritual<\/strong>. A Ad\u00e3o n\u00e3o \u00e9 confiado apenas o trabalho do jardim, mas tamb\u00e9m a sua cust\u00f3dia espiritual. A sua queda n\u00e3o foi apenas moral, mas <strong>uma ren\u00fancia ao combate<\/strong>.<\/p>\n\n\n\n<p>Ao longo da hist\u00f3ria da salva\u00e7\u00e3o, Deus chama homens concretos para sustentar o seu povo:<\/p>\n\n\n\n<ul class=\"wp-block-list\">\n<li><strong>Abra\u00e3o<\/strong>, que obedece mesmo sem compreender.<\/li>\n\n\n\n<li><strong>Mois\u00e9s<\/strong>, que intercede com os bra\u00e7os levantados enquanto outros combatem (cf. Ex 17).<\/li>\n\n\n\n<li><strong>Davi<\/strong>, guerreiro e salmista, espada e ora\u00e7\u00e3o.<\/li>\n\n\n\n<li><strong>S\u00e3o Jos\u00e9<\/strong>, silencioso, firme, obediente at\u00e9 ao extremo.<\/li>\n<\/ul>\n\n\n\n<p>Na Tradi\u00e7\u00e3o crist\u00e3, o ideal do homem nunca foi o do dominador, mas o do <strong>guardi\u00e3o<\/strong>: guardi\u00e3o da f\u00e9, da fam\u00edlia, da verdade, da vida interior.<\/p>\n\n\n\n<p>Monges, m\u00e1rtires, santos pais de fam\u00edlia, mission\u00e1rios\u2026 todos partilham um tra\u00e7o comum: <strong>n\u00e3o fugiram do combate<\/strong>.<\/p>\n\n\n\n<hr class=\"wp-block-separator has-alpha-channel-opacity\"\/>\n\n\n\n<h2 class=\"wp-block-heading\">3. Lutar: o combate espiritual do homem crist\u00e3o<\/h2>\n\n\n\n<p>A primeira palavra \u00e9 clara: <strong>lutar<\/strong>. N\u00e3o contra pessoas, mas contra o pecado, a tibieza, a mentira e o desespero.<\/p>\n\n\n\n<blockquote class=\"wp-block-quote is-layout-flow wp-block-quote-is-layout-flow\">\n<p><em>\u00abA nossa luta, de facto, n\u00e3o \u00e9 contra a carne e o sangue, mas contra os Principados e as Potestades.\u00bb<\/em> (Ef 6,12)<\/p>\n<\/blockquote>\n\n\n\n<h3 class=\"wp-block-heading\">O que significa lutar hoje?<\/h3>\n\n\n\n<ul class=\"wp-block-list\">\n<li>Lutar contra a <strong>passividade espiritual<\/strong><\/li>\n\n\n\n<li>Lutar contra a <strong>pornografia e a impureza<\/strong><\/li>\n\n\n\n<li>Lutar contra a <strong>mediocridade moral<\/strong><\/li>\n\n\n\n<li>Lutar contra o <strong>medo de testemunhar<\/strong><\/li>\n\n\n\n<li>Lutar contra a <strong>fuga das responsabilidades<\/strong><\/li>\n<\/ul>\n\n\n\n<p>A espiritualidade do homem crist\u00e3o n\u00e3o \u00e9 sentimental. \u00c9 <strong>asc\u00e9tica<\/strong>, realista, concreta. Implica disciplina, ren\u00fancia, treino interior. Ningu\u00e9m vence sem combate.<\/p>\n\n\n\n<p>\ud83d\udc49 <strong>Um homem que n\u00e3o luta interiormente acaba por ser dominado exteriormente.<\/strong><\/p>\n\n\n\n<hr class=\"wp-block-separator has-alpha-channel-opacity\"\/>\n\n\n\n<h2 class=\"wp-block-heading\">4. Rezar: o homem de joelhos \u00e9 o mais tem\u00edvel<\/h2>\n\n\n\n<p>O mundo teme o homem violento. O inferno teme <strong>o homem que reza<\/strong>.<\/p>\n\n\n\n<p>A ora\u00e7\u00e3o n\u00e3o enfraquece o homem: centra-o, ordena-o, torna-o livre. O pr\u00f3prio Jesus, modelo perfeito do homem, passa noites inteiras em ora\u00e7\u00e3o. Antes de cada decis\u00e3o importante, reza. No Gets\u00e9mani, sua sangue\u2026 <strong>mas n\u00e3o foge<\/strong>.<\/p>\n\n\n\n<blockquote class=\"wp-block-quote is-layout-flow wp-block-quote-is-layout-flow\">\n<p><em>\u00abVigiai e rezai, para n\u00e3o cairdes em tenta\u00e7\u00e3o.\u00bb<\/em> (Mt 26,41)<\/p>\n<\/blockquote>\n\n\n\n<h3 class=\"wp-block-heading\">Uma ora\u00e7\u00e3o viril e crist\u00e3<\/h3>\n\n\n\n<ul class=\"wp-block-list\">\n<li><strong>Constante<\/strong>, n\u00e3o apenas emocional<\/li>\n\n\n\n<li><strong>Silenciosa<\/strong>, n\u00e3o exibicionista<\/li>\n\n\n\n<li><strong>Encarnada<\/strong>, unida \u00e0 vida quotidiana<\/li>\n\n\n\n<li><strong>Sacramental<\/strong>, sobretudo na Eucaristia e na Confiss\u00e3o<\/li>\n<\/ul>\n\n\n\n<p>Um homem que n\u00e3o reza acaba por reagir a partir do ego, do cansa\u00e7o ou da ira. Um homem que reza aprende a <strong>responder a partir de Deus<\/strong>.<\/p>\n\n\n\n<hr class=\"wp-block-separator has-alpha-channel-opacity\"\/>\n\n\n\n<h2 class=\"wp-block-heading\">5. Perseverar: a virtude esquecida do nosso tempo<\/h2>\n\n\n\n<p>Lutar e rezar n\u00e3o bastam se n\u00e3o se souber <strong>perseverar<\/strong>. Perseverar quando o entusiasmo desaparece. Perseverar quando a f\u00e9 se obscurece. Perseverar quando ningu\u00e9m aplaude.<\/p>\n\n\n\n<blockquote class=\"wp-block-quote is-layout-flow wp-block-quote-is-layout-flow\">\n<p><em>\u00abAquele que perseverar at\u00e9 ao fim ser\u00e1 salvo.\u00bb<\/em> (Mt 24,13)<\/p>\n<\/blockquote>\n\n\n\n<p>Perseverar \u00e9 a grande virtude contracultural. Vivemos numa cultura do abandono: rela\u00e7\u00f5es descart\u00e1veis, compromissos l\u00edquidos, f\u00e9 \u00e0 la carte.<\/p>\n\n\n\n<p>O homem crist\u00e3o \u00e9 chamado a ser uma <strong>coluna<\/strong>, n\u00e3o um cata-vento. A sustentar mesmo quando treme por dentro.<\/p>\n\n\n\n<hr class=\"wp-block-separator has-alpha-channel-opacity\"\/>\n\n\n\n<h2 class=\"wp-block-heading\">6. A Terceira Pessoa: o Esp\u00edrito Santo e a espiritualidade do homem<\/h2>\n\n\n\n<p>Chegamos aqui a um ponto decisivo e frequentemente mal compreendido: <strong>a a\u00e7\u00e3o do Esp\u00edrito Santo<\/strong>, a Terceira Pessoa da Sant\u00edssima Trindade.<\/p>\n\n\n\n<p>O Esp\u00edrito Santo <strong>n\u00e3o \u00e9 uma for\u00e7a difusa<\/strong>, nem uma emo\u00e7\u00e3o intensa, nem um simples \u201csentir-se bem\u201d. \u00c9 <strong>o pr\u00f3prio Deus a agir na alma<\/strong>, configurando o homem a Cristo.<\/p>\n\n\n\n<h3 class=\"wp-block-heading\">Como \u00e9 o Esp\u00edrito Santo?<\/h3>\n\n\n\n<ul class=\"wp-block-list\">\n<li>\u00c9 <strong>Consolador<\/strong>, mas n\u00e3o anestesia<\/li>\n\n\n\n<li>\u00c9 <strong>Fogo<\/strong>, mas n\u00e3o destr\u00f3i<\/li>\n\n\n\n<li>\u00c9 <strong>Guia<\/strong>, mas n\u00e3o anula a liberdade<\/li>\n\n\n\n<li>\u00c9 <strong>For\u00e7a interior<\/strong>, n\u00e3o euforia passageira<\/li>\n<\/ul>\n\n\n\n<p>Jesus promete o Esp\u00edrito a homens que ter\u00e3o de sofrer, testemunhar e perseverar, n\u00e3o \u00e0queles que procuram uma f\u00e9 confort\u00e1vel.<\/p>\n\n\n\n<hr class=\"wp-block-separator has-alpha-channel-opacity\"\/>\n\n\n\n<h2 class=\"wp-block-heading\">7. Sinais de que o Esp\u00edrito Santo est\u00e1 a agir em ti<\/h2>\n\n\n\n<p>Do ponto de vista teol\u00f3gico e pastoral, estes s\u00e3o <strong>sinais reais e profundos<\/strong>, nem sempre espetaculares:<\/p>\n\n\n\n<ol class=\"wp-block-list\">\n<li><strong>Maior horror ao pecado<\/strong>, mesmo venial<\/li>\n\n\n\n<li><strong>Desejo sincero de ora\u00e7\u00e3o<\/strong>, mesmo quando custa<\/li>\n\n\n\n<li><strong>Amor pela verdade<\/strong>, mesmo quando incomoda<\/li>\n\n\n\n<li><strong>Capacidade de perdoar<\/strong>, mesmo sem vontade<\/li>\n\n\n\n<li><strong>Fidelidade nas pequenas coisas<\/strong><\/li>\n\n\n\n<li><strong>Paz interior no meio da luta<\/strong>, n\u00e3o aus\u00eancia de luta<\/li>\n\n\n\n<li><strong>Atra\u00e7\u00e3o pelos sacramentos<\/strong><\/li>\n\n\n\n<li><strong>Firmeza moral sem dureza de cora\u00e7\u00e3o<\/strong><\/li>\n<\/ol>\n\n\n\n<p>\ud83d\udc49 O Esp\u00edrito n\u00e3o tira a cruz, mas d\u00e1 ombros mais fortes.<\/p>\n\n\n\n<hr class=\"wp-block-separator has-alpha-channel-opacity\"\/>\n\n\n\n<h2 class=\"wp-block-heading\">8. Guia pr\u00e1tica rigorosa: viver hoje como homem crist\u00e3o<\/h2>\n\n\n\n<h3 class=\"wp-block-heading\">A. Na vida espiritual<\/h3>\n\n\n\n<ul class=\"wp-block-list\">\n<li>Confiss\u00e3o frequente (pelo menos mensal)<\/li>\n\n\n\n<li>Missa dominical inegoci\u00e1vel<\/li>\n\n\n\n<li>10\u201315 minutos di\u00e1rios de ora\u00e7\u00e3o silenciosa<\/li>\n\n\n\n<li>Leitura espiritual s\u00e9ria (Evangelho, Catecismo, Padres da Igreja)<\/li>\n<\/ul>\n\n\n\n<h3 class=\"wp-block-heading\">B. Na vida moral<\/h3>\n\n\n\n<ul class=\"wp-block-list\">\n<li>Cust\u00f3dia dos sentidos<\/li>\n\n\n\n<li>Jejum peri\u00f3dico<\/li>\n\n\n\n<li>Ordem no uso do tempo e da tecnologia<\/li>\n\n\n\n<li>Coer\u00eancia entre f\u00e9 e vida p\u00fablica<\/li>\n<\/ul>\n\n\n\n<h3 class=\"wp-block-heading\">C. Na vida relacional<\/h3>\n\n\n\n<ul class=\"wp-block-list\">\n<li>Responsabilidade afetiva<\/li>\n\n\n\n<li>Lideran\u00e7a servidora na fam\u00edlia<\/li>\n\n\n\n<li>Testemunho sem agressividade<\/li>\n\n\n\n<li>Capacidade de dizer \u201cn\u00e3o\u201d quando necess\u00e1rio<\/li>\n<\/ul>\n\n\n\n<h3 class=\"wp-block-heading\">D. Na luta interior<\/h3>\n\n\n\n<ul class=\"wp-block-list\">\n<li>Exame de consci\u00eancia di\u00e1rio<\/li>\n\n\n\n<li>Identifica\u00e7\u00e3o clara das tenta\u00e7\u00f5es recorrentes<\/li>\n\n\n\n<li>Acompanhamento espiritual, se poss\u00edvel<\/li>\n\n\n\n<li>Perseveran\u00e7a sem dramatismos<\/li>\n<\/ul>\n\n\n\n<hr class=\"wp-block-separator has-alpha-channel-opacity\"\/>\n\n\n\n<h2 class=\"wp-block-heading\">9. Conclus\u00e3o: homens que n\u00e3o recuam<\/h2>\n\n\n\n<p>A Igreja e o mundo n\u00e3o precisam de homens duros, mas de <strong>homens santos<\/strong>. N\u00e3o de homens dominadores, mas de <strong>homens fi\u00e9is<\/strong>. N\u00e3o de homens sem medo, mas de <strong>homens que n\u00e3o se deixam governar por ele<\/strong>.<\/p>\n\n\n\n<p>Lutar. Rezar. Perseverar.<br>Tr\u00eas verbos simples. Uma espiritualidade exigente. Um caminho poss\u00edvel.<\/p>\n\n\n\n<blockquote class=\"wp-block-quote is-layout-flow wp-block-quote-is-layout-flow\">\n<p><em>\u00abS\u00ea fiel at\u00e9 \u00e0 morte, e eu te darei a coroa da vida.\u00bb<\/em> (Ap 2,10)<\/p>\n<\/blockquote>\n\n\n\n<p>Hoje mais do que nunca, <strong>\u00e9 tempo de os homens permanecerem firmes de p\u00e9<\/strong>.<\/p>\n","protected":false},"excerpt":{"rendered":"<p>Porque o mundo n\u00e3o precisa de homens confort\u00e1veis, mas de homens fi\u00e9is. N\u00e3o de homens perfeitos, mas de homens em combate. 1. Uma crise silenciosa\u2026 e profundamente espiritual Vivemos uma \u00e9poca paradoxal. Nunca o homem teve tantos confortos, e nunca esteve t\u00e3o desorientado. Exige-se dele que seja sens\u00edvel, mas n\u00e3o forte; presente, mas n\u00e3o firme; &hellip;<\/p>\n","protected":false},"author":3,"featured_media":4784,"comment_status":"closed","ping_status":"closed","sticky":false,"template":"","format":"standard","meta":{"_seopress_robots_primary_cat":"","_seopress_titles_title":"","_seopress_titles_desc":"","_seopress_robots_index":"","footnotes":""},"categories":[39,57],"tags":[1698],"class_list":["post-4783","post","type-post","status-publish","format-standard","has-post-thumbnail","","category-moral-e-vida-crista","category-virtudes-cristas","tag-homens"],"_links":{"self":[{"href":"https:\/\/catholicus.eu\/pt\/wp-json\/wp\/v2\/posts\/4783","targetHints":{"allow":["GET"]}}],"collection":[{"href":"https:\/\/catholicus.eu\/pt\/wp-json\/wp\/v2\/posts"}],"about":[{"href":"https:\/\/catholicus.eu\/pt\/wp-json\/wp\/v2\/types\/post"}],"author":[{"embeddable":true,"href":"https:\/\/catholicus.eu\/pt\/wp-json\/wp\/v2\/users\/3"}],"replies":[{"embeddable":true,"href":"https:\/\/catholicus.eu\/pt\/wp-json\/wp\/v2\/comments?post=4783"}],"version-history":[{"count":1,"href":"https:\/\/catholicus.eu\/pt\/wp-json\/wp\/v2\/posts\/4783\/revisions"}],"predecessor-version":[{"id":4785,"href":"https:\/\/catholicus.eu\/pt\/wp-json\/wp\/v2\/posts\/4783\/revisions\/4785"}],"wp:featuredmedia":[{"embeddable":true,"href":"https:\/\/catholicus.eu\/pt\/wp-json\/wp\/v2\/media\/4784"}],"wp:attachment":[{"href":"https:\/\/catholicus.eu\/pt\/wp-json\/wp\/v2\/media?parent=4783"}],"wp:term":[{"taxonomy":"category","embeddable":true,"href":"https:\/\/catholicus.eu\/pt\/wp-json\/wp\/v2\/categories?post=4783"},{"taxonomy":"post_tag","embeddable":true,"href":"https:\/\/catholicus.eu\/pt\/wp-json\/wp\/v2\/tags?post=4783"}],"curies":[{"name":"wp","href":"https:\/\/api.w.org\/{rel}","templated":true}]}}