{"id":4780,"date":"2026-01-20T22:08:15","date_gmt":"2026-01-20T21:08:15","guid":{"rendered":"https:\/\/catholicus.eu\/pt\/?p=4780"},"modified":"2026-01-20T22:08:16","modified_gmt":"2026-01-20T21:08:16","slug":"nao-e-uma-forca-nao-e-uma-vibracao-nao-e-algo-o-espirito-santo-e-uma-pessoa-viva-que-age-hoje-em-ti","status":"publish","type":"post","link":"https:\/\/catholicus.eu\/pt\/nao-e-uma-forca-nao-e-uma-vibracao-nao-e-algo-o-espirito-santo-e-uma-pessoa-viva-que-age-hoje-em-ti\/","title":{"rendered":"N\u00e3o \u00e9 uma for\u00e7a, n\u00e3o \u00e9 uma vibra\u00e7\u00e3o, n\u00e3o \u00e9 \u201calgo\u201d: O Esp\u00edrito Santo \u00e9 uma Pessoa viva que age hoje em ti"},"content":{"rendered":"\n<p>Vivemos numa \u00e9poca fascinada pela energia. Tudo parece explicar-se em termos de for\u00e7as, vibra\u00e7\u00f5es, frequ\u00eancias, impulsos invis\u00edveis. Fala-se de \u201cenergia positiva\u201d, de \u201cconectar-se com o universo\u201d, de \u201cfluir\u201d, de \u201csentir algo por dentro\u201d. E, infelizmente, essa linguagem tamb\u00e9m contaminou a forma como muitos crist\u00e3os falam \u2014 e pensam \u2014 sobre o Esp\u00edrito Santo.<\/p>\n\n\n\n<p>Por isso \u00e9 urgente diz\u00ea-lo com clareza, com caridade e com verdade:<\/p>\n\n\n\n<p>\ud83d\udc49 <strong>O Esp\u00edrito Santo n\u00e3o \u00e9 uma energia.<\/strong><br>\ud83d\udc49 <strong>N\u00e3o \u00e9 uma for\u00e7a impessoal.<\/strong><br>\ud83d\udc49 <strong>N\u00e3o \u00e9 uma emo\u00e7\u00e3o intensa nem um estado psicol\u00f3gico.<\/strong><\/p>\n\n\n\n<p><strong>O Esp\u00edrito Santo \u00e9 Deus.<\/strong><br><strong>\u00c9 uma Pessoa divina, viva, consciente, que ama, que fala, que guia e que santifica.<\/strong><\/p>\n\n\n\n<p>Este artigo quer <strong>educar<\/strong>, <strong>despertar<\/strong>, <strong>purificar erros<\/strong> e <strong>convidar-te a uma rela\u00e7\u00e3o real e profunda com Ele<\/strong>, enraizada na f\u00e9 cat\u00f3lica, na Sagrada Escritura e na Tradi\u00e7\u00e3o viva da Igreja.<\/p>\n\n\n\n<hr class=\"wp-block-separator has-alpha-channel-opacity\"\/>\n\n\n\n<h2 class=\"wp-block-heading\">1. O grande erro moderno: confundir o Esp\u00edrito Santo com uma for\u00e7a<\/h2>\n\n\n\n<p>Em muitos ambientes \u2014 inclusive eclesiais \u2014 ouve-se frequentemente dizer:<\/p>\n\n\n\n<ul class=\"wp-block-list\">\n<li>\u201cSenti uma energia muito forte\u201d<\/li>\n\n\n\n<li>\u201cO Esp\u00edrito \u00e9 como uma corrente\u201d<\/li>\n\n\n\n<li>\u201cFoi uma vibra\u00e7\u00e3o impressionante\u201d<\/li>\n\n\n\n<li>\u201cHavia algo se movendo no ambiente\u201d<\/li>\n<\/ul>\n\n\n\n<p>Ainda que essas express\u00f5es sejam usadas \u00e0s vezes com boa inten\u00e7\u00e3o, <strong>essa linguagem \u00e9 profundamente problem\u00e1tica<\/strong>, porque <strong>reduz Deus a algo<\/strong>, quando <strong>Deus \u00e9 Algu\u00e9m<\/strong>.<\/p>\n\n\n\n<p>\ud83d\udc49 <strong>Uma energia n\u00e3o ama.<\/strong><br>\ud83d\udc49 <strong>Uma energia n\u00e3o fala.<\/strong><br>\ud83d\udc49 <strong>Uma energia n\u00e3o ensina.<\/strong><br>\ud83d\udc49 <strong>Uma energia n\u00e3o pode ser obedecida nem entristecida.<\/strong><\/p>\n\n\n\n<p>E, no entanto, a B\u00edblia afirma claramente:<\/p>\n\n\n\n<blockquote class=\"wp-block-quote is-layout-flow wp-block-quote-is-layout-flow\">\n<p><strong>\u00abO Esp\u00edrito Santo vos ensinar\u00e1 todas as coisas\u00bb<\/strong> (Jo 14,26)<br><strong>\u00abO Esp\u00edrito intercede por n\u00f3s\u00bb<\/strong> (Rm 8,26)<br><strong>\u00abN\u00e3o entriste\u00e7ais o Esp\u00edrito Santo de Deus\u00bb<\/strong> (Ef 4,30)<\/p>\n<\/blockquote>\n\n\n\n<p>\u2757 <strong>S\u00f3 uma Pessoa pode ensinar, interceder e ser entristecida.<\/strong><\/p>\n\n\n\n<hr class=\"wp-block-separator has-alpha-channel-opacity\"\/>\n\n\n\n<h2 class=\"wp-block-heading\">2. Quem \u00e9 realmente o Esp\u00edrito Santo?<\/h2>\n\n\n\n<h3 class=\"wp-block-heading\">A terceira Pessoa da Sant\u00edssima Trindade<\/h3>\n\n\n\n<p>A f\u00e9 cat\u00f3lica proclama com precis\u00e3o milenar:<\/p>\n\n\n\n<ul class=\"wp-block-list\">\n<li><strong>Um s\u00f3 Deus<\/strong><\/li>\n\n\n\n<li><strong>Tr\u00eas Pessoas distintas<\/strong>\n<ul class=\"wp-block-list\">\n<li>o Pai<\/li>\n\n\n\n<li>o Filho<\/li>\n\n\n\n<li>o Esp\u00edrito Santo<\/li>\n<\/ul>\n<\/li>\n<\/ul>\n\n\n\n<p>O Esp\u00edrito Santo <strong>n\u00e3o \u00e9 inferior<\/strong>, <strong>n\u00e3o \u00e9 uma emana\u00e7\u00e3o<\/strong>, <strong>n\u00e3o \u00e9 uma simples extens\u00e3o<\/strong> do Pai ou do Filho.<\/p>\n\n\n\n<p>\ud83d\udc49 <strong>\u00c9 plenamente Deus<\/strong>, consubstancial ao Pai e ao Filho.<\/p>\n\n\n\n<p>O Credo o proclama sem ambiguidade:<\/p>\n\n\n\n<blockquote class=\"wp-block-quote is-layout-flow wp-block-quote-is-layout-flow\">\n<p><strong>\u00abCreio no Esp\u00edrito Santo, Senhor e dador da vida\u00bb.<\/strong><\/p>\n<\/blockquote>\n\n\n\n<p>N\u00e3o diz \u201cenergia\u201d.<br>N\u00e3o diz \u201cfor\u00e7a\u201d.<br>N\u00e3o diz \u201cimpulso\u201d.<br>Diz <strong>Senhor<\/strong>.<\/p>\n\n\n\n<h3 class=\"wp-block-heading\">\ud83d\udd25 O Amor eterno entre o Pai e o Filho<\/h3>\n\n\n\n<p>A teologia cl\u00e1ssica ensina que o Esp\u00edrito Santo \u00e9:<\/p>\n\n\n\n<ul class=\"wp-block-list\">\n<li>o <strong>Amor pessoal<\/strong> entre o Pai e o Filho<\/li>\n\n\n\n<li>o <strong>Dom incriado<\/strong><\/li>\n\n\n\n<li>o <strong>V\u00ednculo eterno de comunh\u00e3o<\/strong><\/li>\n<\/ul>\n\n\n\n<p>Por isso:<\/p>\n\n\n\n<ul class=\"wp-block-list\">\n<li>n\u00e3o \u00e9 algo que se \u201cusa\u201d<\/li>\n\n\n\n<li>\u00e9 Algu\u00e9m com quem <strong>se entra em comunh\u00e3o<\/strong><\/li>\n<\/ul>\n\n\n\n<hr class=\"wp-block-separator has-alpha-channel-opacity\"\/>\n\n\n\n<h2 class=\"wp-block-heading\">3. A Escritura \u00e9 clara: o Esp\u00edrito age como Pessoa<\/h2>\n\n\n\n<p>Do in\u00edcio ao fim da B\u00edblia, o Esp\u00edrito Santo <strong>fala e age como sujeito pessoal<\/strong>.<\/p>\n\n\n\n<h3 class=\"wp-block-heading\">\ud83d\udcd6 No Antigo Testamento<\/h3>\n\n\n\n<ul class=\"wp-block-list\">\n<li>paira sobre as \u00e1guas (Gn 1,2)<\/li>\n\n\n\n<li>fala por meio dos profetas<\/li>\n\n\n\n<li>concede sabedoria e fortaleza<\/li>\n<\/ul>\n\n\n\n<h3 class=\"wp-block-heading\">\ud83d\udcd6 No Novo Testamento<\/h3>\n\n\n\n<ul class=\"wp-block-list\">\n<li>desce sobre Maria (Lc 1,35)<\/li>\n\n\n\n<li>conduz Jesus ao deserto (Lc 4,1)<\/li>\n\n\n\n<li>fala em Pentecostes (At 2)<\/li>\n<\/ul>\n\n\n\n<p>O pr\u00f3prio Jesus o apresenta como <strong>Algu\u00e9m distinto d\u2019Ele<\/strong>:<\/p>\n\n\n\n<blockquote class=\"wp-block-quote is-layout-flow wp-block-quote-is-layout-flow\">\n<p><strong>\u00abQuando vier o Par\u00e1clito, que eu vos enviarei do Pai\u2026 ele dar\u00e1 testemunho de mim\u00bb<\/strong> (Jo 15,26)<\/p>\n<\/blockquote>\n\n\n\n<p>\u2757 Ele d\u00e1 testemunho. N\u00e3o \u201cemite energia\u201d.<br>\u2757 Ele envia. N\u00e3o \u201cvibra\u201d.<br>\u2757 Ele guia. N\u00e3o \u201cflui\u201d.<\/p>\n\n\n\n<hr class=\"wp-block-separator has-alpha-channel-opacity\"\/>\n\n\n\n<h2 class=\"wp-block-heading\">4. Por que \u00e9 perigoso pensar que o Esp\u00edrito \u00e9 uma energia?<\/h2>\n\n\n\n<p>Porque esse erro leva a graves consequ\u00eancias espirituais:<\/p>\n\n\n\n<h3 class=\"wp-block-heading\">\u274c Ele \u00e9 instrumentalizado<\/h3>\n\n\n\n<p>A energia se usa.<br>Ao Esp\u00edrito Santo <strong>se obedece<\/strong>.<\/p>\n\n\n\n<h3 class=\"wp-block-heading\">\u274c Ele \u00e9 confundido com emo\u00e7\u00f5es<\/h3>\n\n\n\n<p>Nem tudo o que \u00e9 intenso vem de Deus.<br>A gra\u00e7a <strong>nem sempre \u00e9 sentida<\/strong>, mas sempre transforma.<\/p>\n\n\n\n<h3 class=\"wp-block-heading\">\u274c Abre-se a porta ao sincretismo<\/h3>\n\n\n\n<p>A f\u00e9 crist\u00e3 mistura-se com:<\/p>\n\n\n\n<ul class=\"wp-block-list\">\n<li>o New Age<\/li>\n\n\n\n<li>espiritualidades orientais<\/li>\n\n\n\n<li>experi\u00eancias psicol\u00f3gicas disfar\u00e7adas de m\u00edstica<\/li>\n<\/ul>\n\n\n\n<p>\ud83d\udc49 <strong>Quando o Esp\u00edrito se torna \u201calgo\u201d, Cristo deixa de ser o centro.<\/strong><\/p>\n\n\n\n<hr class=\"wp-block-separator has-alpha-channel-opacity\"\/>\n\n\n\n<h2 class=\"wp-block-heading\">5. Ent\u00e3o\u2026 como o Esp\u00edrito Santo age realmente?<\/h2>\n\n\n\n<p>Aqui est\u00e1 a chave:<br><strong>O Esp\u00edrito Santo n\u00e3o age principalmente sobre os sentidos, mas sobre a alma.<\/strong><\/p>\n\n\n\n<p>A sua a\u00e7\u00e3o \u00e9 <strong>profunda, silenciosa e transformadora<\/strong>.<\/p>\n\n\n\n<h3 class=\"wp-block-heading\">\u2728 A sua obra principal:<\/h3>\n\n\n\n<ul class=\"wp-block-list\">\n<li>santificar<\/li>\n\n\n\n<li>iluminar o intelecto<\/li>\n\n\n\n<li>mover a vontade para o bem<\/li>\n\n\n\n<li>conformar-nos a Cristo<\/li>\n<\/ul>\n\n\n\n<hr class=\"wp-block-separator has-alpha-channel-opacity\"\/>\n\n\n\n<h2 class=\"wp-block-heading\">6. Sinais claros de que o Esp\u00edrito Santo est\u00e1 agindo em ti<\/h2>\n\n\n\n<p><em>(n\u00e3o confundir com emo\u00e7\u00f5es passageiras)<\/em><\/p>\n\n\n\n<p>Aqui tens <strong>crit\u00e9rios s\u00f3lidos, teol\u00f3gicos e pastorais<\/strong>:<\/p>\n\n\n\n<h3 class=\"wp-block-heading\">\ud83d\udd4a\ufe0f 1. Cresce em ti o amor pela verdade<\/h3>\n\n\n\n<ul class=\"wp-block-list\">\n<li>desejas conhecer a doutrina<\/li>\n\n\n\n<li>foges do relativismo<\/li>\n\n\n\n<li>o pecado te incomoda, at\u00e9 mesmo o \u201csocialmente aceit\u00e1vel\u201d<\/li>\n<\/ul>\n\n\n\n<blockquote class=\"wp-block-quote is-layout-flow wp-block-quote-is-layout-flow\">\n<p><strong>\u00abQuando vier ele, o Esp\u00edrito da verdade, guiar-vos-\u00e1 a toda a verdade\u00bb<\/strong> (Jo 16,13)<\/p>\n<\/blockquote>\n\n\n\n<hr class=\"wp-block-separator has-alpha-channel-opacity\"\/>\n\n\n\n<h3 class=\"wp-block-heading\">\ud83d\udd4a\ufe0f 2. Aumenta o teu desejo de ora\u00e7\u00e3o verdadeira<\/h3>\n\n\n\n<ul class=\"wp-block-list\">\n<li>n\u00e3o apenas para \u201csentir\u201d algo<\/li>\n\n\n\n<li>mas para perseverar<\/li>\n\n\n\n<li>mesmo quando n\u00e3o h\u00e1 consola\u00e7\u00f5es<\/li>\n<\/ul>\n\n\n\n<p>\ud83d\udc49 O Esp\u00edrito n\u00e3o cria depend\u00eancia emocional, mas <strong>fidelidade<\/strong>.<\/p>\n\n\n\n<hr class=\"wp-block-separator has-alpha-channel-opacity\"\/>\n\n\n\n<h3 class=\"wp-block-heading\">\ud83d\udd4a\ufe0f 3. Nasce um rep\u00fadio interior ao pecado<\/h3>\n\n\n\n<ul class=\"wp-block-list\">\n<li>n\u00e3o por medo, mas por amor<\/li>\n\n\n\n<li>d\u00f3i-te ofender a Deus<\/li>\n\n\n\n<li>surge um desejo sincero de confiss\u00e3o<\/li>\n<\/ul>\n\n\n\n<p>Isto n\u00e3o \u00e9 psicologia.<br>\u00c9 <strong>gra\u00e7a santificante em a\u00e7\u00e3o<\/strong>.<\/p>\n\n\n\n<hr class=\"wp-block-separator has-alpha-channel-opacity\"\/>\n\n\n\n<h3 class=\"wp-block-heading\">\ud83d\udd4a\ufe0f 4. Cresce uma verdadeira humildade<\/h3>\n\n\n\n<ul class=\"wp-block-list\">\n<li>menos protagonismo<\/li>\n\n\n\n<li>maior docilidade<\/li>\n\n\n\n<li>maior obedi\u00eancia \u00e0 Igreja<\/li>\n<\/ul>\n\n\n\n<p>\u2757 O Esp\u00edrito Santo <strong>nunca produz soberba espiritual<\/strong>.<\/p>\n\n\n\n<hr class=\"wp-block-separator has-alpha-channel-opacity\"\/>\n\n\n\n<h3 class=\"wp-block-heading\">\ud83d\udd4a\ufe0f 5. Aparecem os frutos do Esp\u00edrito (Gl 5,22)<\/h3>\n\n\n\n<blockquote class=\"wp-block-quote is-layout-flow wp-block-quote-is-layout-flow\">\n<p><strong>\u00abAmor, alegria, paz, paci\u00eancia, benignidade, bondade, fidelidade, mansid\u00e3o, dom\u00ednio de si\u00bb.<\/strong><\/p>\n<\/blockquote>\n\n\n\n<p>N\u00e3o fala de:<\/p>\n\n\n\n<ul class=\"wp-block-list\">\n<li>euforia<\/li>\n\n\n\n<li>espet\u00e1culo<\/li>\n\n\n\n<li>perda de controle<\/li>\n<\/ul>\n\n\n\n<p>Fala de <strong>dom\u00ednio de si<\/strong>.<\/p>\n\n\n\n<hr class=\"wp-block-separator has-alpha-channel-opacity\"\/>\n\n\n\n<h2 class=\"wp-block-heading\">7. Guia pr\u00e1tica: como relacionar-se corretamente com o Esp\u00edrito Santo<\/h2>\n\n\n\n<h3 class=\"wp-block-heading\">\u2714\ufe0f 1. Fala com Ele como com uma Pessoa<\/h3>\n\n\n\n<p>Diz-Lhe:<\/p>\n\n\n\n<ul class=\"wp-block-list\">\n<li>\u201cGuia-me\u201d<\/li>\n\n\n\n<li>\u201cEnsina-me\u201d<\/li>\n\n\n\n<li>\u201cCorrige-me\u201d<\/li>\n\n\n\n<li>\u201cSantifica-me\u201d<\/li>\n<\/ul>\n\n\n\n<p>N\u00e3o O \u201cativas\u201d.<br>N\u00e3o O \u201ccanalizas\u201d.<br>N\u00e3o O \u201cusas\u201d.<\/p>\n\n\n\n<hr class=\"wp-block-separator has-alpha-channel-opacity\"\/>\n\n\n\n<h3 class=\"wp-block-heading\">\u2714\ufe0f 2. Invoca-O nos sacramentos<\/h3>\n\n\n\n<ul class=\"wp-block-list\">\n<li>Confiss\u00e3o<\/li>\n\n\n\n<li>Eucaristia<\/li>\n\n\n\n<li>Crisma<\/li>\n<\/ul>\n\n\n\n<p>\ud83d\udc49 <strong>O Esp\u00edrito age com m\u00e1xima for\u00e7a na vida sacramental<\/strong>, n\u00e3o \u00e0 margem dela.<\/p>\n\n\n\n<hr class=\"wp-block-separator has-alpha-channel-opacity\"\/>\n\n\n\n<h3 class=\"wp-block-heading\">\u2714\ufe0f 3. Pede docilidade, n\u00e3o experi\u00eancias<\/h3>\n\n\n\n<p>A santidade n\u00e3o consiste em sentir muito.<br>Consiste em <strong>amar bem e perseverar<\/strong>.<\/p>\n\n\n\n<hr class=\"wp-block-separator has-alpha-channel-opacity\"\/>\n\n\n\n<h3 class=\"wp-block-heading\">\u2714\ufe0f 4. Discerni sempre com a Igreja<\/h3>\n\n\n\n<p>O Esp\u00edrito Santo:<\/p>\n\n\n\n<ul class=\"wp-block-list\">\n<li>n\u00e3o contradiz o Magist\u00e9rio<\/li>\n\n\n\n<li>n\u00e3o despreza a Tradi\u00e7\u00e3o<\/li>\n\n\n\n<li>n\u00e3o relativiza a verdade<\/li>\n<\/ul>\n\n\n\n<blockquote class=\"wp-block-quote is-layout-flow wp-block-quote-is-layout-flow\">\n<p><strong>Onde h\u00e1 confus\u00e3o constante, o Esp\u00edrito de Deus n\u00e3o age.<\/strong><\/p>\n<\/blockquote>\n\n\n\n<hr class=\"wp-block-separator has-alpha-channel-opacity\"\/>\n\n\n\n<h2 class=\"wp-block-heading\">8. Conclus\u00e3o: do \u201csentir algo\u201d ao viver com Algu\u00e9m<\/h2>\n\n\n\n<p>O Esp\u00edrito Santo <strong>n\u00e3o \u00e9 uma energia que te atravessa<\/strong>.<br>\u00c9 <strong>Deus que habita em ti<\/strong> se est\u00e1s em estado de gra\u00e7a.<\/p>\n\n\n\n<p>N\u00e3o promete emo\u00e7\u00f5es constantes.<br>Promete <strong>vida nova<\/strong>.<\/p>\n\n\n\n<p>N\u00e3o te d\u00e1 \u201cpoder\u201d.<br>D\u00e1-te <strong>santidade<\/strong>.<\/p>\n\n\n\n<p>Hoje, mais do que nunca, precisamos de crist\u00e3os que saibam dizer com convic\u00e7\u00e3o:<\/p>\n\n\n\n<p>\ud83d\udc49 <em>\u00abN\u00e3o sigo for\u00e7as invis\u00edveis\u00bb.<\/em><br>\ud83d\udc49 <em>\u00abN\u00e3o persigo sensa\u00e7\u00f5es espirituais\u00bb.<\/em><br>\ud83d\udc49 <em>\u00abCreio no Esp\u00edrito Santo, Senhor e dador da vida\u00bb.<\/em><\/p>\n\n\n\n<p>E tu\u2026<br>Est\u00e1s a trat\u00e1-Lo como uma for\u00e7a\u2026<br>ou como o Deus vivo que quer transformar-te por dentro?<\/p>\n","protected":false},"excerpt":{"rendered":"<p>Vivemos numa \u00e9poca fascinada pela energia. Tudo parece explicar-se em termos de for\u00e7as, vibra\u00e7\u00f5es, frequ\u00eancias, impulsos invis\u00edveis. Fala-se de \u201cenergia positiva\u201d, de \u201cconectar-se com o universo\u201d, de \u201cfluir\u201d, de \u201csentir algo por dentro\u201d. E, infelizmente, essa linguagem tamb\u00e9m contaminou a forma como muitos crist\u00e3os falam \u2014 e pensam \u2014 sobre o Esp\u00edrito Santo. Por isso &hellip;<\/p>\n","protected":false},"author":3,"featured_media":4781,"comment_status":"closed","ping_status":"closed","sticky":false,"template":"","format":"standard","meta":{"_seopress_robots_primary_cat":"","_seopress_titles_title":"","_seopress_titles_desc":"","_seopress_robots_index":"","footnotes":""},"categories":[43,37],"tags":[440],"class_list":["post-4780","post","type-post","status-publish","format-standard","has-post-thumbnail","","category-catecismo-da-igreja-catolica","category-doutrina-e-fe","tag-espirito-santo"],"_links":{"self":[{"href":"https:\/\/catholicus.eu\/pt\/wp-json\/wp\/v2\/posts\/4780","targetHints":{"allow":["GET"]}}],"collection":[{"href":"https:\/\/catholicus.eu\/pt\/wp-json\/wp\/v2\/posts"}],"about":[{"href":"https:\/\/catholicus.eu\/pt\/wp-json\/wp\/v2\/types\/post"}],"author":[{"embeddable":true,"href":"https:\/\/catholicus.eu\/pt\/wp-json\/wp\/v2\/users\/3"}],"replies":[{"embeddable":true,"href":"https:\/\/catholicus.eu\/pt\/wp-json\/wp\/v2\/comments?post=4780"}],"version-history":[{"count":1,"href":"https:\/\/catholicus.eu\/pt\/wp-json\/wp\/v2\/posts\/4780\/revisions"}],"predecessor-version":[{"id":4782,"href":"https:\/\/catholicus.eu\/pt\/wp-json\/wp\/v2\/posts\/4780\/revisions\/4782"}],"wp:featuredmedia":[{"embeddable":true,"href":"https:\/\/catholicus.eu\/pt\/wp-json\/wp\/v2\/media\/4781"}],"wp:attachment":[{"href":"https:\/\/catholicus.eu\/pt\/wp-json\/wp\/v2\/media?parent=4780"}],"wp:term":[{"taxonomy":"category","embeddable":true,"href":"https:\/\/catholicus.eu\/pt\/wp-json\/wp\/v2\/categories?post=4780"},{"taxonomy":"post_tag","embeddable":true,"href":"https:\/\/catholicus.eu\/pt\/wp-json\/wp\/v2\/tags?post=4780"}],"curies":[{"name":"wp","href":"https:\/\/api.w.org\/{rel}","templated":true}]}}