{"id":4748,"date":"2025-11-12T23:57:31","date_gmt":"2025-11-12T22:57:31","guid":{"rendered":"https:\/\/catholicus.eu\/pt\/?p=4748"},"modified":"2025-11-12T23:57:31","modified_gmt":"2025-11-12T22:57:31","slug":"quando-roma-fala-o-misterio-e-a-missao-do-consistorio-extraordinario","status":"publish","type":"post","link":"https:\/\/catholicus.eu\/pt\/quando-roma-fala-o-misterio-e-a-missao-do-consistorio-extraordinario\/","title":{"rendered":"Quando Roma Fala: O Mist\u00e9rio e a Miss\u00e3o do Consist\u00f3rio Extraordin\u00e1rio"},"content":{"rendered":"\n<h3 class=\"wp-block-heading\"><strong>Introdu\u00e7\u00e3o: Um eco solene do cora\u00e7\u00e3o da Igreja<\/strong><\/h3>\n\n\n\n<p>De tempos em tempos, o cora\u00e7\u00e3o da Igreja bate com uma for\u00e7a especial. Roma convoca, os cardeais se re\u00fanem, os olhos do mundo se voltam para o Vaticano, e uma palavra \u00e9 pronunciada \u2014 uma palavra que poucos compreendem verdadeiramente, mas que carrega um profundo peso espiritual: <strong>\u201cConsist\u00f3rio Extraordin\u00e1rio.\u201d<\/strong><\/p>\n\n\n\n<p>Muitos cat\u00f3licos ouvem falar disso nas not\u00edcias, mas poucos sabem o que realmente significa, o que acontece durante o evento ou por que sua celebra\u00e7\u00e3o possui tamanha relev\u00e2ncia teol\u00f3gica. Este artigo tem exatamente esse prop\u00f3sito: <strong>abrir uma janela para a alma desse acontecimento<\/strong>, que \u00e9, ao mesmo tempo, jur\u00eddico, pastoral e profundamente espiritual.<\/p>\n\n\n\n<hr class=\"wp-block-separator has-alpha-channel-opacity\"\/>\n\n\n\n<h3 class=\"wp-block-heading\"><strong>1. O que \u00e9 um consist\u00f3rio? O conselho do Papa<\/strong><\/h3>\n\n\n\n<p>O termo <em>consistorium<\/em> vem do latim e significa literalmente \u201cassembleia\u201d ou \u201creuni\u00e3o conjunta\u201d. Desde os primeiros s\u00e9culos do cristianismo, o Papa \u2014 como sucessor de S\u00e3o Pedro \u2014 contou com a ajuda de seus colaboradores mais pr\u00f3ximos, os cardeais, para governar a Igreja universal.<\/p>\n\n\n\n<p>Na sua forma mais simples, <strong>um consist\u00f3rio \u00e9 uma reuni\u00e3o formal entre o Papa e o Col\u00e9gio dos Cardeais<\/strong>. Durante esse encontro, s\u00e3o discutidos assuntos de grande import\u00e2ncia para a vida da Igreja: desde canoniza\u00e7\u00f5es e nomea\u00e7\u00f5es episcopais at\u00e9 quest\u00f5es doutrin\u00e1rias ou disciplinares, ou mesmo decis\u00f5es relacionadas ao futuro da pr\u00f3pria Igreja.<\/p>\n\n\n\n<p>A Igreja distingue dois tipos principais de consist\u00f3rios:<\/p>\n\n\n\n<ul class=\"wp-block-list\">\n<li><strong>Consist\u00f3rio ordin\u00e1rio<\/strong>, convocado para tratar de quest\u00f5es solenes, mas de car\u00e1ter habitual (como a cria\u00e7\u00e3o de novos cardeais ou a aprova\u00e7\u00e3o de canoniza\u00e7\u00f5es).<\/li>\n\n\n\n<li><strong>Consist\u00f3rio extraordin\u00e1rio<\/strong>, convocado quando o Papa chama todos os cardeais do mundo para deliberar sobre uma quest\u00e3o grave ou urgente que afeta toda a Igreja.<\/li>\n<\/ul>\n\n\n\n<hr class=\"wp-block-separator has-alpha-channel-opacity\"\/>\n\n\n\n<h3 class=\"wp-block-heading\"><strong>2. O Consist\u00f3rio Extraordin\u00e1rio: Quando Roma ouve e discerne<\/strong><\/h3>\n\n\n\n<p>O <strong>Consist\u00f3rio Extraordin\u00e1rio<\/strong> n\u00e3o \u00e9 um evento decorativo nem um simples gesto de protocolo. \u00c9 um momento de comunh\u00e3o, de discernimento e, acima de tudo, <strong>de escuta do Esp\u00edrito Santo<\/strong>.<\/p>\n\n\n\n<p>Nele, o Papa re\u00fane os cardeais \u2014 os \u201csenadores da Igreja\u201d \u2014 para debater temas de especial gravidade: crises doutrin\u00e1rias, reformas da C\u00faria, rela\u00e7\u00f5es com outras confiss\u00f5es, desafios morais contempor\u00e2neos ou at\u00e9 decis\u00f5es hist\u00f3ricas (como o Conc\u00edlio Vaticano II ou o Grande Jubileu do Ano 2000, ambos precedidos por momentos de reflex\u00e3o consistorial).<\/p>\n\n\n\n<p>Diferentemente do consist\u00f3rio ordin\u00e1rio, o extraordin\u00e1rio <strong>n\u00e3o se trata de cerim\u00f4nia, mas de conselho e consulta<\/strong>. Em certo sentido, \u00e9 uma extens\u00e3o vis\u00edvel daquilo que Cristo prometeu a S\u00e3o Pedro:<\/p>\n\n\n\n<blockquote class=\"wp-block-quote is-layout-flow wp-block-quote-is-layout-flow\">\n<p>\u201cE eu te digo: tu \u00e9s Pedro, e sobre esta pedra edificarei a minha Igreja, e as portas do inferno n\u00e3o prevalecer\u00e3o contra ela.\u201d<br><em>(Mateus 16,18)<\/em><\/p>\n<\/blockquote>\n\n\n\n<p>O Papa, sucessor de Pedro, confia no conselho dos cardeais para edificar, confirmar e proteger a f\u00e9.<\/p>\n\n\n\n<hr class=\"wp-block-separator has-alpha-channel-opacity\"\/>\n\n\n\n<h3 class=\"wp-block-heading\"><strong>3. Ra\u00edzes hist\u00f3ricas: Do Senado Romano ao Col\u00e9gio dos Cardeais<\/strong><\/h3>\n\n\n\n<p>Na Roma antiga, o <em>consistorium<\/em> era o conselho do imperador. Quando o cristianismo floresceu, a Igreja assumiu e transformou muitas estruturas imperiais, colocando-as a servi\u00e7o de Deus. Assim, <strong>o Papa, como \u201cBispo de Roma\u201d, tamb\u00e9m teve o seu consist\u00f3rio<\/strong> \u2014 n\u00e3o para governar reinos, mas para pastorear almas.<\/p>\n\n\n\n<p>Desde o s\u00e9culo XI, quando os cardeais obtiveram o direito exclusivo de eleger o Papa, os consist\u00f3rios tornaram-se <strong>instrumentos de governo e comunh\u00e3o<\/strong>. Neles, a Igreja tratava de temas de disciplina, miss\u00f5es, liturgia e defesa da f\u00e9.<\/p>\n\n\n\n<p>Durante s\u00e9culos, as decis\u00f5es mais importantes da cristandade \u2014 como a cria\u00e7\u00e3o de dioceses, a proclama\u00e7\u00e3o de santos ou a defesa contra heresias \u2014 foram preparadas e decididas nesses consist\u00f3rios.<\/p>\n\n\n\n<hr class=\"wp-block-separator has-alpha-channel-opacity\"\/>\n\n\n\n<h3 class=\"wp-block-heading\"><strong>4. Significado teol\u00f3gico: O eco do Cen\u00e1culo<\/strong><\/h3>\n\n\n\n<p>Para al\u00e9m do seu aspecto jur\u00eddico, o consist\u00f3rio extraordin\u00e1rio tem um <strong>profundo significado teol\u00f3gico<\/strong>. \u00c9 uma <strong>imagem do Cen\u00e1culo<\/strong>, onde Cristo reuniu os Seus ap\u00f3stolos antes de envi\u00e1-los a evangelizar o mundo.<\/p>\n\n\n\n<p>Assim como os Doze ouviram a voz do Mestre, os cardeais se re\u00fanem para escutar a voz do Vig\u00e1rio de Cristo. Mas mais do que isso \u2014 eles se re\u00fanem <strong>para deixarem-se guiar pelo Esp\u00edrito Santo<\/strong>.<\/p>\n\n\n\n<p>Um consist\u00f3rio extraordin\u00e1rio \u00e9, portanto, <strong>uma epifania da colegialidade eclesial<\/strong> \u2014 um sinal vis\u00edvel de que a Igreja n\u00e3o \u00e9 um governo humano, mas um corpo guiado por Deus.<\/p>\n\n\n\n<blockquote class=\"wp-block-quote is-layout-flow wp-block-quote-is-layout-flow\">\n<p>\u201cO Esp\u00edrito Santo, que habita na Igreja e nos cora\u00e7\u00f5es dos fi\u00e9is, guia-a na verdade e renova-a incessantemente.\u201d<br><em>(Conc\u00edlio Vaticano II, Lumen Gentium, 4)<\/em><\/p>\n<\/blockquote>\n\n\n\n<hr class=\"wp-block-separator has-alpha-channel-opacity\"\/>\n\n\n\n<h3 class=\"wp-block-heading\"><strong>5. O consist\u00f3rio hoje: Luz em tempos de confus\u00e3o<\/strong><\/h3>\n\n\n\n<p>No contexto atual, em que muitos cat\u00f3licos se sentem inseguros diante dos desafios morais, sociais e doutrin\u00e1rios, os consist\u00f3rios extraordin\u00e1rios s\u00e3o <strong>uma oportunidade providencial de discernimento e renova\u00e7\u00e3o<\/strong>.<\/p>\n\n\n\n<p>Quando o Papa re\u00fane os cardeais do mundo, ele o faz para <strong>buscar a unidade na verdade<\/strong> e reafirmar os princ\u00edpios imut\u00e1veis do Evangelho. N\u00e3o se trata de modernizar a f\u00e9, mas de <strong>anunci\u00e1-la com clareza e caridade em meio aos novos desafios<\/strong>.<\/p>\n\n\n\n<p>Numa era de relativismo, o consist\u00f3rio extraordin\u00e1rio recorda ao mundo que a Igreja <strong>n\u00e3o \u00e9 uma ONG nem um parlamento<\/strong>, mas o Corpo M\u00edstico de Cristo, cuja Cabe\u00e7a \u00e9 o pr\u00f3prio Senhor.<\/p>\n\n\n\n<hr class=\"wp-block-separator has-alpha-channel-opacity\"\/>\n\n\n\n<h3 class=\"wp-block-heading\"><strong>6. Guia pr\u00e1tico: Como viver espiritualmente um Consist\u00f3rio Extraordin\u00e1rio<\/strong><\/h3>\n\n\n\n<p>Embora o consist\u00f3rio aconte\u00e7a em Roma, <strong>todo cat\u00f3lico pode e deve viv\u00ea-lo com f\u00e9<\/strong>. Eis um breve guia pastoral e teol\u00f3gico sobre como faz\u00ea-lo:<\/p>\n\n\n\n<h4 class=\"wp-block-heading\"><strong>a) Rezar pelo Papa e pelos Cardeais<\/strong><\/h4>\n\n\n\n<p>A ora\u00e7\u00e3o \u00e9 a alma da comunh\u00e3o eclesial. Cada consist\u00f3rio \u00e9 uma oportunidade para renovar nossa s\u00faplica por aqueles que carregam o peso do governo espiritual.<\/p>\n\n\n\n<blockquote class=\"wp-block-quote is-layout-flow wp-block-quote-is-layout-flow\">\n<p>\u201cAntes de tudo, recomendo que se fa\u00e7am s\u00faplicas, ora\u00e7\u00f5es, intercess\u00f5es e a\u00e7\u00f5es de gra\u00e7as por todos os homens, pelos reis e por todos os que exercem autoridade.\u201d<br><em>(1 Tim\u00f3teo 2,1-2)<\/em><\/p>\n<\/blockquote>\n\n\n\n<h4 class=\"wp-block-heading\"><strong>b) Estudar os temas abordados<\/strong><\/h4>\n\n\n\n<p>Um cat\u00f3lico bem informado fortalece a sua f\u00e9. Leia os documentos, discursos ou interven\u00e7\u00f5es do consist\u00f3rio. Eles s\u00e3o verdadeiros tesouros para compreender como a Igreja enfrenta os problemas do mundo moderno \u00e0 luz do Evangelho.<\/p>\n\n\n\n<h4 class=\"wp-block-heading\"><strong>c) Viver em comunh\u00e3o com Roma<\/strong><\/h4>\n\n\n\n<p>O consist\u00f3rio nos recorda que a f\u00e9 n\u00e3o \u00e9 vivida de forma isolada, mas em comunh\u00e3o com a S\u00e9 de Pedro. Renovemos nosso amor pelo Papa \u2014 para al\u00e9m dos julgamentos humanos \u2014 e nossa perten\u00e7a filial \u00e0 Igreja universal.<\/p>\n\n\n\n<h4 class=\"wp-block-heading\"><strong>d) Renovar o compromisso apost\u00f3lico<\/strong><\/h4>\n\n\n\n<p>Todo consist\u00f3rio tem um eco mission\u00e1rio: o que \u00e9 discernido em Roma deve ressoar na vida dos fi\u00e9is. Pergunte a si mesmo: <em>O que o Esp\u00edrito Santo est\u00e1 me pedindo hoje por meio da Igreja?<\/em><\/p>\n\n\n\n<hr class=\"wp-block-separator has-alpha-channel-opacity\"\/>\n\n\n\n<h3 class=\"wp-block-heading\"><strong>7. Uma Igreja que discerne de joelhos<\/strong><\/h3>\n\n\n\n<p>Em \u00faltima an\u00e1lise, um consist\u00f3rio extraordin\u00e1rio n\u00e3o \u00e9 um evento administrativo, mas <strong>uma manifesta\u00e7\u00e3o viva do Esp\u00edrito Santo na hist\u00f3ria<\/strong>. Quando Roma se re\u00fane, n\u00e3o o faz para debater opini\u00f5es humanas, mas para ouvir o que Deus deseja dizer \u00e0 Sua Igreja.<\/p>\n\n\n\n<p>O Papa e os cardeais, unidos em ora\u00e7\u00e3o, representam o Povo de Deus em sua busca pela fidelidade. E essa fidelidade se traduz em uma certeza: <strong>a Igreja \u00e9 Una, Santa, Cat\u00f3lica e Apost\u00f3lica<\/strong>, e permanece viva porque Cristo est\u00e1 com ela at\u00e9 o fim dos tempos.<\/p>\n\n\n\n<blockquote class=\"wp-block-quote is-layout-flow wp-block-quote-is-layout-flow\">\n<p>\u201cE eis que estou convosco todos os dias, at\u00e9 o fim do mundo.\u201d<br><em>(Mateus 28,20)<\/em><\/p>\n<\/blockquote>\n\n\n\n<hr class=\"wp-block-separator has-alpha-channel-opacity\"\/>\n\n\n\n<h3 class=\"wp-block-heading\"><strong>Conclus\u00e3o: O consist\u00f3rio como sinal de esperan\u00e7a<\/strong><\/h3>\n\n\n\n<p>Num mundo dividido, o consist\u00f3rio extraordin\u00e1rio ergue-se como <strong>um sinal de unidade, ora\u00e7\u00e3o e discernimento<\/strong>. \u00c9 a Igreja que se ajoelha para ouvir a voz do seu Senhor, e depois se levanta para proclamar a Sua verdade ao mundo.<\/p>\n\n\n\n<p>Portanto, da pr\u00f3xima vez que voc\u00ea ouvir dizer que \u201co Papa convocou um Consist\u00f3rio Extraordin\u00e1rio\u201d, lembre-se: n\u00e3o se trata de uma reuni\u00e3o pol\u00edtica ou diplom\u00e1tica. \u00c9 <strong>uma assembleia espiritual, um eco do Cen\u00e1culo, uma renova\u00e7\u00e3o do \u201csim\u201d de Pedro a Cristo<\/strong>.<\/p>\n\n\n\n<p>E esse \u201csim\u201d, repetido ao longo da hist\u00f3ria, continua a sustentar a Igreja \u2014 e cada um de n\u00f3s \u2014 em meio \u00e0 tempestade.<\/p>\n","protected":false},"excerpt":{"rendered":"<p>Introdu\u00e7\u00e3o: Um eco solene do cora\u00e7\u00e3o da Igreja De tempos em tempos, o cora\u00e7\u00e3o da Igreja bate com uma for\u00e7a especial. Roma convoca, os cardeais se re\u00fanem, os olhos do mundo se voltam para o Vaticano, e uma palavra \u00e9 pronunciada \u2014 uma palavra que poucos compreendem verdadeiramente, mas que carrega um profundo peso espiritual: &hellip;<\/p>\n","protected":false},"author":3,"featured_media":4749,"comment_status":"open","ping_status":"open","sticky":false,"template":"","format":"standard","meta":{"_seopress_robots_primary_cat":"","_seopress_titles_title":"","_seopress_titles_desc":"","_seopress_robots_index":"","footnotes":""},"categories":[38,51],"tags":[1688],"class_list":["post-4748","post","type-post","status-publish","format-standard","has-post-thumbnail","","category-historia-e-tradicao","category-magisterio-da-igreja","tag-consistorio-extraordinario"],"_links":{"self":[{"href":"https:\/\/catholicus.eu\/pt\/wp-json\/wp\/v2\/posts\/4748","targetHints":{"allow":["GET"]}}],"collection":[{"href":"https:\/\/catholicus.eu\/pt\/wp-json\/wp\/v2\/posts"}],"about":[{"href":"https:\/\/catholicus.eu\/pt\/wp-json\/wp\/v2\/types\/post"}],"author":[{"embeddable":true,"href":"https:\/\/catholicus.eu\/pt\/wp-json\/wp\/v2\/users\/3"}],"replies":[{"embeddable":true,"href":"https:\/\/catholicus.eu\/pt\/wp-json\/wp\/v2\/comments?post=4748"}],"version-history":[{"count":1,"href":"https:\/\/catholicus.eu\/pt\/wp-json\/wp\/v2\/posts\/4748\/revisions"}],"predecessor-version":[{"id":4750,"href":"https:\/\/catholicus.eu\/pt\/wp-json\/wp\/v2\/posts\/4748\/revisions\/4750"}],"wp:featuredmedia":[{"embeddable":true,"href":"https:\/\/catholicus.eu\/pt\/wp-json\/wp\/v2\/media\/4749"}],"wp:attachment":[{"href":"https:\/\/catholicus.eu\/pt\/wp-json\/wp\/v2\/media?parent=4748"}],"wp:term":[{"taxonomy":"category","embeddable":true,"href":"https:\/\/catholicus.eu\/pt\/wp-json\/wp\/v2\/categories?post=4748"},{"taxonomy":"post_tag","embeddable":true,"href":"https:\/\/catholicus.eu\/pt\/wp-json\/wp\/v2\/tags?post=4748"}],"curies":[{"name":"wp","href":"https:\/\/api.w.org\/{rel}","templated":true}]}}