{"id":4734,"date":"2025-09-17T22:16:21","date_gmt":"2025-09-17T20:16:21","guid":{"rendered":"https:\/\/catholicus.eu\/pt\/?p=4734"},"modified":"2025-09-17T22:16:21","modified_gmt":"2025-09-17T20:16:21","slug":"in-pectore-o-segredo-do-coracao-da-igreja","status":"publish","type":"post","link":"https:\/\/catholicus.eu\/pt\/in-pectore-o-segredo-do-coracao-da-igreja\/","title":{"rendered":"In pectore: o segredo do cora\u00e7\u00e3o da Igreja"},"content":{"rendered":"\n<p>A Igreja Cat\u00f3lica, com dois mil anos de hist\u00f3ria e tradi\u00e7\u00e3o, guarda express\u00f5es latinas que n\u00e3o s\u00e3o apenas jur\u00eddicas ou rituais, mas que carregam consigo um profundo significado espiritual e pastoral. Uma delas \u00e9 <strong><em>in pectore<\/em><\/strong>, express\u00e3o que significa literalmente \u00abno peito\u00bb ou \u00abno cora\u00e7\u00e3o\u00bb. Embora costume aparecer em rela\u00e7\u00e3o \u00e0s nomea\u00e7\u00f5es cardinal\u00edcias que o Papa mant\u00e9m em segredo, o seu significado vai muito al\u00e9m de uma quest\u00e3o de discri\u00e7\u00e3o administrativa: toca o \u00edntimo do mist\u00e9rio da Igreja, a sua rela\u00e7\u00e3o com o Esp\u00edrito Santo e o modo como Deus guia o seu povo.<\/p>\n\n\n\n<p>Neste artigo, exploraremos o que significa \u00abin pectore\u00bb, qual \u00e9 o seu contexto hist\u00f3rico e teol\u00f3gico, como nos interpela hoje e de que maneira podemos aplic\u00e1-lo \u00e0 nossa vida espiritual e quotidiana.<\/p>\n\n\n\n<hr class=\"wp-block-separator has-alpha-channel-opacity\"\/>\n\n\n\n<h2 class=\"wp-block-heading\">1. <strong>Origem e significado do termo<\/strong><\/h2>\n\n\n\n<p>\u00abIn pectore\u00bb prov\u00e9m do latim e significa literalmente \u00abno peito\u00bb ou \u00abno cora\u00e7\u00e3o\u00bb. No contexto eclesial, utiliza-se quando o Papa nomeia um cardeal sem o tornar p\u00fablico de imediato, reservando o nome no seu pr\u00f3prio cora\u00e7\u00e3o. Isso acontece geralmente por motivos de prud\u00eancia pastoral: talvez porque a Igreja no pa\u00eds da pessoa escolhida seja perseguida, ou porque tornar p\u00fablica a nomea\u00e7\u00e3o poderia colocar em risco a vida do futuro cardeal ou a dos fi\u00e9is.<\/p>\n\n\n\n<p>O gesto tem uma dimens\u00e3o profundamente b\u00edblica: recorda a Virgem Maria, que <strong>\u00abguardava todas essas coisas, meditando-as no seu cora\u00e7\u00e3o\u00bb<\/strong> (Lc 2,19). Guardar algo \u00abno cora\u00e7\u00e3o\u00bb n\u00e3o significa escond\u00ea-lo sem sentido, mas conserv\u00e1-lo com rever\u00eancia, esperar o momento oportuno e discerni-lo \u00e0 luz de Deus.<\/p>\n\n\n\n<hr class=\"wp-block-separator has-alpha-channel-opacity\"\/>\n\n\n\n<h2 class=\"wp-block-heading\">2. <strong>Hist\u00f3ria do \u00abin pectore\u00bb na Igreja<\/strong><\/h2>\n\n\n\n<p>Embora a f\u00f3rmula tenha assumido uma forma jur\u00eddica mais clara durante o Renascimento, a pr\u00e1tica de manter algumas nomea\u00e7\u00f5es eclesi\u00e1sticas em segredo remonta aos primeiros s\u00e9culos da Igreja. Em tempos de persegui\u00e7\u00e3o romana, os bispos e sacerdotes eram frequentemente ordenados de maneira discreta para evitar repres\u00e1lias. Posteriormente, na Idade M\u00e9dia, os Papas come\u00e7aram a reservar-se a faculdade de nomear cardeais sem anunci\u00e1-lo publicamente, sobretudo em contextos pol\u00edticos complexos.<\/p>\n\n\n\n<p>O cardinalato \u00abin pectore\u00bb tem um car\u00e1ter \u00fanico: enquanto o Papa estiver vivo, a nomea\u00e7\u00e3o \u00e9 v\u00e1lida mesmo que secreta; mas se o Pont\u00edfice morrer sem revelar o nome, o t\u00edtulo extingue-se. Desta forma, fica claro que o gesto n\u00e3o \u00e9 apenas administrativo, mas profundamente pessoal, confiado ao discernimento e \u00e0 ora\u00e7\u00e3o do Papa.<\/p>\n\n\n\n<hr class=\"wp-block-separator has-alpha-channel-opacity\"\/>\n\n\n\n<h2 class=\"wp-block-heading\">3. <strong>Dimens\u00e3o teol\u00f3gica: o que est\u00e1 escondido no cora\u00e7\u00e3o de Deus<\/strong><\/h2>\n\n\n\n<p>Para al\u00e9m do aspeto jur\u00eddico, o \u00abin pectore\u00bb revela-nos uma verdade fundamental: <strong>nem tudo na Igreja \u00e9 imediato ou vis\u00edvel<\/strong>. A Igreja vive tamb\u00e9m daquilo que est\u00e1 escondido, do que \u00e9 guardado no cora\u00e7\u00e3o de Deus e que se manifesta no tempo devido. O pr\u00f3prio Jesus ensinou:<\/p>\n\n\n\n<blockquote class=\"wp-block-quote is-layout-flow wp-block-quote-is-layout-flow\">\n<p>\u00abO teu Pai, que v\u00ea o que est\u00e1 oculto, te recompensar\u00e1\u00bb (Mt 6,6).<\/p>\n<\/blockquote>\n\n\n\n<p>Isto recorda-nos que o essencial da vida crist\u00e3 nem sempre se mede pelo que \u00e9 vis\u00edvel: h\u00e1 santos escondidos, voca\u00e7\u00f5es silenciosas, sacrif\u00edcios que ningu\u00e9m conhece mas que s\u00e3o preciosos aos olhos de Deus. O \u00abin pectore\u00bb do Papa \u00e9 um s\u00edmbolo deste mist\u00e9rio: aquilo que o mundo n\u00e3o v\u00ea, mas que o cora\u00e7\u00e3o da Igreja guarda.<\/p>\n\n\n\n<p>Neste sentido, podemos dizer que o \u00abin pectore\u00bb reflete a pr\u00f3pria vida interior da Igreja, a sua dimens\u00e3o contemplativa, aquela parte invis\u00edvel que sustenta tudo o que \u00e9 vis\u00edvel. Sem ora\u00e7\u00e3o, sem sil\u00eancio, sem aquilo que \u00e9 guardado no cora\u00e7\u00e3o, a Igreja perderia as suas ra\u00edzes.<\/p>\n\n\n\n<hr class=\"wp-block-separator has-alpha-channel-opacity\"\/>\n\n\n\n<h2 class=\"wp-block-heading\">4. <strong>Aplica\u00e7\u00f5es pastorais: o \u00abin pectore\u00bb na nossa vida<\/strong><\/h2>\n\n\n\n<p>O termo n\u00e3o se limita ao \u00e2mbito do Vaticano. Tamb\u00e9m n\u00f3s, como crist\u00e3os, podemos viver uma espiritualidade \u00abin pectore\u00bb. Como?<\/p>\n\n\n\n<ol class=\"wp-block-list\">\n<li><strong>Guardar no cora\u00e7\u00e3o as inten\u00e7\u00f5es de ora\u00e7\u00e3o<\/strong><br>Muitas vezes rezamos por pessoas, situa\u00e7\u00f5es ou sofrimentos que n\u00e3o podemos expressar em voz alta. Como Maria, somos chamados a guardar essas inten\u00e7\u00f5es no cora\u00e7\u00e3o, apresentando-as em sil\u00eancio a Deus.<\/li>\n\n\n\n<li><strong>Praticar a discri\u00e7\u00e3o na caridade<\/strong><br>Nem toda obra boa precisa de ser tornada p\u00fablica. Por vezes, o amor mais aut\u00eantico \u00e9 aquele que permanece escondido. Dar esmola, consolar, perdoar \u00abin pectore\u00bb torna-nos semelhantes ao cora\u00e7\u00e3o discreto de Cristo.<\/li>\n\n\n\n<li><strong>Saber esperar o tempo de Deus<\/strong><br>O \u00abin pectore\u00bb do Papa \u00e9 um sinal de paci\u00eancia e discernimento. Tamb\u00e9m na nossa vida h\u00e1 promessas de Deus que parecem escondidas, mas que se manifestar\u00e3o a seu tempo. O desafio \u00e9 confiar sem antecipar.<\/li>\n\n\n\n<li><strong>Viver a f\u00e9 em contextos dif\u00edceis<\/strong><br>Tal como os cardeais \u00abin pectore\u00bb se encontram muitas vezes em territ\u00f3rios de persegui\u00e7\u00e3o, tamb\u00e9m muitos crist\u00e3os no mundo vivem a sua f\u00e9 em sil\u00eancio, nas fam\u00edlias, nos locais de trabalho ou em sociedades onde \u00e9 dif\u00edcil express\u00e1-la abertamente. A\u00ed, a f\u00e9 vivida \u00abin pectore\u00bb torna-se uma semente escondida que, mais cedo ou mais tarde, dar\u00e1 fruto.<\/li>\n<\/ol>\n\n\n\n<hr class=\"wp-block-separator has-alpha-channel-opacity\"\/>\n\n\n\n<h2 class=\"wp-block-heading\">5. <strong>O \u00abin pectore\u00bb e o mundo atual<\/strong><\/h2>\n\n\n\n<p>Hoje, quando tudo \u00e9 tornado p\u00fablico imediatamente nas redes sociais, o \u00abin pectore\u00bb recorda-nos o valor do segredo santo, do sil\u00eancio fecundo, daquilo que se guarda no cora\u00e7\u00e3o. Vivemos num tempo em que a imediaticidade e a exposi\u00e7\u00e3o parecem dominar; no entanto, o Evangelho ensina-nos que as coisas maiores nascem geralmente no escondimento: o Filho de Deus nasceu numa gruta humilde, longe dos holofotes do mundo.<\/p>\n\n\n\n<p>O \u00abin pectore\u00bb \u00e9, neste sentido, um ant\u00eddoto contra a vaidade espiritual. Ensina-nos que o importante n\u00e3o \u00e9 ser visto, mas ser fiel. E que o verdadeiro reconhecimento n\u00e3o vem dos homens, mas de Deus.<\/p>\n\n\n\n<hr class=\"wp-block-separator has-alpha-channel-opacity\"\/>\n\n\n\n<h2 class=\"wp-block-heading\">6. <strong>Um guia espiritual: guardar o cora\u00e7\u00e3o como Cristo<\/strong><\/h2>\n\n\n\n<p>O \u00abin pectore\u00bb convida-nos a viver com um cora\u00e7\u00e3o semelhante ao de Jesus: discreto, cheio de amor silencioso, capaz de esperar e discernir. O Papa, ao reservar um nome no seu peito, imita o Bom Pastor que carrega cada ovelha no seu cora\u00e7\u00e3o. Assim tamb\u00e9m n\u00f3s somos chamados a levar os outros no nosso cora\u00e7\u00e3o: familiares, amigos, at\u00e9 inimigos, intercedendo por eles em sil\u00eancio.<\/p>\n\n\n\n<p>Podemos exercitar-nos todos os dias levando \u00abin pectore\u00bb algu\u00e9m na ora\u00e7\u00e3o: aquela pessoa que sofre, aquela situa\u00e7\u00e3o que nos fere, aquele pedido que parece imposs\u00edvel. Desta forma, a nossa vida espiritual torna-se um cofre onde se guarda o que \u00e9 mais precioso, na espera de que Deus o revele.<\/p>\n\n\n\n<hr class=\"wp-block-separator has-alpha-channel-opacity\"\/>\n\n\n\n<h2 class=\"wp-block-heading\"><strong>Conclus\u00e3o<\/strong><\/h2>\n\n\n\n<p>\u00abIn pectore\u00bb n\u00e3o \u00e9 apenas uma express\u00e3o can\u00f3nica reservada aos ambientes vaticanos. \u00c9 uma palavra que fala do \u00edntimo, do sagrado, do que \u00e9 guardado no cora\u00e7\u00e3o de Deus e da sua Igreja. Recorda-nos que h\u00e1 tesouros que n\u00e3o precisam de ser mostrados imediatamente, que o tempo de Deus n\u00e3o \u00e9 o nosso e que tamb\u00e9m o sil\u00eancio \u00e9 uma linguagem divina.<\/p>\n\n\n\n<p>Num mundo que grita, a Igreja convida-nos a escutar o sussurro do Esp\u00edrito. Numa sociedade que exp\u00f5e, Cristo ensina-nos a guardar. E num tempo que exige resultados r\u00e1pidos, o \u00abin pectore\u00bb recorda-nos que o melhor amadurece sempre no cora\u00e7\u00e3o.<\/p>\n\n\n\n<hr class=\"wp-block-separator has-alpha-channel-opacity\"\/>\n\n\n\n<p>\ud83d\udc49 <strong>Chave espiritual para hoje<\/strong>: Pergunta-te, o que guardo \u00abin pectore\u00bb? Quais inten\u00e7\u00f5es, pessoas ou sofrimentos levo em sil\u00eancio no meu cora\u00e7\u00e3o para apresent\u00e1-los a Deus? Oferece-os a Ele com confian\u00e7a, sabendo que o Pai que v\u00ea no escondido responder\u00e1.<\/p>\n","protected":false},"excerpt":{"rendered":"<p>A Igreja Cat\u00f3lica, com dois mil anos de hist\u00f3ria e tradi\u00e7\u00e3o, guarda express\u00f5es latinas que n\u00e3o s\u00e3o apenas jur\u00eddicas ou rituais, mas que carregam consigo um profundo significado espiritual e pastoral. Uma delas \u00e9 in pectore, express\u00e3o que significa literalmente \u00abno peito\u00bb ou \u00abno cora\u00e7\u00e3o\u00bb. Embora costume aparecer em rela\u00e7\u00e3o \u00e0s nomea\u00e7\u00f5es cardinal\u00edcias que o &hellip;<\/p>\n","protected":false},"author":3,"featured_media":4735,"comment_status":"open","ping_status":"open","sticky":false,"template":"","format":"standard","meta":{"_seopress_robots_primary_cat":"","_seopress_titles_title":"","_seopress_titles_desc":"","_seopress_robots_index":"","footnotes":""},"categories":[48,38],"tags":[1683],"class_list":["post-4734","post","type-post","status-publish","format-standard","has-post-thumbnail","","category-historia-da-igreja","category-historia-e-tradicao","tag-in-pectore"],"_links":{"self":[{"href":"https:\/\/catholicus.eu\/pt\/wp-json\/wp\/v2\/posts\/4734","targetHints":{"allow":["GET"]}}],"collection":[{"href":"https:\/\/catholicus.eu\/pt\/wp-json\/wp\/v2\/posts"}],"about":[{"href":"https:\/\/catholicus.eu\/pt\/wp-json\/wp\/v2\/types\/post"}],"author":[{"embeddable":true,"href":"https:\/\/catholicus.eu\/pt\/wp-json\/wp\/v2\/users\/3"}],"replies":[{"embeddable":true,"href":"https:\/\/catholicus.eu\/pt\/wp-json\/wp\/v2\/comments?post=4734"}],"version-history":[{"count":1,"href":"https:\/\/catholicus.eu\/pt\/wp-json\/wp\/v2\/posts\/4734\/revisions"}],"predecessor-version":[{"id":4736,"href":"https:\/\/catholicus.eu\/pt\/wp-json\/wp\/v2\/posts\/4734\/revisions\/4736"}],"wp:featuredmedia":[{"embeddable":true,"href":"https:\/\/catholicus.eu\/pt\/wp-json\/wp\/v2\/media\/4735"}],"wp:attachment":[{"href":"https:\/\/catholicus.eu\/pt\/wp-json\/wp\/v2\/media?parent=4734"}],"wp:term":[{"taxonomy":"category","embeddable":true,"href":"https:\/\/catholicus.eu\/pt\/wp-json\/wp\/v2\/categories?post=4734"},{"taxonomy":"post_tag","embeddable":true,"href":"https:\/\/catholicus.eu\/pt\/wp-json\/wp\/v2\/tags?post=4734"}],"curies":[{"name":"wp","href":"https:\/\/api.w.org\/{rel}","templated":true}]}}