{"id":4681,"date":"2025-08-12T23:45:05","date_gmt":"2025-08-12T21:45:05","guid":{"rendered":"https:\/\/catholicus.eu\/pt\/?p=4681"},"modified":"2025-08-12T23:45:05","modified_gmt":"2025-08-12T21:45:05","slug":"noli-foras-ire-o-chamado-de-deus-para-buscar-dentro","status":"publish","type":"post","link":"https:\/\/catholicus.eu\/pt\/noli-foras-ire-o-chamado-de-deus-para-buscar-dentro\/","title":{"rendered":"NOLI FORAS IRE: O Chamado de Deus para Buscar Dentro"},"content":{"rendered":"\n<p><em>&#8220;N\u00e3o saias para fora de ti mesmo; volta-te para dentro, porque \u00e9 no interior do homem que habita a verdade.&#8221;<\/em> \u2013 Santo Agostinho<\/p>\n\n\n\n<hr class=\"wp-block-separator has-alpha-channel-opacity\"\/>\n\n\n\n<h3 class=\"wp-block-heading\">1. <strong>Um convite que atravessa os s\u00e9culos<\/strong><\/h3>\n\n\n\n<p>\u201cNoli foras ire\u201d \u2014 \u201cN\u00e3o saias para fora\u201d \u2014 \u00e9 uma das frases mais conhecidas de Santo Agostinho, extra\u00edda de suas <em>Confiss\u00f5es<\/em> (Livro VII, Cap. 10). \u00c9 uma advert\u00eancia e, ao mesmo tempo, uma chave espiritual. Agostinho, depois de uma vida de buscas infrut\u00edferas no mundo exterior \u2014 prazeres, filosofias, gl\u00f3rias humanas \u2014 descobriu que o Deus que tanto procurava estava mais pr\u00f3ximo do que imaginava: no \u00edntimo de sua pr\u00f3pria alma.<\/p>\n\n\n\n<p>Essa frase \u00e9, em ess\u00eancia, um chamado para abandonar a dispers\u00e3o e retornar ao sil\u00eancio interior, onde o Senhor fala e se revela. Em tempos como os nossos, onde o ru\u00eddo e a pressa dominam, \u201cNoli foras ire\u201d se torna mais atual do que nunca.<\/p>\n\n\n\n<hr class=\"wp-block-separator has-alpha-channel-opacity\"\/>\n\n\n\n<h3 class=\"wp-block-heading\">2. <strong>Ra\u00edzes b\u00edblicas do chamado interior<\/strong><\/h3>\n\n\n\n<p>O chamado a voltar-se para dentro de si mesmo n\u00e3o \u00e9 inven\u00e7\u00e3o de Agostinho. Est\u00e1 profundamente enraizado na Sagrada Escritura. Jesus mesmo nos recorda:<\/p>\n\n\n\n<blockquote class=\"wp-block-quote is-layout-flow wp-block-quote-is-layout-flow\">\n<p>\u201cO Reino de Deus est\u00e1 dentro de v\u00f3s\u201d (Lc 17,21).<\/p>\n<\/blockquote>\n\n\n\n<p>Essa afirma\u00e7\u00e3o de Cristo \u00e9 revolucion\u00e1ria: o encontro com Deus n\u00e3o se d\u00e1, em primeiro lugar, correndo atr\u00e1s de sinais externos, mas abrindo o cora\u00e7\u00e3o para Sua presen\u00e7a interior. O Salmo 45(46),11 nos diz:<\/p>\n\n\n\n<blockquote class=\"wp-block-quote is-layout-flow wp-block-quote-is-layout-flow\">\n<p>\u201cParai e sabei que Eu sou Deus.\u201d<\/p>\n<\/blockquote>\n\n\n\n<p>A ordem de \u201cparar\u201d implica calar as vozes exteriores e interiores, para dar espa\u00e7o \u00c0quele que habita no mais profundo da alma.<\/p>\n\n\n\n<hr class=\"wp-block-separator has-alpha-channel-opacity\"\/>\n\n\n\n<h3 class=\"wp-block-heading\">3. <strong>O que Santo Agostinho queria dizer<\/strong><\/h3>\n\n\n\n<p>Agostinho sabia, por experi\u00eancia pr\u00f3pria, que o homem tende a buscar fora de si o que s\u00f3 pode encontrar em Deus. Ele correu atr\u00e1s da fama, do conhecimento e do prazer, mas descobriu que essas coisas n\u00e3o saciavam a sede mais profunda de seu cora\u00e7\u00e3o. Quando escreve \u201cNoli foras ire\u201d, est\u00e1 nos advertindo que:<\/p>\n\n\n\n<ul class=\"wp-block-list\">\n<li>Fora de Deus, tudo \u00e9 inst\u00e1vel e ilus\u00f3rio.<\/li>\n\n\n\n<li>O verdadeiro tesouro est\u00e1 no \u201cinterior\u201d santificado pela gra\u00e7a.<\/li>\n\n\n\n<li>\u00c9 preciso aprender a entrar em si mesmo para encontrar Aquele que nos criou.<\/li>\n<\/ul>\n\n\n\n<p>Ele mesmo resume essa experi\u00eancia na c\u00e9lebre frase:<\/p>\n\n\n\n<blockquote class=\"wp-block-quote is-layout-flow wp-block-quote-is-layout-flow\">\n<p>\u201cTarde Vos amei, \u00f3 Beleza t\u00e3o antiga e t\u00e3o nova, tarde Vos amei! Eis que est\u00e1veis dentro de mim, e eu fora&#8230;\u201d (<em>Confiss\u00f5es<\/em>, X, 27).<\/p>\n<\/blockquote>\n\n\n\n<hr class=\"wp-block-separator has-alpha-channel-opacity\"\/>\n\n\n\n<h3 class=\"wp-block-heading\">4. <strong>Aplica\u00e7\u00e3o teol\u00f3gica e pastoral<\/strong><\/h3>\n\n\n\n<p>A teologia cat\u00f3lica nos ensina que a alma \u00e9 o templo vivo de Deus pela gra\u00e7a santificante. O Catecismo da Igreja Cat\u00f3lica (n. 2563) diz:<\/p>\n\n\n\n<blockquote class=\"wp-block-quote is-layout-flow wp-block-quote-is-layout-flow\">\n<p>\u201cO cora\u00e7\u00e3o \u00e9 o lugar da decis\u00e3o, no mais profundo do ser, onde se encontra ou n\u00e3o com Deus.\u201d<\/p>\n<\/blockquote>\n\n\n\n<p>Por isso, \u201cNoli foras ire\u201d \u00e9, na pr\u00e1tica, um convite \u00e0 vida de ora\u00e7\u00e3o interior e ao recolhimento. O mundo moderno nos dispersa; Deus nos re\u00fane.<\/p>\n\n\n\n<p><strong>Do ponto de vista pastoral<\/strong>, este chamado significa:<\/p>\n\n\n\n<ul class=\"wp-block-list\">\n<li>N\u00e3o viver escravo das opini\u00f5es e press\u00f5es externas.<\/li>\n\n\n\n<li>Aprender a cultivar momentos di\u00e1rios de sil\u00eancio e medita\u00e7\u00e3o.<\/li>\n\n\n\n<li>Deixar que a f\u00e9 seja uma experi\u00eancia interior antes de ser uma manifesta\u00e7\u00e3o exterior.<\/li>\n<\/ul>\n\n\n\n<hr class=\"wp-block-separator has-alpha-channel-opacity\"\/>\n\n\n\n<h3 class=\"wp-block-heading\">5. <strong>Como viver o \u2018Noli foras ire\u2019 no dia a dia \u2013 Guia pr\u00e1tica<\/strong><\/h3>\n\n\n\n<p><strong>Passo 1: Estabelecer momentos de recolhimento di\u00e1rio<\/strong><br>Reserve, mesmo que sejam apenas 10 minutos, para desligar aparelhos, silenciar notifica\u00e7\u00f5es e simplesmente \u201cestar com Deus\u201d.<\/p>\n\n\n\n<p><strong>Passo 2: Ler e meditar a Palavra<\/strong><br>A B\u00edblia \u00e9 a voz de Deus que fala ao cora\u00e7\u00e3o. Comece com o Evangelho do dia e leia-o lentamente, perguntando: \u201cSenhor, o que me dizes hoje?\u201d.<\/p>\n\n\n\n<p><strong>Passo 3: Examinar o cora\u00e7\u00e3o<\/strong><br>Fa\u00e7a um breve exame de consci\u00eancia no final do dia. Pergunte a si mesmo:<\/p>\n\n\n\n<ul class=\"wp-block-list\">\n<li>Onde senti a presen\u00e7a de Deus hoje?<\/li>\n\n\n\n<li>Em que momentos me deixei dispersar?<\/li>\n<\/ul>\n\n\n\n<p><strong>Passo 4: Rezar no sil\u00eancio<\/strong><br>N\u00e3o se preocupe em multiplicar palavras. Sente-se diante do Senhor presente no sacr\u00e1rio ou no seu cora\u00e7\u00e3o e apenas permane\u00e7a com Ele.<\/p>\n\n\n\n<p><strong>Passo 5: Integrar a presen\u00e7a de Deus na vida ativa<\/strong><br>O recolhimento interior n\u00e3o \u00e9 fuga do mundo, mas aprender a estar nele sem perder-se nele.<\/p>\n\n\n\n<hr class=\"wp-block-separator has-alpha-channel-opacity\"\/>\n\n\n\n<h3 class=\"wp-block-heading\">6. <strong>Relev\u00e2ncia no mundo atual<\/strong><\/h3>\n\n\n\n<p>Vivemos cercados por est\u00edmulos: redes sociais, not\u00edcias, obriga\u00e7\u00f5es, compara\u00e7\u00f5es constantes. Tudo isso nos empurra \u201cpara fora\u201d de n\u00f3s mesmos, para uma exist\u00eancia fragmentada. \u201cNoli foras ire\u201d \u00e9, nesse sentido, um ant\u00eddoto espiritual contra a ansiedade e o vazio modernos.<\/p>\n\n\n\n<p>O homem contempor\u00e2neo sofre n\u00e3o porque lhe faltem coisas, mas porque perdeu o caminho de volta para si mesmo \u2014 e, portanto, para Deus.<\/p>\n\n\n\n<hr class=\"wp-block-separator has-alpha-channel-opacity\"\/>\n\n\n\n<h3 class=\"wp-block-heading\">7. <strong>Conclus\u00e3o: O santu\u00e1rio interior<\/strong><\/h3>\n\n\n\n<p>\u201cNoli foras ire\u201d n\u00e3o \u00e9 um convite ao isolamento ego\u00edsta, mas a encontrar a Fonte para poder dar ao mundo \u00e1gua viva. Quem se recolhe em Deus n\u00e3o foge da miss\u00e3o; volta ao mundo mais forte, mais sereno e mais verdadeiro.<\/p>\n\n\n\n<p>O verdadeiro encontro com Cristo come\u00e7a no sil\u00eancio interior, mas nunca termina ali. \u00c9 desse sil\u00eancio que nascem as palavras certas, as a\u00e7\u00f5es justas e a coragem de viver o Evangelho em qualquer circunst\u00e2ncia.<\/p>\n\n\n\n<blockquote class=\"wp-block-quote is-layout-flow wp-block-quote-is-layout-flow\">\n<p>\u201cTu nos fizeste para Ti, Senhor, e inquieto est\u00e1 o nosso cora\u00e7\u00e3o enquanto n\u00e3o repousar em Ti\u201d (<em>Confiss\u00f5es<\/em>, I, 1).<\/p>\n<\/blockquote>\n\n\n\n<p>Que cada um de n\u00f3s aprenda, hoje, a obedecer ao chamado: <strong>\u201cN\u00e3o saias para fora\u201d<\/strong>\u2026 porque Aquele que procuras j\u00e1 te espera dentro.<\/p>\n","protected":false},"excerpt":{"rendered":"<p>&#8220;N\u00e3o saias para fora de ti mesmo; volta-te para dentro, porque \u00e9 no interior do homem que habita a verdade.&#8221; \u2013 Santo Agostinho 1. Um convite que atravessa os s\u00e9culos \u201cNoli foras ire\u201d \u2014 \u201cN\u00e3o saias para fora\u201d \u2014 \u00e9 uma das frases mais conhecidas de Santo Agostinho, extra\u00edda de suas Confiss\u00f5es (Livro VII, Cap. &hellip;<\/p>\n","protected":false},"author":3,"featured_media":4682,"comment_status":"open","ping_status":"open","sticky":false,"template":"","format":"standard","meta":{"_seopress_robots_primary_cat":"","_seopress_titles_title":"","_seopress_titles_desc":"","_seopress_robots_index":"","footnotes":""},"categories":[40,58],"tags":[1669],"class_list":["post-4681","post","type-post","status-publish","format-standard","has-post-thumbnail","","category-oracao-e-espiritualidade","category-oracao-e-vida-espiritual","tag-noli-foras-ire"],"_links":{"self":[{"href":"https:\/\/catholicus.eu\/pt\/wp-json\/wp\/v2\/posts\/4681","targetHints":{"allow":["GET"]}}],"collection":[{"href":"https:\/\/catholicus.eu\/pt\/wp-json\/wp\/v2\/posts"}],"about":[{"href":"https:\/\/catholicus.eu\/pt\/wp-json\/wp\/v2\/types\/post"}],"author":[{"embeddable":true,"href":"https:\/\/catholicus.eu\/pt\/wp-json\/wp\/v2\/users\/3"}],"replies":[{"embeddable":true,"href":"https:\/\/catholicus.eu\/pt\/wp-json\/wp\/v2\/comments?post=4681"}],"version-history":[{"count":1,"href":"https:\/\/catholicus.eu\/pt\/wp-json\/wp\/v2\/posts\/4681\/revisions"}],"predecessor-version":[{"id":4683,"href":"https:\/\/catholicus.eu\/pt\/wp-json\/wp\/v2\/posts\/4681\/revisions\/4683"}],"wp:featuredmedia":[{"embeddable":true,"href":"https:\/\/catholicus.eu\/pt\/wp-json\/wp\/v2\/media\/4682"}],"wp:attachment":[{"href":"https:\/\/catholicus.eu\/pt\/wp-json\/wp\/v2\/media?parent=4681"}],"wp:term":[{"taxonomy":"category","embeddable":true,"href":"https:\/\/catholicus.eu\/pt\/wp-json\/wp\/v2\/categories?post=4681"},{"taxonomy":"post_tag","embeddable":true,"href":"https:\/\/catholicus.eu\/pt\/wp-json\/wp\/v2\/tags?post=4681"}],"curies":[{"name":"wp","href":"https:\/\/api.w.org\/{rel}","templated":true}]}}