{"id":4631,"date":"2025-08-03T14:58:00","date_gmt":"2025-08-03T12:58:00","guid":{"rendered":"https:\/\/catholicus.eu\/pt\/?p=4631"},"modified":"2025-08-03T14:58:00","modified_gmt":"2025-08-03T12:58:00","slug":"os-valores-nao-sao-virtudes-nem-moral-um-alerta-teologico-e-pastoral-para-o-nosso-tempo","status":"publish","type":"post","link":"https:\/\/catholicus.eu\/pt\/os-valores-nao-sao-virtudes-nem-moral-um-alerta-teologico-e-pastoral-para-o-nosso-tempo\/","title":{"rendered":"Os \u201cvalores\u201d n\u00e3o s\u00e3o virtudes nem moral: um alerta teol\u00f3gico e pastoral para o nosso tempo"},"content":{"rendered":"\n<p>Vivemos em uma \u00e9poca em que a linguagem foi domesticada, e com ela, a consci\u00eancia. Palavras como \u201cpecado\u201d, \u201cvirtude\u201d, \u201cmoral\u201d ou \u201cmandamentos\u201d soam inc\u00f4modas ou antiquadas para muitos ouvidos modernos. Em seu lugar, ergue-se uma nova gram\u00e1tica, aparentemente mais neutra e tolerante, cujos protagonistas s\u00e3o os famosos \u201cvalores\u201d.<\/p>\n\n\n\n<p>Mas\u2026 <strong>o que s\u00e3o exatamente os \u201cvalores\u201d? Por que substitu\u00edram na linguagem contempor\u00e2nea conceitos cl\u00e1ssicos como moral, bem ou virtude? E por que isso \u00e9 perigoso, do ponto de vista teol\u00f3gico, pastoral e espiritual?<\/strong><\/p>\n\n\n\n<p>Neste artigo, vamos desmascarar a confus\u00e3o lingu\u00edstica e moral em que nos vemos imersos e mostrar, com clareza e profundidade, por que os \u201cvalores\u201d n\u00e3o s\u00e3o, nem podem ser, substitutos das virtudes nem da moral crist\u00e3. Pelo contr\u00e1rio, frequentemente se tornam eufemismos que <strong>relativizam o mal<\/strong>, subjetivam o bem e desarmam a alma diante da verdade objetiva do Evangelho.<\/p>\n\n\n\n<hr class=\"wp-block-separator has-alpha-channel-opacity\"\/>\n\n\n\n<h2 class=\"wp-block-heading\">1. <strong>Do bem objetivo ao valor subjetivo: uma mudan\u00e7a de paradigma<\/strong><\/h2>\n\n\n\n<p>Durante s\u00e9culos, a moral crist\u00e3 se fundamentou em um realismo moral claro e luminoso: o bem \u00e9 o que corresponde \u00e0 natureza do homem criado por Deus e \u00e0 sua voca\u00e7\u00e3o \u00e0 santidade. A moral \u00e9 objetiva porque nasce de uma verdade sobre o ser humano que n\u00e3o depende das opini\u00f5es, circunst\u00e2ncias ou prefer\u00eancias.<\/p>\n\n\n\n<p><strong>As virtudes<\/strong>, nesse contexto, s\u00e3o h\u00e1bitos bons e est\u00e1veis que ordenam nossas pot\u00eancias para o bem: prud\u00eancia, justi\u00e7a, fortaleza, temperan\u00e7a\u2026 e, no topo, as teologais: f\u00e9, esperan\u00e7a e caridade.<\/p>\n\n\n\n<p>Mas o s\u00e9culo XX trouxe uma virada. Desde Nietzsche, passando pelo existencialismo, o relativismo cultural e a pedagogia moderna, <strong>o \u201cvalor\u201d substitui a virtude<\/strong>. O bem deixa de ser algo objetivo e revelado, e passa a ser aquilo que uma sociedade ou indiv\u00edduo considera \u201cvalioso\u201d. Assim, algo pode ser \u201cvalor\u201d para uma cultura ou pessoa, e ser desprezado por outra.<\/p>\n\n\n\n<p><strong>Surge, assim, uma moral fluida, democr\u00e1tica, negoci\u00e1vel, onde os princ\u00edpios eternos s\u00e3o substitu\u00eddos por prefer\u00eancias subjetivas.<\/strong><\/p>\n\n\n\n<hr class=\"wp-block-separator has-alpha-channel-opacity\"\/>\n\n\n\n<h2 class=\"wp-block-heading\">2. <strong>Valores e Virtudes: por que n\u00e3o s\u00e3o a mesma coisa<\/strong><\/h2>\n\n\n\n<p>\u00c9 muito comum hoje ouvir dizer que os \u201cvalores\u201d crist\u00e3os s\u00e3o importantes. Mas o que isso significa realmente? Que algu\u00e9m \u201cvalorize\u201d a solidariedade ou a fam\u00edlia n\u00e3o significa que viva a caridade ou a castidade.<\/p>\n\n\n\n<p>Vejamos algumas diferen\u00e7as essenciais:<\/p>\n\n\n\n<figure class=\"wp-block-table\"><table class=\"has-fixed-layout\"><thead><tr><th>VIRTUDES<\/th><th>VALORES<\/th><\/tr><\/thead><tbody><tr><td>Objetivas<\/td><td>Subjetivos<\/td><\/tr><tr><td>Universais e perenes<\/td><td>Relativos e mut\u00e1veis<\/td><\/tr><tr><td>Exigem esfor\u00e7o e gra\u00e7a<\/td><td>Podem ser apenas opini\u00f5es<\/td><\/tr><tr><td>Formam o car\u00e1ter<\/td><td>Refletem prefer\u00eancias<\/td><\/tr><tr><td>T\u00eam origem em Deus e na lei natural<\/td><td>T\u00eam origem no indiv\u00edduo ou na cultura<\/td><\/tr><\/tbody><\/table><\/figure>\n\n\n\n<p><strong>Exemplo pr\u00e1tico<\/strong>: uma empresa pode declarar que um de seus \u201cvalores\u201d \u00e9 o respeito\u2026 mas depois demite funcion\u00e1rios que se recusam a participar de campanhas imorais. O \u201cvalor\u201d de respeito, neste caso, n\u00e3o \u00e9 virtuoso, mas <strong>instrumentalizado para uma ideologia<\/strong>.<\/p>\n\n\n\n<hr class=\"wp-block-separator has-alpha-channel-opacity\"\/>\n\n\n\n<h2 class=\"wp-block-heading\">3. <strong>Por que a linguagem dos valores \u00e9 perigosa<\/strong><\/h2>\n\n\n\n<p>A palavra \u201cvalor\u201d tem origem econ\u00f4mica. Algo \u201cvale\u201d se algu\u00e9m o estima. Mas aplicar isso \u00e0 moral sup\u00f5e que o bem depende de quem o avalia. E isso abre uma porta para a justifica\u00e7\u00e3o de qualquer coisa, <strong>inclusive do pecado<\/strong>, se algu\u00e9m o considerar um \u201cvalor\u201d.<\/p>\n\n\n\n<p>Exemplos cotidianos:<\/p>\n\n\n\n<ul class=\"wp-block-list\">\n<li>A liberdade como valor absoluto\u2026 usada para justificar o aborto.<\/li>\n\n\n\n<li>A toler\u00e2ncia como valor\u2026 para silenciar a verdade.<\/li>\n\n\n\n<li>A diversidade como valor\u2026 para impor ideologias contr\u00e1rias \u00e0 f\u00e9.<\/li>\n<\/ul>\n\n\n\n<p>Diz-se: \u201cisso est\u00e1 de acordo com meus valores\u201d ou \u201crespeito seus valores, mesmo que n\u00e3o compartilhe\u201d. Mas\u2026 <strong>onde fica a verdade? Onde fica Deus? Onde fica o bem e o mal objetivos?<\/strong><\/p>\n\n\n\n<p><strong>A linguagem dos valores anula a exig\u00eancia moral e espiritual da convers\u00e3o.<\/strong> Torna-se uma anestesia \u00e9tica.<\/p>\n\n\n\n<hr class=\"wp-block-separator has-alpha-channel-opacity\"\/>\n\n\n\n<h2 class=\"wp-block-heading\">4. <strong>Fundamento b\u00edblico: a moral de Deus n\u00e3o \u00e9 negoci\u00e1vel<\/strong><\/h2>\n\n\n\n<p>A Escritura \u00e9 clara: <strong>Deus n\u00e3o nos deu \u201cvalores\u201d, mas mandamentos.<\/strong> A moral evang\u00e9lica \u00e9 exigente, concreta e objetiva.<\/p>\n\n\n\n<blockquote class=\"wp-block-quote is-layout-flow wp-block-quote-is-layout-flow\">\n<p>\u201cSe me amais, guardareis os meus mandamentos.\u201d (Jo\u00e3o 14,15)<\/p>\n<\/blockquote>\n\n\n\n<blockquote class=\"wp-block-quote is-layout-flow wp-block-quote-is-layout-flow\">\n<p>\u201cAi dos que ao mal chamam bem, e ao bem mal.\u201d (Isa\u00edas 5,20)<\/p>\n<\/blockquote>\n\n\n\n<p>Cristo n\u00e3o disse: \u201cos valores do Reino de Deus s\u00e3o\u2026\u201d Ele falou de bem-aventuran\u00e7as, de cumprir a Lei, de amar at\u00e9 a cruz, de renunciar a si mesmo. Os ap\u00f3stolos exortavam \u00e0 <strong>virtude<\/strong>, n\u00e3o \u00e0 \u201cvalora\u00e7\u00e3o\u201d.<\/p>\n\n\n\n<hr class=\"wp-block-separator has-alpha-channel-opacity\"\/>\n\n\n\n<h2 class=\"wp-block-heading\">5. <strong>Aplica\u00e7\u00f5es pr\u00e1ticas: como recuperar as virtudes em um mundo de valores<\/strong><\/h2>\n\n\n\n<h3 class=\"wp-block-heading\">A. <strong>No lar<\/strong><\/h3>\n\n\n\n<ul class=\"wp-block-list\">\n<li>Ensinar as crian\u00e7as que n\u00e3o basta \u201crespeitar os valores dos outros\u201d, mas que h\u00e1 <strong>um bem verdadeiro que se deve buscar<\/strong>.<\/li>\n\n\n\n<li>Formar na pr\u00e1tica das virtudes: <strong>dizer a verdade<\/strong>, <strong>cumprir os deveres<\/strong>, <strong>rezar com perseveran\u00e7a<\/strong>, <strong>controlar os impulsos<\/strong>.<\/li>\n\n\n\n<li>Corrigir os erros chamando-os pelo nome: mentira, pregui\u00e7a, ego\u00edsmo\u2026 n\u00e3o \u201cfalta de valores\u201d, mas <strong>pecados a serem vencidos<\/strong> com a gra\u00e7a.<\/li>\n<\/ul>\n\n\n\n<h3 class=\"wp-block-heading\">B. <strong>Na vida pessoal<\/strong><\/h3>\n\n\n\n<ul class=\"wp-block-list\">\n<li>Examinar a consci\u00eancia com base nos <strong>mandamentos e nas virtudes<\/strong>, n\u00e3o em \u201cvalores\u201d.<\/li>\n\n\n\n<li>Pedir a Deus as virtudes que faltam: <strong>f\u00e9 viva, esperan\u00e7a firme, caridade ardente<\/strong>.<\/li>\n\n\n\n<li>Evitar o autoengano de pensar: \u201csou boa pessoa porque tenho bons valores\u201d\u2026 sem viver realmente o bem.<\/li>\n<\/ul>\n\n\n\n<h3 class=\"wp-block-heading\">C. <strong>Na evangeliza\u00e7\u00e3o e na pastoral<\/strong><\/h3>\n\n\n\n<ul class=\"wp-block-list\">\n<li>Propor claramente a moral cat\u00f3lica, sem eufemismos. Falar de pecado, convers\u00e3o, virtude e gra\u00e7a.<\/li>\n\n\n\n<li>Cuidar para n\u00e3o reduzir o Evangelho a um conjunto de \u201cvalores crist\u00e3os\u201d. Isso o banaliza e o dilui.<\/li>\n\n\n\n<li>Ensinar que o pecado \u00e9 real, que a salva\u00e7\u00e3o \u00e9 necess\u00e1ria e que a moral n\u00e3o \u00e9 uma opini\u00e3o, mas uma <strong>resposta ao amor de Deus<\/strong>.<\/li>\n<\/ul>\n\n\n\n<hr class=\"wp-block-separator has-alpha-channel-opacity\"\/>\n\n\n\n<h2 class=\"wp-block-heading\">6. <strong>Guia pr\u00e1tica teol\u00f3gico-pastoral: substitua os valores pelas virtudes<\/strong><\/h2>\n\n\n\n<figure class=\"wp-block-table\"><table class=\"has-fixed-layout\"><thead><tr><th>SE DIZ<\/th><th>SUBSTITUA POR<\/th><\/tr><\/thead><tbody><tr><td>Valor da liberdade<\/td><td>Virtude da fortaleza e da responsabilidade<\/td><\/tr><tr><td>Valor da empatia<\/td><td>Virtude da caridade<\/td><\/tr><tr><td>Valor do respeito<\/td><td>Virtude da justi\u00e7a<\/td><\/tr><tr><td>Valor da autenticidade<\/td><td>Virtude da humildade e da veracidade<\/td><\/tr><tr><td>Valor da diversidade<\/td><td>Virtude da prud\u00eancia e da fraternidade bem ordenada<\/td><\/tr><\/tbody><\/table><\/figure>\n\n\n\n<p><strong>Crit\u00e9rio pr\u00e1tico<\/strong>: Pergunte-se sempre\u2026 <em>isto que eu chamo de valor, me leva a viver uma virtude concreta? Me aproxima de Deus e da verdade objetiva do Evangelho?<\/em><\/p>\n\n\n\n<hr class=\"wp-block-separator has-alpha-channel-opacity\"\/>\n\n\n\n<h2 class=\"wp-block-heading\">7. <strong>Conclus\u00e3o: voltar \u00e0 linguagem da f\u00e9 para recuperar a clareza da vida<\/strong><\/h2>\n\n\n\n<p>N\u00e3o se trata de uma batalha sem\u00e2ntica ou intelectual. \u00c9 uma batalha pela alma, pela salva\u00e7\u00e3o, pela <strong>verdade que liberta<\/strong> (Jo\u00e3o 8,32). A confus\u00e3o na linguagem moral \u00e9 sinal e causa de confus\u00e3o na consci\u00eancia.<\/p>\n\n\n\n<p>Devemos recuperar a linguagem crist\u00e3 tradicional, clara e luminosa: <strong>virtude, pecado, mandamento, gra\u00e7a, verdade, bem e mal objetivos<\/strong>.<\/p>\n\n\n\n<p>Os \u201cvalores\u201d continuar\u00e3o sendo usados no mundo secular. Mas n\u00f3s, crist\u00e3os, <strong>n\u00e3o podemos permitir que substituam a moral e a f\u00e9<\/strong>. Devemos formar a consci\u00eancia, n\u00e3o segundo as modas ou tend\u00eancias culturais, mas segundo o Evangelho eterno.<\/p>\n\n\n\n<p>Porque, no final, <strong>n\u00e3o seremos julgados por nossos valores, mas por nossas virtudes \u2014 ou a falta delas.<\/strong><\/p>\n\n\n\n<blockquote class=\"wp-block-quote is-layout-flow wp-block-quote-is-layout-flow\">\n<p>\u201cA cada um ser\u00e1 dado segundo as suas obras.\u201d (Romanos 2,6)<\/p>\n<\/blockquote>\n","protected":false},"excerpt":{"rendered":"<p>Vivemos em uma \u00e9poca em que a linguagem foi domesticada, e com ela, a consci\u00eancia. Palavras como \u201cpecado\u201d, \u201cvirtude\u201d, \u201cmoral\u201d ou \u201cmandamentos\u201d soam inc\u00f4modas ou antiquadas para muitos ouvidos modernos. Em seu lugar, ergue-se uma nova gram\u00e1tica, aparentemente mais neutra e tolerante, cujos protagonistas s\u00e3o os famosos \u201cvalores\u201d. Mas\u2026 o que s\u00e3o exatamente os \u201cvalores\u201d? &hellip;<\/p>\n","protected":false},"author":3,"featured_media":4632,"comment_status":"open","ping_status":"open","sticky":false,"template":"","format":"standard","meta":{"_seopress_robots_primary_cat":"","_seopress_titles_title":"","_seopress_titles_desc":"","_seopress_robots_index":"","footnotes":""},"categories":[39,57],"tags":[1268,1650,1651],"class_list":["post-4631","post","type-post","status-publish","format-standard","has-post-thumbnail","","category-moral-e-vida-crista","category-virtudes-cristas","tag-moral","tag-valores","tag-virtudes"],"_links":{"self":[{"href":"https:\/\/catholicus.eu\/pt\/wp-json\/wp\/v2\/posts\/4631","targetHints":{"allow":["GET"]}}],"collection":[{"href":"https:\/\/catholicus.eu\/pt\/wp-json\/wp\/v2\/posts"}],"about":[{"href":"https:\/\/catholicus.eu\/pt\/wp-json\/wp\/v2\/types\/post"}],"author":[{"embeddable":true,"href":"https:\/\/catholicus.eu\/pt\/wp-json\/wp\/v2\/users\/3"}],"replies":[{"embeddable":true,"href":"https:\/\/catholicus.eu\/pt\/wp-json\/wp\/v2\/comments?post=4631"}],"version-history":[{"count":1,"href":"https:\/\/catholicus.eu\/pt\/wp-json\/wp\/v2\/posts\/4631\/revisions"}],"predecessor-version":[{"id":4633,"href":"https:\/\/catholicus.eu\/pt\/wp-json\/wp\/v2\/posts\/4631\/revisions\/4633"}],"wp:featuredmedia":[{"embeddable":true,"href":"https:\/\/catholicus.eu\/pt\/wp-json\/wp\/v2\/media\/4632"}],"wp:attachment":[{"href":"https:\/\/catholicus.eu\/pt\/wp-json\/wp\/v2\/media?parent=4631"}],"wp:term":[{"taxonomy":"category","embeddable":true,"href":"https:\/\/catholicus.eu\/pt\/wp-json\/wp\/v2\/categories?post=4631"},{"taxonomy":"post_tag","embeddable":true,"href":"https:\/\/catholicus.eu\/pt\/wp-json\/wp\/v2\/tags?post=4631"}],"curies":[{"name":"wp","href":"https:\/\/api.w.org\/{rel}","templated":true}]}}